{"id":9163,"date":"2025-10-27T16:42:13","date_gmt":"2025-10-27T15:42:13","guid":{"rendered":"https:\/\/www.lesaubergisteslyonnais.fr\/i-3-migliori-spazi-di-coworking-di-lione\/"},"modified":"2026-04-17T09:26:23","modified_gmt":"2026-04-17T07:26:23","slug":"i-3-migliori-spazi-di-coworking-di-lione","status":"publish","type":"post","link":"https:\/\/www.lesaubergisteslyonnais.fr\/it\/blog\/i-3-migliori-spazi-di-coworking-di-lione\/","title":{"rendered":"I 3 migliori spazi di coworking di Lione"},"content":{"rendered":"\n<section class=\"heading wp-elements-5d274147da200689b51cde4324c68a08 wp-elements-5d274147da200689b51cde4324c68a08 wp-block-acf-heading has-text-color has-primary-color has-background has-white-100-background-color\">\n\t<div class=\"heading__container\">\n\t\t\t\t\t<div class=\"heading__background-picture\">\n\t\t\t\t<img decoding=\"async\" width=\"1620\" height=\"1080\" src=\"https:\/\/www.lesaubergisteslyonnais.fr\/wp-content\/uploads\/2025\/10\/coworking-lyon2.jpg\" class=\"attachment-full size-full\" alt=\"coworking lyon2\" fetchpriority=\"high\" srcset=\"https:\/\/www.lesaubergisteslyonnais.fr\/wp-content\/uploads\/2025\/10\/coworking-lyon2.jpg 1620w, https:\/\/www.lesaubergisteslyonnais.fr\/wp-content\/uploads\/2025\/10\/coworking-lyon2-600x400.jpg 600w, https:\/\/www.lesaubergisteslyonnais.fr\/wp-content\/uploads\/2025\/10\/coworking-lyon2-1400x933.jpg 1400w, https:\/\/www.lesaubergisteslyonnais.fr\/wp-content\/uploads\/2025\/10\/coworking-lyon2-768x512.jpg 768w, https:\/\/www.lesaubergisteslyonnais.fr\/wp-content\/uploads\/2025\/10\/coworking-lyon2-1536x1024.jpg 1536w\" sizes=\"(max-width: 1620px) 100vw, 1620px\" \/>\t\t\t<\/div>\n\t\t\t\t<div class=\"heading__layout\">\n\t\t\t<div class=\"heading__content-wrapper has-white-100-background-color\">\n\t\t\t\t<div class=\"heading__content has-white-100-background-color\">\n\t\t\t\t\t\t\t\t\t<p id=\"breadcrumbs\"><span><span><a href=\"https:\/\/www.lesaubergisteslyonnais.fr\/it\/\">Accueil<\/a><\/span><\/span><\/p>\t\t\t\t\t\t\t\t\t<div class=\"acf-innerblocks-container\">\n\n<div class=\"wp-block-group heading-content-group is-layout-grid wp-container-core-group-is-layout-96b258e4 wp-block-group-is-layout-grid\">\n<h1 class=\"wp-block-heading has-text-align-left heading__title has-primary-color has-text-color has-xx-large-font-size\"><strong>I 3 migliori spazi di coworking di Lione<\/strong><\/h1>\n<\/div>\n\n<\/div>\n\t\t\t\t<\/div>\n\t\t\t\t\t\t\t<\/div>\n\t\t<\/div>\n\t<\/div>\n<\/section>\n\n\n<div class=\"wp-block-group has-global-padding is-layout-constrained wp-block-group-is-layout-constrained\" style=\"padding-top:var(--wp--preset--spacing--theme-default);padding-bottom:var(--wp--preset--spacing--theme-default)\">\n<h3 class=\"wp-block-heading has-text-align-center\"><strong>Secondo gli albergatori&#8230;<\/strong><\/h3>\n\n\n\n<p>A Lione ci piace fare coworking&#8230; ma non ovunque.<br\/>Qui il caff\u00e8 fa parte dell&#8217;arredamento, la convivialit\u00e0 \u00e8 sacra e anche una sessione di e-mail pu\u00f2 trasformarsi in un momento piacevole (soprattutto con un buon croissant a portata di mano).<\/p>\n\n\n\n<p>Quindi, per tutti coloro che sono alla ricerca di un <strong>rifugio urbano dove poter lavorare in pace e tranquillit\u00e0 senza perdere la voglia di vivere<\/strong>, ecco la nostra selezione di <strong>3 luoghi di ispirazione<\/strong>.<\/p>\n<\/div>\n\n<div class=\"wp-block-group has-secondary-background-color has-background has-global-padding is-layout-constrained wp-container-core-group-is-layout-439938c2 wp-block-group-is-layout-constrained\" style=\"padding-top:var(--wp--preset--spacing--theme-default);padding-right:var(--wp--preset--spacing--theme-default);padding-bottom:var(--wp--preset--spacing--theme-default);padding-left:var(--wp--preset--spacing--theme-default)\">\n<h3 class=\"wp-block-heading has-text-align-center\"><strong><strong>Le Comptoir Ph\u00e9nix: il moderno rifugio sulle rive della Saona<\/strong><\/strong><\/h3>\n\n\n\n<p>Situato al piano terra del <strong>Ph\u00e9nix H\u00f4tel<\/strong>, proprio nel cuore della Vieux-Lyon, il <strong>Comptoir Ph\u00e9nix<\/strong> \u00e8 molto pi\u00f9 di un caff\u00e8 e di un ristorante: \u00e8 un <strong>luogo da vivere<\/strong>.<br\/>Vieni qui per lavorare nella quiete del mattino, per goderti la colazione a buffet, per pranzare sulla terrazza o per concludere una pratica con un dolce fatto in casa.<\/p>\n\n\n\n<p><br\/><mark style=\"background-color:rgba(0, 0, 0, 0)\" class=\"has-inline-color has-primary-color\"><strong>Cosa ci piace<\/strong><br\/><\/mark><strong>Un&#8217;atmosfera da rifugio moderno<\/strong>: legno chiaro, luce naturale, pavimenti a mosaico, grandi finestre e lucernari<br\/><strong>Un&#8217;offerta che dura tutto il giorno<\/strong>: colazione a buffet, pranzo stagionale (\u20ac21 E+P+D + caff\u00e8), spuntini gourmet e bevande calde dalle 10.00 alle 18.00.<br\/><strong>Un&#8217;accoglienza da vero &#8220;locandiere&#8221;<\/strong>: sarai accudito come se fossi a casa tua.<\/p>\n\n\n\n<p><br\/><mark style=\"background-color:rgba(0, 0, 0, 0)\" class=\"has-inline-color has-primary-color\"><strong>Lo spirito del luogo<\/strong><br\/><\/mark>\u00c8 un po&#8217; come il nostro <strong>coworking<\/strong>: qui non ci sono badge o tariffe fisse, ma solo sorrisi, wifi, prese di corrente e tanto cibo per i tuoi progetti e il tuo appetito.<br\/>Un caff\u00e8 macchiato, un pasticcino fatto in casa e sei pronto per una mattinata produttiva.<\/p>\n\n\n\n<p><br\/>&#8211; <strong>Aperto tutti i giorni<\/strong> &#8211; Dalle 7 alle 18<br\/>&#8211; <strong>Nessuna formula &#8220;coworking&#8221;<\/strong>: consumo libero, tessera in loco.<br\/>&#8211; <strong>7 quai de Bondy, 69005 Lyon<\/strong><\/p>\n\n\n\n<p>Quindi, per tutti coloro che sono alla ricerca di un <strong>rifugio urbano dove poter lavorare in pace e tranquillit\u00e0 senza perdere la voglia di vivere<\/strong>, ecco la nostra selezione di <strong>3 luoghi di ispirazione<\/strong>.<\/p>\n\n\n\n<div class=\"wp-block-group is-layout-flow wp-block-group-is-layout-flow\">\n<figure class=\"wp-block-image size-full\"><img decoding=\"async\" width=\"1620\" height=\"1080\" src=\"https:\/\/www.lesaubergisteslyonnais.fr\/wp-content\/uploads\/2025\/10\/coworking-lyon1.jpg\" alt=\"coworking lyon1\" class=\"wp-image-9067\" style=\"aspect-ratio:3\/2;object-fit:cover\" srcset=\"https:\/\/www.lesaubergisteslyonnais.fr\/wp-content\/uploads\/2025\/10\/coworking-lyon1.jpg 1620w, https:\/\/www.lesaubergisteslyonnais.fr\/wp-content\/uploads\/2025\/10\/coworking-lyon1-600x400.jpg 600w, https:\/\/www.lesaubergisteslyonnais.fr\/wp-content\/uploads\/2025\/10\/coworking-lyon1-1400x933.jpg 1400w, https:\/\/www.lesaubergisteslyonnais.fr\/wp-content\/uploads\/2025\/10\/coworking-lyon1-768x512.jpg 768w, https:\/\/www.lesaubergisteslyonnais.fr\/wp-content\/uploads\/2025\/10\/coworking-lyon1-1536x1024.jpg 1536w\" sizes=\"(max-width: 1620px) 100vw, 1620px\" \/><\/figure>\n<\/div>\n<\/div>\n\n<div class=\"wp-block-group has-white-background-color has-background has-global-padding is-layout-constrained wp-container-core-group-is-layout-439938c2 wp-block-group-is-layout-constrained\" style=\"padding-top:var(--wp--preset--spacing--theme-default);padding-right:var(--wp--preset--spacing--theme-default);padding-bottom:var(--wp--preset--spacing--theme-default);padding-left:var(--wp--preset--spacing--theme-default)\">\n<h3 class=\"wp-block-heading has-text-align-center\"><strong><strong><strong>Anticaf\u00e9 Lyon: il pioniere del caf\u00e9-coworking<\/strong><\/strong><\/strong><\/h3>\n\n\n\n<p>L&#8217;Anticaf\u00e9 \u00e8 il fratello maggiore di tutti i caff\u00e8 creativi.<br\/>Qui non paghi per ci\u00f2 che consumi, ma <strong>per il tempo che trascorri l\u00ec<\/strong>. In cambio: caff\u00e8, t\u00e8, biscotti, wifi, prese di corrente e un&#8217;atmosfera studiosa ma cool. <\/p>\n\n\n\n<p><strong><mark style=\"background-color:rgba(0, 0, 0, 0)\" class=\"has-inline-color has-primary-color\">Cosa ci piace<\/mark><\/strong><\/p>\n\n\n\n<ul class=\"wp-block-list\">\n<li><strong>Un&#8217;atmosfera rilassata e comunitaria<\/strong>, perfetta per freelance e studenti.<\/li>\n\n\n\n<li><strong>Bevande e snack inclusi<\/strong><\/li>\n\n\n\n<li>Un <strong>ambiente accogliente<\/strong>, a met\u00e0 strada tra un caff\u00e8 locale e uno studio d&#8217;artista.<\/li>\n<\/ul>\n\n\n\n<p><\/p>\n\n\n\n<p><strong>Orari di apertura<\/strong><br\/>Dal luned\u00ec al venerd\u00ec: dalle 8.30 alle 20.00 \/ Fine settimana: dalle 10.00 alle 18.00<br\/><strong>Prezzi<\/strong>: circa 6\u20ac\/ora, 25\u20ac\/giorno, o un abbonamento di circa 300\u20ac\/mese.<br\/> 9<strong>rue du B\u00e2t d&#8217;Argent, 69001 Lyon<\/strong><br\/><\/p>\n\n\n\n<div class=\"wp-block-group is-layout-flow wp-block-group-is-layout-flow\">\n<figure class=\"wp-block-image size-full\"><img decoding=\"async\" width=\"606\" height=\"380\" src=\"https:\/\/www.lesaubergisteslyonnais.fr\/wp-content\/uploads\/2025\/10\/coworking-lyon-centre.jpg\" alt=\"centro di coworking di lione\" class=\"wp-image-9150\" style=\"aspect-ratio:3\/2;object-fit:cover\" srcset=\"https:\/\/www.lesaubergisteslyonnais.fr\/wp-content\/uploads\/2025\/10\/coworking-lyon-centre.jpg 606w, https:\/\/www.lesaubergisteslyonnais.fr\/wp-content\/uploads\/2025\/10\/coworking-lyon-centre-600x376.jpg 600w\" sizes=\"(max-width: 606px) 100vw, 606px\" \/><\/figure>\n<\/div>\n<\/div>\n\n<div class=\"wp-block-group has-secondary-background-color has-background has-global-padding is-layout-constrained wp-container-core-group-is-layout-439938c2 wp-block-group-is-layout-constrained\" style=\"padding-top:var(--wp--preset--spacing--theme-default);padding-right:var(--wp--preset--spacing--theme-default);padding-bottom:var(--wp--preset--spacing--theme-default);padding-left:var(--wp--preset--spacing--theme-default)\">\n<h3 class=\"wp-block-heading has-text-align-center\"><strong><strong><strong><strong>Dojocrea Lyon, la versione zen del coworking<\/strong><\/strong><\/strong><\/strong><\/h3>\n\n\n\n<p>Adagiata sulle rive del Rodano, <strong>Dojocrea<\/strong> \u00e8 un luogo discreto e rilassante, pensato per lavorare nella calma e nella luce.<br\/>Qui si parla pi\u00f9 di <strong>creazione che di performance<\/strong> e si incontrano architetti, grafici e imprenditori curiosi.<\/p>\n\n\n\n<p><strong><mark style=\"background-color:rgba(0, 0, 0, 0)\" class=\"has-inline-color has-primary-color\">Cosa ci piace<\/mark><\/strong><\/p>\n\n\n\n<ul class=\"wp-block-list\">\n<li><strong>Ambiente raffinato e autentico<\/strong> con pareti in pietra, grandi tetti in vetro, mobili in legno e piante verdi.<\/li>\n\n\n\n<li><strong>Un&#8217;atmosfera studiosa ma amichevole<\/strong>, ideale per concentrarsi.<\/li>\n\n\n\n<li>Una <strong>piccola comunit\u00e0<\/strong>, favorevole a scambi approfonditi piuttosto che a spazi aperti e rumorosi.<\/li>\n<\/ul>\n\n\n\n<p><strong>Orari di apertura<\/strong><br\/>Dal luned\u00ec al venerd\u00ec: dalle 9 alle 19<br\/><strong>Linea fissa a partire da \u20ac230 IVA esclusa\/mese<\/strong><br\/> 9<strong>quai Jules Courmont, 69002 Lyon<\/strong><br\/><br\/><\/p>\n\n\n\n<div class=\"wp-block-group is-layout-flow wp-block-group-is-layout-flow\">\n<figure class=\"wp-block-image size-full\"><img decoding=\"async\" width=\"908\" height=\"604\" src=\"https:\/\/www.lesaubergisteslyonnais.fr\/wp-content\/uploads\/2025\/10\/coworking-lyon.png\" alt=\"coworking a lione\" class=\"wp-image-9155\" style=\"aspect-ratio:3\/2;object-fit:cover\" srcset=\"https:\/\/www.lesaubergisteslyonnais.fr\/wp-content\/uploads\/2025\/10\/coworking-lyon.png 908w, https:\/\/www.lesaubergisteslyonnais.fr\/wp-content\/uploads\/2025\/10\/coworking-lyon-600x399.png 600w, https:\/\/www.lesaubergisteslyonnais.fr\/wp-content\/uploads\/2025\/10\/coworking-lyon-768x511.png 768w\" sizes=\"(max-width: 908px) 100vw, 908px\" \/><\/figure>\n<\/div>\n<\/div>\n\n<div class=\"wp-block-group has-white-background-color has-background is-content-justification-space-between is-nowrap is-layout-flex wp-container-core-group-is-layout-098ab513 wp-block-group-is-layout-flex\" style=\"padding-top:var(--wp--preset--spacing--theme-m);padding-right:var(--wp--preset--spacing--theme-s);padding-bottom:var(--wp--preset--spacing--theme-m);padding-left:var(--wp--preset--spacing--theme-s)\">\n\n<\/div>\n","protected":false},"excerpt":{"rendered":"<p>Se devi lavorare, tanto vale farlo nelle migliori condizioni possibili&#8230; Ecco i nostri migliori indirizzi di coworking a Lione.<\/p>\n","protected":false},"author":3,"featured_media":9152,"comment_status":"open","ping_status":"open","sticky":false,"template":"","format":"standard","meta":{"_acf_changed":false,"inline_featured_image":false,"footnotes":""},"categories":[44],"tags":[],"class_list":["post-9163","post","type-post","status-publish","format-standard","has-post-thumbnail","hentry","category-visite-culturali"],"acf":[],"yoast_head":"<!-- This site is optimized with the Yoast SEO plugin v27.4 - https:\/\/yoast.com\/product\/yoast-seo-wordpress\/ -->\n<title>I 3 migliori spazi di coworking di Lione - Les Aubergistes Lyonnais<\/title>\n<meta name=\"description\" content=\"Les Aubergistes Lyonnais - I 3 migliori spazi di coworking di Lione . Se devi lavorare, tanto vale farlo nelle migliori condizioni possibili... Ecco i nostri migliori indirizzi di coworking a Lione.\" \/>\n<meta name=\"robots\" content=\"index, follow, max-snippet:-1, max-image-preview:large, max-video-preview:-1\" \/>\n<link rel=\"canonical\" href=\"https:\/\/www.lesaubergisteslyonnais.fr\/it\/blog\/i-3-migliori-spazi-di-coworking-di-lione\/\" \/>\n<meta property=\"og:locale\" content=\"it_IT\" \/>\n<meta property=\"og:type\" content=\"article\" \/>\n<meta property=\"og:title\" content=\"I 3 migliori spazi di coworking di Lione - Les Aubergistes Lyonnais\" \/>\n<meta property=\"og:description\" content=\"Les Aubergistes Lyonnais - I 3 migliori spazi di coworking di Lione . Se devi lavorare, tanto vale farlo nelle migliori condizioni possibili... Ecco i nostri migliori indirizzi di coworking a Lione.\" \/>\n<meta property=\"og:url\" content=\"https:\/\/www.lesaubergisteslyonnais.fr\/it\/blog\/i-3-migliori-spazi-di-coworking-di-lione\/\" \/>\n<meta property=\"og:site_name\" content=\"Les Aubergistes Lyonnais\" \/>\n<meta property=\"article:published_time\" content=\"2025-10-27T15:42:13+00:00\" \/>\n<meta property=\"article:modified_time\" content=\"2026-04-17T07:26:23+00:00\" \/>\n<meta property=\"og:image\" content=\"https:\/\/www.lesaubergisteslyonnais.fr\/wp-content\/uploads\/2025\/10\/coworking-lyon-centre.jpg\" \/>\n\t<meta property=\"og:image:width\" content=\"606\" \/>\n\t<meta property=\"og:image:height\" content=\"380\" \/>\n\t<meta property=\"og:image:type\" content=\"image\/jpeg\" \/>\n<meta name=\"author\" content=\"eluquet\" \/>\n<meta name=\"twitter:card\" content=\"summary_large_image\" \/>\n<meta name=\"twitter:label1\" content=\"Scritto da\" \/>\n\t<meta name=\"twitter:data1\" content=\"eluquet\" \/>\n\t<meta name=\"twitter:label2\" content=\"Tempo di lettura stimato\" \/>\n\t<meta name=\"twitter:data2\" content=\"3 minuto\" \/>\n<script type=\"application\/ld+json\" class=\"yoast-schema-graph\">{\"@context\":\"https:\\\/\\\/schema.org\",\"@graph\":[{\"@type\":\"Article\",\"@id\":\"https:\\\/\\\/www.lesaubergisteslyonnais.fr\\\/it\\\/blog\\\/i-3-migliori-spazi-di-coworking-di-lione\\\/#article\",\"isPartOf\":{\"@id\":\"https:\\\/\\\/www.lesaubergisteslyonnais.fr\\\/it\\\/blog\\\/i-3-migliori-spazi-di-coworking-di-lione\\\/\"},\"author\":{\"name\":\"eluquet\",\"@id\":\"https:\\\/\\\/www.lesaubergisteslyonnais.fr\\\/it\\\/#\\\/schema\\\/person\\\/e4ac4e9bc69cd2894d15d6ace15a9f68\"},\"headline\":\"I 3 migliori spazi di coworking di Lione\",\"datePublished\":\"2025-10-27T15:42:13+00:00\",\"dateModified\":\"2026-04-17T07:26:23+00:00\",\"mainEntityOfPage\":{\"@id\":\"https:\\\/\\\/www.lesaubergisteslyonnais.fr\\\/it\\\/blog\\\/i-3-migliori-spazi-di-coworking-di-lione\\\/\"},\"wordCount\":537,\"commentCount\":0,\"publisher\":{\"@id\":\"https:\\\/\\\/www.lesaubergisteslyonnais.fr\\\/it\\\/#organization\"},\"image\":{\"@id\":\"https:\\\/\\\/www.lesaubergisteslyonnais.fr\\\/it\\\/blog\\\/i-3-migliori-spazi-di-coworking-di-lione\\\/#primaryimage\"},\"thumbnailUrl\":\"https:\\\/\\\/www.lesaubergisteslyonnais.fr\\\/wp-content\\\/uploads\\\/2025\\\/10\\\/coworking-lyon-centre.jpg\",\"articleSection\":[\"Visita culturale\"],\"inLanguage\":\"it-IT\",\"potentialAction\":[{\"@type\":\"CommentAction\",\"name\":\"Comment\",\"target\":[\"https:\\\/\\\/www.lesaubergisteslyonnais.fr\\\/it\\\/blog\\\/i-3-migliori-spazi-di-coworking-di-lione\\\/#respond\"]}]},{\"@type\":\"WebPage\",\"@id\":\"https:\\\/\\\/www.lesaubergisteslyonnais.fr\\\/it\\\/blog\\\/i-3-migliori-spazi-di-coworking-di-lione\\\/\",\"url\":\"https:\\\/\\\/www.lesaubergisteslyonnais.fr\\\/it\\\/blog\\\/i-3-migliori-spazi-di-coworking-di-lione\\\/\",\"name\":\"I 3 migliori spazi di coworking di Lione - Les Aubergistes Lyonnais\",\"isPartOf\":{\"@id\":\"https:\\\/\\\/www.lesaubergisteslyonnais.fr\\\/it\\\/#website\"},\"primaryImageOfPage\":{\"@id\":\"https:\\\/\\\/www.lesaubergisteslyonnais.fr\\\/it\\\/blog\\\/i-3-migliori-spazi-di-coworking-di-lione\\\/#primaryimage\"},\"image\":{\"@id\":\"https:\\\/\\\/www.lesaubergisteslyonnais.fr\\\/it\\\/blog\\\/i-3-migliori-spazi-di-coworking-di-lione\\\/#primaryimage\"},\"thumbnailUrl\":\"https:\\\/\\\/www.lesaubergisteslyonnais.fr\\\/wp-content\\\/uploads\\\/2025\\\/10\\\/coworking-lyon-centre.jpg\",\"datePublished\":\"2025-10-27T15:42:13+00:00\",\"dateModified\":\"2026-04-17T07:26:23+00:00\",\"description\":\"Les Aubergistes Lyonnais - I 3 migliori spazi di coworking di Lione . Se devi lavorare, tanto vale farlo nelle migliori condizioni possibili... Ecco i nostri migliori indirizzi di coworking a Lione.\",\"breadcrumb\":{\"@id\":\"https:\\\/\\\/www.lesaubergisteslyonnais.fr\\\/it\\\/blog\\\/i-3-migliori-spazi-di-coworking-di-lione\\\/#breadcrumb\"},\"inLanguage\":\"it-IT\",\"potentialAction\":[{\"@type\":\"ReadAction\",\"target\":[\"https:\\\/\\\/www.lesaubergisteslyonnais.fr\\\/it\\\/blog\\\/i-3-migliori-spazi-di-coworking-di-lione\\\/\"]}]},{\"@type\":\"ImageObject\",\"inLanguage\":\"it-IT\",\"@id\":\"https:\\\/\\\/www.lesaubergisteslyonnais.fr\\\/it\\\/blog\\\/i-3-migliori-spazi-di-coworking-di-lione\\\/#primaryimage\",\"url\":\"https:\\\/\\\/www.lesaubergisteslyonnais.fr\\\/wp-content\\\/uploads\\\/2025\\\/10\\\/coworking-lyon-centre.jpg\",\"contentUrl\":\"https:\\\/\\\/www.lesaubergisteslyonnais.fr\\\/wp-content\\\/uploads\\\/2025\\\/10\\\/coworking-lyon-centre.jpg\",\"width\":606,\"height\":380,\"caption\":\"centro di coworking di lione\"},{\"@type\":\"BreadcrumbList\",\"@id\":\"https:\\\/\\\/www.lesaubergisteslyonnais.fr\\\/it\\\/blog\\\/i-3-migliori-spazi-di-coworking-di-lione\\\/#breadcrumb\",\"itemListElement\":[{\"@type\":\"ListItem\",\"position\":1,\"name\":\"Accueil\",\"item\":\"https:\\\/\\\/www.lesaubergisteslyonnais.fr\\\/it\\\/\"},{\"@type\":\"ListItem\",\"position\":2,\"name\":\"Visita culturale\",\"item\":\"https:\\\/\\\/www.lesaubergisteslyonnais.fr\\\/it\\\/blog\\\/visite-culturali\\\/\"},{\"@type\":\"ListItem\",\"position\":3,\"name\":\"I 3 migliori spazi di coworking di Lione\"}]},{\"@type\":\"WebSite\",\"@id\":\"https:\\\/\\\/www.lesaubergisteslyonnais.fr\\\/it\\\/#website\",\"url\":\"https:\\\/\\\/www.lesaubergisteslyonnais.fr\\\/it\\\/\",\"name\":\"Globe Cecil\",\"description\":\"\",\"publisher\":{\"@id\":\"https:\\\/\\\/www.lesaubergisteslyonnais.fr\\\/it\\\/#organization\"},\"potentialAction\":[{\"@type\":\"SearchAction\",\"target\":{\"@type\":\"EntryPoint\",\"urlTemplate\":\"https:\\\/\\\/www.lesaubergisteslyonnais.fr\\\/it\\\/?s={search_term_string}\"},\"query-input\":{\"@type\":\"PropertyValueSpecification\",\"valueRequired\":true,\"valueName\":\"search_term_string\"}}],\"inLanguage\":\"it-IT\"},{\"@type\":\"Organization\",\"@id\":\"https:\\\/\\\/www.lesaubergisteslyonnais.fr\\\/it\\\/#organization\",\"name\":\"Globe Cecil\",\"url\":\"https:\\\/\\\/www.lesaubergisteslyonnais.fr\\\/it\\\/\",\"logo\":{\"@type\":\"ImageObject\",\"inLanguage\":\"it-IT\",\"@id\":\"https:\\\/\\\/www.lesaubergisteslyonnais.fr\\\/it\\\/#\\\/schema\\\/logo\\\/image\\\/\",\"url\":\"https:\\\/\\\/www.lesaubergisteslyonnais.fr\\\/wp-content\\\/uploads\\\/2025\\\/05\\\/LOGO-Aubergistes-Lyonnais-White.svg\",\"contentUrl\":\"https:\\\/\\\/www.lesaubergisteslyonnais.fr\\\/wp-content\\\/uploads\\\/2025\\\/05\\\/LOGO-Aubergistes-Lyonnais-White.svg\",\"width\":558,\"height\":127,\"caption\":\"Globe Cecil\"},\"image\":{\"@id\":\"https:\\\/\\\/www.lesaubergisteslyonnais.fr\\\/it\\\/#\\\/schema\\\/logo\\\/image\\\/\"}},{\"@type\":\"Person\",\"@id\":\"https:\\\/\\\/www.lesaubergisteslyonnais.fr\\\/it\\\/#\\\/schema\\\/person\\\/e4ac4e9bc69cd2894d15d6ace15a9f68\",\"name\":\"eluquet\",\"image\":{\"@type\":\"ImageObject\",\"inLanguage\":\"it-IT\",\"@id\":\"https:\\\/\\\/secure.gravatar.com\\\/avatar\\\/442dc35ef11b7d2998eb3e3b34cffb58fb8c292b4147875dabe42b2c036c4d84?s=96&d=mm&r=g\",\"url\":\"https:\\\/\\\/secure.gravatar.com\\\/avatar\\\/442dc35ef11b7d2998eb3e3b34cffb58fb8c292b4147875dabe42b2c036c4d84?s=96&d=mm&r=g\",\"contentUrl\":\"https:\\\/\\\/secure.gravatar.com\\\/avatar\\\/442dc35ef11b7d2998eb3e3b34cffb58fb8c292b4147875dabe42b2c036c4d84?s=96&d=mm&r=g\",\"caption\":\"eluquet\"},\"url\":\"https:\\\/\\\/www.lesaubergisteslyonnais.fr\\\/it\\\/author\\\/eluquet69\\\/\"}]}<\/script>\n<!-- \/ Yoast SEO plugin. -->","yoast_head_json":{"title":"I 3 migliori spazi di coworking di Lione - Les Aubergistes Lyonnais","description":"Les Aubergistes Lyonnais - I 3 migliori spazi di coworking di Lione . Se devi lavorare, tanto vale farlo nelle migliori condizioni possibili... Ecco i nostri migliori indirizzi di coworking a Lione.","robots":{"index":"index","follow":"follow","max-snippet":"max-snippet:-1","max-image-preview":"max-image-preview:large","max-video-preview":"max-video-preview:-1"},"canonical":"https:\/\/www.lesaubergisteslyonnais.fr\/it\/blog\/i-3-migliori-spazi-di-coworking-di-lione\/","og_locale":"it_IT","og_type":"article","og_title":"I 3 migliori spazi di coworking di Lione - Les Aubergistes Lyonnais","og_description":"Les Aubergistes Lyonnais - I 3 migliori spazi di coworking di Lione . Se devi lavorare, tanto vale farlo nelle migliori condizioni possibili... Ecco i nostri migliori indirizzi di coworking a Lione.","og_url":"https:\/\/www.lesaubergisteslyonnais.fr\/it\/blog\/i-3-migliori-spazi-di-coworking-di-lione\/","og_site_name":"Les Aubergistes Lyonnais","article_published_time":"2025-10-27T15:42:13+00:00","article_modified_time":"2026-04-17T07:26:23+00:00","og_image":[{"width":606,"height":380,"url":"https:\/\/www.lesaubergisteslyonnais.fr\/wp-content\/uploads\/2025\/10\/coworking-lyon-centre.jpg","type":"image\/jpeg"}],"author":"eluquet","twitter_card":"summary_large_image","twitter_misc":{"Scritto da":"eluquet","Tempo di lettura stimato":"3 minuto"},"schema":{"@context":"https:\/\/schema.org","@graph":[{"@type":"Article","@id":"https:\/\/www.lesaubergisteslyonnais.fr\/it\/blog\/i-3-migliori-spazi-di-coworking-di-lione\/#article","isPartOf":{"@id":"https:\/\/www.lesaubergisteslyonnais.fr\/it\/blog\/i-3-migliori-spazi-di-coworking-di-lione\/"},"author":{"name":"eluquet","@id":"https:\/\/www.lesaubergisteslyonnais.fr\/it\/#\/schema\/person\/e4ac4e9bc69cd2894d15d6ace15a9f68"},"headline":"I 3 migliori spazi di coworking di Lione","datePublished":"2025-10-27T15:42:13+00:00","dateModified":"2026-04-17T07:26:23+00:00","mainEntityOfPage":{"@id":"https:\/\/www.lesaubergisteslyonnais.fr\/it\/blog\/i-3-migliori-spazi-di-coworking-di-lione\/"},"wordCount":537,"commentCount":0,"publisher":{"@id":"https:\/\/www.lesaubergisteslyonnais.fr\/it\/#organization"},"image":{"@id":"https:\/\/www.lesaubergisteslyonnais.fr\/it\/blog\/i-3-migliori-spazi-di-coworking-di-lione\/#primaryimage"},"thumbnailUrl":"https:\/\/www.lesaubergisteslyonnais.fr\/wp-content\/uploads\/2025\/10\/coworking-lyon-centre.jpg","articleSection":["Visita culturale"],"inLanguage":"it-IT","potentialAction":[{"@type":"CommentAction","name":"Comment","target":["https:\/\/www.lesaubergisteslyonnais.fr\/it\/blog\/i-3-migliori-spazi-di-coworking-di-lione\/#respond"]}]},{"@type":"WebPage","@id":"https:\/\/www.lesaubergisteslyonnais.fr\/it\/blog\/i-3-migliori-spazi-di-coworking-di-lione\/","url":"https:\/\/www.lesaubergisteslyonnais.fr\/it\/blog\/i-3-migliori-spazi-di-coworking-di-lione\/","name":"I 3 migliori spazi di coworking di Lione - Les Aubergistes Lyonnais","isPartOf":{"@id":"https:\/\/www.lesaubergisteslyonnais.fr\/it\/#website"},"primaryImageOfPage":{"@id":"https:\/\/www.lesaubergisteslyonnais.fr\/it\/blog\/i-3-migliori-spazi-di-coworking-di-lione\/#primaryimage"},"image":{"@id":"https:\/\/www.lesaubergisteslyonnais.fr\/it\/blog\/i-3-migliori-spazi-di-coworking-di-lione\/#primaryimage"},"thumbnailUrl":"https:\/\/www.lesaubergisteslyonnais.fr\/wp-content\/uploads\/2025\/10\/coworking-lyon-centre.jpg","datePublished":"2025-10-27T15:42:13+00:00","dateModified":"2026-04-17T07:26:23+00:00","description":"Les Aubergistes Lyonnais - I 3 migliori spazi di coworking di Lione . Se devi lavorare, tanto vale farlo nelle migliori condizioni possibili... Ecco i nostri migliori indirizzi di coworking a Lione.","breadcrumb":{"@id":"https:\/\/www.lesaubergisteslyonnais.fr\/it\/blog\/i-3-migliori-spazi-di-coworking-di-lione\/#breadcrumb"},"inLanguage":"it-IT","potentialAction":[{"@type":"ReadAction","target":["https:\/\/www.lesaubergisteslyonnais.fr\/it\/blog\/i-3-migliori-spazi-di-coworking-di-lione\/"]}]},{"@type":"ImageObject","inLanguage":"it-IT","@id":"https:\/\/www.lesaubergisteslyonnais.fr\/it\/blog\/i-3-migliori-spazi-di-coworking-di-lione\/#primaryimage","url":"https:\/\/www.lesaubergisteslyonnais.fr\/wp-content\/uploads\/2025\/10\/coworking-lyon-centre.jpg","contentUrl":"https:\/\/www.lesaubergisteslyonnais.fr\/wp-content\/uploads\/2025\/10\/coworking-lyon-centre.jpg","width":606,"height":380,"caption":"centro di coworking di lione"},{"@type":"BreadcrumbList","@id":"https:\/\/www.lesaubergisteslyonnais.fr\/it\/blog\/i-3-migliori-spazi-di-coworking-di-lione\/#breadcrumb","itemListElement":[{"@type":"ListItem","position":1,"name":"Accueil","item":"https:\/\/www.lesaubergisteslyonnais.fr\/it\/"},{"@type":"ListItem","position":2,"name":"Visita culturale","item":"https:\/\/www.lesaubergisteslyonnais.fr\/it\/blog\/visite-culturali\/"},{"@type":"ListItem","position":3,"name":"I 3 migliori spazi di coworking di Lione"}]},{"@type":"WebSite","@id":"https:\/\/www.lesaubergisteslyonnais.fr\/it\/#website","url":"https:\/\/www.lesaubergisteslyonnais.fr\/it\/","name":"Globe Cecil","description":"","publisher":{"@id":"https:\/\/www.lesaubergisteslyonnais.fr\/it\/#organization"},"potentialAction":[{"@type":"SearchAction","target":{"@type":"EntryPoint","urlTemplate":"https:\/\/www.lesaubergisteslyonnais.fr\/it\/?s={search_term_string}"},"query-input":{"@type":"PropertyValueSpecification","valueRequired":true,"valueName":"search_term_string"}}],"inLanguage":"it-IT"},{"@type":"Organization","@id":"https:\/\/www.lesaubergisteslyonnais.fr\/it\/#organization","name":"Globe Cecil","url":"https:\/\/www.lesaubergisteslyonnais.fr\/it\/","logo":{"@type":"ImageObject","inLanguage":"it-IT","@id":"https:\/\/www.lesaubergisteslyonnais.fr\/it\/#\/schema\/logo\/image\/","url":"https:\/\/www.lesaubergisteslyonnais.fr\/wp-content\/uploads\/2025\/05\/LOGO-Aubergistes-Lyonnais-White.svg","contentUrl":"https:\/\/www.lesaubergisteslyonnais.fr\/wp-content\/uploads\/2025\/05\/LOGO-Aubergistes-Lyonnais-White.svg","width":558,"height":127,"caption":"Globe Cecil"},"image":{"@id":"https:\/\/www.lesaubergisteslyonnais.fr\/it\/#\/schema\/logo\/image\/"}},{"@type":"Person","@id":"https:\/\/www.lesaubergisteslyonnais.fr\/it\/#\/schema\/person\/e4ac4e9bc69cd2894d15d6ace15a9f68","name":"eluquet","image":{"@type":"ImageObject","inLanguage":"it-IT","@id":"https:\/\/secure.gravatar.com\/avatar\/442dc35ef11b7d2998eb3e3b34cffb58fb8c292b4147875dabe42b2c036c4d84?s=96&d=mm&r=g","url":"https:\/\/secure.gravatar.com\/avatar\/442dc35ef11b7d2998eb3e3b34cffb58fb8c292b4147875dabe42b2c036c4d84?s=96&d=mm&r=g","contentUrl":"https:\/\/secure.gravatar.com\/avatar\/442dc35ef11b7d2998eb3e3b34cffb58fb8c292b4147875dabe42b2c036c4d84?s=96&d=mm&r=g","caption":"eluquet"},"url":"https:\/\/www.lesaubergisteslyonnais.fr\/it\/author\/eluquet69\/"}]}},"_links":{"self":[{"href":"https:\/\/www.lesaubergisteslyonnais.fr\/it\/wp-json\/wp\/v2\/posts\/9163","targetHints":{"allow":["GET"]}}],"collection":[{"href":"https:\/\/www.lesaubergisteslyonnais.fr\/it\/wp-json\/wp\/v2\/posts"}],"about":[{"href":"https:\/\/www.lesaubergisteslyonnais.fr\/it\/wp-json\/wp\/v2\/types\/post"}],"author":[{"embeddable":true,"href":"https:\/\/www.lesaubergisteslyonnais.fr\/it\/wp-json\/wp\/v2\/users\/3"}],"replies":[{"embeddable":true,"href":"https:\/\/www.lesaubergisteslyonnais.fr\/it\/wp-json\/wp\/v2\/comments?post=9163"}],"version-history":[{"count":3,"href":"https:\/\/www.lesaubergisteslyonnais.fr\/it\/wp-json\/wp\/v2\/posts\/9163\/revisions"}],"predecessor-version":[{"id":9815,"href":"https:\/\/www.lesaubergisteslyonnais.fr\/it\/wp-json\/wp\/v2\/posts\/9163\/revisions\/9815"}],"wp:featuredmedia":[{"embeddable":true,"href":"https:\/\/www.lesaubergisteslyonnais.fr\/it\/wp-json\/wp\/v2\/media\/9152"}],"wp:attachment":[{"href":"https:\/\/www.lesaubergisteslyonnais.fr\/it\/wp-json\/wp\/v2\/media?parent=9163"}],"wp:term":[{"taxonomy":"category","embeddable":true,"href":"https:\/\/www.lesaubergisteslyonnais.fr\/it\/wp-json\/wp\/v2\/categories?post=9163"},{"taxonomy":"post_tag","embeddable":true,"href":"https:\/\/www.lesaubergisteslyonnais.fr\/it\/wp-json\/wp\/v2\/tags?post=9163"}],"curies":[{"name":"wp","href":"https:\/\/api.w.org\/{rel}","templated":true}]}}