{"id":9134,"date":"2025-10-24T13:24:11","date_gmt":"2025-10-24T11:24:11","guid":{"rendered":"https:\/\/www.lesaubergisteslyonnais.fr\/un-nuovo-indirizzo-di-coworking-a-lione\/"},"modified":"2026-04-17T09:26:19","modified_gmt":"2026-04-17T07:26:19","slug":"un-nuovo-indirizzo-di-coworking-a-lione","status":"publish","type":"post","link":"https:\/\/www.lesaubergisteslyonnais.fr\/it\/blog\/un-nuovo-indirizzo-di-coworking-a-lione\/","title":{"rendered":"Un nuovo indirizzo di coworking a Lione?"},"content":{"rendered":"\n<section class=\"heading wp-elements-509613fe3a5d623b08cbe031f9ebfa4a wp-elements-509613fe3a5d623b08cbe031f9ebfa4a wp-block-acf-heading has-text-color has-primary-color has-background has-white-100-background-color\">\n\t<div class=\"heading__container\">\n\t\t\t\t\t<div class=\"heading__background-picture\">\n\t\t\t\t<img decoding=\"async\" width=\"1620\" height=\"1080\" src=\"https:\/\/www.lesaubergisteslyonnais.fr\/wp-content\/uploads\/2025\/10\/coworking-lyon1.jpg\" class=\"attachment-full size-full\" alt=\"coworking lyon1\" fetchpriority=\"high\" srcset=\"https:\/\/www.lesaubergisteslyonnais.fr\/wp-content\/uploads\/2025\/10\/coworking-lyon1.jpg 1620w, https:\/\/www.lesaubergisteslyonnais.fr\/wp-content\/uploads\/2025\/10\/coworking-lyon1-600x400.jpg 600w, https:\/\/www.lesaubergisteslyonnais.fr\/wp-content\/uploads\/2025\/10\/coworking-lyon1-1400x933.jpg 1400w, https:\/\/www.lesaubergisteslyonnais.fr\/wp-content\/uploads\/2025\/10\/coworking-lyon1-768x512.jpg 768w, https:\/\/www.lesaubergisteslyonnais.fr\/wp-content\/uploads\/2025\/10\/coworking-lyon1-1536x1024.jpg 1536w\" sizes=\"(max-width: 1620px) 100vw, 1620px\" \/>\t\t\t<\/div>\n\t\t\t\t<div class=\"heading__layout\">\n\t\t\t<div class=\"heading__content-wrapper has-white-100-background-color\">\n\t\t\t\t<div class=\"heading__content has-white-100-background-color\">\n\t\t\t\t\t\t\t\t\t<p id=\"breadcrumbs\"><span><span><a href=\"https:\/\/www.lesaubergisteslyonnais.fr\/it\/\">Accueil<\/a><\/span><\/span><\/p>\t\t\t\t\t\t\t\t\t<div class=\"acf-innerblocks-container\">\n\n<div class=\"wp-block-group heading-content-group is-layout-grid wp-container-core-group-is-layout-96b258e4 wp-block-group-is-layout-grid\">\n<h1 class=\"wp-block-heading has-text-align-left heading__title has-primary-color has-text-color has-xx-large-font-size\">Un nuovo indirizzo di coworking a Lione?<\/h1>\n<\/div>\n\n<\/div>\n\t\t\t\t<\/div>\n\t\t\t\t\t\t\t<\/div>\n\t\t<\/div>\n\t<\/div>\n<\/section>\n\n\n\t<section\n\t\tstyle=\"padding-top:var(u002du002dwpu002du002dpresetu002du002dspacingu002du002dtheme-default);padding-bottom:var(u002du002dwpu002du002dpresetu002du002dspacingu002du002dtheme-default);\" class=\"block-container align wp-block-acf-block-container has-background has-white-background-color has-global-padding is-layout-constrained wp-container-acf-block-container-is-layout-50dd6bb2 wp-block-acf-block-container-is-layout-constrained\"\t>\n\n\t\n\n<div class=\"wp-block-group has-global-padding is-layout-constrained wp-container-core-group-is-layout-6c709e2c wp-block-group-is-layout-constrained\" style=\"padding-top:var(--wp--preset--spacing--theme-default);padding-bottom:var(--wp--preset--spacing--theme-default)\">\n<h2 class=\"wp-block-heading has-text-align-left\"><strong><mark style=\"background-color:rgba(0, 0, 0, 0)\" class=\"has-inline-color has-primary-color\">Coworking<\/mark> a Lione: un luogo accogliente dove lavorare, pranzare o fare uno spuntino<\/strong><\/h2>\n\n\n\n<p><strong>Non proprio un indirizzo dedicato al Coworking, ma&#8230; MEGLIO! <\/strong><\/p>\n\n\n\n<p>All&#8217;Aubergistes Lyonnais ci piace accogliere coloro che fanno battere il cuore della citt\u00e0, anche da dietro i loro schermi.<\/p>\n\n\n\n<p>Stai cercando un <strong>bel caff\u00e8 a Lione<\/strong> per <strong>lavorare in tranquillit\u00e0<\/strong>, <strong>organizzare una riunione informale<\/strong> o semplicemente prendere <strong>una boccata d&#8217;aria<\/strong> tra due file?<\/p>\n\n\n\n<p>Le nostre case nel cuore della Presqu&#8217;\u00eele aprono le porte a menti curiose e indipendenti, telelavoratori e sognatori concentrati.  <strong>E il Comptoir Ph\u00e9nix si sta muovendo in questa direzione con una nuova funzione&#8230;<\/strong><\/p>\n\n\n\n<p>Qui non ci sono uffici asettici o silenzi forzati: solo il calore di una casa lionese, una tazza di buon caff\u00e8 e quel qualcosa in pi\u00f9 chiamato ospitalit\u00e0.<\/p>\n<\/div>\n\n\n\n<div\nclass=\"slider alignfull wp-block-acf-slider\" id=\"slider-id-1\" data-gallery-id=\"gallery-slider-id-1\">\n\t<div class=\"wp-block-group\n\t\t\tswiper\">\n\t\t<div class=\"swiper-wrapper slider__innerblocks\">\n\t\t\t<div\n\t\tclass=\"card swiper-slide wp-block-acf-card\" id=\"card-id--1\"\t\t>\n\t\n\t\t\t\t\t<img decoding=\"async\" width=\"720\" height=\"1080\" src=\"https:\/\/www.lesaubergisteslyonnais.fr\/wp-content\/uploads\/2025\/10\/coworking-lyon3.jpg\" class=\"card__image\" alt=\"coworking lyon3\" srcset=\"https:\/\/www.lesaubergisteslyonnais.fr\/wp-content\/uploads\/2025\/10\/coworking-lyon3.jpg 720w, https:\/\/www.lesaubergisteslyonnais.fr\/wp-content\/uploads\/2025\/10\/coworking-lyon3-400x600.jpg 400w\" sizes=\"(max-width: 720px) 100vw, 720px\" \/>\t\t\t\n\t\t<\/div>\n\t\n\n\t\t\t<div\n\t\tclass=\"card swiper-slide wp-block-acf-card\" id=\"card-id--2\"\t\t>\n\t\n\t\t\t\t\t<img decoding=\"async\" width=\"720\" height=\"1080\" src=\"https:\/\/www.lesaubergisteslyonnais.fr\/wp-content\/uploads\/2025\/05\/hotel-engage-RSE-Lyon-centre_01.jpg\" class=\"card__image\" alt=\"hotel engage RSE Lyon centre 01\" srcset=\"https:\/\/www.lesaubergisteslyonnais.fr\/wp-content\/uploads\/2025\/05\/hotel-engage-RSE-Lyon-centre_01.jpg 720w, https:\/\/www.lesaubergisteslyonnais.fr\/wp-content\/uploads\/2025\/05\/hotel-engage-RSE-Lyon-centre_01-400x600.jpg 400w\" sizes=\"(max-width: 720px) 100vw, 720px\" \/>\t\t\t\n\t\t<\/div>\n\t\n\n\t\t\t<div\n\t\tclass=\"card swiper-slide wp-block-acf-card\" id=\"card-id--3\"\t\t>\n\t\n\t\t\t\t\t<img decoding=\"async\" width=\"720\" height=\"1080\" src=\"https:\/\/www.lesaubergisteslyonnais.fr\/wp-content\/uploads\/2025\/10\/meilleur-cafe-coworking-lyon1.jpg\" class=\"card__image\" alt=\"meilleur cafe coworking lyon1\" srcset=\"https:\/\/www.lesaubergisteslyonnais.fr\/wp-content\/uploads\/2025\/10\/meilleur-cafe-coworking-lyon1.jpg 720w, https:\/\/www.lesaubergisteslyonnais.fr\/wp-content\/uploads\/2025\/10\/meilleur-cafe-coworking-lyon1-400x600.jpg 400w\" sizes=\"(max-width: 720px) 100vw, 720px\" \/>\t\t\t\n\t\t<\/div>\n\t\n\n\t\t\t<div\n\t\tclass=\"card swiper-slide wp-block-acf-card\" id=\"card-id--4\"\t\t>\n\t\n\t\t\t\t\t<img decoding=\"async\" width=\"1400\" height=\"933\" src=\"https:\/\/www.lesaubergisteslyonnais.fr\/wp-content\/uploads\/2025\/10\/coworking-lyon2-1400x933.jpg\" class=\"card__image\" alt=\"coworking lyon2\" srcset=\"https:\/\/www.lesaubergisteslyonnais.fr\/wp-content\/uploads\/2025\/10\/coworking-lyon2-1400x933.jpg 1400w, https:\/\/www.lesaubergisteslyonnais.fr\/wp-content\/uploads\/2025\/10\/coworking-lyon2-600x400.jpg 600w, https:\/\/www.lesaubergisteslyonnais.fr\/wp-content\/uploads\/2025\/10\/coworking-lyon2-768x512.jpg 768w, https:\/\/www.lesaubergisteslyonnais.fr\/wp-content\/uploads\/2025\/10\/coworking-lyon2-1536x1024.jpg 1536w, https:\/\/www.lesaubergisteslyonnais.fr\/wp-content\/uploads\/2025\/10\/coworking-lyon2.jpg 1620w\" sizes=\"(max-width: 1400px) 100vw, 1400px\" \/>\t\t\t\n\t\t<\/div>\n\t\n\n\t\t\t<div\n\t\tclass=\"card swiper-slide wp-block-acf-card\" id=\"card-id--5\"\t\t>\n\t\n\t\t\t\t\t<img decoding=\"async\" width=\"720\" height=\"1080\" src=\"https:\/\/www.lesaubergisteslyonnais.fr\/wp-content\/uploads\/2025\/10\/meilleur-cafe-coworking-lyon3.jpg\" class=\"card__image\" alt=\"meilleur cafe coworking lyon3\" srcset=\"https:\/\/www.lesaubergisteslyonnais.fr\/wp-content\/uploads\/2025\/10\/meilleur-cafe-coworking-lyon3.jpg 720w, https:\/\/www.lesaubergisteslyonnais.fr\/wp-content\/uploads\/2025\/10\/meilleur-cafe-coworking-lyon3-400x600.jpg 400w\" sizes=\"(max-width: 720px) 100vw, 720px\" \/>\t\t\t\n\t\t<\/div>\n\t\n\n\t\t\t<div\n\t\tclass=\"card swiper-slide wp-block-acf-card\" id=\"card-id--6\"\t\t>\n\t\n\t\t\t\t\t<img decoding=\"async\" width=\"720\" height=\"1080\" src=\"https:\/\/www.lesaubergisteslyonnais.fr\/wp-content\/uploads\/2025\/10\/meilleur-cafe-coworking-lyon2.jpg\" class=\"card__image\" alt=\"meilleur cafe coworking lyon2\" srcset=\"https:\/\/www.lesaubergisteslyonnais.fr\/wp-content\/uploads\/2025\/10\/meilleur-cafe-coworking-lyon2.jpg 720w, https:\/\/www.lesaubergisteslyonnais.fr\/wp-content\/uploads\/2025\/10\/meilleur-cafe-coworking-lyon2-400x600.jpg 400w\" sizes=\"(max-width: 720px) 100vw, 720px\" \/>\t\t\t\n\t\t<\/div>\n\t\n<\/div>\n\t\t\t\t<div class=\"button-prev\">\n\t\t\t<svg xmlns=\"http:\/\/www.w3.org\/2000\/svg\" viewBox=\"0 0 448 512\">\n\t\t\t\t<path\n\t\t\t\t\td=\"M12.7 244.7L1.4 256l11.3 11.3 168 168L192 446.6 214.6 424l-11.3-11.3L62.6 272 432 272l16 0 0-32-16 0L62.6 240 203.3 99.3 214.6 88 192 65.4 180.7 76.7l-168 168z\" \/>\n\t\t\t<\/svg>\n\t\t<\/div>\n\t\t<div class=\"button-next\">\n\t\t\t<svg xmlns=\"http:\/\/www.w3.org\/2000\/svg\" viewBox=\"0 0 448 512\">\n\t\t\t\t<path\n\t\t\t\t\td=\"M435.3 267.3L446.6 256l-11.3-11.3-168-168L256 65.4 233.4 88l11.3 11.3L385.4 240 16 240 0 240l0 32 16 0 369.4 0L244.7 412.7 233.4 424 256 446.6l11.3-11.3 168-168z\" \/>\n\t\t\t<\/svg>\n\t\t<\/div>\n\t\t\t<\/div><!-- .swiper -->\n\n\t<\/div>\n\n\n\n<\/section>\n\n\t<section\n\t\tstyle=\"padding-top:var(u002du002dwpu002du002dpresetu002du002dspacingu002du002dtheme-default);padding-bottom:var(u002du002dwpu002du002dpresetu002du002dspacingu002du002dtheme-default);\" class=\"block-container align wp-block-acf-block-container has-background has-white-100-background-color has-global-padding is-layout-constrained wp-container-acf-block-container-is-layout-50dd6bb2 wp-block-acf-block-container-is-layout-constrained\"\t>\n\n\t\n\n<div class=\"wp-block-group is-layout-flow wp-container-core-group-is-layout-d8e8191f wp-block-group-is-layout-flow\" style=\"padding-top:var(--wp--preset--spacing--theme-default);padding-bottom:var(--wp--preset--spacing--theme-default)\">\n<h2 class=\"wp-block-heading has-text-align-left\"><strong>Uno spazio di coworking come nessun altro<\/strong><\/h2>\n\n\n\n<p>A met\u00e0 tra un <strong>caff\u00e8 locale<\/strong>, un ristorante bistrot e <strong>una lounge d&#8217;albergo<\/strong>, il nostro spazio \u00e8 pensato per chi ama <strong>lavorare in un&#8217;atmosfera vivace e accogliente<\/strong>.<br\/>Accomodati sulle nostre morbide poltrone, collega il tuo computer, approfitta del <strong>Wi-Fi ad alta velocit\u00e0<\/strong> e lascia fluire la tua ispirazione. Qui gli <strong>Aubergisti<\/strong> si occupano con discrezione del tuo comfort: un sorriso, una caraffa d&#8217;acqua, luci soffuse&#8230; tutto ci\u00f2 di cui hai bisogno per lavorare con piacere. <\/p>\n<\/div>\n\n\n\n<\/section>\n\n\t<section\n\t\tstyle=\"padding-top:var(u002du002dwpu002du002dpresetu002du002dspacingu002du002dtheme-default);padding-bottom:var(u002du002dwpu002du002dpresetu002du002dspacingu002du002dtheme-default);\" class=\"block-container align wp-block-acf-block-container has-background has-white-background-color has-global-padding is-layout-constrained wp-container-acf-block-container-is-layout-50dd6bb2 wp-block-acf-block-container-is-layout-constrained\"\t>\n\n\t\n\n<div class=\"wp-block-group is-layout-flow wp-container-core-group-is-layout-9b1bd590 wp-block-group-is-layout-flow\" style=\"padding-top:var(--wp--preset--spacing--theme-default);padding-right:0;padding-bottom:var(--wp--preset--spacing--theme-default);padding-left:0\">\n<h2 class=\"wp-block-heading\"><strong>Un menu a basso prezzo per il pranzo ricco di sapori<\/strong><\/h2>\n\n\n\n<p>Poich\u00e9 un buon pranzo \u00e8 anche carburante per le idee, il nostro <strong>menu della pausa pranzo<\/strong> \u00e8 <strong>semplice, fresco e generoso<\/strong>.<br\/>Ogni giorno, il nostro menu D\u00e9jeunette propone piatti <strong>casalinghi<\/strong> ispirati al mercato e alle stagioni e ideati da uno dei talentuosi membri della nostra brigata. E s\u00ec, al Comptoir Ph\u00e9nix c&#8217;\u00e8 un capitolo per tutti. <\/p>\n\n\n\n<p><strong>Menu del pranzo<\/strong>: antipasto + piatto principale + dessert + caff\u00e8 in omaggio a 21\u20ac. Il menu cambia ogni settimana (ma non il prezzo). <\/p>\n\n\n\n<p>Perch\u00e9 mangiare bene e lavorare bene vanno di pari passo.<\/p>\n<\/div>\n\n\n\n<\/section>\n\n\t<section\n\t\tstyle=\"padding-top:var(u002du002dwpu002du002dpresetu002du002dspacingu002du002dtheme-default);padding-bottom:var(u002du002dwpu002du002dpresetu002du002dspacingu002du002dtheme-default);\" class=\"block-container align wp-block-acf-block-container has-background has-white-100-background-color has-global-padding is-layout-constrained wp-container-acf-block-container-is-layout-bcc8bd64 wp-block-acf-block-container-is-layout-constrained\"\t>\n\n\t\n\n<div class=\"wp-block-group is-vertical is-content-justification-center is-layout-flex wp-container-core-group-is-layout-9615735e wp-block-group-is-layout-flex\" style=\"padding-top:var(--wp--preset--spacing--theme-default);padding-right:var(--wp--preset--spacing--theme-default);padding-bottom:var(--wp--preset--spacing--theme-default);padding-left:var(--wp--preset--spacing--theme-default)\">\n<figure class=\"wp-block-image size-full is-resized\"><img decoding=\"async\" width=\"2048\" height=\"1889\" src=\"https:\/\/www.lesaubergisteslyonnais.fr\/wp-content\/uploads\/2025\/10\/cake-scaled.png\" alt=\"torta\" class=\"wp-image-9116\" style=\"width:200px\" srcset=\"https:\/\/www.lesaubergisteslyonnais.fr\/wp-content\/uploads\/2025\/10\/cake-scaled.png 2048w, https:\/\/www.lesaubergisteslyonnais.fr\/wp-content\/uploads\/2025\/10\/cake-600x553.png 600w, https:\/\/www.lesaubergisteslyonnais.fr\/wp-content\/uploads\/2025\/10\/cake-1400x1291.png 1400w, https:\/\/www.lesaubergisteslyonnais.fr\/wp-content\/uploads\/2025\/10\/cake-768x708.png 768w, https:\/\/www.lesaubergisteslyonnais.fr\/wp-content\/uploads\/2025\/10\/cake-1536x1416.png 1536w\" sizes=\"(max-width: 2048px) 100vw, 2048px\" \/><\/figure>\n\n\n\n<h3 class=\"wp-block-heading has-text-align-center\">Hai voglia di <mark style=\"background-color:rgba(0, 0, 0, 0)\" class=\"has-inline-color has-primary-color\">assaggiare?<\/mark><\/h3>\n\n\n\n<p>Ecco la novit\u00e0 del Comptoir Ph\u00e9nix: <strong>tutti i giorni dalle 10 alle 18<\/strong>, una gamma di dolci fatti in casa: marbr\u00e9, biscotti, crostate, madeleine, brioches, frollini&#8230; Quando il computer scotta, non c&#8217;\u00e8 niente di meglio di una pausa dolce.<\/p>\n\n\n\n<p><strong>Solo pasticceria: \u20ac4 \/\/ Pacchetto Tea Time con bevanda a scelta: \u20ac8,50<\/strong><\/p>\n\n\n\n<p>Questo dimostra che non \u00e8 necessario andare in uno spazio di coworking per essere ben accolti a Lione. Abbiamo il miglior indirizzo della Vieux Lyon. \u00c8 il luogo in cui lavorare senza sacrificare il comfort o il piacere.<\/p>\n<\/div>\n\n\n\n<\/section>\n\n<div\nclass=\"slider alignfull wp-block-acf-slider\" id=\"slider-id-2\" data-gallery-id=\"gallery-slider-id-2\">\n\t<div class=\"wp-block-group\n\t\t\tswiper\">\n\t\t<div class=\"swiper-wrapper slider__innerblocks\">\n\t\t\t<div\n\t\tclass=\"card swiper-slide wp-block-acf-card\" id=\"card-id--7\"\t\t>\n\t\n\t\t\t\t\t<img decoding=\"async\" width=\"720\" height=\"1080\" src=\"https:\/\/www.lesaubergisteslyonnais.fr\/wp-content\/uploads\/2025\/10\/coworking-lyon7.jpg\" class=\"card__image\" alt=\"coworking lyon7\" srcset=\"https:\/\/www.lesaubergisteslyonnais.fr\/wp-content\/uploads\/2025\/10\/coworking-lyon7.jpg 720w, https:\/\/www.lesaubergisteslyonnais.fr\/wp-content\/uploads\/2025\/10\/coworking-lyon7-400x600.jpg 400w\" sizes=\"(max-width: 720px) 100vw, 720px\" \/>\t\t\t\n\t\t<\/div>\n\t\n\n\t\t\t<div\n\t\tclass=\"card swiper-slide wp-block-acf-card\" id=\"card-id--8\"\t\t>\n\t\n\t\t\t\t\t<img decoding=\"async\" width=\"720\" height=\"1080\" src=\"https:\/\/www.lesaubergisteslyonnais.fr\/wp-content\/uploads\/2025\/10\/coworking-lyon3.jpg\" class=\"card__image\" alt=\"coworking lyon3\" srcset=\"https:\/\/www.lesaubergisteslyonnais.fr\/wp-content\/uploads\/2025\/10\/coworking-lyon3.jpg 720w, https:\/\/www.lesaubergisteslyonnais.fr\/wp-content\/uploads\/2025\/10\/coworking-lyon3-400x600.jpg 400w\" sizes=\"(max-width: 720px) 100vw, 720px\" \/>\t\t\t\n\t\t<\/div>\n\t\n\n\t\t\t<div\n\t\tclass=\"card swiper-slide wp-block-acf-card\" id=\"card-id--9\"\t\t>\n\t\n\t\t\t\t\t<img decoding=\"async\" width=\"720\" height=\"1080\" src=\"https:\/\/www.lesaubergisteslyonnais.fr\/wp-content\/uploads\/2025\/10\/coworking-lyon6.jpg\" class=\"card__image\" alt=\"coworking lyon6\" srcset=\"https:\/\/www.lesaubergisteslyonnais.fr\/wp-content\/uploads\/2025\/10\/coworking-lyon6.jpg 720w, https:\/\/www.lesaubergisteslyonnais.fr\/wp-content\/uploads\/2025\/10\/coworking-lyon6-400x600.jpg 400w\" sizes=\"(max-width: 720px) 100vw, 720px\" \/>\t\t\t\n\t\t<\/div>\n\t\n\n\t\t\t<div\n\t\tclass=\"card swiper-slide wp-block-acf-card\" id=\"card-id--10\"\t\t>\n\t\n\t\t\t\t\t<img decoding=\"async\" width=\"720\" height=\"1080\" src=\"https:\/\/www.lesaubergisteslyonnais.fr\/wp-content\/uploads\/2025\/10\/coworking-lyon5.jpg\" class=\"card__image\" alt=\"coworking lyon5\" srcset=\"https:\/\/www.lesaubergisteslyonnais.fr\/wp-content\/uploads\/2025\/10\/coworking-lyon5.jpg 720w, https:\/\/www.lesaubergisteslyonnais.fr\/wp-content\/uploads\/2025\/10\/coworking-lyon5-400x600.jpg 400w\" sizes=\"(max-width: 720px) 100vw, 720px\" \/>\t\t\t\n\t\t<\/div>\n\t\n\n\t\t\t<div\n\t\tclass=\"card swiper-slide wp-block-acf-card\" id=\"card-id--11\"\t\t>\n\t\n\t\t\t\t\t<img decoding=\"async\" width=\"720\" height=\"1080\" src=\"https:\/\/www.lesaubergisteslyonnais.fr\/wp-content\/uploads\/2025\/10\/meilleur-cafe-coworking-lyon4.jpg\" class=\"card__image\" alt=\"meilleur cafe coworking lyon4\" srcset=\"https:\/\/www.lesaubergisteslyonnais.fr\/wp-content\/uploads\/2025\/10\/meilleur-cafe-coworking-lyon4.jpg 720w, https:\/\/www.lesaubergisteslyonnais.fr\/wp-content\/uploads\/2025\/10\/meilleur-cafe-coworking-lyon4-400x600.jpg 400w\" sizes=\"(max-width: 720px) 100vw, 720px\" \/>\t\t\t\n\t\t<\/div>\n\t\n\n\t\t\t<div\n\t\tclass=\"card swiper-slide wp-block-acf-card\" id=\"card-id--12\"\t\t>\n\t\n\t\t\t\t\t<img decoding=\"async\" width=\"720\" height=\"1080\" src=\"https:\/\/www.lesaubergisteslyonnais.fr\/wp-content\/uploads\/2025\/10\/coworking-lyon7.jpg\" class=\"card__image\" alt=\"coworking lyon7\" srcset=\"https:\/\/www.lesaubergisteslyonnais.fr\/wp-content\/uploads\/2025\/10\/coworking-lyon7.jpg 720w, https:\/\/www.lesaubergisteslyonnais.fr\/wp-content\/uploads\/2025\/10\/coworking-lyon7-400x600.jpg 400w\" sizes=\"(max-width: 720px) 100vw, 720px\" \/>\t\t\t\n\t\t<\/div>\n\t\n<\/div>\n\t\t\t\t<div class=\"button-prev\">\n\t\t\t<svg xmlns=\"http:\/\/www.w3.org\/2000\/svg\" viewBox=\"0 0 448 512\">\n\t\t\t\t<path\n\t\t\t\t\td=\"M12.7 244.7L1.4 256l11.3 11.3 168 168L192 446.6 214.6 424l-11.3-11.3L62.6 272 432 272l16 0 0-32-16 0L62.6 240 203.3 99.3 214.6 88 192 65.4 180.7 76.7l-168 168z\" \/>\n\t\t\t<\/svg>\n\t\t<\/div>\n\t\t<div class=\"button-next\">\n\t\t\t<svg xmlns=\"http:\/\/www.w3.org\/2000\/svg\" viewBox=\"0 0 448 512\">\n\t\t\t\t<path\n\t\t\t\t\td=\"M435.3 267.3L446.6 256l-11.3-11.3-168-168L256 65.4 233.4 88l11.3 11.3L385.4 240 16 240 0 240l0 32 16 0 369.4 0L244.7 412.7 233.4 424 256 446.6l11.3-11.3 168-168z\" \/>\n\t\t\t<\/svg>\n\t\t<\/div>\n\t\t\t<\/div><!-- .swiper -->\n\n\t<\/div>\n\n<div class=\"wp-block-group has-white-background-color has-background is-content-justification-space-between is-nowrap is-layout-flex wp-container-core-group-is-layout-098ab513 wp-block-group-is-layout-flex\" style=\"padding-top:var(--wp--preset--spacing--theme-m);padding-right:var(--wp--preset--spacing--theme-s);padding-bottom:var(--wp--preset--spacing--theme-m);padding-left:var(--wp--preset--spacing--theme-s)\">\n\n<\/div>\n","protected":false},"excerpt":{"rendered":"<p>Lione in 48 ore: traboules, ingorghi, Fourvi\u00e8re e Croix-Rousse. I nostri elementi essenziali per un soggiorno di successo.<\/p>\n","protected":false},"author":3,"featured_media":7506,"comment_status":"open","ping_status":"open","sticky":false,"template":"","format":"standard","meta":{"_acf_changed":false,"inline_featured_image":false,"footnotes":""},"categories":[49],"tags":[],"class_list":["post-9134","post","type-post","status-publish","format-standard","has-post-thumbnail","hentry","category-notizie-sulla-collezione"],"acf":[],"yoast_head":"<!-- This site is optimized with the Yoast SEO plugin v27.4 - https:\/\/yoast.com\/product\/yoast-seo-wordpress\/ -->\n<title>Un nuovo indirizzo di coworking a Lione? - Les Aubergistes Lyonnais<\/title>\n<meta name=\"description\" content=\"Les Aubergistes Lyonnais - Un nuovo indirizzo di coworking a Lione? . Lione in 48 ore: traboules, ingorghi, Fourvi\u00e8re e Croix-Rousse. I nostri elementi essenziali per un soggiorno di successo.\" \/>\n<meta name=\"robots\" content=\"index, follow, max-snippet:-1, max-image-preview:large, max-video-preview:-1\" \/>\n<link rel=\"canonical\" href=\"https:\/\/www.lesaubergisteslyonnais.fr\/it\/blog\/un-nuovo-indirizzo-di-coworking-a-lione\/\" \/>\n<meta property=\"og:locale\" content=\"it_IT\" \/>\n<meta property=\"og:type\" content=\"article\" \/>\n<meta property=\"og:title\" content=\"Un nuovo indirizzo di coworking a Lione? - Les Aubergistes Lyonnais\" \/>\n<meta property=\"og:description\" content=\"Les Aubergistes Lyonnais - Un nuovo indirizzo di coworking a Lione? . Lione in 48 ore: traboules, ingorghi, Fourvi\u00e8re e Croix-Rousse. I nostri elementi essenziali per un soggiorno di successo.\" \/>\n<meta property=\"og:url\" content=\"https:\/\/www.lesaubergisteslyonnais.fr\/it\/blog\/un-nuovo-indirizzo-di-coworking-a-lione\/\" \/>\n<meta property=\"og:site_name\" content=\"Les Aubergistes Lyonnais\" \/>\n<meta property=\"article:published_time\" content=\"2025-10-24T11:24:11+00:00\" \/>\n<meta property=\"article:modified_time\" content=\"2026-04-17T07:26:19+00:00\" \/>\n<meta property=\"og:image\" content=\"https:\/\/www.lesaubergisteslyonnais.fr\/wp-content\/uploads\/2025\/06\/bastien-nvs-d7Ht7aIM6RQ-unsplash.jpg\" \/>\n\t<meta property=\"og:image:width\" content=\"712\" \/>\n\t<meta property=\"og:image:height\" content=\"1080\" \/>\n\t<meta property=\"og:image:type\" content=\"image\/jpeg\" \/>\n<meta name=\"author\" content=\"eluquet\" \/>\n<meta name=\"twitter:card\" content=\"summary_large_image\" \/>\n<meta name=\"twitter:label1\" content=\"Scritto da\" \/>\n\t<meta name=\"twitter:data1\" content=\"eluquet\" \/>\n\t<meta name=\"twitter:label2\" content=\"Tempo di lettura stimato\" \/>\n\t<meta name=\"twitter:data2\" content=\"2 minuto\" \/>\n<script type=\"application\/ld+json\" class=\"yoast-schema-graph\">{\"@context\":\"https:\\\/\\\/schema.org\",\"@graph\":[{\"@type\":\"Article\",\"@id\":\"https:\\\/\\\/www.lesaubergisteslyonnais.fr\\\/it\\\/blog\\\/un-nuovo-indirizzo-di-coworking-a-lione\\\/#article\",\"isPartOf\":{\"@id\":\"https:\\\/\\\/www.lesaubergisteslyonnais.fr\\\/it\\\/blog\\\/un-nuovo-indirizzo-di-coworking-a-lione\\\/\"},\"author\":{\"name\":\"eluquet\",\"@id\":\"https:\\\/\\\/www.lesaubergisteslyonnais.fr\\\/it\\\/#\\\/schema\\\/person\\\/e4ac4e9bc69cd2894d15d6ace15a9f68\"},\"headline\":\"Un nuovo indirizzo di coworking a Lione?\",\"datePublished\":\"2025-10-24T11:24:11+00:00\",\"dateModified\":\"2026-04-17T07:26:19+00:00\",\"mainEntityOfPage\":{\"@id\":\"https:\\\/\\\/www.lesaubergisteslyonnais.fr\\\/it\\\/blog\\\/un-nuovo-indirizzo-di-coworking-a-lione\\\/\"},\"wordCount\":412,\"commentCount\":0,\"publisher\":{\"@id\":\"https:\\\/\\\/www.lesaubergisteslyonnais.fr\\\/it\\\/#organization\"},\"image\":{\"@id\":\"https:\\\/\\\/www.lesaubergisteslyonnais.fr\\\/it\\\/blog\\\/un-nuovo-indirizzo-di-coworking-a-lione\\\/#primaryimage\"},\"thumbnailUrl\":\"https:\\\/\\\/www.lesaubergisteslyonnais.fr\\\/wp-content\\\/uploads\\\/2025\\\/06\\\/bastien-nvs-d7Ht7aIM6RQ-unsplash.jpg\",\"articleSection\":[\"Notizie sulla collezione\"],\"inLanguage\":\"it-IT\",\"potentialAction\":[{\"@type\":\"CommentAction\",\"name\":\"Comment\",\"target\":[\"https:\\\/\\\/www.lesaubergisteslyonnais.fr\\\/it\\\/blog\\\/un-nuovo-indirizzo-di-coworking-a-lione\\\/#respond\"]}]},{\"@type\":\"WebPage\",\"@id\":\"https:\\\/\\\/www.lesaubergisteslyonnais.fr\\\/it\\\/blog\\\/un-nuovo-indirizzo-di-coworking-a-lione\\\/\",\"url\":\"https:\\\/\\\/www.lesaubergisteslyonnais.fr\\\/it\\\/blog\\\/un-nuovo-indirizzo-di-coworking-a-lione\\\/\",\"name\":\"Un nuovo indirizzo di coworking a Lione? - Les Aubergistes Lyonnais\",\"isPartOf\":{\"@id\":\"https:\\\/\\\/www.lesaubergisteslyonnais.fr\\\/it\\\/#website\"},\"primaryImageOfPage\":{\"@id\":\"https:\\\/\\\/www.lesaubergisteslyonnais.fr\\\/it\\\/blog\\\/un-nuovo-indirizzo-di-coworking-a-lione\\\/#primaryimage\"},\"image\":{\"@id\":\"https:\\\/\\\/www.lesaubergisteslyonnais.fr\\\/it\\\/blog\\\/un-nuovo-indirizzo-di-coworking-a-lione\\\/#primaryimage\"},\"thumbnailUrl\":\"https:\\\/\\\/www.lesaubergisteslyonnais.fr\\\/wp-content\\\/uploads\\\/2025\\\/06\\\/bastien-nvs-d7Ht7aIM6RQ-unsplash.jpg\",\"datePublished\":\"2025-10-24T11:24:11+00:00\",\"dateModified\":\"2026-04-17T07:26:19+00:00\",\"description\":\"Les Aubergistes Lyonnais - Un nuovo indirizzo di coworking a Lione? . Lione in 48 ore: traboules, ingorghi, Fourvi\u00e8re e Croix-Rousse. I nostri elementi essenziali per un soggiorno di successo.\",\"breadcrumb\":{\"@id\":\"https:\\\/\\\/www.lesaubergisteslyonnais.fr\\\/it\\\/blog\\\/un-nuovo-indirizzo-di-coworking-a-lione\\\/#breadcrumb\"},\"inLanguage\":\"it-IT\",\"potentialAction\":[{\"@type\":\"ReadAction\",\"target\":[\"https:\\\/\\\/www.lesaubergisteslyonnais.fr\\\/it\\\/blog\\\/un-nuovo-indirizzo-di-coworking-a-lione\\\/\"]}]},{\"@type\":\"ImageObject\",\"inLanguage\":\"it-IT\",\"@id\":\"https:\\\/\\\/www.lesaubergisteslyonnais.fr\\\/it\\\/blog\\\/un-nuovo-indirizzo-di-coworking-a-lione\\\/#primaryimage\",\"url\":\"https:\\\/\\\/www.lesaubergisteslyonnais.fr\\\/wp-content\\\/uploads\\\/2025\\\/06\\\/bastien-nvs-d7Ht7aIM6RQ-unsplash.jpg\",\"contentUrl\":\"https:\\\/\\\/www.lesaubergisteslyonnais.fr\\\/wp-content\\\/uploads\\\/2025\\\/06\\\/bastien-nvs-d7Ht7aIM6RQ-unsplash.jpg\",\"width\":712,\"height\":1080,\"caption\":\"bastien nvs d7Ht7aIM6RQ unsplash\"},{\"@type\":\"BreadcrumbList\",\"@id\":\"https:\\\/\\\/www.lesaubergisteslyonnais.fr\\\/it\\\/blog\\\/un-nuovo-indirizzo-di-coworking-a-lione\\\/#breadcrumb\",\"itemListElement\":[{\"@type\":\"ListItem\",\"position\":1,\"name\":\"Accueil\",\"item\":\"https:\\\/\\\/www.lesaubergisteslyonnais.fr\\\/it\\\/\"},{\"@type\":\"ListItem\",\"position\":2,\"name\":\"Notizie sulla collezione\",\"item\":\"https:\\\/\\\/www.lesaubergisteslyonnais.fr\\\/it\\\/blog\\\/notizie-sulla-collezione\\\/\"},{\"@type\":\"ListItem\",\"position\":3,\"name\":\"Un nuovo indirizzo di coworking a Lione?\"}]},{\"@type\":\"WebSite\",\"@id\":\"https:\\\/\\\/www.lesaubergisteslyonnais.fr\\\/it\\\/#website\",\"url\":\"https:\\\/\\\/www.lesaubergisteslyonnais.fr\\\/it\\\/\",\"name\":\"Globe Cecil\",\"description\":\"\",\"publisher\":{\"@id\":\"https:\\\/\\\/www.lesaubergisteslyonnais.fr\\\/it\\\/#organization\"},\"potentialAction\":[{\"@type\":\"SearchAction\",\"target\":{\"@type\":\"EntryPoint\",\"urlTemplate\":\"https:\\\/\\\/www.lesaubergisteslyonnais.fr\\\/it\\\/?s={search_term_string}\"},\"query-input\":{\"@type\":\"PropertyValueSpecification\",\"valueRequired\":true,\"valueName\":\"search_term_string\"}}],\"inLanguage\":\"it-IT\"},{\"@type\":\"Organization\",\"@id\":\"https:\\\/\\\/www.lesaubergisteslyonnais.fr\\\/it\\\/#organization\",\"name\":\"Globe Cecil\",\"url\":\"https:\\\/\\\/www.lesaubergisteslyonnais.fr\\\/it\\\/\",\"logo\":{\"@type\":\"ImageObject\",\"inLanguage\":\"it-IT\",\"@id\":\"https:\\\/\\\/www.lesaubergisteslyonnais.fr\\\/it\\\/#\\\/schema\\\/logo\\\/image\\\/\",\"url\":\"https:\\\/\\\/www.lesaubergisteslyonnais.fr\\\/wp-content\\\/uploads\\\/2025\\\/05\\\/LOGO-Aubergistes-Lyonnais-White.svg\",\"contentUrl\":\"https:\\\/\\\/www.lesaubergisteslyonnais.fr\\\/wp-content\\\/uploads\\\/2025\\\/05\\\/LOGO-Aubergistes-Lyonnais-White.svg\",\"width\":558,\"height\":127,\"caption\":\"Globe Cecil\"},\"image\":{\"@id\":\"https:\\\/\\\/www.lesaubergisteslyonnais.fr\\\/it\\\/#\\\/schema\\\/logo\\\/image\\\/\"}},{\"@type\":\"Person\",\"@id\":\"https:\\\/\\\/www.lesaubergisteslyonnais.fr\\\/it\\\/#\\\/schema\\\/person\\\/e4ac4e9bc69cd2894d15d6ace15a9f68\",\"name\":\"eluquet\",\"image\":{\"@type\":\"ImageObject\",\"inLanguage\":\"it-IT\",\"@id\":\"https:\\\/\\\/secure.gravatar.com\\\/avatar\\\/442dc35ef11b7d2998eb3e3b34cffb58fb8c292b4147875dabe42b2c036c4d84?s=96&d=mm&r=g\",\"url\":\"https:\\\/\\\/secure.gravatar.com\\\/avatar\\\/442dc35ef11b7d2998eb3e3b34cffb58fb8c292b4147875dabe42b2c036c4d84?s=96&d=mm&r=g\",\"contentUrl\":\"https:\\\/\\\/secure.gravatar.com\\\/avatar\\\/442dc35ef11b7d2998eb3e3b34cffb58fb8c292b4147875dabe42b2c036c4d84?s=96&d=mm&r=g\",\"caption\":\"eluquet\"},\"url\":\"https:\\\/\\\/www.lesaubergisteslyonnais.fr\\\/it\\\/author\\\/eluquet69\\\/\"}]}<\/script>\n<!-- \/ Yoast SEO plugin. -->","yoast_head_json":{"title":"Un nuovo indirizzo di coworking a Lione? - Les Aubergistes Lyonnais","description":"Les Aubergistes Lyonnais - Un nuovo indirizzo di coworking a Lione? . Lione in 48 ore: traboules, ingorghi, Fourvi\u00e8re e Croix-Rousse. I nostri elementi essenziali per un soggiorno di successo.","robots":{"index":"index","follow":"follow","max-snippet":"max-snippet:-1","max-image-preview":"max-image-preview:large","max-video-preview":"max-video-preview:-1"},"canonical":"https:\/\/www.lesaubergisteslyonnais.fr\/it\/blog\/un-nuovo-indirizzo-di-coworking-a-lione\/","og_locale":"it_IT","og_type":"article","og_title":"Un nuovo indirizzo di coworking a Lione? - Les Aubergistes Lyonnais","og_description":"Les Aubergistes Lyonnais - Un nuovo indirizzo di coworking a Lione? . Lione in 48 ore: traboules, ingorghi, Fourvi\u00e8re e Croix-Rousse. I nostri elementi essenziali per un soggiorno di successo.","og_url":"https:\/\/www.lesaubergisteslyonnais.fr\/it\/blog\/un-nuovo-indirizzo-di-coworking-a-lione\/","og_site_name":"Les Aubergistes Lyonnais","article_published_time":"2025-10-24T11:24:11+00:00","article_modified_time":"2026-04-17T07:26:19+00:00","og_image":[{"width":712,"height":1080,"url":"https:\/\/www.lesaubergisteslyonnais.fr\/wp-content\/uploads\/2025\/06\/bastien-nvs-d7Ht7aIM6RQ-unsplash.jpg","type":"image\/jpeg"}],"author":"eluquet","twitter_card":"summary_large_image","twitter_misc":{"Scritto da":"eluquet","Tempo di lettura stimato":"2 minuto"},"schema":{"@context":"https:\/\/schema.org","@graph":[{"@type":"Article","@id":"https:\/\/www.lesaubergisteslyonnais.fr\/it\/blog\/un-nuovo-indirizzo-di-coworking-a-lione\/#article","isPartOf":{"@id":"https:\/\/www.lesaubergisteslyonnais.fr\/it\/blog\/un-nuovo-indirizzo-di-coworking-a-lione\/"},"author":{"name":"eluquet","@id":"https:\/\/www.lesaubergisteslyonnais.fr\/it\/#\/schema\/person\/e4ac4e9bc69cd2894d15d6ace15a9f68"},"headline":"Un nuovo indirizzo di coworking a Lione?","datePublished":"2025-10-24T11:24:11+00:00","dateModified":"2026-04-17T07:26:19+00:00","mainEntityOfPage":{"@id":"https:\/\/www.lesaubergisteslyonnais.fr\/it\/blog\/un-nuovo-indirizzo-di-coworking-a-lione\/"},"wordCount":412,"commentCount":0,"publisher":{"@id":"https:\/\/www.lesaubergisteslyonnais.fr\/it\/#organization"},"image":{"@id":"https:\/\/www.lesaubergisteslyonnais.fr\/it\/blog\/un-nuovo-indirizzo-di-coworking-a-lione\/#primaryimage"},"thumbnailUrl":"https:\/\/www.lesaubergisteslyonnais.fr\/wp-content\/uploads\/2025\/06\/bastien-nvs-d7Ht7aIM6RQ-unsplash.jpg","articleSection":["Notizie sulla collezione"],"inLanguage":"it-IT","potentialAction":[{"@type":"CommentAction","name":"Comment","target":["https:\/\/www.lesaubergisteslyonnais.fr\/it\/blog\/un-nuovo-indirizzo-di-coworking-a-lione\/#respond"]}]},{"@type":"WebPage","@id":"https:\/\/www.lesaubergisteslyonnais.fr\/it\/blog\/un-nuovo-indirizzo-di-coworking-a-lione\/","url":"https:\/\/www.lesaubergisteslyonnais.fr\/it\/blog\/un-nuovo-indirizzo-di-coworking-a-lione\/","name":"Un nuovo indirizzo di coworking a Lione? - Les Aubergistes Lyonnais","isPartOf":{"@id":"https:\/\/www.lesaubergisteslyonnais.fr\/it\/#website"},"primaryImageOfPage":{"@id":"https:\/\/www.lesaubergisteslyonnais.fr\/it\/blog\/un-nuovo-indirizzo-di-coworking-a-lione\/#primaryimage"},"image":{"@id":"https:\/\/www.lesaubergisteslyonnais.fr\/it\/blog\/un-nuovo-indirizzo-di-coworking-a-lione\/#primaryimage"},"thumbnailUrl":"https:\/\/www.lesaubergisteslyonnais.fr\/wp-content\/uploads\/2025\/06\/bastien-nvs-d7Ht7aIM6RQ-unsplash.jpg","datePublished":"2025-10-24T11:24:11+00:00","dateModified":"2026-04-17T07:26:19+00:00","description":"Les Aubergistes Lyonnais - Un nuovo indirizzo di coworking a Lione? . Lione in 48 ore: traboules, ingorghi, Fourvi\u00e8re e Croix-Rousse. I nostri elementi essenziali per un soggiorno di successo.","breadcrumb":{"@id":"https:\/\/www.lesaubergisteslyonnais.fr\/it\/blog\/un-nuovo-indirizzo-di-coworking-a-lione\/#breadcrumb"},"inLanguage":"it-IT","potentialAction":[{"@type":"ReadAction","target":["https:\/\/www.lesaubergisteslyonnais.fr\/it\/blog\/un-nuovo-indirizzo-di-coworking-a-lione\/"]}]},{"@type":"ImageObject","inLanguage":"it-IT","@id":"https:\/\/www.lesaubergisteslyonnais.fr\/it\/blog\/un-nuovo-indirizzo-di-coworking-a-lione\/#primaryimage","url":"https:\/\/www.lesaubergisteslyonnais.fr\/wp-content\/uploads\/2025\/06\/bastien-nvs-d7Ht7aIM6RQ-unsplash.jpg","contentUrl":"https:\/\/www.lesaubergisteslyonnais.fr\/wp-content\/uploads\/2025\/06\/bastien-nvs-d7Ht7aIM6RQ-unsplash.jpg","width":712,"height":1080,"caption":"bastien nvs d7Ht7aIM6RQ unsplash"},{"@type":"BreadcrumbList","@id":"https:\/\/www.lesaubergisteslyonnais.fr\/it\/blog\/un-nuovo-indirizzo-di-coworking-a-lione\/#breadcrumb","itemListElement":[{"@type":"ListItem","position":1,"name":"Accueil","item":"https:\/\/www.lesaubergisteslyonnais.fr\/it\/"},{"@type":"ListItem","position":2,"name":"Notizie sulla collezione","item":"https:\/\/www.lesaubergisteslyonnais.fr\/it\/blog\/notizie-sulla-collezione\/"},{"@type":"ListItem","position":3,"name":"Un nuovo indirizzo di coworking a Lione?"}]},{"@type":"WebSite","@id":"https:\/\/www.lesaubergisteslyonnais.fr\/it\/#website","url":"https:\/\/www.lesaubergisteslyonnais.fr\/it\/","name":"Globe Cecil","description":"","publisher":{"@id":"https:\/\/www.lesaubergisteslyonnais.fr\/it\/#organization"},"potentialAction":[{"@type":"SearchAction","target":{"@type":"EntryPoint","urlTemplate":"https:\/\/www.lesaubergisteslyonnais.fr\/it\/?s={search_term_string}"},"query-input":{"@type":"PropertyValueSpecification","valueRequired":true,"valueName":"search_term_string"}}],"inLanguage":"it-IT"},{"@type":"Organization","@id":"https:\/\/www.lesaubergisteslyonnais.fr\/it\/#organization","name":"Globe Cecil","url":"https:\/\/www.lesaubergisteslyonnais.fr\/it\/","logo":{"@type":"ImageObject","inLanguage":"it-IT","@id":"https:\/\/www.lesaubergisteslyonnais.fr\/it\/#\/schema\/logo\/image\/","url":"https:\/\/www.lesaubergisteslyonnais.fr\/wp-content\/uploads\/2025\/05\/LOGO-Aubergistes-Lyonnais-White.svg","contentUrl":"https:\/\/www.lesaubergisteslyonnais.fr\/wp-content\/uploads\/2025\/05\/LOGO-Aubergistes-Lyonnais-White.svg","width":558,"height":127,"caption":"Globe Cecil"},"image":{"@id":"https:\/\/www.lesaubergisteslyonnais.fr\/it\/#\/schema\/logo\/image\/"}},{"@type":"Person","@id":"https:\/\/www.lesaubergisteslyonnais.fr\/it\/#\/schema\/person\/e4ac4e9bc69cd2894d15d6ace15a9f68","name":"eluquet","image":{"@type":"ImageObject","inLanguage":"it-IT","@id":"https:\/\/secure.gravatar.com\/avatar\/442dc35ef11b7d2998eb3e3b34cffb58fb8c292b4147875dabe42b2c036c4d84?s=96&d=mm&r=g","url":"https:\/\/secure.gravatar.com\/avatar\/442dc35ef11b7d2998eb3e3b34cffb58fb8c292b4147875dabe42b2c036c4d84?s=96&d=mm&r=g","contentUrl":"https:\/\/secure.gravatar.com\/avatar\/442dc35ef11b7d2998eb3e3b34cffb58fb8c292b4147875dabe42b2c036c4d84?s=96&d=mm&r=g","caption":"eluquet"},"url":"https:\/\/www.lesaubergisteslyonnais.fr\/it\/author\/eluquet69\/"}]}},"_links":{"self":[{"href":"https:\/\/www.lesaubergisteslyonnais.fr\/it\/wp-json\/wp\/v2\/posts\/9134","targetHints":{"allow":["GET"]}}],"collection":[{"href":"https:\/\/www.lesaubergisteslyonnais.fr\/it\/wp-json\/wp\/v2\/posts"}],"about":[{"href":"https:\/\/www.lesaubergisteslyonnais.fr\/it\/wp-json\/wp\/v2\/types\/post"}],"author":[{"embeddable":true,"href":"https:\/\/www.lesaubergisteslyonnais.fr\/it\/wp-json\/wp\/v2\/users\/3"}],"replies":[{"embeddable":true,"href":"https:\/\/www.lesaubergisteslyonnais.fr\/it\/wp-json\/wp\/v2\/comments?post=9134"}],"version-history":[{"count":3,"href":"https:\/\/www.lesaubergisteslyonnais.fr\/it\/wp-json\/wp\/v2\/posts\/9134\/revisions"}],"predecessor-version":[{"id":9810,"href":"https:\/\/www.lesaubergisteslyonnais.fr\/it\/wp-json\/wp\/v2\/posts\/9134\/revisions\/9810"}],"wp:featuredmedia":[{"embeddable":true,"href":"https:\/\/www.lesaubergisteslyonnais.fr\/it\/wp-json\/wp\/v2\/media\/7506"}],"wp:attachment":[{"href":"https:\/\/www.lesaubergisteslyonnais.fr\/it\/wp-json\/wp\/v2\/media?parent=9134"}],"wp:term":[{"taxonomy":"category","embeddable":true,"href":"https:\/\/www.lesaubergisteslyonnais.fr\/it\/wp-json\/wp\/v2\/categories?post=9134"},{"taxonomy":"post_tag","embeddable":true,"href":"https:\/\/www.lesaubergisteslyonnais.fr\/it\/wp-json\/wp\/v2\/tags?post=9134"}],"curies":[{"name":"wp","href":"https:\/\/api.w.org\/{rel}","templated":true}]}}