{"id":7429,"date":"2025-06-05T17:47:14","date_gmt":"2025-06-05T15:47:14","guid":{"rendered":"https:\/\/www.lesaubergisteslyonnais.fr\/visita-lione-in-2-giorni-3-giorni\/"},"modified":"2026-04-17T09:26:04","modified_gmt":"2026-04-17T07:26:04","slug":"visita-lione-in-2-giorni-3-giorni","status":"publish","type":"post","link":"https:\/\/www.lesaubergisteslyonnais.fr\/it\/blog\/visita-lione-in-2-giorni-3-giorni\/","title":{"rendered":"Visita Lione in 2 giorni \/ 3 giorni"},"content":{"rendered":"\n<section class=\"heading wp-elements-9a07d60cc018672bef70c3f4632d24e7 wp-elements-9a07d60cc018672bef70c3f4632d24e7 wp-block-acf-heading has-text-color has-primary-color has-background has-white-100-background-color\">\n\t<div class=\"heading__container\">\n\t\t\t\t\t<div class=\"heading__background-picture\">\n\t\t\t\t<img decoding=\"async\" width=\"1620\" height=\"1080\" src=\"https:\/\/www.lesaubergisteslyonnais.fr\/wp-content\/uploads\/2025\/06\/que-faire-a-lyon-2-jours-1.jpg\" class=\"attachment-full size-full\" alt=\"que faire a lyon 2 jours 1\" fetchpriority=\"high\" srcset=\"https:\/\/www.lesaubergisteslyonnais.fr\/wp-content\/uploads\/2025\/06\/que-faire-a-lyon-2-jours-1.jpg 1620w, https:\/\/www.lesaubergisteslyonnais.fr\/wp-content\/uploads\/2025\/06\/que-faire-a-lyon-2-jours-1-600x400.jpg 600w, https:\/\/www.lesaubergisteslyonnais.fr\/wp-content\/uploads\/2025\/06\/que-faire-a-lyon-2-jours-1-1400x933.jpg 1400w, https:\/\/www.lesaubergisteslyonnais.fr\/wp-content\/uploads\/2025\/06\/que-faire-a-lyon-2-jours-1-768x512.jpg 768w, https:\/\/www.lesaubergisteslyonnais.fr\/wp-content\/uploads\/2025\/06\/que-faire-a-lyon-2-jours-1-1536x1024.jpg 1536w\" sizes=\"(max-width: 1620px) 100vw, 1620px\" \/>\t\t\t<\/div>\n\t\t\t\t<div class=\"heading__layout\">\n\t\t\t<div class=\"heading__content-wrapper has-white-100-background-color\">\n\t\t\t\t<div class=\"heading__content has-white-100-background-color\">\n\t\t\t\t\t\t\t\t\t<p id=\"breadcrumbs\"><span><span><a href=\"https:\/\/www.lesaubergisteslyonnais.fr\/it\/\">Accueil<\/a><\/span><\/span><\/p>\t\t\t\t\t\t\t\t\t<div class=\"acf-innerblocks-container\">\n\n<div class=\"wp-block-group heading-content-group is-layout-grid wp-container-core-group-is-layout-96b258e4 wp-block-group-is-layout-grid\">\n<h1 class=\"wp-block-heading has-text-align-left heading__title has-primary-color has-text-color has-xx-large-font-size\">Visita Lione in 2 giorni \/ 3 giorni<\/h1>\n<\/div>\n\n<\/div>\n\t\t\t\t<\/div>\n\t\t\t\t\t\t\t<\/div>\n\t\t<\/div>\n\t<\/div>\n<\/section>\n\n\n\t<section\n\t\tstyle=\"padding-top:var(--wp--preset--spacing--theme-default);padding-bottom:var(--wp--preset--spacing--theme-default);\" class=\"block-container align wp-block-acf-block-container has-background has-white-background-color has-global-padding is-layout-constrained wp-container-acf-block-container-is-layout-89924dea wp-block-acf-block-container-is-layout-constrained\"\t>\n\n\t\n\n<div class=\"wp-block-group is-layout-flow wp-container-core-group-is-layout-6438c6a4 wp-block-group-is-layout-flow\">\n<h2 class=\"wp-block-heading has-text-align-left\"><mark style=\"background-color:rgba(0, 0, 0, 0)\" class=\"has-inline-color has-primary-color\">Giorno 1:<\/mark><strong> Il cuore storico di Lione<\/strong> <\/h2>\n\n\n\n<p><strong>Mattina: Vecchia Lione e Fourvi\u00e8re<\/strong><\/p>\n\n\n\n<ul class=\"wp-block-list\">\n<li><strong>Vieux Lyon<\/strong>: passeggia per le strade acciottolate del quartiere rinascimentale, scopri i traboules (passaggi segreti) e ammira le facciate colorate.<\/li>\n\n\n\n<li><strong>Basilique Notre-Dame de Fourvi\u00e8re<\/strong>: prendi la funicolare dalla stazione Vieux Lyon per raggiungere questa iconica basilica. L&#8217;ingresso \u00e8 gratuito.  Dalla spianata potrai godere di una vista panoramica su tutta la citt\u00e0.  <\/li>\n<\/ul>\n\n\n\n<p><strong>Pranzo : Bouchon Les Lyonnais<\/strong><\/p>\n\n\n\n<ul class=\"wp-block-list\">\n<li><strong>Indirizzo<\/strong>: 19 Rue de la Bombarde, 69005 Lyon<\/li>\n\n\n\n<li><strong>Orari di apertura<\/strong>: 12.00 &#8211; 14.30 \/ 19.00 &#8211; 22.30<\/li>\n\n\n\n<li><strong>Prezzi<\/strong>: Menu a partire da \u20ac25<\/li>\n<\/ul>\n\n\n\n<p>Assapora l &#8220;autentica cucina lionese in questo tradizionale \u2018bouchon\u2019, apprezzato per l&#8221; atmosfera amichevole e i piatti generosi.<\/p>\n\n\n\n<p><strong>Pomeriggio: Museo delle Belle Arti di Lione<\/strong><\/p>\n\n\n\n<ul class=\"wp-block-list\">\n<li><strong>Indirizzo<\/strong>: 20 Place des Terreaux, 69001 Lyon<\/li>\n\n\n\n<li><strong>Orari di apertura<\/strong>: Aperto tutti i giorni tranne il marted\u00ec, dalle 10.00 alle 18.00.<\/li>\n\n\n\n<li><strong>Prezzi<\/strong>: Intero \u20ac 8, ridotto \u20ac 4<\/li>\n<\/ul>\n\n\n\n<p>Ospitato in un&#8217;antica abbazia, questo museo merita una visita! Non ti pentirai di aver trascorso del tempo al museo.<\/p>\n<\/div>\n\n\n\n<div\nclass=\"slider slider__is-gallery alignfull wp-block-acf-slider\" id=\"slider-id-1\" data-gallery-id=\"gallery-slider-id-1\">\n\t<div class=\"wp-block-group\n\t\t\tswiper\">\n\t\t<div class=\"swiper-wrapper slider__innerblocks\">\n\t\t\t<div\n\t\tclass=\"card swiper-slide wp-block-acf-card\" id=\"card-id--1\"\t\t>\n\t\n\t\t\t\t\t\t<a href=\"https:\/\/www.lesaubergisteslyonnais.fr\/wp-content\/uploads\/2025\/06\/223Marian-Carletti-GC.jpg\" data-fancybox=\"gallery\" data-caption=\"223Marian Carletti GC\"\n\t\t\t>\n\t\t\t\t<img decoding=\"async\" width=\"681\" height=\"1079\" src=\"https:\/\/www.lesaubergisteslyonnais.fr\/wp-content\/uploads\/2025\/06\/223Marian-Carletti-GC.jpg\" class=\"card__image\" alt=\"223Marian Carletti GC\" srcset=\"https:\/\/www.lesaubergisteslyonnais.fr\/wp-content\/uploads\/2025\/06\/223Marian-Carletti-GC.jpg 681w, https:\/\/www.lesaubergisteslyonnais.fr\/wp-content\/uploads\/2025\/06\/223Marian-Carletti-GC-379x600.jpg 379w\" sizes=\"(max-width: 681px) 100vw, 681px\" \/>\t\t\t\t\t<\/a>\n\t\t\t\n\t\t<\/div>\n\t\n\n\t\t\t<div\n\t\tclass=\"card swiper-slide wp-block-acf-card\" id=\"card-id--2\"\t\t>\n\t\n\t\t\t\t\t\t<a href=\"https:\/\/www.lesaubergisteslyonnais.fr\/wp-content\/uploads\/2025\/06\/bastien-nvs-d7Ht7aIM6RQ-unsplash-1.jpg\" data-fancybox=\"gallery\" data-caption=\"bastien nvs d7Ht7aIM6RQ unsplash 1\"\n\t\t\t>\n\t\t\t\t<img decoding=\"async\" width=\"712\" height=\"1080\" src=\"https:\/\/www.lesaubergisteslyonnais.fr\/wp-content\/uploads\/2025\/06\/bastien-nvs-d7Ht7aIM6RQ-unsplash-1.jpg\" class=\"card__image\" alt=\"bastien nvs d7Ht7aIM6RQ unsplash 1\" srcset=\"https:\/\/www.lesaubergisteslyonnais.fr\/wp-content\/uploads\/2025\/06\/bastien-nvs-d7Ht7aIM6RQ-unsplash-1.jpg 712w, https:\/\/www.lesaubergisteslyonnais.fr\/wp-content\/uploads\/2025\/06\/bastien-nvs-d7Ht7aIM6RQ-unsplash-1-396x600.jpg 396w\" sizes=\"(max-width: 712px) 100vw, 712px\" \/>\t\t\t\t\t<\/a>\n\t\t\t\n\t\t<\/div>\n\t\n\n\t\t\t<div\n\t\tclass=\"card swiper-slide wp-block-acf-card\" id=\"card-id--3\"\t\t>\n\t\n\t\t\t\t\t\t<a href=\"https:\/\/www.lesaubergisteslyonnais.fr\/wp-content\/uploads\/2025\/06\/pexels-claudia-schmalz-3928374-5869734-1.jpg\" data-fancybox=\"gallery\" data-caption=\"pexels claudia schmalz 3928374 5869734 1\"\n\t\t\t>\n\t\t\t\t<img decoding=\"async\" width=\"720\" height=\"1080\" src=\"https:\/\/www.lesaubergisteslyonnais.fr\/wp-content\/uploads\/2025\/06\/pexels-claudia-schmalz-3928374-5869734-1.jpg\" class=\"card__image\" alt=\"pexels claudia schmalz 3928374 5869734 1\" srcset=\"https:\/\/www.lesaubergisteslyonnais.fr\/wp-content\/uploads\/2025\/06\/pexels-claudia-schmalz-3928374-5869734-1.jpg 720w, https:\/\/www.lesaubergisteslyonnais.fr\/wp-content\/uploads\/2025\/06\/pexels-claudia-schmalz-3928374-5869734-1-400x600.jpg 400w\" sizes=\"(max-width: 720px) 100vw, 720px\" \/>\t\t\t\t\t<\/a>\n\t\t\t\n\t\t<\/div>\n\t\n\n\t\t\t<div\n\t\tclass=\"card swiper-slide wp-block-acf-card\" id=\"card-id--4\"\t\t>\n\t\n\t\t\t\t\t\t<a href=\"https:\/\/www.lesaubergisteslyonnais.fr\/wp-content\/uploads\/2025\/06\/que-faire-a-lyon-weekend.jpg\" data-fancybox=\"gallery\" data-caption=\"que faire a lyon weekend\"\n\t\t\t>\n\t\t\t\t<img decoding=\"async\" width=\"720\" height=\"1080\" src=\"https:\/\/www.lesaubergisteslyonnais.fr\/wp-content\/uploads\/2025\/06\/que-faire-a-lyon-weekend.jpg\" class=\"card__image\" alt=\"que faire a lyon weekend\" srcset=\"https:\/\/www.lesaubergisteslyonnais.fr\/wp-content\/uploads\/2025\/06\/que-faire-a-lyon-weekend.jpg 720w, https:\/\/www.lesaubergisteslyonnais.fr\/wp-content\/uploads\/2025\/06\/que-faire-a-lyon-weekend-400x600.jpg 400w\" sizes=\"(max-width: 720px) 100vw, 720px\" \/>\t\t\t\t\t<\/a>\n\t\t\t\n\t\t<\/div>\n\t\n\n\t\t\t<div\n\t\tclass=\"card swiper-slide wp-block-acf-card\" id=\"card-id--5\"\t\t>\n\t\n\t\t\t\t\t\t<a href=\"https:\/\/www.lesaubergisteslyonnais.fr\/wp-content\/uploads\/2025\/06\/pexels-hamza-yaich-1076080225-27133388.jpg\" data-fancybox=\"gallery\" data-caption=\"pexels hamza yaich 1076080225 27133388\"\n\t\t\t>\n\t\t\t\t<img decoding=\"async\" width=\"864\" height=\"1080\" src=\"https:\/\/www.lesaubergisteslyonnais.fr\/wp-content\/uploads\/2025\/06\/pexels-hamza-yaich-1076080225-27133388.jpg\" class=\"card__image\" alt=\"pexels hamza yaich 1076080225 27133388\" srcset=\"https:\/\/www.lesaubergisteslyonnais.fr\/wp-content\/uploads\/2025\/06\/pexels-hamza-yaich-1076080225-27133388.jpg 864w, https:\/\/www.lesaubergisteslyonnais.fr\/wp-content\/uploads\/2025\/06\/pexels-hamza-yaich-1076080225-27133388-480x600.jpg 480w, https:\/\/www.lesaubergisteslyonnais.fr\/wp-content\/uploads\/2025\/06\/pexels-hamza-yaich-1076080225-27133388-768x960.jpg 768w\" sizes=\"(max-width: 864px) 100vw, 864px\" \/>\t\t\t\t\t<\/a>\n\t\t\t\n\t\t<\/div>\n\t\n\n\t\t\t<div\n\t\tclass=\"card swiper-slide wp-block-acf-card\" id=\"card-id--6\"\t\t>\n\t\n\t\t\t\t\t\t<a href=\"https:\/\/www.lesaubergisteslyonnais.fr\/wp-content\/uploads\/2025\/06\/221Marian-Carletti-GC-1.jpg\" data-fancybox=\"gallery\" data-caption=\"221Marian Carletti GC 1\"\n\t\t\t>\n\t\t\t\t<img decoding=\"async\" width=\"720\" height=\"1080\" src=\"https:\/\/www.lesaubergisteslyonnais.fr\/wp-content\/uploads\/2025\/06\/221Marian-Carletti-GC-1.jpg\" class=\"card__image\" alt=\"221Marian Carletti GC 1\" srcset=\"https:\/\/www.lesaubergisteslyonnais.fr\/wp-content\/uploads\/2025\/06\/221Marian-Carletti-GC-1.jpg 720w, https:\/\/www.lesaubergisteslyonnais.fr\/wp-content\/uploads\/2025\/06\/221Marian-Carletti-GC-1-400x600.jpg 400w\" sizes=\"(max-width: 720px) 100vw, 720px\" \/>\t\t\t\t\t<\/a>\n\t\t\t\n\t\t<\/div>\n\t\n<\/div>\n\t\t\t\t<div class=\"button-prev\">\n\t\t\t<svg xmlns=\"http:\/\/www.w3.org\/2000\/svg\" viewBox=\"0 0 448 512\">\n\t\t\t\t<path\n\t\t\t\t\td=\"M12.7 244.7L1.4 256l11.3 11.3 168 168L192 446.6 214.6 424l-11.3-11.3L62.6 272 432 272l16 0 0-32-16 0L62.6 240 203.3 99.3 214.6 88 192 65.4 180.7 76.7l-168 168z\" \/>\n\t\t\t<\/svg>\n\t\t<\/div>\n\t\t<div class=\"button-next\">\n\t\t\t<svg xmlns=\"http:\/\/www.w3.org\/2000\/svg\" viewBox=\"0 0 448 512\">\n\t\t\t\t<path\n\t\t\t\t\td=\"M435.3 267.3L446.6 256l-11.3-11.3-168-168L256 65.4 233.4 88l11.3 11.3L385.4 240 16 240 0 240l0 32 16 0 369.4 0L244.7 412.7 233.4 424 256 446.6l11.3-11.3 168-168z\" \/>\n\t\t\t<\/svg>\n\t\t<\/div>\n\t\t\t<\/div><!-- .swiper -->\n\n\t\t<div id=\"slider__gallery-button--slider-id-1\"\n\t\tclass=\"slider__gallery-button wp-block-button is-style-label-button is-style-label-button--5\"\n\t\tdata-gallery-trigger=\"gallery-slider-id-1\">\n\t\t<a class=\"wp-block-button__link wp-element-button\">Aprire la galleria fotografica<\/a>\n\t<\/div>\n\t<\/div>\n\n\n\n<\/section>\n\n\t<section\n\t\tstyle=\"padding-top:var(--wp--preset--spacing--theme-default);padding-bottom:var(--wp--preset--spacing--theme-default);\" class=\"block-container align wp-block-acf-block-container has-background has-white-100-background-color has-global-padding is-layout-constrained wp-container-acf-block-container-is-layout-89924dea wp-block-acf-block-container-is-layout-constrained\"\t>\n\n\t\n\n<div class=\"wp-block-group is-layout-flow wp-container-core-group-is-layout-6438c6a4 wp-block-group-is-layout-flow\">\n<h2 class=\"wp-block-heading has-text-align-left\"><mark style=\"background-color:rgba(0, 0, 0, 0)\" class=\"has-inline-color has-primary-color\">Giorno 2: <\/mark>Natura e Lione 2.0<\/h2>\n\n\n\n<p><strong>Mattina: Parco della T\u00eate d&#8217;Or<\/strong><\/p>\n\n\n\n<ul class=\"wp-block-list\">\n<li><strong>Indirizzo<\/strong>: 69006 Lyon<\/li>\n\n\n\n<li><strong>Orari di apertura<\/strong>: Aperto tutti i giorni dalle 6.30 alle 22.30.<\/li>\n\n\n\n<li><strong>Ingresso<\/strong>: gratuito<\/li>\n<\/ul>\n\n\n\n<p>Questo parco di 117 ettari ospita uno zoo gratuito, un giardino botanico e un lago dove \u00e8 possibile pedalare.  <\/p>\n\n\n\n<p><strong>Pranzo : Les Halles de Lyon Paul Bocuse<\/strong><\/p>\n\n\n\n<ul class=\"wp-block-list\">\n<li><strong>Indirizzo<\/strong>: 102 Cours Lafayette, 69003 Lyon<\/li>\n\n\n\n<li><strong>Orari di apertura<\/strong>: Aperto da marted\u00ec a sabato dalle 7.00 alle 19.00, domenica dalle 7.00 alle 13.00.<\/li>\n<\/ul>\n\n\n\n<p>Questo mercato coperto \u00e8 il tempio della gastronomia lionese. Gusta le specialit\u00e0 locali in loco o prepara il tuo picnic.<\/p>\n\n\n\n<p><strong>Pomeriggio: Museo delle Confluenze<\/strong><\/p>\n\n\n\n<ul class=\"wp-block-list\">\n<li><strong>Indirizzo<\/strong>: 86 Quai Perrache, 69002 Lyon<\/li>\n\n\n\n<li><strong>Orari di apertura<\/strong>: Aperto da marted\u00ec a domenica dalle 10.30 alle 18.30.<\/li>\n\n\n\n<li><strong>Prezzi<\/strong>: Prezzo intero \u20ac 9, ridotto \u20ac 6<\/li>\n<\/ul>\n\n\n\n<p>Questo museo dal design futuristico esplora le grandi domande dell&#8217;umanit\u00e0 attraverso una serie di mostre.  <\/p>\n<\/div>\n\n\n\n<\/section>\n\n\t<section\n\t\tstyle=\"padding-top:var(--wp--preset--spacing--theme-default);padding-bottom:var(--wp--preset--spacing--theme-default);\" class=\"block-container align wp-block-acf-block-container has-background has-white-background-color has-global-padding is-layout-constrained wp-container-acf-block-container-is-layout-89924dea wp-block-acf-block-container-is-layout-constrained\"\t>\n\n\t\n\n<div class=\"wp-block-group is-layout-flow wp-container-core-group-is-layout-6438c6a4 wp-block-group-is-layout-flow\">\n<h2 class=\"wp-block-heading\"><mark style=\"background-color:rgba(0, 0, 0, 0)\" class=\"has-inline-color has-primary-color\">Giorno 3<\/mark>: Cultura e relax<\/h2>\n\n\n\n<p><strong>Mattina: Institut Lumi\u00e8re<\/strong><\/p>\n\n\n\n<ul class=\"wp-block-list\">\n<li><strong>Indirizzo<\/strong>: 25 Rue du Premier Film, 69008 Lyon<\/li>\n\n\n\n<li><strong>Orari di apertura<\/strong>: Aperto da marted\u00ec a domenica dalle 10:00 alle 18:30.<\/li>\n\n\n\n<li><strong>Prezzi<\/strong>: Intero \u20ac7, ridotto \u20ac6<\/li>\n<\/ul>\n\n\n\n<p>Scopri il luogo di nascita del cinema, con mostre sui fratelli Lumi\u00e8re e proiezioni di film classici.  <\/p>\n\n\n\n<p><strong>Pranzo : La M\u00e8re Brazier<\/strong><\/p>\n\n\n\n<ul class=\"wp-block-list\">\n<li><strong>Indirizzo<\/strong>: 12 Rue Royale, 69001 Lyon  <\/li>\n\n\n\n<li><strong>Orari di apertura<\/strong>: Aperto dal luned\u00ec al venerd\u00ec dalle 12.00 alle 13.30 e dalle 19.30 alle 21.30.<\/li>\n\n\n\n<li><strong>Prezzi<\/strong>: Menu a partire da \u20ac90<\/li>\n<\/ul>\n\n\n\n<p>Un&#8217;istituzione di Lione fondata nel 1921, questo ristorante stellato Michelin offre una cucina raffinata in un ambiente elegante. Questo \u00e8 uno degli indirizzi gastronomici da inserire nella tua lista di cose da fare, se il tuo budget lo consente!<\/p>\n\n\n\n<p><strong>Sera: Th\u00e9\u00e2tre des C\u00e9lestins<\/strong><\/p>\n\n\n\n<ul class=\"wp-block-list\">\n<li><strong>Indirizzo<\/strong>: 4 Rue Charles Dullin, 69002 Lyon<\/li>\n\n\n\n<li><strong>Orari<\/strong>: Gli orari variano a seconda dello spettacolo<\/li>\n\n\n\n<li><strong>Prezzi<\/strong>: I prezzi variano a seconda dello spettacolo<\/li>\n<\/ul>\n\n\n\n<p>Dopo una passeggiata pomeridiana, questo teatro in stile italiano del XIX secolo \u00e8 uno dei luoghi pi\u00f9 belli di Lione. Offre un programma eclettico che spazia dal classico al contemporaneo.<\/p>\n<\/div>\n\n\n\n<div\nclass=\"slider slider__is-gallery alignfull wp-block-acf-slider\" id=\"slider-id-2\" data-gallery-id=\"gallery-slider-id-2\">\n\t<div class=\"wp-block-group\n\t\t\tswiper\">\n\t\t<div class=\"swiper-wrapper slider__innerblocks\">\n\t\t\t<div\n\t\tclass=\"card swiper-slide wp-block-acf-card\" id=\"card-id--7\"\t\t>\n\t\n\t\t\t\t\t\t<a href=\"https:\/\/www.lesaubergisteslyonnais.fr\/wp-content\/uploads\/2025\/03\/theatre_dess_celestins_lyon4.jpg\" data-fancybox=\"gallery\" data-caption=\"theatre dess celestins lyon4\"\n\t\t\t>\n\t\t\t\t<img decoding=\"async\" width=\"683\" height=\"1024\" src=\"https:\/\/www.lesaubergisteslyonnais.fr\/wp-content\/uploads\/2025\/03\/theatre_dess_celestins_lyon4-683x1024.jpg\" class=\"card__image\" alt=\"theatre dess celestins lyon4\" srcset=\"https:\/\/www.lesaubergisteslyonnais.fr\/wp-content\/uploads\/2025\/03\/theatre_dess_celestins_lyon4-683x1024.jpg 683w, https:\/\/www.lesaubergisteslyonnais.fr\/wp-content\/uploads\/2025\/03\/theatre_dess_celestins_lyon4-200x300.jpg 200w, https:\/\/www.lesaubergisteslyonnais.fr\/wp-content\/uploads\/2025\/03\/theatre_dess_celestins_lyon4.jpg 720w\" sizes=\"(max-width: 683px) 100vw, 683px\" \/>\t\t\t\t\t<\/a>\n\t\t\t\n\t\t<\/div>\n\t\n\n\t\t\t<div\n\t\tclass=\"card swiper-slide wp-block-acf-card\" id=\"card-id--8\"\t\t>\n\t\n\t\t\t\t\t\t<a href=\"https:\/\/www.lesaubergisteslyonnais.fr\/wp-content\/uploads\/2025\/03\/theatre_dess_celestins_lyon5.jpg\" data-fancybox=\"gallery\" data-caption=\"theatre dess celestins lyon5\"\n\t\t\t>\n\t\t\t\t<img decoding=\"async\" width=\"683\" height=\"1024\" src=\"https:\/\/www.lesaubergisteslyonnais.fr\/wp-content\/uploads\/2025\/03\/theatre_dess_celestins_lyon5-683x1024.jpg\" class=\"card__image\" alt=\"theatre dess celestins lyon5\" srcset=\"https:\/\/www.lesaubergisteslyonnais.fr\/wp-content\/uploads\/2025\/03\/theatre_dess_celestins_lyon5-683x1024.jpg 683w, https:\/\/www.lesaubergisteslyonnais.fr\/wp-content\/uploads\/2025\/03\/theatre_dess_celestins_lyon5-200x300.jpg 200w, https:\/\/www.lesaubergisteslyonnais.fr\/wp-content\/uploads\/2025\/03\/theatre_dess_celestins_lyon5.jpg 720w\" sizes=\"(max-width: 683px) 100vw, 683px\" \/>\t\t\t\t\t<\/a>\n\t\t\t\n\t\t<\/div>\n\t\n\n\t\t\t<div\n\t\tclass=\"card swiper-slide wp-block-acf-card\" id=\"card-id--9\"\t\t>\n\t\n\t\t\t\t\t\t<a href=\"https:\/\/www.lesaubergisteslyonnais.fr\/wp-content\/uploads\/2025\/03\/theatre_dess_celestins_lyon6.jpg\" data-fancybox=\"gallery\" data-caption=\"theatre dess celestins lyon6\"\n\t\t\t>\n\t\t\t\t<img decoding=\"async\" width=\"683\" height=\"1024\" src=\"https:\/\/www.lesaubergisteslyonnais.fr\/wp-content\/uploads\/2025\/03\/theatre_dess_celestins_lyon6-683x1024.jpg\" class=\"card__image\" alt=\"theatre dess celestins lyon6\" srcset=\"https:\/\/www.lesaubergisteslyonnais.fr\/wp-content\/uploads\/2025\/03\/theatre_dess_celestins_lyon6-683x1024.jpg 683w, https:\/\/www.lesaubergisteslyonnais.fr\/wp-content\/uploads\/2025\/03\/theatre_dess_celestins_lyon6-200x300.jpg 200w, https:\/\/www.lesaubergisteslyonnais.fr\/wp-content\/uploads\/2025\/03\/theatre_dess_celestins_lyon6.jpg 720w\" sizes=\"(max-width: 683px) 100vw, 683px\" \/>\t\t\t\t\t<\/a>\n\t\t\t\n\t\t<\/div>\n\t\n\n\t\t\t<div\n\t\tclass=\"card swiper-slide wp-block-acf-card\" id=\"card-id--10\"\t\t>\n\t\n\t\t\t\t\t\t<a href=\"https:\/\/www.lesaubergisteslyonnais.fr\/wp-content\/uploads\/2025\/03\/theatre_dess_celestins_lyon7.jpg\" data-fancybox=\"gallery\" data-caption=\"theatre dess celestins lyon7\"\n\t\t\t>\n\t\t\t\t<img decoding=\"async\" width=\"683\" height=\"1024\" src=\"https:\/\/www.lesaubergisteslyonnais.fr\/wp-content\/uploads\/2025\/03\/theatre_dess_celestins_lyon7-683x1024.jpg\" class=\"card__image\" alt=\"\" srcset=\"https:\/\/www.lesaubergisteslyonnais.fr\/wp-content\/uploads\/2025\/03\/theatre_dess_celestins_lyon7-683x1024.jpg 683w, https:\/\/www.lesaubergisteslyonnais.fr\/wp-content\/uploads\/2025\/03\/theatre_dess_celestins_lyon7-200x300.jpg 200w, https:\/\/www.lesaubergisteslyonnais.fr\/wp-content\/uploads\/2025\/03\/theatre_dess_celestins_lyon7.jpg 720w\" sizes=\"(max-width: 683px) 100vw, 683px\" \/>\t\t\t\t\t<\/a>\n\t\t\t\n\t\t<\/div>\n\t\n\n\t\t\t<div\n\t\tclass=\"card swiper-slide wp-block-acf-card\" id=\"card-id--11\"\t\t>\n\t\n\t\t\t\t\t\t<a href=\"https:\/\/www.lesaubergisteslyonnais.fr\/wp-content\/uploads\/2025\/03\/theatre_dess_celestins_lyon1.jpg\" data-fancybox=\"gallery\" data-caption=\"theatre dess celestins lyon1\"\n\t\t\t>\n\t\t\t\t<img decoding=\"async\" width=\"683\" height=\"1024\" src=\"https:\/\/www.lesaubergisteslyonnais.fr\/wp-content\/uploads\/2025\/03\/theatre_dess_celestins_lyon1-683x1024.jpg\" class=\"card__image\" alt=\"theatre dess celestins lyon1\" srcset=\"https:\/\/www.lesaubergisteslyonnais.fr\/wp-content\/uploads\/2025\/03\/theatre_dess_celestins_lyon1-683x1024.jpg 683w, https:\/\/www.lesaubergisteslyonnais.fr\/wp-content\/uploads\/2025\/03\/theatre_dess_celestins_lyon1-200x300.jpg 200w, https:\/\/www.lesaubergisteslyonnais.fr\/wp-content\/uploads\/2025\/03\/theatre_dess_celestins_lyon1.jpg 720w\" sizes=\"(max-width: 683px) 100vw, 683px\" \/>\t\t\t\t\t<\/a>\n\t\t\t\n\t\t<\/div>\n\t\n\n\t\t\t<div\n\t\tclass=\"card swiper-slide wp-block-acf-card\" id=\"card-id--12\"\t\t>\n\t\n\t\t\t\t\t\t<a href=\"https:\/\/www.lesaubergisteslyonnais.fr\/wp-content\/uploads\/2025\/03\/theatre_dess_celestins_lyon.jpg\" data-fancybox=\"gallery\" data-caption=\"theatre dess celestins lyon\"\n\t\t\t>\n\t\t\t\t<img decoding=\"async\" width=\"683\" height=\"1024\" src=\"https:\/\/www.lesaubergisteslyonnais.fr\/wp-content\/uploads\/2025\/03\/theatre_dess_celestins_lyon-683x1024.jpg\" class=\"card__image\" alt=\"theatre dess celestins lyon\" srcset=\"https:\/\/www.lesaubergisteslyonnais.fr\/wp-content\/uploads\/2025\/03\/theatre_dess_celestins_lyon-683x1024.jpg 683w, https:\/\/www.lesaubergisteslyonnais.fr\/wp-content\/uploads\/2025\/03\/theatre_dess_celestins_lyon-200x300.jpg 200w, https:\/\/www.lesaubergisteslyonnais.fr\/wp-content\/uploads\/2025\/03\/theatre_dess_celestins_lyon.jpg 720w\" sizes=\"(max-width: 683px) 100vw, 683px\" \/>\t\t\t\t\t<\/a>\n\t\t\t\n\t\t<\/div>\n\t\n<\/div>\n\t\t\t\t<div class=\"button-prev\">\n\t\t\t<svg xmlns=\"http:\/\/www.w3.org\/2000\/svg\" viewBox=\"0 0 448 512\">\n\t\t\t\t<path\n\t\t\t\t\td=\"M12.7 244.7L1.4 256l11.3 11.3 168 168L192 446.6 214.6 424l-11.3-11.3L62.6 272 432 272l16 0 0-32-16 0L62.6 240 203.3 99.3 214.6 88 192 65.4 180.7 76.7l-168 168z\" \/>\n\t\t\t<\/svg>\n\t\t<\/div>\n\t\t<div class=\"button-next\">\n\t\t\t<svg xmlns=\"http:\/\/www.w3.org\/2000\/svg\" viewBox=\"0 0 448 512\">\n\t\t\t\t<path\n\t\t\t\t\td=\"M435.3 267.3L446.6 256l-11.3-11.3-168-168L256 65.4 233.4 88l11.3 11.3L385.4 240 16 240 0 240l0 32 16 0 369.4 0L244.7 412.7 233.4 424 256 446.6l11.3-11.3 168-168z\" \/>\n\t\t\t<\/svg>\n\t\t<\/div>\n\t\t\t<\/div><!-- .swiper -->\n\n\t\t<div id=\"slider__gallery-button--slider-id-2\"\n\t\tclass=\"slider__gallery-button wp-block-button is-style-label-button is-style-label-button--5\"\n\t\tdata-gallery-trigger=\"gallery-slider-id-2\">\n\t\t<a class=\"wp-block-button__link wp-element-button\">Aprire la galleria fotografica<\/a>\n\t<\/div>\n\t<\/div>\n\n\n\n<\/section>\n\n\t<section\n\t\tstyle=\"padding-top:var(--wp--preset--spacing--theme-default);padding-bottom:var(--wp--preset--spacing--theme-default);\" class=\"block-container align wp-block-acf-block-container has-background has-white-100-background-color has-global-padding is-layout-constrained wp-container-acf-block-container-is-layout-89fc666d wp-block-acf-block-container-is-layout-constrained\"\t>\n\n\t\n\n<div class=\"wp-block-group is-vertical is-content-justification-center is-layout-flex wp-container-core-group-is-layout-ddc82064 wp-block-group-is-layout-flex\">\n<figure class=\"wp-block-image size-full is-resized\"><img decoding=\"async\" width=\"350\" height=\"350\" src=\"https:\/\/www.lesaubergisteslyonnais.fr\/wp-content\/uploads\/2025\/04\/OURS-1.png\" alt=\"ORSO 1\" class=\"wp-image-2304\" style=\"width:200px\" srcset=\"https:\/\/www.lesaubergisteslyonnais.fr\/wp-content\/uploads\/2025\/04\/OURS-1.png 350w, https:\/\/www.lesaubergisteslyonnais.fr\/wp-content\/uploads\/2025\/04\/OURS-1-300x300.png 300w\" sizes=\"(max-width: 350px) 100vw, 350px\" \/><\/figure>\n\n\n\n<h3 class=\"wp-block-heading has-text-align-center\">Consigli <mark style=\"background-color:rgba(0, 0, 0, 0)\" class=\"has-inline-color has-primary-color\">pratici<\/mark><\/h3>\n\n\n\n<ul class=\"wp-block-list\">\n<li><strong>Trasporti<\/strong>: La rete TCL (metropolitana, tram, autobus) \u00e8 efficiente. Non dimenticare il City Pass Lyon per avere accesso illimitato e sconti sui musei (in vendita presso le reception dei nostri hotel). <\/li>\n\n\n\n<li><strong>Alloggio<\/strong>: Il Globe et Cecil 4*, il Ph\u00e9nix H\u00f4tel 4* o l \u201cH\u00f4tel du Simplon 3* offrono un\u201d accoglienza calorosa e una posizione ideale per esplorare la citt\u00e0.<\/li>\n\n\n\n<li><strong>Prenotazioni<\/strong>: Per quanto riguarda i ristoranti di Lione, \u00e8 meglio prenotare con una settimana o pi\u00f9 di anticipo per essere sicuri di trovare posto all&#8217;indirizzo che preferisci.Vuoi visitare altre zone di Lione? Leggi i nostri vari blog sui quartieri di Lione<\/li>\n<\/ul>\n<\/div>\n\n\n\n<\/section>\n\n\t<section\n\t\tstyle=\"padding-top:var(--wp--preset--spacing--theme-default);padding-bottom:var(--wp--preset--spacing--theme-default);\" class=\"block-container align wp-block-acf-block-container has-background has-white-background-color has-global-padding is-layout-constrained wp-container-acf-block-container-is-layout-89fc666d wp-block-acf-block-container-is-layout-constrained\"\t>\n\n\t\n\n<h3 class=\"wp-block-heading has-text-align-center\">Vuoi visitare altre zone di Lione? Leggi i nostri vari blog sui quartieri di Lione<\/h3>\n\n\n\n<div class=\"wp-block-buttons is-content-justification-center is-layout-flex wp-container-core-buttons-is-layout-a89b3969 wp-block-buttons-is-layout-flex\">\n<div class=\"wp-block-button is-style-label-button is-style-label-button--1\"><a class=\"wp-block-button__link wp-element-button\" href=\"https:\/\/globeetcecilhotel.com\/le-quartier-bellecour\/\" target=\"_blank\" rel=\"noreferrer noopener\">Lione quartiere Bellecour<\/a><\/div>\n<\/div>\n\n\n\n<div class=\"wp-block-buttons is-content-justification-center is-layout-flex wp-container-core-buttons-is-layout-a89b3969 wp-block-buttons-is-layout-flex\">\n<div class=\"wp-block-button is-style-label-button is-style-label-button--2\"><a class=\"wp-block-button__link wp-element-button\" href=\"https:\/\/www.hotel-phenix-lyon.fr\/le-quartier-vieux-lyon\/\" target=\"_blank\" rel=\"noreferrer noopener\">Quartiere della Vecchia Lione<\/a><\/div>\n<\/div>\n\n\n\n<div class=\"wp-block-buttons is-content-justification-center is-layout-flex wp-container-core-buttons-is-layout-a89b3969 wp-block-buttons-is-layout-flex\">\n<div class=\"wp-block-button is-style-label-button is-style-label-button--3\"><a class=\"wp-block-button__link wp-element-button\" href=\"https:\/\/www.hotel-simplon-lyon.com\/le-quartier-lyon-perrache\/\" target=\"_blank\" rel=\"noreferrer noopener\">Lione distretto di Perrache<\/a><\/div>\n<\/div>\n\n\n\n<\/section>\n\n<div class=\"wp-block-group has-white-100-background-color has-background is-content-justification-space-between is-nowrap is-layout-flex wp-container-core-group-is-layout-098ab513 wp-block-group-is-layout-flex\" style=\"padding-top:var(--wp--preset--spacing--theme-m);padding-right:var(--wp--preset--spacing--theme-s);padding-bottom:var(--wp--preset--spacing--theme-m);padding-left:var(--wp--preset--spacing--theme-s)\">\n\n<\/div>\n","protected":false},"excerpt":{"rendered":"<p>Lione in 48 ore: traboules, ingorghi, Fourvi\u00e8re e Croix-Rousse. I nostri elementi essenziali per un soggiorno di successo.<\/p>\n","protected":false},"author":2,"featured_media":7506,"comment_status":"open","ping_status":"open","sticky":false,"template":"","format":"standard","meta":{"_acf_changed":false,"inline_featured_image":false,"footnotes":""},"categories":[44],"tags":[],"class_list":["post-7429","post","type-post","status-publish","format-standard","has-post-thumbnail","hentry","category-visite-culturali"],"acf":[],"yoast_head":"<!-- This site is optimized with the Yoast SEO plugin v27.4 - https:\/\/yoast.com\/product\/yoast-seo-wordpress\/ -->\n<title>Visita Lione in 2 giorni \/ 3 giorni - Les Aubergistes Lyonnais<\/title>\n<meta name=\"description\" content=\"Les Aubergistes Lyonnais - Visita Lione in 2 giorni \/ 3 giorni . Lione in 48 ore: traboules, ingorghi, Fourvi\u00e8re e Croix-Rousse. I nostri elementi essenziali per un soggiorno di successo.\" \/>\n<meta name=\"robots\" content=\"index, follow, max-snippet:-1, max-image-preview:large, max-video-preview:-1\" \/>\n<link rel=\"canonical\" href=\"https:\/\/www.lesaubergisteslyonnais.fr\/it\/blog\/visita-lione-in-2-giorni-3-giorni\/\" \/>\n<meta property=\"og:locale\" content=\"it_IT\" \/>\n<meta property=\"og:type\" content=\"article\" \/>\n<meta property=\"og:title\" content=\"Visita Lione in 2 giorni \/ 3 giorni - Les Aubergistes Lyonnais\" \/>\n<meta property=\"og:description\" content=\"Les Aubergistes Lyonnais - Visita Lione in 2 giorni \/ 3 giorni . Lione in 48 ore: traboules, ingorghi, Fourvi\u00e8re e Croix-Rousse. I nostri elementi essenziali per un soggiorno di successo.\" \/>\n<meta property=\"og:url\" content=\"https:\/\/www.lesaubergisteslyonnais.fr\/it\/blog\/visita-lione-in-2-giorni-3-giorni\/\" \/>\n<meta property=\"og:site_name\" content=\"Les Aubergistes Lyonnais\" \/>\n<meta property=\"article:published_time\" content=\"2025-06-05T15:47:14+00:00\" \/>\n<meta property=\"article:modified_time\" content=\"2026-04-17T07:26:04+00:00\" \/>\n<meta property=\"og:image\" content=\"https:\/\/www.lesaubergisteslyonnais.fr\/wp-content\/uploads\/2025\/06\/bastien-nvs-d7Ht7aIM6RQ-unsplash.jpg\" \/>\n\t<meta property=\"og:image:width\" content=\"712\" \/>\n\t<meta property=\"og:image:height\" content=\"1080\" \/>\n\t<meta property=\"og:image:type\" content=\"image\/jpeg\" \/>\n<meta name=\"author\" content=\"flachize\" \/>\n<meta name=\"twitter:card\" content=\"summary_large_image\" \/>\n<meta name=\"twitter:label1\" content=\"Scritto da\" \/>\n\t<meta name=\"twitter:data1\" content=\"flachize\" \/>\n\t<meta name=\"twitter:label2\" content=\"Tempo di lettura stimato\" \/>\n\t<meta name=\"twitter:data2\" content=\"3 minuto\" \/>\n<script type=\"application\/ld+json\" class=\"yoast-schema-graph\">{\"@context\":\"https:\\\/\\\/schema.org\",\"@graph\":[{\"@type\":\"Article\",\"@id\":\"https:\\\/\\\/www.lesaubergisteslyonnais.fr\\\/it\\\/blog\\\/visita-lione-in-2-giorni-3-giorni\\\/#article\",\"isPartOf\":{\"@id\":\"https:\\\/\\\/www.lesaubergisteslyonnais.fr\\\/it\\\/blog\\\/visita-lione-in-2-giorni-3-giorni\\\/\"},\"author\":{\"name\":\"flachize\",\"@id\":\"https:\\\/\\\/www.lesaubergisteslyonnais.fr\\\/it\\\/#\\\/schema\\\/person\\\/b3c9e279ff8ec8845926b6b9f54fbdb9\"},\"headline\":\"Visita Lione in 2 giorni \\\/ 3 giorni\",\"datePublished\":\"2025-06-05T15:47:14+00:00\",\"dateModified\":\"2026-04-17T07:26:04+00:00\",\"mainEntityOfPage\":{\"@id\":\"https:\\\/\\\/www.lesaubergisteslyonnais.fr\\\/it\\\/blog\\\/visita-lione-in-2-giorni-3-giorni\\\/\"},\"wordCount\":575,\"commentCount\":0,\"publisher\":{\"@id\":\"https:\\\/\\\/www.lesaubergisteslyonnais.fr\\\/it\\\/#organization\"},\"image\":{\"@id\":\"https:\\\/\\\/www.lesaubergisteslyonnais.fr\\\/it\\\/blog\\\/visita-lione-in-2-giorni-3-giorni\\\/#primaryimage\"},\"thumbnailUrl\":\"https:\\\/\\\/www.lesaubergisteslyonnais.fr\\\/wp-content\\\/uploads\\\/2025\\\/06\\\/bastien-nvs-d7Ht7aIM6RQ-unsplash.jpg\",\"articleSection\":[\"Visita culturale\"],\"inLanguage\":\"it-IT\",\"potentialAction\":[{\"@type\":\"CommentAction\",\"name\":\"Comment\",\"target\":[\"https:\\\/\\\/www.lesaubergisteslyonnais.fr\\\/it\\\/blog\\\/visita-lione-in-2-giorni-3-giorni\\\/#respond\"]}]},{\"@type\":\"WebPage\",\"@id\":\"https:\\\/\\\/www.lesaubergisteslyonnais.fr\\\/it\\\/blog\\\/visita-lione-in-2-giorni-3-giorni\\\/\",\"url\":\"https:\\\/\\\/www.lesaubergisteslyonnais.fr\\\/it\\\/blog\\\/visita-lione-in-2-giorni-3-giorni\\\/\",\"name\":\"Visita Lione in 2 giorni \\\/ 3 giorni - Les Aubergistes Lyonnais\",\"isPartOf\":{\"@id\":\"https:\\\/\\\/www.lesaubergisteslyonnais.fr\\\/it\\\/#website\"},\"primaryImageOfPage\":{\"@id\":\"https:\\\/\\\/www.lesaubergisteslyonnais.fr\\\/it\\\/blog\\\/visita-lione-in-2-giorni-3-giorni\\\/#primaryimage\"},\"image\":{\"@id\":\"https:\\\/\\\/www.lesaubergisteslyonnais.fr\\\/it\\\/blog\\\/visita-lione-in-2-giorni-3-giorni\\\/#primaryimage\"},\"thumbnailUrl\":\"https:\\\/\\\/www.lesaubergisteslyonnais.fr\\\/wp-content\\\/uploads\\\/2025\\\/06\\\/bastien-nvs-d7Ht7aIM6RQ-unsplash.jpg\",\"datePublished\":\"2025-06-05T15:47:14+00:00\",\"dateModified\":\"2026-04-17T07:26:04+00:00\",\"description\":\"Les Aubergistes Lyonnais - Visita Lione in 2 giorni \\\/ 3 giorni . Lione in 48 ore: traboules, ingorghi, Fourvi\u00e8re e Croix-Rousse. I nostri elementi essenziali per un soggiorno di successo.\",\"breadcrumb\":{\"@id\":\"https:\\\/\\\/www.lesaubergisteslyonnais.fr\\\/it\\\/blog\\\/visita-lione-in-2-giorni-3-giorni\\\/#breadcrumb\"},\"inLanguage\":\"it-IT\",\"potentialAction\":[{\"@type\":\"ReadAction\",\"target\":[\"https:\\\/\\\/www.lesaubergisteslyonnais.fr\\\/it\\\/blog\\\/visita-lione-in-2-giorni-3-giorni\\\/\"]}]},{\"@type\":\"ImageObject\",\"inLanguage\":\"it-IT\",\"@id\":\"https:\\\/\\\/www.lesaubergisteslyonnais.fr\\\/it\\\/blog\\\/visita-lione-in-2-giorni-3-giorni\\\/#primaryimage\",\"url\":\"https:\\\/\\\/www.lesaubergisteslyonnais.fr\\\/wp-content\\\/uploads\\\/2025\\\/06\\\/bastien-nvs-d7Ht7aIM6RQ-unsplash.jpg\",\"contentUrl\":\"https:\\\/\\\/www.lesaubergisteslyonnais.fr\\\/wp-content\\\/uploads\\\/2025\\\/06\\\/bastien-nvs-d7Ht7aIM6RQ-unsplash.jpg\",\"width\":712,\"height\":1080,\"caption\":\"bastien nvs d7Ht7aIM6RQ unsplash\"},{\"@type\":\"BreadcrumbList\",\"@id\":\"https:\\\/\\\/www.lesaubergisteslyonnais.fr\\\/it\\\/blog\\\/visita-lione-in-2-giorni-3-giorni\\\/#breadcrumb\",\"itemListElement\":[{\"@type\":\"ListItem\",\"position\":1,\"name\":\"Accueil\",\"item\":\"https:\\\/\\\/www.lesaubergisteslyonnais.fr\\\/it\\\/\"},{\"@type\":\"ListItem\",\"position\":2,\"name\":\"Visita culturale\",\"item\":\"https:\\\/\\\/www.lesaubergisteslyonnais.fr\\\/it\\\/blog\\\/visite-culturali\\\/\"},{\"@type\":\"ListItem\",\"position\":3,\"name\":\"Visita Lione in 2 giorni \\\/ 3 giorni\"}]},{\"@type\":\"WebSite\",\"@id\":\"https:\\\/\\\/www.lesaubergisteslyonnais.fr\\\/it\\\/#website\",\"url\":\"https:\\\/\\\/www.lesaubergisteslyonnais.fr\\\/it\\\/\",\"name\":\"Globe Cecil\",\"description\":\"\",\"publisher\":{\"@id\":\"https:\\\/\\\/www.lesaubergisteslyonnais.fr\\\/it\\\/#organization\"},\"potentialAction\":[{\"@type\":\"SearchAction\",\"target\":{\"@type\":\"EntryPoint\",\"urlTemplate\":\"https:\\\/\\\/www.lesaubergisteslyonnais.fr\\\/it\\\/?s={search_term_string}\"},\"query-input\":{\"@type\":\"PropertyValueSpecification\",\"valueRequired\":true,\"valueName\":\"search_term_string\"}}],\"inLanguage\":\"it-IT\"},{\"@type\":\"Organization\",\"@id\":\"https:\\\/\\\/www.lesaubergisteslyonnais.fr\\\/it\\\/#organization\",\"name\":\"Globe Cecil\",\"url\":\"https:\\\/\\\/www.lesaubergisteslyonnais.fr\\\/it\\\/\",\"logo\":{\"@type\":\"ImageObject\",\"inLanguage\":\"it-IT\",\"@id\":\"https:\\\/\\\/www.lesaubergisteslyonnais.fr\\\/it\\\/#\\\/schema\\\/logo\\\/image\\\/\",\"url\":\"https:\\\/\\\/www.lesaubergisteslyonnais.fr\\\/wp-content\\\/uploads\\\/2025\\\/05\\\/LOGO-Aubergistes-Lyonnais-White.svg\",\"contentUrl\":\"https:\\\/\\\/www.lesaubergisteslyonnais.fr\\\/wp-content\\\/uploads\\\/2025\\\/05\\\/LOGO-Aubergistes-Lyonnais-White.svg\",\"width\":558,\"height\":127,\"caption\":\"Globe Cecil\"},\"image\":{\"@id\":\"https:\\\/\\\/www.lesaubergisteslyonnais.fr\\\/it\\\/#\\\/schema\\\/logo\\\/image\\\/\"}},{\"@type\":\"Person\",\"@id\":\"https:\\\/\\\/www.lesaubergisteslyonnais.fr\\\/it\\\/#\\\/schema\\\/person\\\/b3c9e279ff8ec8845926b6b9f54fbdb9\",\"name\":\"flachize\",\"image\":{\"@type\":\"ImageObject\",\"inLanguage\":\"it-IT\",\"@id\":\"https:\\\/\\\/secure.gravatar.com\\\/avatar\\\/24f0361cf67c21d4fae1db71b0897ec099d5f1fe2ef60420e3cd59b175a66e40?s=96&d=mm&r=g\",\"url\":\"https:\\\/\\\/secure.gravatar.com\\\/avatar\\\/24f0361cf67c21d4fae1db71b0897ec099d5f1fe2ef60420e3cd59b175a66e40?s=96&d=mm&r=g\",\"contentUrl\":\"https:\\\/\\\/secure.gravatar.com\\\/avatar\\\/24f0361cf67c21d4fae1db71b0897ec099d5f1fe2ef60420e3cd59b175a66e40?s=96&d=mm&r=g\",\"caption\":\"flachize\"},\"url\":\"https:\\\/\\\/www.lesaubergisteslyonnais.fr\\\/it\\\/author\\\/flachize\\\/\"}]}<\/script>\n<!-- \/ Yoast SEO plugin. -->","yoast_head_json":{"title":"Visita Lione in 2 giorni \/ 3 giorni - Les Aubergistes Lyonnais","description":"Les Aubergistes Lyonnais - Visita Lione in 2 giorni \/ 3 giorni . Lione in 48 ore: traboules, ingorghi, Fourvi\u00e8re e Croix-Rousse. I nostri elementi essenziali per un soggiorno di successo.","robots":{"index":"index","follow":"follow","max-snippet":"max-snippet:-1","max-image-preview":"max-image-preview:large","max-video-preview":"max-video-preview:-1"},"canonical":"https:\/\/www.lesaubergisteslyonnais.fr\/it\/blog\/visita-lione-in-2-giorni-3-giorni\/","og_locale":"it_IT","og_type":"article","og_title":"Visita Lione in 2 giorni \/ 3 giorni - Les Aubergistes Lyonnais","og_description":"Les Aubergistes Lyonnais - Visita Lione in 2 giorni \/ 3 giorni . Lione in 48 ore: traboules, ingorghi, Fourvi\u00e8re e Croix-Rousse. I nostri elementi essenziali per un soggiorno di successo.","og_url":"https:\/\/www.lesaubergisteslyonnais.fr\/it\/blog\/visita-lione-in-2-giorni-3-giorni\/","og_site_name":"Les Aubergistes Lyonnais","article_published_time":"2025-06-05T15:47:14+00:00","article_modified_time":"2026-04-17T07:26:04+00:00","og_image":[{"width":712,"height":1080,"url":"https:\/\/www.lesaubergisteslyonnais.fr\/wp-content\/uploads\/2025\/06\/bastien-nvs-d7Ht7aIM6RQ-unsplash.jpg","type":"image\/jpeg"}],"author":"flachize","twitter_card":"summary_large_image","twitter_misc":{"Scritto da":"flachize","Tempo di lettura stimato":"3 minuto"},"schema":{"@context":"https:\/\/schema.org","@graph":[{"@type":"Article","@id":"https:\/\/www.lesaubergisteslyonnais.fr\/it\/blog\/visita-lione-in-2-giorni-3-giorni\/#article","isPartOf":{"@id":"https:\/\/www.lesaubergisteslyonnais.fr\/it\/blog\/visita-lione-in-2-giorni-3-giorni\/"},"author":{"name":"flachize","@id":"https:\/\/www.lesaubergisteslyonnais.fr\/it\/#\/schema\/person\/b3c9e279ff8ec8845926b6b9f54fbdb9"},"headline":"Visita Lione in 2 giorni \/ 3 giorni","datePublished":"2025-06-05T15:47:14+00:00","dateModified":"2026-04-17T07:26:04+00:00","mainEntityOfPage":{"@id":"https:\/\/www.lesaubergisteslyonnais.fr\/it\/blog\/visita-lione-in-2-giorni-3-giorni\/"},"wordCount":575,"commentCount":0,"publisher":{"@id":"https:\/\/www.lesaubergisteslyonnais.fr\/it\/#organization"},"image":{"@id":"https:\/\/www.lesaubergisteslyonnais.fr\/it\/blog\/visita-lione-in-2-giorni-3-giorni\/#primaryimage"},"thumbnailUrl":"https:\/\/www.lesaubergisteslyonnais.fr\/wp-content\/uploads\/2025\/06\/bastien-nvs-d7Ht7aIM6RQ-unsplash.jpg","articleSection":["Visita culturale"],"inLanguage":"it-IT","potentialAction":[{"@type":"CommentAction","name":"Comment","target":["https:\/\/www.lesaubergisteslyonnais.fr\/it\/blog\/visita-lione-in-2-giorni-3-giorni\/#respond"]}]},{"@type":"WebPage","@id":"https:\/\/www.lesaubergisteslyonnais.fr\/it\/blog\/visita-lione-in-2-giorni-3-giorni\/","url":"https:\/\/www.lesaubergisteslyonnais.fr\/it\/blog\/visita-lione-in-2-giorni-3-giorni\/","name":"Visita Lione in 2 giorni \/ 3 giorni - Les Aubergistes Lyonnais","isPartOf":{"@id":"https:\/\/www.lesaubergisteslyonnais.fr\/it\/#website"},"primaryImageOfPage":{"@id":"https:\/\/www.lesaubergisteslyonnais.fr\/it\/blog\/visita-lione-in-2-giorni-3-giorni\/#primaryimage"},"image":{"@id":"https:\/\/www.lesaubergisteslyonnais.fr\/it\/blog\/visita-lione-in-2-giorni-3-giorni\/#primaryimage"},"thumbnailUrl":"https:\/\/www.lesaubergisteslyonnais.fr\/wp-content\/uploads\/2025\/06\/bastien-nvs-d7Ht7aIM6RQ-unsplash.jpg","datePublished":"2025-06-05T15:47:14+00:00","dateModified":"2026-04-17T07:26:04+00:00","description":"Les Aubergistes Lyonnais - Visita Lione in 2 giorni \/ 3 giorni . Lione in 48 ore: traboules, ingorghi, Fourvi\u00e8re e Croix-Rousse. I nostri elementi essenziali per un soggiorno di successo.","breadcrumb":{"@id":"https:\/\/www.lesaubergisteslyonnais.fr\/it\/blog\/visita-lione-in-2-giorni-3-giorni\/#breadcrumb"},"inLanguage":"it-IT","potentialAction":[{"@type":"ReadAction","target":["https:\/\/www.lesaubergisteslyonnais.fr\/it\/blog\/visita-lione-in-2-giorni-3-giorni\/"]}]},{"@type":"ImageObject","inLanguage":"it-IT","@id":"https:\/\/www.lesaubergisteslyonnais.fr\/it\/blog\/visita-lione-in-2-giorni-3-giorni\/#primaryimage","url":"https:\/\/www.lesaubergisteslyonnais.fr\/wp-content\/uploads\/2025\/06\/bastien-nvs-d7Ht7aIM6RQ-unsplash.jpg","contentUrl":"https:\/\/www.lesaubergisteslyonnais.fr\/wp-content\/uploads\/2025\/06\/bastien-nvs-d7Ht7aIM6RQ-unsplash.jpg","width":712,"height":1080,"caption":"bastien nvs d7Ht7aIM6RQ unsplash"},{"@type":"BreadcrumbList","@id":"https:\/\/www.lesaubergisteslyonnais.fr\/it\/blog\/visita-lione-in-2-giorni-3-giorni\/#breadcrumb","itemListElement":[{"@type":"ListItem","position":1,"name":"Accueil","item":"https:\/\/www.lesaubergisteslyonnais.fr\/it\/"},{"@type":"ListItem","position":2,"name":"Visita culturale","item":"https:\/\/www.lesaubergisteslyonnais.fr\/it\/blog\/visite-culturali\/"},{"@type":"ListItem","position":3,"name":"Visita Lione in 2 giorni \/ 3 giorni"}]},{"@type":"WebSite","@id":"https:\/\/www.lesaubergisteslyonnais.fr\/it\/#website","url":"https:\/\/www.lesaubergisteslyonnais.fr\/it\/","name":"Globe Cecil","description":"","publisher":{"@id":"https:\/\/www.lesaubergisteslyonnais.fr\/it\/#organization"},"potentialAction":[{"@type":"SearchAction","target":{"@type":"EntryPoint","urlTemplate":"https:\/\/www.lesaubergisteslyonnais.fr\/it\/?s={search_term_string}"},"query-input":{"@type":"PropertyValueSpecification","valueRequired":true,"valueName":"search_term_string"}}],"inLanguage":"it-IT"},{"@type":"Organization","@id":"https:\/\/www.lesaubergisteslyonnais.fr\/it\/#organization","name":"Globe Cecil","url":"https:\/\/www.lesaubergisteslyonnais.fr\/it\/","logo":{"@type":"ImageObject","inLanguage":"it-IT","@id":"https:\/\/www.lesaubergisteslyonnais.fr\/it\/#\/schema\/logo\/image\/","url":"https:\/\/www.lesaubergisteslyonnais.fr\/wp-content\/uploads\/2025\/05\/LOGO-Aubergistes-Lyonnais-White.svg","contentUrl":"https:\/\/www.lesaubergisteslyonnais.fr\/wp-content\/uploads\/2025\/05\/LOGO-Aubergistes-Lyonnais-White.svg","width":558,"height":127,"caption":"Globe Cecil"},"image":{"@id":"https:\/\/www.lesaubergisteslyonnais.fr\/it\/#\/schema\/logo\/image\/"}},{"@type":"Person","@id":"https:\/\/www.lesaubergisteslyonnais.fr\/it\/#\/schema\/person\/b3c9e279ff8ec8845926b6b9f54fbdb9","name":"flachize","image":{"@type":"ImageObject","inLanguage":"it-IT","@id":"https:\/\/secure.gravatar.com\/avatar\/24f0361cf67c21d4fae1db71b0897ec099d5f1fe2ef60420e3cd59b175a66e40?s=96&d=mm&r=g","url":"https:\/\/secure.gravatar.com\/avatar\/24f0361cf67c21d4fae1db71b0897ec099d5f1fe2ef60420e3cd59b175a66e40?s=96&d=mm&r=g","contentUrl":"https:\/\/secure.gravatar.com\/avatar\/24f0361cf67c21d4fae1db71b0897ec099d5f1fe2ef60420e3cd59b175a66e40?s=96&d=mm&r=g","caption":"flachize"},"url":"https:\/\/www.lesaubergisteslyonnais.fr\/it\/author\/flachize\/"}]}},"_links":{"self":[{"href":"https:\/\/www.lesaubergisteslyonnais.fr\/it\/wp-json\/wp\/v2\/posts\/7429","targetHints":{"allow":["GET"]}}],"collection":[{"href":"https:\/\/www.lesaubergisteslyonnais.fr\/it\/wp-json\/wp\/v2\/posts"}],"about":[{"href":"https:\/\/www.lesaubergisteslyonnais.fr\/it\/wp-json\/wp\/v2\/types\/post"}],"author":[{"embeddable":true,"href":"https:\/\/www.lesaubergisteslyonnais.fr\/it\/wp-json\/wp\/v2\/users\/2"}],"replies":[{"embeddable":true,"href":"https:\/\/www.lesaubergisteslyonnais.fr\/it\/wp-json\/wp\/v2\/comments?post=7429"}],"version-history":[{"count":6,"href":"https:\/\/www.lesaubergisteslyonnais.fr\/it\/wp-json\/wp\/v2\/posts\/7429\/revisions"}],"predecessor-version":[{"id":9805,"href":"https:\/\/www.lesaubergisteslyonnais.fr\/it\/wp-json\/wp\/v2\/posts\/7429\/revisions\/9805"}],"wp:featuredmedia":[{"embeddable":true,"href":"https:\/\/www.lesaubergisteslyonnais.fr\/it\/wp-json\/wp\/v2\/media\/7506"}],"wp:attachment":[{"href":"https:\/\/www.lesaubergisteslyonnais.fr\/it\/wp-json\/wp\/v2\/media?parent=7429"}],"wp:term":[{"taxonomy":"category","embeddable":true,"href":"https:\/\/www.lesaubergisteslyonnais.fr\/it\/wp-json\/wp\/v2\/categories?post=7429"},{"taxonomy":"post_tag","embeddable":true,"href":"https:\/\/www.lesaubergisteslyonnais.fr\/it\/wp-json\/wp\/v2\/tags?post=7429"}],"curies":[{"name":"wp","href":"https:\/\/api.w.org\/{rel}","templated":true}]}}