{"id":6782,"date":"2025-05-15T12:54:26","date_gmt":"2025-05-15T10:54:26","guid":{"rendered":"https:\/\/www.lesaubergisteslyonnais.fr\/5-indirizzi-per-lo-shopping-a-lione\/"},"modified":"2026-04-17T09:25:09","modified_gmt":"2026-04-17T07:25:09","slug":"5-indirizzi-per-lo-shopping-a-lione","status":"publish","type":"post","link":"https:\/\/www.lesaubergisteslyonnais.fr\/it\/blog\/5-indirizzi-per-lo-shopping-a-lione\/","title":{"rendered":"5 indirizzi per lo shopping a Lione"},"content":{"rendered":"\n<section class=\"heading wp-elements-a1f39ac262f2ba5470f7f2741963a915 wp-elements-a1f39ac262f2ba5470f7f2741963a915 wp-block-acf-heading has-text-color has-primary-color has-background has-white-100-background-color\">\n\t<div class=\"heading__container\">\n\t\t\t\t\t<div class=\"heading__background-picture\">\n\t\t\t\t<img decoding=\"async\" width=\"1440\" height=\"1080\" src=\"https:\/\/www.lesaubergisteslyonnais.fr\/wp-content\/uploads\/2025\/05\/arthur-franklin-EIuqUQddc3Q-unsplash-1.jpg\" class=\"attachment-full size-full\" alt=\"arthur franklin EIuqUQddc3Q unsplash 1\" fetchpriority=\"high\" srcset=\"https:\/\/www.lesaubergisteslyonnais.fr\/wp-content\/uploads\/2025\/05\/arthur-franklin-EIuqUQddc3Q-unsplash-1.jpg 1440w, https:\/\/www.lesaubergisteslyonnais.fr\/wp-content\/uploads\/2025\/05\/arthur-franklin-EIuqUQddc3Q-unsplash-1-600x450.jpg 600w, https:\/\/www.lesaubergisteslyonnais.fr\/wp-content\/uploads\/2025\/05\/arthur-franklin-EIuqUQddc3Q-unsplash-1-1400x1050.jpg 1400w, https:\/\/www.lesaubergisteslyonnais.fr\/wp-content\/uploads\/2025\/05\/arthur-franklin-EIuqUQddc3Q-unsplash-1-768x576.jpg 768w\" sizes=\"(max-width: 1440px) 100vw, 1440px\" \/>\t\t\t<\/div>\n\t\t\t\t<div class=\"heading__layout\">\n\t\t\t<div class=\"heading__content-wrapper has-white-100-background-color\">\n\t\t\t\t<div class=\"heading__content has-white-100-background-color\">\n\t\t\t\t\t\t\t\t\t<p id=\"breadcrumbs\"><span><span><a href=\"https:\/\/www.lesaubergisteslyonnais.fr\/it\/\">Accueil<\/a><\/span><\/span><\/p>\t\t\t\t\t\t\t\t\t<div class=\"acf-innerblocks-container\">\n\n<div class=\"wp-block-group heading-content-group is-layout-grid wp-container-core-group-is-layout-96b258e4 wp-block-group-is-layout-grid\">\n<h1 class=\"wp-block-heading has-text-align-left heading__title has-primary-color has-text-color has-xx-large-font-size\"><strong>5 indirizzi per lo shopping a Lione<\/strong><\/h1>\n<\/div>\n\n<\/div>\n\t\t\t\t<\/div>\n\t\t\t\t\t\t\t<\/div>\n\t\t<\/div>\n\t<\/div>\n<\/section>\n\n\n\t<section\n\t\tstyle=\"padding-top:var(--wp--preset--spacing--theme-default);padding-bottom:var(--wp--preset--spacing--theme-default);\" class=\"double-columns wp-block-acf-double-columns has-background has-white-background-color has-global-padding is-layout-constrained wp-container-acf-double-columns-is-layout-a22d0bdd wp-block-acf-double-columns-is-layout-constrained\"\t>\n\n<div class=\"double-columns__innerblocks\">\n\n<div class=\"wp-block-group is-vertical is-layout-flex wp-container-core-group-is-layout-d6b9ab57 wp-block-group-is-layout-flex\">\n<h2 class=\"wp-block-heading has-text-align-center has-primary-color has-text-color has-link-color wp-elements-b110a6de501280b987a4daf222ae8391\">Auguste et <mark class=\"has-inline-color has-primary-color\">Cocotte<\/mark>: raffinati gioielli boh\u00e9mien<\/h2>\n\n\n\n<p><strong>\ud83d\udccd<\/strong><strong> Indirizzo: 10 Rue Fran\u00e7ois Dauphin, 69002 Lyon<\/strong><\/p>\n\n\n\n<p>Questa piccola gioielleria situata nel cuore del quartiere di Ainay \u00e8 un vero e proprio scrigno di gioielli. <strong>Auguste et Cocotte<\/strong> propone creazioni delicate con influenze boh\u00e9mien e contemporanee. Dalle collane minimaliste agli anelli strutturati e agli orecchini audaci, ogni pezzo racconta una storia. La boutique, luminosa e ordinata, \u00e8 una gioia da esplorare.  <\/p>\n\n\n\n<p><strong>Perch\u00e9 ci piace<\/strong>: la maggior parte delle collezioni proviene da artigiani locali o francesi, un vero e proprio inno al know-how.<\/p>\n<\/div>\n\n\n\n<div class=\"wp-block-group is-layout-flow wp-block-group-is-layout-flow\">\n<figure class=\"wp-block-image size-full image-is-animate\"><img decoding=\"async\" width=\"720\" height=\"1079\" src=\"https:\/\/www.lesaubergisteslyonnais.fr\/wp-content\/uploads\/2025\/05\/natali-hordiiuk-fC3ZnfvdTxA-unsplash-1.jpg\" alt=\"natali hordiiuk fC3ZnfvdTxA unsplash (1)\" class=\"wp-image-7279\" style=\"aspect-ratio:3\/4;object-fit:cover\" srcset=\"https:\/\/www.lesaubergisteslyonnais.fr\/wp-content\/uploads\/2025\/05\/natali-hordiiuk-fC3ZnfvdTxA-unsplash-1.jpg 720w, https:\/\/www.lesaubergisteslyonnais.fr\/wp-content\/uploads\/2025\/05\/natali-hordiiuk-fC3ZnfvdTxA-unsplash-1-400x600.jpg 400w\" sizes=\"(max-width: 720px) 100vw, 720px\" \/><\/figure>\n<\/div>\n\n<\/div>\n\n<\/section>\n\n\t<section\n\t\tstyle=\"padding-top:var(--wp--preset--spacing--theme-default);padding-bottom:var(--wp--preset--spacing--theme-default);\" class=\"double-columns double-columns-reverse_colums_mobile wp-block-acf-double-columns has-background has-white-100-background-color has-global-padding is-layout-constrained wp-container-acf-double-columns-is-layout-a22d0bdd wp-block-acf-double-columns-is-layout-constrained\"\t>\n\n<div class=\"double-columns__innerblocks\">\n\n<div class=\"wp-block-group has-global-padding is-layout-constrained wp-block-group-is-layout-constrained\">\n<figure class=\"wp-block-image size-full image-is-animate\"><img decoding=\"async\" width=\"1108\" height=\"1380\" src=\"https:\/\/www.lesaubergisteslyonnais.fr\/wp-content\/uploads\/2025\/05\/Capture-decran-2025-06-05-a-13.55.12.png\" alt=\"Schermata 2025 06 05 alle 13.55.12\" class=\"wp-image-7283\" style=\"aspect-ratio:3\/4;object-fit:cover\" srcset=\"https:\/\/www.lesaubergisteslyonnais.fr\/wp-content\/uploads\/2025\/05\/Capture-decran-2025-06-05-a-13.55.12.png 1108w, https:\/\/www.lesaubergisteslyonnais.fr\/wp-content\/uploads\/2025\/05\/Capture-decran-2025-06-05-a-13.55.12-482x600.png 482w, https:\/\/www.lesaubergisteslyonnais.fr\/wp-content\/uploads\/2025\/05\/Capture-decran-2025-06-05-a-13.55.12-768x957.png 768w\" sizes=\"(max-width: 1108px) 100vw, 1108px\" \/><\/figure>\n<\/div>\n\n\n\n<div class=\"wp-block-group is-vertical is-layout-flex wp-container-core-group-is-layout-d6b9ab57 wp-block-group-is-layout-flex\">\n<h2 class=\"wp-block-heading has-text-align-center has-primary-color has-text-color has-link-color wp-elements-b02ebecbcd005a78d159793be4c66584\">L&#8217;exception: <mark class=\"has-inline-color has-primary-color\">Moda<\/mark> ed etica sotto i riflettori<\/h2>\n\n\n\n<p><strong>\ud83d\udccd<\/strong><strong> Indirizzo: 4 Rue Confort, 69002 Lyon<\/strong><\/p>\n\n\n\n<p>Questo concept store di pr\u00eat-\u00e0-porter punta tutto sulla qualit\u00e0 e sulla sostenibilit\u00e0. <strong>L&#8217;Exception<\/strong> seleziona marchi francesi ed europei impegnati, con capi eleganti e responsabili. Abiti in tessuti organici, giacche in lana riciclata, borse fatte a mano: lo stile incontra i valori. <\/p>\n\n\n\n<p><strong>Perch\u00e9 ci piace<\/strong>: Una selezione all&#8217;avanguardia che unisce moda e consapevolezza ecologica.<\/p>\n<\/div>\n\n<\/div>\n\n<\/section>\n\n\t<section\n\t\tstyle=\"padding-top:var(--wp--preset--spacing--theme-default);padding-bottom:var(--wp--preset--spacing--theme-default);\" class=\"double-columns wp-block-acf-double-columns has-background has-white-background-color has-global-padding is-layout-constrained wp-container-acf-double-columns-is-layout-a22d0bdd wp-block-acf-double-columns-is-layout-constrained\"\t>\n\n<div class=\"double-columns__innerblocks\">\n\n<div class=\"wp-block-group is-vertical is-layout-flex wp-container-core-group-is-layout-d6b9ab57 wp-block-group-is-layout-flex\">\n<h2 class=\"wp-block-heading has-text-align-center has-primary-color has-text-color has-link-color wp-elements-71017a3f9b35e11363b3feea6ab8c4f5\">Pelletteria <mark class=\"has-inline-color has-primary-color\">francese<\/mark> &#8211; l&#8217;eleganza della pelle<\/h2>\n\n\n\n<p><strong>\ud83d\udccd<\/strong><strong> Indirizzo: 11 Rue Gasparin, 69002 Lyon<\/strong><\/p>\n\n\n\n<p>Per gli amanti della pelletteria d&#8217;eccezione, questo \u00e8 il posto giusto. <strong>La Maroquinerie Fran\u00e7aise<\/strong> offre borse, portafogli e cinture realizzati in laboratori francesi. I pezzi di alta qualit\u00e0 e senza tempo combinano estetica pura e funzionalit\u00e0. <\/p>\n\n\n\n<p><strong>Perch\u00e9 ci piace<\/strong>: la pelle pieno fiore, morbida al tatto, e la possibilit\u00e0 di personalizzare alcuni modelli.<\/p>\n<\/div>\n\n\n\n<div class=\"wp-block-group is-layout-flow wp-block-group-is-layout-flow\">\n<figure class=\"wp-block-image size-full image-is-animate\"><img decoding=\"async\" width=\"720\" height=\"1080\" src=\"https:\/\/www.lesaubergisteslyonnais.fr\/wp-content\/uploads\/2025\/05\/logan-weaver-lgnwvr-On4VVUCw4jM-unsplash-1.jpg\" alt=\"logan weaver lgnwvr On4VVUCw4jM unsplash (1)\" class=\"wp-image-7287\" style=\"aspect-ratio:3\/4;object-fit:cover\" srcset=\"https:\/\/www.lesaubergisteslyonnais.fr\/wp-content\/uploads\/2025\/05\/logan-weaver-lgnwvr-On4VVUCw4jM-unsplash-1.jpg 720w, https:\/\/www.lesaubergisteslyonnais.fr\/wp-content\/uploads\/2025\/05\/logan-weaver-lgnwvr-On4VVUCw4jM-unsplash-1-400x600.jpg 400w\" sizes=\"(max-width: 720px) 100vw, 720px\" \/><figcaption class=\"wp-element-caption\">Credito: logan weaver<\/figcaption><\/figure>\n<\/div>\n\n<\/div>\n\n<\/section>\n\n\t<section\n\t\tstyle=\"padding-top:var(--wp--preset--spacing--theme-default);padding-bottom:var(--wp--preset--spacing--theme-default);\" class=\"double-columns double-columns-reverse_colums_mobile wp-block-acf-double-columns has-background has-white-100-background-color has-global-padding is-layout-constrained wp-container-acf-double-columns-is-layout-a22d0bdd wp-block-acf-double-columns-is-layout-constrained\"\t>\n\n<div class=\"double-columns__innerblocks\">\n\n<div class=\"wp-block-group has-global-padding is-layout-constrained wp-block-group-is-layout-constrained\">\n<figure class=\"wp-block-image size-full image-is-animate\"><img decoding=\"async\" width=\"794\" height=\"1158\" src=\"https:\/\/www.lesaubergisteslyonnais.fr\/wp-content\/uploads\/2025\/05\/Capture-decran-2025-06-05-a-13.45.57.png\" alt=\"Schermata 2025 06 05 alle 13.45.57\" class=\"wp-image-7291\" style=\"aspect-ratio:3\/4;object-fit:cover\" srcset=\"https:\/\/www.lesaubergisteslyonnais.fr\/wp-content\/uploads\/2025\/05\/Capture-decran-2025-06-05-a-13.45.57.png 794w, https:\/\/www.lesaubergisteslyonnais.fr\/wp-content\/uploads\/2025\/05\/Capture-decran-2025-06-05-a-13.45.57-411x600.png 411w, https:\/\/www.lesaubergisteslyonnais.fr\/wp-content\/uploads\/2025\/05\/Capture-decran-2025-06-05-a-13.45.57-768x1120.png 768w\" sizes=\"(max-width: 794px) 100vw, 794px\" \/><figcaption class=\"wp-element-caption\">Credito: Maison Mathuvu_Instagram<\/figcaption><\/figure>\n<\/div>\n\n\n\n<div class=\"wp-block-group is-vertical is-layout-flex wp-container-core-group-is-layout-d6b9ab57 wp-block-group-is-layout-flex\">\n<h2 class=\"wp-block-heading has-text-align-center has-primary-color has-text-color has-link-color wp-elements-ab0d953d3ca9df8cea159699f87a6fae\">Maison <mark class=\"has-inline-color has-primary-color\">Math\u00fbv\u00fb<\/mark>: interior design e lifestyle con un tocco lionese<\/h2>\n\n\n\n<p><strong>\ud83d\udccd<\/strong><strong> Indirizzo: 43 Rue de la Charit\u00e9, 69002 Lyon<\/strong><\/p>\n\n\n\n<p>L&#8217;atmosfera accogliente di questa boutique fonde la decorazione con l&#8217;arte di vivere. <strong>La Maison Math\u00fbv\u00fb<\/strong> offre una selezione di oggetti raffinati: ceramiche fatte a mano, cuscini ricamati, elegante cancelleria e candele profumate. Troverai anche regali unici, perfetti per gli amanti del bello e dell&#8217;insolito. <\/p>\n\n\n\n<p><strong>Perch\u00e9 ci piace<\/strong>: Un&#8217;atmosfera accogliente e creazioni spesso di designer locali.<\/p>\n<\/div>\n\n<\/div>\n\n<\/section>\n\n\t<section\n\t\tstyle=\"padding-top:var(--wp--preset--spacing--theme-default);padding-bottom:var(--wp--preset--spacing--theme-default);\" class=\"double-columns wp-block-acf-double-columns has-background has-white-background-color has-global-padding is-layout-constrained wp-container-acf-double-columns-is-layout-a22d0bdd wp-block-acf-double-columns-is-layout-constrained\"\t>\n\n<div class=\"double-columns__innerblocks\">\n\n<div class=\"wp-block-group is-vertical is-layout-flex wp-container-core-group-is-layout-d6b9ab57 wp-block-group-is-layout-flex\">\n<h2 class=\"wp-block-heading has-text-align-center has-primary-color has-text-color has-link-color wp-elements-67182fc98664ebaf70e9e4c3e6898569\">Les Pentes \u00e0 <mark class=\"has-inline-color has-primary-color\">Porter<\/mark>: la moda artistica lionese<br\/><\/h2>\n\n\n\n<p><strong>\ud83d\udccd<\/strong><strong> Indirizzo: 6 Rue Romarin, 69001 Lyon<\/strong><\/p>\n\n\n\n<p>Situata alle pendici della Croix-Rousse, questa boutique espone stilisti di Lione e della Francia. <strong>Les Pentes \u00e0 Porter<\/strong> offre abiti e accessori all&#8217;avanguardia della moda: pezzi grafici, tagli audaci e stampe originali. Un indirizzo perfetto per chi ama l&#8217;arte e l&#8217;audacia. <\/p>\n\n\n\n<p><strong>Perch\u00e9 ci piace<\/strong>: Il locale \u00e8 anche una galleria d \u201carte, con mostre che cambiano regolarmente e che offrono un\u201d esperienza unica ad ogni visita.<\/p>\n<\/div>\n\n\n\n<div class=\"wp-block-group is-layout-flow wp-block-group-is-layout-flow\">\n<figure class=\"wp-block-image size-full image-is-animate\"><img decoding=\"async\" width=\"1152\" height=\"2048\" src=\"https:\/\/www.lesaubergisteslyonnais.fr\/wp-content\/uploads\/2025\/05\/pexels-ercan-evcimen-626365917-32134683-scaled.jpg\" alt=\"pexels ercan evcimen 626365917 32134683\" class=\"wp-image-7295\" style=\"aspect-ratio:3\/4;object-fit:cover\" srcset=\"https:\/\/www.lesaubergisteslyonnais.fr\/wp-content\/uploads\/2025\/05\/pexels-ercan-evcimen-626365917-32134683-scaled.jpg 1152w, https:\/\/www.lesaubergisteslyonnais.fr\/wp-content\/uploads\/2025\/05\/pexels-ercan-evcimen-626365917-32134683-338x600.jpg 338w, https:\/\/www.lesaubergisteslyonnais.fr\/wp-content\/uploads\/2025\/05\/pexels-ercan-evcimen-626365917-32134683-788x1400.jpg 788w, https:\/\/www.lesaubergisteslyonnais.fr\/wp-content\/uploads\/2025\/05\/pexels-ercan-evcimen-626365917-32134683-768x1365.jpg 768w, https:\/\/www.lesaubergisteslyonnais.fr\/wp-content\/uploads\/2025\/05\/pexels-ercan-evcimen-626365917-32134683-864x1536.jpg 864w\" sizes=\"(max-width: 1152px) 100vw, 1152px\" \/><figcaption class=\"wp-element-caption\">Credito: ercan evcimen<\/figcaption><\/figure>\n<\/div>\n\n<\/div>\n\n<\/section>\n\n\t<section\n\t\tstyle=\"padding-top:var(--wp--preset--spacing--theme-default);padding-bottom:var(--wp--preset--spacing--theme-default);\" class=\"block-container align wp-block-acf-block-container has-background has-white-100-background-color has-global-padding is-layout-constrained wp-container-acf-block-container-is-layout-89fc666d wp-block-acf-block-container-is-layout-constrained\"\t>\n\n\t\n\n<h3 class=\"wp-block-heading has-text-align-center\">Vuoi visitare altre zone di Lione? Leggi i nostri vari blog sui quartieri di Lione<\/h3>\n\n\n\n<div class=\"wp-block-buttons is-content-justification-center is-layout-flex wp-container-core-buttons-is-layout-a89b3969 wp-block-buttons-is-layout-flex\">\n<div class=\"wp-block-button is-style-label-button is-style-label-button--1\"><a class=\"wp-block-button__link wp-element-button\" href=\"https:\/\/globeetcecilhotel.com\/le-quartier-bellecour\/\" target=\"_blank\" rel=\"noreferrer noopener\">Lione quartiere Bellecour<\/a><\/div>\n<\/div>\n\n\n\n<div class=\"wp-block-buttons is-content-justification-center is-layout-flex wp-container-core-buttons-is-layout-a89b3969 wp-block-buttons-is-layout-flex\">\n<div class=\"wp-block-button is-style-label-button is-style-label-button--2\"><a class=\"wp-block-button__link wp-element-button\" href=\"https:\/\/www.hotel-phenix-lyon.fr\/le-quartier-vieux-lyon\/\" target=\"_blank\" rel=\"noreferrer noopener\">Quartiere della Vecchia Lione<\/a><\/div>\n<\/div>\n\n\n\n<div class=\"wp-block-buttons is-content-justification-center is-layout-flex wp-container-core-buttons-is-layout-a89b3969 wp-block-buttons-is-layout-flex\">\n<div class=\"wp-block-button is-style-label-button is-style-label-button--3\"><a class=\"wp-block-button__link wp-element-button\" href=\"https:\/\/www.hotel-simplon-lyon.com\/le-quartier-lyon-perrache\/\" target=\"_blank\" rel=\"noreferrer noopener\">Lione distretto di Perrache<\/a><\/div>\n<\/div>\n\n\n\n<\/section>\n\n<div class=\"wp-block-group has-white-background-color has-background is-content-justification-space-between is-nowrap is-layout-flex wp-container-core-group-is-layout-098ab513 wp-block-group-is-layout-flex\" style=\"padding-top:var(--wp--preset--spacing--theme-m);padding-right:var(--wp--preset--spacing--theme-s);padding-bottom:var(--wp--preset--spacing--theme-m);padding-left:var(--wp--preset--spacing--theme-s)\">\n\n<\/div>\n","protected":false},"excerpt":{"rendered":"<p>Moda, decorazione, artigianato: la nostra selezione di indirizzi 100% lionesi per uno shopping originale e locale.<\/p>\n","protected":false},"author":2,"featured_media":7293,"comment_status":"open","ping_status":"open","sticky":false,"template":"","format":"standard","meta":{"_acf_changed":false,"inline_featured_image":false,"footnotes":""},"categories":[41],"tags":[],"class_list":["post-6782","post","type-post","status-publish","format-standard","has-post-thumbnail","hentry","category-vita-notturna-ed-eventi"],"acf":[],"yoast_head":"<!-- This site is optimized with the Yoast SEO plugin v27.4 - https:\/\/yoast.com\/product\/yoast-seo-wordpress\/ -->\n<title>5 indirizzi per lo shopping a Lione - Les Aubergistes Lyonnais<\/title>\n<meta name=\"description\" content=\"Les Aubergistes Lyonnais - 5 indirizzi per lo shopping a Lione . Moda, decorazione, artigianato: la nostra selezione di indirizzi 100% lionesi per uno shopping originale e locale.\" \/>\n<meta name=\"robots\" content=\"index, follow, max-snippet:-1, max-image-preview:large, max-video-preview:-1\" \/>\n<link rel=\"canonical\" href=\"https:\/\/www.lesaubergisteslyonnais.fr\/it\/blog\/5-indirizzi-per-lo-shopping-a-lione\/\" \/>\n<meta property=\"og:locale\" content=\"it_IT\" \/>\n<meta property=\"og:type\" content=\"article\" \/>\n<meta property=\"og:title\" content=\"5 indirizzi per lo shopping a Lione - Les Aubergistes Lyonnais\" \/>\n<meta property=\"og:description\" content=\"Les Aubergistes Lyonnais - 5 indirizzi per lo shopping a Lione . Moda, decorazione, artigianato: la nostra selezione di indirizzi 100% lionesi per uno shopping originale e locale.\" \/>\n<meta property=\"og:url\" content=\"https:\/\/www.lesaubergisteslyonnais.fr\/it\/blog\/5-indirizzi-per-lo-shopping-a-lione\/\" \/>\n<meta property=\"og:site_name\" content=\"Les Aubergistes Lyonnais\" \/>\n<meta property=\"article:published_time\" content=\"2025-05-15T10:54:26+00:00\" \/>\n<meta property=\"article:modified_time\" content=\"2026-04-17T07:25:09+00:00\" \/>\n<meta property=\"og:image\" content=\"https:\/\/www.lesaubergisteslyonnais.fr\/wp-content\/uploads\/2025\/05\/Capture-decran-2025-06-05-a-13.45.57.png\" \/>\n\t<meta property=\"og:image:width\" content=\"794\" \/>\n\t<meta property=\"og:image:height\" content=\"1158\" \/>\n\t<meta property=\"og:image:type\" content=\"image\/png\" \/>\n<meta name=\"author\" content=\"flachize\" \/>\n<meta name=\"twitter:card\" content=\"summary_large_image\" \/>\n<meta name=\"twitter:label1\" content=\"Scritto da\" \/>\n\t<meta name=\"twitter:data1\" content=\"flachize\" \/>\n\t<meta name=\"twitter:label2\" content=\"Tempo di lettura stimato\" \/>\n\t<meta name=\"twitter:data2\" content=\"2 minuto\" \/>\n<script type=\"application\/ld+json\" class=\"yoast-schema-graph\">{\"@context\":\"https:\\\/\\\/schema.org\",\"@graph\":[{\"@type\":\"Article\",\"@id\":\"https:\\\/\\\/www.lesaubergisteslyonnais.fr\\\/it\\\/blog\\\/5-indirizzi-per-lo-shopping-a-lione\\\/#article\",\"isPartOf\":{\"@id\":\"https:\\\/\\\/www.lesaubergisteslyonnais.fr\\\/it\\\/blog\\\/5-indirizzi-per-lo-shopping-a-lione\\\/\"},\"author\":{\"name\":\"flachize\",\"@id\":\"https:\\\/\\\/www.lesaubergisteslyonnais.fr\\\/it\\\/#\\\/schema\\\/person\\\/b3c9e279ff8ec8845926b6b9f54fbdb9\"},\"headline\":\"5 indirizzi per lo shopping a Lione\",\"datePublished\":\"2025-05-15T10:54:26+00:00\",\"dateModified\":\"2026-04-17T07:25:09+00:00\",\"mainEntityOfPage\":{\"@id\":\"https:\\\/\\\/www.lesaubergisteslyonnais.fr\\\/it\\\/blog\\\/5-indirizzi-per-lo-shopping-a-lione\\\/\"},\"wordCount\":424,\"commentCount\":0,\"publisher\":{\"@id\":\"https:\\\/\\\/www.lesaubergisteslyonnais.fr\\\/it\\\/#organization\"},\"image\":{\"@id\":\"https:\\\/\\\/www.lesaubergisteslyonnais.fr\\\/it\\\/blog\\\/5-indirizzi-per-lo-shopping-a-lione\\\/#primaryimage\"},\"thumbnailUrl\":\"https:\\\/\\\/www.lesaubergisteslyonnais.fr\\\/wp-content\\\/uploads\\\/2025\\\/05\\\/Capture-decran-2025-06-05-a-13.45.57.png\",\"articleSection\":[\"Vita notturna e festeggiamenti\"],\"inLanguage\":\"it-IT\",\"potentialAction\":[{\"@type\":\"CommentAction\",\"name\":\"Comment\",\"target\":[\"https:\\\/\\\/www.lesaubergisteslyonnais.fr\\\/it\\\/blog\\\/5-indirizzi-per-lo-shopping-a-lione\\\/#respond\"]}]},{\"@type\":\"WebPage\",\"@id\":\"https:\\\/\\\/www.lesaubergisteslyonnais.fr\\\/it\\\/blog\\\/5-indirizzi-per-lo-shopping-a-lione\\\/\",\"url\":\"https:\\\/\\\/www.lesaubergisteslyonnais.fr\\\/it\\\/blog\\\/5-indirizzi-per-lo-shopping-a-lione\\\/\",\"name\":\"5 indirizzi per lo shopping a Lione - Les Aubergistes Lyonnais\",\"isPartOf\":{\"@id\":\"https:\\\/\\\/www.lesaubergisteslyonnais.fr\\\/it\\\/#website\"},\"primaryImageOfPage\":{\"@id\":\"https:\\\/\\\/www.lesaubergisteslyonnais.fr\\\/it\\\/blog\\\/5-indirizzi-per-lo-shopping-a-lione\\\/#primaryimage\"},\"image\":{\"@id\":\"https:\\\/\\\/www.lesaubergisteslyonnais.fr\\\/it\\\/blog\\\/5-indirizzi-per-lo-shopping-a-lione\\\/#primaryimage\"},\"thumbnailUrl\":\"https:\\\/\\\/www.lesaubergisteslyonnais.fr\\\/wp-content\\\/uploads\\\/2025\\\/05\\\/Capture-decran-2025-06-05-a-13.45.57.png\",\"datePublished\":\"2025-05-15T10:54:26+00:00\",\"dateModified\":\"2026-04-17T07:25:09+00:00\",\"description\":\"Les Aubergistes Lyonnais - 5 indirizzi per lo shopping a Lione . Moda, decorazione, artigianato: la nostra selezione di indirizzi 100% lionesi per uno shopping originale e locale.\",\"breadcrumb\":{\"@id\":\"https:\\\/\\\/www.lesaubergisteslyonnais.fr\\\/it\\\/blog\\\/5-indirizzi-per-lo-shopping-a-lione\\\/#breadcrumb\"},\"inLanguage\":\"it-IT\",\"potentialAction\":[{\"@type\":\"ReadAction\",\"target\":[\"https:\\\/\\\/www.lesaubergisteslyonnais.fr\\\/it\\\/blog\\\/5-indirizzi-per-lo-shopping-a-lione\\\/\"]}]},{\"@type\":\"ImageObject\",\"inLanguage\":\"it-IT\",\"@id\":\"https:\\\/\\\/www.lesaubergisteslyonnais.fr\\\/it\\\/blog\\\/5-indirizzi-per-lo-shopping-a-lione\\\/#primaryimage\",\"url\":\"https:\\\/\\\/www.lesaubergisteslyonnais.fr\\\/wp-content\\\/uploads\\\/2025\\\/05\\\/Capture-decran-2025-06-05-a-13.45.57.png\",\"contentUrl\":\"https:\\\/\\\/www.lesaubergisteslyonnais.fr\\\/wp-content\\\/uploads\\\/2025\\\/05\\\/Capture-decran-2025-06-05-a-13.45.57.png\",\"width\":794,\"height\":1158,\"caption\":\"Schermata 2025 06 05 alle 13.45.57\"},{\"@type\":\"BreadcrumbList\",\"@id\":\"https:\\\/\\\/www.lesaubergisteslyonnais.fr\\\/it\\\/blog\\\/5-indirizzi-per-lo-shopping-a-lione\\\/#breadcrumb\",\"itemListElement\":[{\"@type\":\"ListItem\",\"position\":1,\"name\":\"Accueil\",\"item\":\"https:\\\/\\\/www.lesaubergisteslyonnais.fr\\\/it\\\/\"},{\"@type\":\"ListItem\",\"position\":2,\"name\":\"Vita notturna e festeggiamenti\",\"item\":\"https:\\\/\\\/www.lesaubergisteslyonnais.fr\\\/it\\\/blog\\\/vita-notturna-ed-eventi\\\/\"},{\"@type\":\"ListItem\",\"position\":3,\"name\":\"5 indirizzi per lo shopping a Lione\"}]},{\"@type\":\"WebSite\",\"@id\":\"https:\\\/\\\/www.lesaubergisteslyonnais.fr\\\/it\\\/#website\",\"url\":\"https:\\\/\\\/www.lesaubergisteslyonnais.fr\\\/it\\\/\",\"name\":\"Globe Cecil\",\"description\":\"\",\"publisher\":{\"@id\":\"https:\\\/\\\/www.lesaubergisteslyonnais.fr\\\/it\\\/#organization\"},\"potentialAction\":[{\"@type\":\"SearchAction\",\"target\":{\"@type\":\"EntryPoint\",\"urlTemplate\":\"https:\\\/\\\/www.lesaubergisteslyonnais.fr\\\/it\\\/?s={search_term_string}\"},\"query-input\":{\"@type\":\"PropertyValueSpecification\",\"valueRequired\":true,\"valueName\":\"search_term_string\"}}],\"inLanguage\":\"it-IT\"},{\"@type\":\"Organization\",\"@id\":\"https:\\\/\\\/www.lesaubergisteslyonnais.fr\\\/it\\\/#organization\",\"name\":\"Globe Cecil\",\"url\":\"https:\\\/\\\/www.lesaubergisteslyonnais.fr\\\/it\\\/\",\"logo\":{\"@type\":\"ImageObject\",\"inLanguage\":\"it-IT\",\"@id\":\"https:\\\/\\\/www.lesaubergisteslyonnais.fr\\\/it\\\/#\\\/schema\\\/logo\\\/image\\\/\",\"url\":\"https:\\\/\\\/www.lesaubergisteslyonnais.fr\\\/wp-content\\\/uploads\\\/2025\\\/05\\\/LOGO-Aubergistes-Lyonnais-White.svg\",\"contentUrl\":\"https:\\\/\\\/www.lesaubergisteslyonnais.fr\\\/wp-content\\\/uploads\\\/2025\\\/05\\\/LOGO-Aubergistes-Lyonnais-White.svg\",\"width\":558,\"height\":127,\"caption\":\"Globe Cecil\"},\"image\":{\"@id\":\"https:\\\/\\\/www.lesaubergisteslyonnais.fr\\\/it\\\/#\\\/schema\\\/logo\\\/image\\\/\"}},{\"@type\":\"Person\",\"@id\":\"https:\\\/\\\/www.lesaubergisteslyonnais.fr\\\/it\\\/#\\\/schema\\\/person\\\/b3c9e279ff8ec8845926b6b9f54fbdb9\",\"name\":\"flachize\",\"image\":{\"@type\":\"ImageObject\",\"inLanguage\":\"it-IT\",\"@id\":\"https:\\\/\\\/secure.gravatar.com\\\/avatar\\\/24f0361cf67c21d4fae1db71b0897ec099d5f1fe2ef60420e3cd59b175a66e40?s=96&d=mm&r=g\",\"url\":\"https:\\\/\\\/secure.gravatar.com\\\/avatar\\\/24f0361cf67c21d4fae1db71b0897ec099d5f1fe2ef60420e3cd59b175a66e40?s=96&d=mm&r=g\",\"contentUrl\":\"https:\\\/\\\/secure.gravatar.com\\\/avatar\\\/24f0361cf67c21d4fae1db71b0897ec099d5f1fe2ef60420e3cd59b175a66e40?s=96&d=mm&r=g\",\"caption\":\"flachize\"},\"url\":\"https:\\\/\\\/www.lesaubergisteslyonnais.fr\\\/it\\\/author\\\/flachize\\\/\"}]}<\/script>\n<!-- \/ Yoast SEO plugin. -->","yoast_head_json":{"title":"5 indirizzi per lo shopping a Lione - Les Aubergistes Lyonnais","description":"Les Aubergistes Lyonnais - 5 indirizzi per lo shopping a Lione . Moda, decorazione, artigianato: la nostra selezione di indirizzi 100% lionesi per uno shopping originale e locale.","robots":{"index":"index","follow":"follow","max-snippet":"max-snippet:-1","max-image-preview":"max-image-preview:large","max-video-preview":"max-video-preview:-1"},"canonical":"https:\/\/www.lesaubergisteslyonnais.fr\/it\/blog\/5-indirizzi-per-lo-shopping-a-lione\/","og_locale":"it_IT","og_type":"article","og_title":"5 indirizzi per lo shopping a Lione - Les Aubergistes Lyonnais","og_description":"Les Aubergistes Lyonnais - 5 indirizzi per lo shopping a Lione . Moda, decorazione, artigianato: la nostra selezione di indirizzi 100% lionesi per uno shopping originale e locale.","og_url":"https:\/\/www.lesaubergisteslyonnais.fr\/it\/blog\/5-indirizzi-per-lo-shopping-a-lione\/","og_site_name":"Les Aubergistes Lyonnais","article_published_time":"2025-05-15T10:54:26+00:00","article_modified_time":"2026-04-17T07:25:09+00:00","og_image":[{"width":794,"height":1158,"url":"https:\/\/www.lesaubergisteslyonnais.fr\/wp-content\/uploads\/2025\/05\/Capture-decran-2025-06-05-a-13.45.57.png","type":"image\/png"}],"author":"flachize","twitter_card":"summary_large_image","twitter_misc":{"Scritto da":"flachize","Tempo di lettura stimato":"2 minuto"},"schema":{"@context":"https:\/\/schema.org","@graph":[{"@type":"Article","@id":"https:\/\/www.lesaubergisteslyonnais.fr\/it\/blog\/5-indirizzi-per-lo-shopping-a-lione\/#article","isPartOf":{"@id":"https:\/\/www.lesaubergisteslyonnais.fr\/it\/blog\/5-indirizzi-per-lo-shopping-a-lione\/"},"author":{"name":"flachize","@id":"https:\/\/www.lesaubergisteslyonnais.fr\/it\/#\/schema\/person\/b3c9e279ff8ec8845926b6b9f54fbdb9"},"headline":"5 indirizzi per lo shopping a Lione","datePublished":"2025-05-15T10:54:26+00:00","dateModified":"2026-04-17T07:25:09+00:00","mainEntityOfPage":{"@id":"https:\/\/www.lesaubergisteslyonnais.fr\/it\/blog\/5-indirizzi-per-lo-shopping-a-lione\/"},"wordCount":424,"commentCount":0,"publisher":{"@id":"https:\/\/www.lesaubergisteslyonnais.fr\/it\/#organization"},"image":{"@id":"https:\/\/www.lesaubergisteslyonnais.fr\/it\/blog\/5-indirizzi-per-lo-shopping-a-lione\/#primaryimage"},"thumbnailUrl":"https:\/\/www.lesaubergisteslyonnais.fr\/wp-content\/uploads\/2025\/05\/Capture-decran-2025-06-05-a-13.45.57.png","articleSection":["Vita notturna e festeggiamenti"],"inLanguage":"it-IT","potentialAction":[{"@type":"CommentAction","name":"Comment","target":["https:\/\/www.lesaubergisteslyonnais.fr\/it\/blog\/5-indirizzi-per-lo-shopping-a-lione\/#respond"]}]},{"@type":"WebPage","@id":"https:\/\/www.lesaubergisteslyonnais.fr\/it\/blog\/5-indirizzi-per-lo-shopping-a-lione\/","url":"https:\/\/www.lesaubergisteslyonnais.fr\/it\/blog\/5-indirizzi-per-lo-shopping-a-lione\/","name":"5 indirizzi per lo shopping a Lione - Les Aubergistes Lyonnais","isPartOf":{"@id":"https:\/\/www.lesaubergisteslyonnais.fr\/it\/#website"},"primaryImageOfPage":{"@id":"https:\/\/www.lesaubergisteslyonnais.fr\/it\/blog\/5-indirizzi-per-lo-shopping-a-lione\/#primaryimage"},"image":{"@id":"https:\/\/www.lesaubergisteslyonnais.fr\/it\/blog\/5-indirizzi-per-lo-shopping-a-lione\/#primaryimage"},"thumbnailUrl":"https:\/\/www.lesaubergisteslyonnais.fr\/wp-content\/uploads\/2025\/05\/Capture-decran-2025-06-05-a-13.45.57.png","datePublished":"2025-05-15T10:54:26+00:00","dateModified":"2026-04-17T07:25:09+00:00","description":"Les Aubergistes Lyonnais - 5 indirizzi per lo shopping a Lione . Moda, decorazione, artigianato: la nostra selezione di indirizzi 100% lionesi per uno shopping originale e locale.","breadcrumb":{"@id":"https:\/\/www.lesaubergisteslyonnais.fr\/it\/blog\/5-indirizzi-per-lo-shopping-a-lione\/#breadcrumb"},"inLanguage":"it-IT","potentialAction":[{"@type":"ReadAction","target":["https:\/\/www.lesaubergisteslyonnais.fr\/it\/blog\/5-indirizzi-per-lo-shopping-a-lione\/"]}]},{"@type":"ImageObject","inLanguage":"it-IT","@id":"https:\/\/www.lesaubergisteslyonnais.fr\/it\/blog\/5-indirizzi-per-lo-shopping-a-lione\/#primaryimage","url":"https:\/\/www.lesaubergisteslyonnais.fr\/wp-content\/uploads\/2025\/05\/Capture-decran-2025-06-05-a-13.45.57.png","contentUrl":"https:\/\/www.lesaubergisteslyonnais.fr\/wp-content\/uploads\/2025\/05\/Capture-decran-2025-06-05-a-13.45.57.png","width":794,"height":1158,"caption":"Schermata 2025 06 05 alle 13.45.57"},{"@type":"BreadcrumbList","@id":"https:\/\/www.lesaubergisteslyonnais.fr\/it\/blog\/5-indirizzi-per-lo-shopping-a-lione\/#breadcrumb","itemListElement":[{"@type":"ListItem","position":1,"name":"Accueil","item":"https:\/\/www.lesaubergisteslyonnais.fr\/it\/"},{"@type":"ListItem","position":2,"name":"Vita notturna e festeggiamenti","item":"https:\/\/www.lesaubergisteslyonnais.fr\/it\/blog\/vita-notturna-ed-eventi\/"},{"@type":"ListItem","position":3,"name":"5 indirizzi per lo shopping a Lione"}]},{"@type":"WebSite","@id":"https:\/\/www.lesaubergisteslyonnais.fr\/it\/#website","url":"https:\/\/www.lesaubergisteslyonnais.fr\/it\/","name":"Globe Cecil","description":"","publisher":{"@id":"https:\/\/www.lesaubergisteslyonnais.fr\/it\/#organization"},"potentialAction":[{"@type":"SearchAction","target":{"@type":"EntryPoint","urlTemplate":"https:\/\/www.lesaubergisteslyonnais.fr\/it\/?s={search_term_string}"},"query-input":{"@type":"PropertyValueSpecification","valueRequired":true,"valueName":"search_term_string"}}],"inLanguage":"it-IT"},{"@type":"Organization","@id":"https:\/\/www.lesaubergisteslyonnais.fr\/it\/#organization","name":"Globe Cecil","url":"https:\/\/www.lesaubergisteslyonnais.fr\/it\/","logo":{"@type":"ImageObject","inLanguage":"it-IT","@id":"https:\/\/www.lesaubergisteslyonnais.fr\/it\/#\/schema\/logo\/image\/","url":"https:\/\/www.lesaubergisteslyonnais.fr\/wp-content\/uploads\/2025\/05\/LOGO-Aubergistes-Lyonnais-White.svg","contentUrl":"https:\/\/www.lesaubergisteslyonnais.fr\/wp-content\/uploads\/2025\/05\/LOGO-Aubergistes-Lyonnais-White.svg","width":558,"height":127,"caption":"Globe Cecil"},"image":{"@id":"https:\/\/www.lesaubergisteslyonnais.fr\/it\/#\/schema\/logo\/image\/"}},{"@type":"Person","@id":"https:\/\/www.lesaubergisteslyonnais.fr\/it\/#\/schema\/person\/b3c9e279ff8ec8845926b6b9f54fbdb9","name":"flachize","image":{"@type":"ImageObject","inLanguage":"it-IT","@id":"https:\/\/secure.gravatar.com\/avatar\/24f0361cf67c21d4fae1db71b0897ec099d5f1fe2ef60420e3cd59b175a66e40?s=96&d=mm&r=g","url":"https:\/\/secure.gravatar.com\/avatar\/24f0361cf67c21d4fae1db71b0897ec099d5f1fe2ef60420e3cd59b175a66e40?s=96&d=mm&r=g","contentUrl":"https:\/\/secure.gravatar.com\/avatar\/24f0361cf67c21d4fae1db71b0897ec099d5f1fe2ef60420e3cd59b175a66e40?s=96&d=mm&r=g","caption":"flachize"},"url":"https:\/\/www.lesaubergisteslyonnais.fr\/it\/author\/flachize\/"}]}},"_links":{"self":[{"href":"https:\/\/www.lesaubergisteslyonnais.fr\/it\/wp-json\/wp\/v2\/posts\/6782","targetHints":{"allow":["GET"]}}],"collection":[{"href":"https:\/\/www.lesaubergisteslyonnais.fr\/it\/wp-json\/wp\/v2\/posts"}],"about":[{"href":"https:\/\/www.lesaubergisteslyonnais.fr\/it\/wp-json\/wp\/v2\/types\/post"}],"author":[{"embeddable":true,"href":"https:\/\/www.lesaubergisteslyonnais.fr\/it\/wp-json\/wp\/v2\/users\/2"}],"replies":[{"embeddable":true,"href":"https:\/\/www.lesaubergisteslyonnais.fr\/it\/wp-json\/wp\/v2\/comments?post=6782"}],"version-history":[{"count":6,"href":"https:\/\/www.lesaubergisteslyonnais.fr\/it\/wp-json\/wp\/v2\/posts\/6782\/revisions"}],"predecessor-version":[{"id":9771,"href":"https:\/\/www.lesaubergisteslyonnais.fr\/it\/wp-json\/wp\/v2\/posts\/6782\/revisions\/9771"}],"wp:featuredmedia":[{"embeddable":true,"href":"https:\/\/www.lesaubergisteslyonnais.fr\/it\/wp-json\/wp\/v2\/media\/7293"}],"wp:attachment":[{"href":"https:\/\/www.lesaubergisteslyonnais.fr\/it\/wp-json\/wp\/v2\/media?parent=6782"}],"wp:term":[{"taxonomy":"category","embeddable":true,"href":"https:\/\/www.lesaubergisteslyonnais.fr\/it\/wp-json\/wp\/v2\/categories?post=6782"},{"taxonomy":"post_tag","embeddable":true,"href":"https:\/\/www.lesaubergisteslyonnais.fr\/it\/wp-json\/wp\/v2\/tags?post=6782"}],"curies":[{"name":"wp","href":"https:\/\/api.w.org\/{rel}","templated":true}]}}