{"id":9842,"date":"2026-04-29T13:12:42","date_gmt":"2026-04-29T11:12:42","guid":{"rendered":"https:\/\/www.lesaubergisteslyonnais.fr\/?p=9842"},"modified":"2026-04-29T13:13:05","modified_gmt":"2026-04-29T11:13:05","slug":"natexpo-2026-en-lyon-donde-alojarse-para-el-salon-natexpo-los-dias-28-y-29-de-septiembre-de-2026","status":"publish","type":"post","link":"https:\/\/www.lesaubergisteslyonnais.fr\/es\/blog\/natexpo-2026-en-lyon-donde-alojarse-para-el-salon-natexpo-los-dias-28-y-29-de-septiembre-de-2026\/","title":{"rendered":"Natexpo 2026 en Lyon: \u00bfd\u00f3nde alojarse para el sal\u00f3n Natexpo los d\u00edas 28 y 29 de septiembre de 2026?"},"content":{"rendered":"\n<section class=\"heading wp-elements-5a99d0c525e8e4c60dbd39973a269297 wp-elements-5a99d0c525e8e4c60dbd39973a269297 wp-block-acf-heading has-text-color has-primary-color has-background has-white-100-background-color\">\n\t<div class=\"heading__container\">\n\t\t\t\t\t<div class=\"heading__background-picture\">\n\t\t\t\t<img decoding=\"async\" width=\"1816\" height=\"1211\" src=\"https:\/\/www.lesaubergisteslyonnais.fr\/wp-content\/uploads\/2026\/04\/Logement-Natexpo-2026-Lyon.jpg\" class=\"attachment-full size-full\" alt=\"Alojamiento Natexpo 2026 Lyon\" fetchpriority=\"high\" srcset=\"https:\/\/www.lesaubergisteslyonnais.fr\/wp-content\/uploads\/2026\/04\/Logement-Natexpo-2026-Lyon.jpg 1816w, https:\/\/www.lesaubergisteslyonnais.fr\/wp-content\/uploads\/2026\/04\/Logement-Natexpo-2026-Lyon-600x400.jpg 600w, https:\/\/www.lesaubergisteslyonnais.fr\/wp-content\/uploads\/2026\/04\/Logement-Natexpo-2026-Lyon-1400x934.jpg 1400w, https:\/\/www.lesaubergisteslyonnais.fr\/wp-content\/uploads\/2026\/04\/Logement-Natexpo-2026-Lyon-768x512.jpg 768w, https:\/\/www.lesaubergisteslyonnais.fr\/wp-content\/uploads\/2026\/04\/Logement-Natexpo-2026-Lyon-1536x1024.jpg 1536w\" sizes=\"(max-width: 1816px) 100vw, 1816px\" \/>\t\t\t<\/div>\n\t\t\t\t<div class=\"heading__layout\">\n\t\t\t<div class=\"heading__content-wrapper has-white-100-background-color\">\n\t\t\t\t<div class=\"heading__content has-white-100-background-color\">\n\t\t\t\t\t\t\t\t\t<p id=\"breadcrumbs\"><span><span><a href=\"https:\/\/www.lesaubergisteslyonnais.fr\/es\/\">Accueil<\/a><\/span><\/span><\/p>\t\t\t\t\t\t\t\t\t<div class=\"acf-innerblocks-container\">\n\n<div class=\"wp-block-group heading-content-group is-layout-grid wp-container-core-group-is-layout-96b258e4 wp-block-group-is-layout-grid\">\n<h1 class=\"wp-block-heading has-text-align-left heading__title has-primary-color has-text-color has-xx-large-font-size wp-container-content-32a3e683\"><strong>Natexpo 2026 se celebrar\u00e1 en Lyon<\/strong> Eurexpo<\/h1>\n<\/div>\n\n<\/div>\n\t\t\t\t<\/div>\n\t\t\t\t\t\t\t<\/div>\n\t\t<\/div>\n\t<\/div>\n<\/section>\n\n\n<div class=\"wp-block-group has-global-padding is-content-justification-center is-layout-constrained wp-container-core-group-is-layout-b69c3d3e wp-block-group-is-layout-constrained\" style=\"padding-top:var(--wp--preset--spacing--theme-default);padding-bottom:var(--wp--preset--spacing--theme-default)\">\n<h3 class=\"wp-block-heading has-text-align-center\"><strong>\u00bfD\u00f3nde alojarse para Natexpo 2026 en Lyon?<\/strong><\/h3>\n\n\n\n<p>Natexpo 2026 se celebrar\u00e1 en <strong>Eurexpo Lyon los d\u00edas 28 y 29 de septiembre de 2026<\/strong>. Natexpo es una cita ineludible para los profesionales de los productos ecol\u00f3gicos, que re\u00fane a expositores, visitantes, socios y a todos los implicados en el sector ecol\u00f3gico. <\/p>\n\n\n\n<p class=\"has-text-align-left\">Si buscas un hotel para Natexpo en Lyon, lo mejor es elegir un lugar que sea pr\u00e1ctico, c\u00f3modo y agradable para alojarse. En <strong>Les Aubergistes Lyonnais<\/strong>, acogemos a los viajeros en casas c\u00e1lidas y acogedoras, arraigadas en la ciudad y fieles a un esp\u00edritu de sincera hospitalidad. <\/p>\n\n\n\n<figure class=\"wp-block-image aligncenter size-full is-resized\"><img decoding=\"async\" width=\"724\" height=\"1024\" src=\"https:\/\/www.lesaubergisteslyonnais.fr\/wp-content\/uploads\/2026\/04\/Hotel-Natexpo-Lyon-2026.png\" alt=\"Hotel Natexpo Lyon 2026\" class=\"wp-image-9757\" style=\"aspect-ratio:0.7070331229981396;width:318px;height:auto\" srcset=\"https:\/\/www.lesaubergisteslyonnais.fr\/wp-content\/uploads\/2026\/04\/Hotel-Natexpo-Lyon-2026.png 724w, https:\/\/www.lesaubergisteslyonnais.fr\/wp-content\/uploads\/2026\/04\/Hotel-Natexpo-Lyon-2026-424x600.png 424w\" sizes=\"(max-width: 724px) 100vw, 724px\" \/><\/figure>\n<\/div>\n\n<div class=\"wp-block-group has-secondary-background-color has-background has-global-padding is-layout-constrained wp-container-core-group-is-layout-14055b84 wp-block-group-is-layout-constrained\" style=\"padding-top:var(--wp--preset--spacing--theme-default);padding-right:var(--wp--preset--spacing--theme-default);padding-bottom:var(--wp--preset--spacing--theme-default);padding-left:var(--wp--preset--spacing--theme-default)\">\n<h3 class=\"wp-block-heading has-text-align-center\">Elegir un hotel <mark class=\"has-inline-color has-primary-color\">c\u00e9ntrico<\/mark> para Natexpo significa aprovechar las ventajas de :<\/h3>\n\n\n\n<ul class=\"wp-block-list\">\n<li>una ubicaci\u00f3n central<\/li>\n\n\n\n<li>un verdadero descanso despu\u00e9s del espect\u00e1culo<\/li>\n\n\n\n<li>restaurantes y buenas direcciones cerca<\/li>\n\n\n\n<li>un ambiente m\u00e1s c\u00e1lido que un simple alojamiento de paso<\/li>\n<\/ul>\n\n\n\n<ul class=\"wp-block-list\">\n<li>f\u00e1cil acceso a Eurexpo en transporte p\u00fablico o taxi:<\/li>\n<\/ul>\n\n\n\n<p>Metro D -&gt; Tranv\u00eda T5 -&gt; Eurexpo<\/p>\n\n\n\n<p>Tranv\u00eda T2 -&gt; Tranv\u00eda T5 -&gt; Eurexpo<\/p>\n\n\n\n<p>\u00a1Y s\u00f3lo unos 30 &#8211; 40 minutos!<\/p>\n\n\n\n<ul class=\"wp-block-list\"><\/ul>\n\n\n\n<p>Nuestros equipos est\u00e1n siempre a tu disposici\u00f3n para ayudarte.<\/p>\n\n\n\n<div class=\"wp-block-group is-layout-flow wp-block-group-is-layout-flow\">\n<figure class=\"wp-block-image size-full has-custom-border is-style-default wp-duotone-unset-1\"><img decoding=\"async\" width=\"890\" height=\"668\" src=\"https:\/\/www.lesaubergisteslyonnais.fr\/wp-content\/uploads\/2025\/12\/Logement-Eurexpo-edited.png\" alt=\"Alojamiento en Eurexpo\" class=\"wp-image-9447\" style=\"border-style:none;border-width:0px;border-top-left-radius:0px;border-top-right-radius:0px;border-bottom-left-radius:0px;border-bottom-right-radius:0px;aspect-ratio:4\/3;object-fit:cover\" srcset=\"https:\/\/www.lesaubergisteslyonnais.fr\/wp-content\/uploads\/2025\/12\/Logement-Eurexpo-edited.png 890w, https:\/\/www.lesaubergisteslyonnais.fr\/wp-content\/uploads\/2025\/12\/Logement-Eurexpo-edited-600x450.png 600w, https:\/\/www.lesaubergisteslyonnais.fr\/wp-content\/uploads\/2025\/12\/Logement-Eurexpo-edited-768x576.png 768w\" sizes=\"(max-width: 890px) 100vw, 890px\" \/><\/figure>\n<\/div>\n<\/div>\n\n<div class=\"wp-block-group has-global-padding is-content-justification-center is-layout-constrained wp-container-core-group-is-layout-b69c3d3e wp-block-group-is-layout-constrained\" style=\"padding-top:var(--wp--preset--spacing--theme-default);padding-bottom:var(--wp--preset--spacing--theme-default)\">\n<h3 class=\"wp-block-heading has-text-align-center\"><strong>\u00bfPor qu\u00e9 elegir un hotel con <mark class=\"has-inline-color has-primary-color\">Les Aubergistes Lyonnais<\/mark>? <\/strong><\/h3>\n\n\n\n<p>Les Aubergistes Lyonnais son hoteles concebidos como lugares para vivir, prestando especial atenci\u00f3n a la acogida, el entorno y la sencillez de las cosas bellas, y en consonancia directa con los valores y compromisos del sal\u00f3n. Como<strong>Empresa con una Misi\u00f3n<\/strong>, \u00e9ste es el esp\u00edritu que buscan muchos de los viajeros que acuden a Natexpo Lyon. <\/p>\n<\/div>\n\n<div class=\"wp-block-group has-secondary-background-color has-background has-global-padding is-layout-constrained wp-container-core-group-is-layout-14055b84 wp-block-group-is-layout-constrained\" style=\"padding-top:var(--wp--preset--spacing--theme-default);padding-right:var(--wp--preset--spacing--theme-default);padding-bottom:var(--wp--preset--spacing--theme-default);padding-left:var(--wp--preset--spacing--theme-default)\">\n<h3 class=\"wp-block-heading has-text-align-center\"><strong>\u00bfPor qu\u00e9 reservar con antelaci\u00f3n un hotel para Natexpo 2026?<\/strong><\/h3>\n\n\n\n<p class=\"has-text-align-left\">Ya se conocen las fechas de Natexpo 2026: 28 y 29 de septiembre de 2026 en Eurexpo Lyon. Para encontrar un hotel en Lyon para Natexpo, en una zona agradable y con una estancia realmente c\u00f3moda, lo mejor es reservar con antelaci\u00f3n. El sal\u00f3n es profesional, los d\u00edas son ajetreados, y un buen alojamiento suele marcar la diferencia.  <\/p>\n\n\n\n<div class=\"wp-block-group is-layout-flow wp-block-group-is-layout-flow\" style=\"padding-top:0;padding-bottom:0\">\n<div class=\"wp-block-buttons is-content-justification-center is-layout-flex wp-container-core-buttons-is-layout-a89b3969 wp-block-buttons-is-layout-flex\">\n<div class=\"wp-block-button is-style-label-button is-style-label-button--2\"><a class=\"wp-block-button__link wp-element-button\" href=\"https:\/\/www.lesaubergisteslyonnais.fr\/es\/contacto\/\" style=\"border-style:none;border-width:0px\" target=\"_blank\" rel=\"noreferrer noopener\">Reserve<\/a><\/div>\n<\/div>\n<\/div>\n<\/div>\n\n<p class=\"has-secondary-background-color has-background\"><em>Cr\u00e9dito de la foto: Natexpo<\/em><\/p>\n\n<div class=\"wp-block-group has-white-background-color has-background is-content-justification-space-between is-nowrap is-layout-flex wp-container-core-group-is-layout-098ab513 wp-block-group-is-layout-flex\" style=\"padding-top:var(--wp--preset--spacing--theme-m);padding-right:var(--wp--preset--spacing--theme-s);padding-bottom:var(--wp--preset--spacing--theme-m);padding-left:var(--wp--preset--spacing--theme-s)\">\n\n<\/div>\n","protected":false},"excerpt":{"rendered":"<p>Natexpo 2026 en Lyon: una feria de referencia, y la oportunidad ideal para alojarte en un hotel c\u00e1lido, bien situado, comprometido con los profesionales y pensado para ellos.<\/p>\n","protected":false},"author":10,"featured_media":9843,"comment_status":"closed","ping_status":"open","sticky":false,"template":"","format":"standard","meta":{"_acf_changed":false,"inline_featured_image":false,"footnotes":""},"categories":[52],"tags":[],"class_list":["post-9842","post","type-post","status-publish","format-standard","has-post-thumbnail","hentry","category-eventos-en-lyon"],"acf":[],"yoast_head":"<!-- This site is optimized with the Yoast SEO plugin v27.4 - https:\/\/yoast.com\/product\/yoast-seo-wordpress\/ -->\n<title>Natexpo 2026 en Lyon: \u00bfd\u00f3nde alojarse para el sal\u00f3n Natexpo los d\u00edas 28 y 29 de septiembre de 2026? - Les Aubergistes Lyonnais<\/title>\n<meta name=\"description\" content=\"Les Aubergistes Lyonnais - Natexpo 2026 en Lyon: \u00bfd\u00f3nde alojarse para el sal\u00f3n Natexpo los d\u00edas 28 y 29 de septiembre de 2026? . Natexpo 2026 en Lyon: una feria de referencia, y la oportunidad ideal para alojarte en un hotel c\u00e1lido, bien situado, comprometido con los profesionales y pensado para ellos.\" \/>\n<meta name=\"robots\" content=\"index, follow, max-snippet:-1, max-image-preview:large, max-video-preview:-1\" \/>\n<link rel=\"canonical\" href=\"https:\/\/www.lesaubergisteslyonnais.fr\/es\/blog\/natexpo-2026-en-lyon-donde-alojarse-para-el-salon-natexpo-los-dias-28-y-29-de-septiembre-de-2026\/\" \/>\n<meta property=\"og:locale\" content=\"es_ES\" \/>\n<meta property=\"og:type\" content=\"article\" \/>\n<meta property=\"og:title\" content=\"Natexpo 2026 en Lyon: \u00bfd\u00f3nde alojarse para el sal\u00f3n Natexpo los d\u00edas 28 y 29 de septiembre de 2026? - Les Aubergistes Lyonnais\" \/>\n<meta property=\"og:description\" content=\"Les Aubergistes Lyonnais - Natexpo 2026 en Lyon: \u00bfd\u00f3nde alojarse para el sal\u00f3n Natexpo los d\u00edas 28 y 29 de septiembre de 2026? . Natexpo 2026 en Lyon: una feria de referencia, y la oportunidad ideal para alojarte en un hotel c\u00e1lido, bien situado, comprometido con los profesionales y pensado para ellos.\" \/>\n<meta property=\"og:url\" content=\"https:\/\/www.lesaubergisteslyonnais.fr\/es\/blog\/natexpo-2026-en-lyon-donde-alojarse-para-el-salon-natexpo-los-dias-28-y-29-de-septiembre-de-2026\/\" \/>\n<meta property=\"og:site_name\" content=\"Les Aubergistes Lyonnais\" \/>\n<meta property=\"article:published_time\" content=\"2026-04-29T11:12:42+00:00\" \/>\n<meta property=\"article:modified_time\" content=\"2026-04-29T11:13:05+00:00\" \/>\n<meta property=\"og:image\" content=\"https:\/\/www.lesaubergisteslyonnais.fr\/wp-content\/uploads\/2026\/04\/Logement-Natexpo-2026-Lyon.jpg\" \/>\n\t<meta property=\"og:image:width\" content=\"1816\" \/>\n\t<meta property=\"og:image:height\" content=\"1211\" \/>\n\t<meta property=\"og:image:type\" content=\"image\/jpeg\" \/>\n<meta name=\"author\" content=\"mhanne\" \/>\n<meta name=\"twitter:card\" content=\"summary_large_image\" \/>\n<meta name=\"twitter:label1\" content=\"Escrito por\" \/>\n\t<meta name=\"twitter:data1\" content=\"mhanne\" \/>\n\t<meta name=\"twitter:label2\" content=\"Tiempo de lectura\" \/>\n\t<meta name=\"twitter:data2\" content=\"2 minuto\" \/>\n<script type=\"application\/ld+json\" class=\"yoast-schema-graph\">{\"@context\":\"https:\\\/\\\/schema.org\",\"@graph\":[{\"@type\":\"Article\",\"@id\":\"https:\\\/\\\/www.lesaubergisteslyonnais.fr\\\/es\\\/blog\\\/natexpo-2026-en-lyon-donde-alojarse-para-el-salon-natexpo-los-dias-28-y-29-de-septiembre-de-2026\\\/#article\",\"isPartOf\":{\"@id\":\"https:\\\/\\\/www.lesaubergisteslyonnais.fr\\\/es\\\/blog\\\/natexpo-2026-en-lyon-donde-alojarse-para-el-salon-natexpo-los-dias-28-y-29-de-septiembre-de-2026\\\/\"},\"author\":{\"name\":\"mhanne\",\"@id\":\"https:\\\/\\\/www.lesaubergisteslyonnais.fr\\\/es\\\/#\\\/schema\\\/person\\\/c9ad8aaa310cf3773c44da9346226d73\"},\"headline\":\"Natexpo 2026 en Lyon: \u00bfd\u00f3nde alojarse para el sal\u00f3n Natexpo los d\u00edas 28 y 29 de septiembre de 2026?\",\"datePublished\":\"2026-04-29T11:12:42+00:00\",\"dateModified\":\"2026-04-29T11:13:05+00:00\",\"mainEntityOfPage\":{\"@id\":\"https:\\\/\\\/www.lesaubergisteslyonnais.fr\\\/es\\\/blog\\\/natexpo-2026-en-lyon-donde-alojarse-para-el-salon-natexpo-los-dias-28-y-29-de-septiembre-de-2026\\\/\"},\"wordCount\":358,\"publisher\":{\"@id\":\"https:\\\/\\\/www.lesaubergisteslyonnais.fr\\\/es\\\/#organization\"},\"image\":{\"@id\":\"https:\\\/\\\/www.lesaubergisteslyonnais.fr\\\/es\\\/blog\\\/natexpo-2026-en-lyon-donde-alojarse-para-el-salon-natexpo-los-dias-28-y-29-de-septiembre-de-2026\\\/#primaryimage\"},\"thumbnailUrl\":\"https:\\\/\\\/www.lesaubergisteslyonnais.fr\\\/wp-content\\\/uploads\\\/2026\\\/04\\\/Logement-Natexpo-2026-Lyon.jpg\",\"articleSection\":[\"Eventos en Lyon\"],\"inLanguage\":\"es\"},{\"@type\":\"WebPage\",\"@id\":\"https:\\\/\\\/www.lesaubergisteslyonnais.fr\\\/es\\\/blog\\\/natexpo-2026-en-lyon-donde-alojarse-para-el-salon-natexpo-los-dias-28-y-29-de-septiembre-de-2026\\\/\",\"url\":\"https:\\\/\\\/www.lesaubergisteslyonnais.fr\\\/es\\\/blog\\\/natexpo-2026-en-lyon-donde-alojarse-para-el-salon-natexpo-los-dias-28-y-29-de-septiembre-de-2026\\\/\",\"name\":\"Natexpo 2026 en Lyon: \u00bfd\u00f3nde alojarse para el sal\u00f3n Natexpo los d\u00edas 28 y 29 de septiembre de 2026? - Les Aubergistes Lyonnais\",\"isPartOf\":{\"@id\":\"https:\\\/\\\/www.lesaubergisteslyonnais.fr\\\/es\\\/#website\"},\"primaryImageOfPage\":{\"@id\":\"https:\\\/\\\/www.lesaubergisteslyonnais.fr\\\/es\\\/blog\\\/natexpo-2026-en-lyon-donde-alojarse-para-el-salon-natexpo-los-dias-28-y-29-de-septiembre-de-2026\\\/#primaryimage\"},\"image\":{\"@id\":\"https:\\\/\\\/www.lesaubergisteslyonnais.fr\\\/es\\\/blog\\\/natexpo-2026-en-lyon-donde-alojarse-para-el-salon-natexpo-los-dias-28-y-29-de-septiembre-de-2026\\\/#primaryimage\"},\"thumbnailUrl\":\"https:\\\/\\\/www.lesaubergisteslyonnais.fr\\\/wp-content\\\/uploads\\\/2026\\\/04\\\/Logement-Natexpo-2026-Lyon.jpg\",\"datePublished\":\"2026-04-29T11:12:42+00:00\",\"dateModified\":\"2026-04-29T11:13:05+00:00\",\"description\":\"Les Aubergistes Lyonnais - Natexpo 2026 en Lyon: \u00bfd\u00f3nde alojarse para el sal\u00f3n Natexpo los d\u00edas 28 y 29 de septiembre de 2026? . Natexpo 2026 en Lyon: una feria de referencia, y la oportunidad ideal para alojarte en un hotel c\u00e1lido, bien situado, comprometido con los profesionales y pensado para ellos.\",\"breadcrumb\":{\"@id\":\"https:\\\/\\\/www.lesaubergisteslyonnais.fr\\\/es\\\/blog\\\/natexpo-2026-en-lyon-donde-alojarse-para-el-salon-natexpo-los-dias-28-y-29-de-septiembre-de-2026\\\/#breadcrumb\"},\"inLanguage\":\"es\",\"potentialAction\":[{\"@type\":\"ReadAction\",\"target\":[\"https:\\\/\\\/www.lesaubergisteslyonnais.fr\\\/es\\\/blog\\\/natexpo-2026-en-lyon-donde-alojarse-para-el-salon-natexpo-los-dias-28-y-29-de-septiembre-de-2026\\\/\"]}]},{\"@type\":\"ImageObject\",\"inLanguage\":\"es\",\"@id\":\"https:\\\/\\\/www.lesaubergisteslyonnais.fr\\\/es\\\/blog\\\/natexpo-2026-en-lyon-donde-alojarse-para-el-salon-natexpo-los-dias-28-y-29-de-septiembre-de-2026\\\/#primaryimage\",\"url\":\"https:\\\/\\\/www.lesaubergisteslyonnais.fr\\\/wp-content\\\/uploads\\\/2026\\\/04\\\/Logement-Natexpo-2026-Lyon.jpg\",\"contentUrl\":\"https:\\\/\\\/www.lesaubergisteslyonnais.fr\\\/wp-content\\\/uploads\\\/2026\\\/04\\\/Logement-Natexpo-2026-Lyon.jpg\",\"width\":1816,\"height\":1211,\"caption\":\"Alojamiento Natexpo 2026 Lyon\"},{\"@type\":\"BreadcrumbList\",\"@id\":\"https:\\\/\\\/www.lesaubergisteslyonnais.fr\\\/es\\\/blog\\\/natexpo-2026-en-lyon-donde-alojarse-para-el-salon-natexpo-los-dias-28-y-29-de-septiembre-de-2026\\\/#breadcrumb\",\"itemListElement\":[{\"@type\":\"ListItem\",\"position\":1,\"name\":\"Accueil\",\"item\":\"https:\\\/\\\/www.lesaubergisteslyonnais.fr\\\/es\\\/\"},{\"@type\":\"ListItem\",\"position\":2,\"name\":\"Eventos en Lyon\",\"item\":\"https:\\\/\\\/www.lesaubergisteslyonnais.fr\\\/es\\\/blog\\\/eventos-en-lyon\\\/\"},{\"@type\":\"ListItem\",\"position\":3,\"name\":\"Natexpo 2026 en Lyon: \u00bfd\u00f3nde alojarse para el sal\u00f3n Natexpo los d\u00edas 28 y 29 de septiembre de 2026?\"}]},{\"@type\":\"WebSite\",\"@id\":\"https:\\\/\\\/www.lesaubergisteslyonnais.fr\\\/es\\\/#website\",\"url\":\"https:\\\/\\\/www.lesaubergisteslyonnais.fr\\\/es\\\/\",\"name\":\"Globe Cecil\",\"description\":\"\",\"publisher\":{\"@id\":\"https:\\\/\\\/www.lesaubergisteslyonnais.fr\\\/es\\\/#organization\"},\"potentialAction\":[{\"@type\":\"SearchAction\",\"target\":{\"@type\":\"EntryPoint\",\"urlTemplate\":\"https:\\\/\\\/www.lesaubergisteslyonnais.fr\\\/es\\\/?s={search_term_string}\"},\"query-input\":{\"@type\":\"PropertyValueSpecification\",\"valueRequired\":true,\"valueName\":\"search_term_string\"}}],\"inLanguage\":\"es\"},{\"@type\":\"Organization\",\"@id\":\"https:\\\/\\\/www.lesaubergisteslyonnais.fr\\\/es\\\/#organization\",\"name\":\"Globe Cecil\",\"url\":\"https:\\\/\\\/www.lesaubergisteslyonnais.fr\\\/es\\\/\",\"logo\":{\"@type\":\"ImageObject\",\"inLanguage\":\"es\",\"@id\":\"https:\\\/\\\/www.lesaubergisteslyonnais.fr\\\/es\\\/#\\\/schema\\\/logo\\\/image\\\/\",\"url\":\"https:\\\/\\\/www.lesaubergisteslyonnais.fr\\\/wp-content\\\/uploads\\\/2025\\\/05\\\/LOGO-Aubergistes-Lyonnais-White.svg\",\"contentUrl\":\"https:\\\/\\\/www.lesaubergisteslyonnais.fr\\\/wp-content\\\/uploads\\\/2025\\\/05\\\/LOGO-Aubergistes-Lyonnais-White.svg\",\"width\":558,\"height\":127,\"caption\":\"Globe Cecil\"},\"image\":{\"@id\":\"https:\\\/\\\/www.lesaubergisteslyonnais.fr\\\/es\\\/#\\\/schema\\\/logo\\\/image\\\/\"}},{\"@type\":\"Person\",\"@id\":\"https:\\\/\\\/www.lesaubergisteslyonnais.fr\\\/es\\\/#\\\/schema\\\/person\\\/c9ad8aaa310cf3773c44da9346226d73\",\"name\":\"mhanne\",\"image\":{\"@type\":\"ImageObject\",\"inLanguage\":\"es\",\"@id\":\"https:\\\/\\\/secure.gravatar.com\\\/avatar\\\/72d879656aed35d1f15c5fe69b9505b2eab1441915934792d3707a84506bc76a?s=96&d=mm&r=g\",\"url\":\"https:\\\/\\\/secure.gravatar.com\\\/avatar\\\/72d879656aed35d1f15c5fe69b9505b2eab1441915934792d3707a84506bc76a?s=96&d=mm&r=g\",\"contentUrl\":\"https:\\\/\\\/secure.gravatar.com\\\/avatar\\\/72d879656aed35d1f15c5fe69b9505b2eab1441915934792d3707a84506bc76a?s=96&d=mm&r=g\",\"caption\":\"mhanne\"},\"url\":\"https:\\\/\\\/www.lesaubergisteslyonnais.fr\\\/es\\\/author\\\/mhanne\\\/\"}]}<\/script>\n<!-- \/ Yoast SEO plugin. -->","yoast_head_json":{"title":"Natexpo 2026 en Lyon: \u00bfd\u00f3nde alojarse para el sal\u00f3n Natexpo los d\u00edas 28 y 29 de septiembre de 2026? - Les Aubergistes Lyonnais","description":"Les Aubergistes Lyonnais - Natexpo 2026 en Lyon: \u00bfd\u00f3nde alojarse para el sal\u00f3n Natexpo los d\u00edas 28 y 29 de septiembre de 2026? . Natexpo 2026 en Lyon: una feria de referencia, y la oportunidad ideal para alojarte en un hotel c\u00e1lido, bien situado, comprometido con los profesionales y pensado para ellos.","robots":{"index":"index","follow":"follow","max-snippet":"max-snippet:-1","max-image-preview":"max-image-preview:large","max-video-preview":"max-video-preview:-1"},"canonical":"https:\/\/www.lesaubergisteslyonnais.fr\/es\/blog\/natexpo-2026-en-lyon-donde-alojarse-para-el-salon-natexpo-los-dias-28-y-29-de-septiembre-de-2026\/","og_locale":"es_ES","og_type":"article","og_title":"Natexpo 2026 en Lyon: \u00bfd\u00f3nde alojarse para el sal\u00f3n Natexpo los d\u00edas 28 y 29 de septiembre de 2026? - Les Aubergistes Lyonnais","og_description":"Les Aubergistes Lyonnais - Natexpo 2026 en Lyon: \u00bfd\u00f3nde alojarse para el sal\u00f3n Natexpo los d\u00edas 28 y 29 de septiembre de 2026? . Natexpo 2026 en Lyon: una feria de referencia, y la oportunidad ideal para alojarte en un hotel c\u00e1lido, bien situado, comprometido con los profesionales y pensado para ellos.","og_url":"https:\/\/www.lesaubergisteslyonnais.fr\/es\/blog\/natexpo-2026-en-lyon-donde-alojarse-para-el-salon-natexpo-los-dias-28-y-29-de-septiembre-de-2026\/","og_site_name":"Les Aubergistes Lyonnais","article_published_time":"2026-04-29T11:12:42+00:00","article_modified_time":"2026-04-29T11:13:05+00:00","og_image":[{"width":1816,"height":1211,"url":"https:\/\/www.lesaubergisteslyonnais.fr\/wp-content\/uploads\/2026\/04\/Logement-Natexpo-2026-Lyon.jpg","type":"image\/jpeg"}],"author":"mhanne","twitter_card":"summary_large_image","twitter_misc":{"Escrito por":"mhanne","Tiempo de lectura":"2 minuto"},"schema":{"@context":"https:\/\/schema.org","@graph":[{"@type":"Article","@id":"https:\/\/www.lesaubergisteslyonnais.fr\/es\/blog\/natexpo-2026-en-lyon-donde-alojarse-para-el-salon-natexpo-los-dias-28-y-29-de-septiembre-de-2026\/#article","isPartOf":{"@id":"https:\/\/www.lesaubergisteslyonnais.fr\/es\/blog\/natexpo-2026-en-lyon-donde-alojarse-para-el-salon-natexpo-los-dias-28-y-29-de-septiembre-de-2026\/"},"author":{"name":"mhanne","@id":"https:\/\/www.lesaubergisteslyonnais.fr\/es\/#\/schema\/person\/c9ad8aaa310cf3773c44da9346226d73"},"headline":"Natexpo 2026 en Lyon: \u00bfd\u00f3nde alojarse para el sal\u00f3n Natexpo los d\u00edas 28 y 29 de septiembre de 2026?","datePublished":"2026-04-29T11:12:42+00:00","dateModified":"2026-04-29T11:13:05+00:00","mainEntityOfPage":{"@id":"https:\/\/www.lesaubergisteslyonnais.fr\/es\/blog\/natexpo-2026-en-lyon-donde-alojarse-para-el-salon-natexpo-los-dias-28-y-29-de-septiembre-de-2026\/"},"wordCount":358,"publisher":{"@id":"https:\/\/www.lesaubergisteslyonnais.fr\/es\/#organization"},"image":{"@id":"https:\/\/www.lesaubergisteslyonnais.fr\/es\/blog\/natexpo-2026-en-lyon-donde-alojarse-para-el-salon-natexpo-los-dias-28-y-29-de-septiembre-de-2026\/#primaryimage"},"thumbnailUrl":"https:\/\/www.lesaubergisteslyonnais.fr\/wp-content\/uploads\/2026\/04\/Logement-Natexpo-2026-Lyon.jpg","articleSection":["Eventos en Lyon"],"inLanguage":"es"},{"@type":"WebPage","@id":"https:\/\/www.lesaubergisteslyonnais.fr\/es\/blog\/natexpo-2026-en-lyon-donde-alojarse-para-el-salon-natexpo-los-dias-28-y-29-de-septiembre-de-2026\/","url":"https:\/\/www.lesaubergisteslyonnais.fr\/es\/blog\/natexpo-2026-en-lyon-donde-alojarse-para-el-salon-natexpo-los-dias-28-y-29-de-septiembre-de-2026\/","name":"Natexpo 2026 en Lyon: \u00bfd\u00f3nde alojarse para el sal\u00f3n Natexpo los d\u00edas 28 y 29 de septiembre de 2026? - Les Aubergistes Lyonnais","isPartOf":{"@id":"https:\/\/www.lesaubergisteslyonnais.fr\/es\/#website"},"primaryImageOfPage":{"@id":"https:\/\/www.lesaubergisteslyonnais.fr\/es\/blog\/natexpo-2026-en-lyon-donde-alojarse-para-el-salon-natexpo-los-dias-28-y-29-de-septiembre-de-2026\/#primaryimage"},"image":{"@id":"https:\/\/www.lesaubergisteslyonnais.fr\/es\/blog\/natexpo-2026-en-lyon-donde-alojarse-para-el-salon-natexpo-los-dias-28-y-29-de-septiembre-de-2026\/#primaryimage"},"thumbnailUrl":"https:\/\/www.lesaubergisteslyonnais.fr\/wp-content\/uploads\/2026\/04\/Logement-Natexpo-2026-Lyon.jpg","datePublished":"2026-04-29T11:12:42+00:00","dateModified":"2026-04-29T11:13:05+00:00","description":"Les Aubergistes Lyonnais - Natexpo 2026 en Lyon: \u00bfd\u00f3nde alojarse para el sal\u00f3n Natexpo los d\u00edas 28 y 29 de septiembre de 2026? . Natexpo 2026 en Lyon: una feria de referencia, y la oportunidad ideal para alojarte en un hotel c\u00e1lido, bien situado, comprometido con los profesionales y pensado para ellos.","breadcrumb":{"@id":"https:\/\/www.lesaubergisteslyonnais.fr\/es\/blog\/natexpo-2026-en-lyon-donde-alojarse-para-el-salon-natexpo-los-dias-28-y-29-de-septiembre-de-2026\/#breadcrumb"},"inLanguage":"es","potentialAction":[{"@type":"ReadAction","target":["https:\/\/www.lesaubergisteslyonnais.fr\/es\/blog\/natexpo-2026-en-lyon-donde-alojarse-para-el-salon-natexpo-los-dias-28-y-29-de-septiembre-de-2026\/"]}]},{"@type":"ImageObject","inLanguage":"es","@id":"https:\/\/www.lesaubergisteslyonnais.fr\/es\/blog\/natexpo-2026-en-lyon-donde-alojarse-para-el-salon-natexpo-los-dias-28-y-29-de-septiembre-de-2026\/#primaryimage","url":"https:\/\/www.lesaubergisteslyonnais.fr\/wp-content\/uploads\/2026\/04\/Logement-Natexpo-2026-Lyon.jpg","contentUrl":"https:\/\/www.lesaubergisteslyonnais.fr\/wp-content\/uploads\/2026\/04\/Logement-Natexpo-2026-Lyon.jpg","width":1816,"height":1211,"caption":"Alojamiento Natexpo 2026 Lyon"},{"@type":"BreadcrumbList","@id":"https:\/\/www.lesaubergisteslyonnais.fr\/es\/blog\/natexpo-2026-en-lyon-donde-alojarse-para-el-salon-natexpo-los-dias-28-y-29-de-septiembre-de-2026\/#breadcrumb","itemListElement":[{"@type":"ListItem","position":1,"name":"Accueil","item":"https:\/\/www.lesaubergisteslyonnais.fr\/es\/"},{"@type":"ListItem","position":2,"name":"Eventos en Lyon","item":"https:\/\/www.lesaubergisteslyonnais.fr\/es\/blog\/eventos-en-lyon\/"},{"@type":"ListItem","position":3,"name":"Natexpo 2026 en Lyon: \u00bfd\u00f3nde alojarse para el sal\u00f3n Natexpo los d\u00edas 28 y 29 de septiembre de 2026?"}]},{"@type":"WebSite","@id":"https:\/\/www.lesaubergisteslyonnais.fr\/es\/#website","url":"https:\/\/www.lesaubergisteslyonnais.fr\/es\/","name":"Globe Cecil","description":"","publisher":{"@id":"https:\/\/www.lesaubergisteslyonnais.fr\/es\/#organization"},"potentialAction":[{"@type":"SearchAction","target":{"@type":"EntryPoint","urlTemplate":"https:\/\/www.lesaubergisteslyonnais.fr\/es\/?s={search_term_string}"},"query-input":{"@type":"PropertyValueSpecification","valueRequired":true,"valueName":"search_term_string"}}],"inLanguage":"es"},{"@type":"Organization","@id":"https:\/\/www.lesaubergisteslyonnais.fr\/es\/#organization","name":"Globe Cecil","url":"https:\/\/www.lesaubergisteslyonnais.fr\/es\/","logo":{"@type":"ImageObject","inLanguage":"es","@id":"https:\/\/www.lesaubergisteslyonnais.fr\/es\/#\/schema\/logo\/image\/","url":"https:\/\/www.lesaubergisteslyonnais.fr\/wp-content\/uploads\/2025\/05\/LOGO-Aubergistes-Lyonnais-White.svg","contentUrl":"https:\/\/www.lesaubergisteslyonnais.fr\/wp-content\/uploads\/2025\/05\/LOGO-Aubergistes-Lyonnais-White.svg","width":558,"height":127,"caption":"Globe Cecil"},"image":{"@id":"https:\/\/www.lesaubergisteslyonnais.fr\/es\/#\/schema\/logo\/image\/"}},{"@type":"Person","@id":"https:\/\/www.lesaubergisteslyonnais.fr\/es\/#\/schema\/person\/c9ad8aaa310cf3773c44da9346226d73","name":"mhanne","image":{"@type":"ImageObject","inLanguage":"es","@id":"https:\/\/secure.gravatar.com\/avatar\/72d879656aed35d1f15c5fe69b9505b2eab1441915934792d3707a84506bc76a?s=96&d=mm&r=g","url":"https:\/\/secure.gravatar.com\/avatar\/72d879656aed35d1f15c5fe69b9505b2eab1441915934792d3707a84506bc76a?s=96&d=mm&r=g","contentUrl":"https:\/\/secure.gravatar.com\/avatar\/72d879656aed35d1f15c5fe69b9505b2eab1441915934792d3707a84506bc76a?s=96&d=mm&r=g","caption":"mhanne"},"url":"https:\/\/www.lesaubergisteslyonnais.fr\/es\/author\/mhanne\/"}]}},"_links":{"self":[{"href":"https:\/\/www.lesaubergisteslyonnais.fr\/es\/wp-json\/wp\/v2\/posts\/9842","targetHints":{"allow":["GET"]}}],"collection":[{"href":"https:\/\/www.lesaubergisteslyonnais.fr\/es\/wp-json\/wp\/v2\/posts"}],"about":[{"href":"https:\/\/www.lesaubergisteslyonnais.fr\/es\/wp-json\/wp\/v2\/types\/post"}],"author":[{"embeddable":true,"href":"https:\/\/www.lesaubergisteslyonnais.fr\/es\/wp-json\/wp\/v2\/users\/10"}],"replies":[{"embeddable":true,"href":"https:\/\/www.lesaubergisteslyonnais.fr\/es\/wp-json\/wp\/v2\/comments?post=9842"}],"version-history":[{"count":2,"href":"https:\/\/www.lesaubergisteslyonnais.fr\/es\/wp-json\/wp\/v2\/posts\/9842\/revisions"}],"predecessor-version":[{"id":9941,"href":"https:\/\/www.lesaubergisteslyonnais.fr\/es\/wp-json\/wp\/v2\/posts\/9842\/revisions\/9941"}],"wp:featuredmedia":[{"embeddable":true,"href":"https:\/\/www.lesaubergisteslyonnais.fr\/es\/wp-json\/wp\/v2\/media\/9843"}],"wp:attachment":[{"href":"https:\/\/www.lesaubergisteslyonnais.fr\/es\/wp-json\/wp\/v2\/media?parent=9842"}],"wp:term":[{"taxonomy":"category","embeddable":true,"href":"https:\/\/www.lesaubergisteslyonnais.fr\/es\/wp-json\/wp\/v2\/categories?post=9842"},{"taxonomy":"post_tag","embeddable":true,"href":"https:\/\/www.lesaubergisteslyonnais.fr\/es\/wp-json\/wp\/v2\/tags?post=9842"}],"curies":[{"name":"wp","href":"https:\/\/api.w.org\/{rel}","templated":true}]}}