{"id":9659,"date":"2026-02-25T13:40:10","date_gmt":"2026-02-25T12:40:10","guid":{"rendered":"https:\/\/www.lesaubergisteslyonnais.fr\/camino-urbano-de-lyon-29-de-marzo-de-2026\/"},"modified":"2026-04-17T09:26:58","modified_gmt":"2026-04-17T07:26:58","slug":"camino-urbano-de-lyon-29-de-marzo-de-2026","status":"publish","type":"post","link":"https:\/\/www.lesaubergisteslyonnais.fr\/es\/blog\/camino-urbano-de-lyon-29-de-marzo-de-2026\/","title":{"rendered":"Camino Urbano de Lyon 29 de marzo de 2026"},"content":{"rendered":"\n<section class=\"heading wp-elements-cda1b0a69ea08688a5bed17a747083e0 wp-elements-cda1b0a69ea08688a5bed17a747083e0 wp-block-acf-heading has-text-color has-primary-color has-background has-white-100-background-color\">\n\t<div class=\"heading__container\">\n\t\t\t\t\t<div class=\"heading__background-picture\">\n\t\t\t\t<img decoding=\"async\" width=\"2048\" height=\"1360\" src=\"https:\/\/www.lesaubergisteslyonnais.fr\/wp-content\/uploads\/2026\/02\/urban-vintage-8TJbrQGKFyU-unsplash-scaled.jpg\" class=\"attachment-full size-full\" alt=\"sendero urbano de lyon\" fetchpriority=\"high\" srcset=\"https:\/\/www.lesaubergisteslyonnais.fr\/wp-content\/uploads\/2026\/02\/urban-vintage-8TJbrQGKFyU-unsplash-scaled.jpg 2048w, https:\/\/www.lesaubergisteslyonnais.fr\/wp-content\/uploads\/2026\/02\/urban-vintage-8TJbrQGKFyU-unsplash-600x398.jpg 600w, https:\/\/www.lesaubergisteslyonnais.fr\/wp-content\/uploads\/2026\/02\/urban-vintage-8TJbrQGKFyU-unsplash-1400x930.jpg 1400w, https:\/\/www.lesaubergisteslyonnais.fr\/wp-content\/uploads\/2026\/02\/urban-vintage-8TJbrQGKFyU-unsplash-768x510.jpg 768w, https:\/\/www.lesaubergisteslyonnais.fr\/wp-content\/uploads\/2026\/02\/urban-vintage-8TJbrQGKFyU-unsplash-1536x1020.jpg 1536w\" sizes=\"(max-width: 2048px) 100vw, 2048px\" \/>\t\t\t<\/div>\n\t\t\t\t<div class=\"heading__layout\">\n\t\t\t<div class=\"heading__content-wrapper has-white-100-background-color\">\n\t\t\t\t<div class=\"heading__content has-white-100-background-color\">\n\t\t\t\t\t\t\t\t\t<p id=\"breadcrumbs\"><span><span><a href=\"https:\/\/www.lesaubergisteslyonnais.fr\/es\/\">Accueil<\/a><\/span><\/span><\/p>\t\t\t\t\t\t\t\t\t<div class=\"acf-innerblocks-container\">\n\n<div class=\"wp-block-group heading-content-group is-layout-grid wp-container-core-group-is-layout-96b258e4 wp-block-group-is-layout-grid\">\n<h1 class=\"wp-block-heading has-text-align-left heading__title has-primary-color has-text-color has-xx-large-font-size wp-container-content-32a3e683\"><strong>Camino Urbano de Lyon 29 de marzo de 2026<\/strong><\/h1>\n<\/div>\n\n<\/div>\n\t\t\t\t<\/div>\n\t\t\t\t\t\t\t<\/div>\n\t\t<\/div>\n\t<\/div>\n<\/section>\n\n\n<div class=\"wp-block-group has-global-padding is-layout-constrained wp-container-core-group-is-layout-afcd3024 wp-block-group-is-layout-constrained\" style=\"padding-top:var(--wp--preset--spacing--theme-default);padding-bottom:var(--wp--preset--spacing--theme-default)\">\n<h3 class=\"wp-block-heading has-text-align-center\"><strong>\u00bfQu\u00e9 es la Senda Urbana de Lyon?<\/strong><\/h3>\n\n\n\n<p>El 29 de marzo, Lyon se transformar\u00e1 en un parque de aventuras. El Trail Urbano de Lyon no se parece a ninguna otra carrera: aqu\u00ed atravesar\u00e1s una ciudad viva, vertical, a veces exigente, siempre espectacular. Escaleras interminables, calles adoquinadas, pasadizos secretos, subidas empinadas y panoramas impresionantes&#8230; Cada zancada cuenta una historia diferente de la ciudad.  <\/p>\n\n\n\n<p>Tanto si te apuntas a un formato corto como a uno largo, en oto\u00f1o o en invierno, una cosa es cierta: la LUT (para los entendidos) se prepara de forma diferente a los 10 km cl\u00e1sicos.<\/p>\n<\/div>\n\n<div class=\"wp-block-group has-secondary-background-color has-background has-global-padding is-layout-constrained wp-container-core-group-is-layout-14055b84 wp-block-group-is-layout-constrained\" style=\"padding-top:var(--wp--preset--spacing--theme-default);padding-right:var(--wp--preset--spacing--theme-default);padding-bottom:var(--wp--preset--spacing--theme-default);padding-left:var(--wp--preset--spacing--theme-default)\">\n<h3 class=\"wp-block-heading has-text-align-center\"><strong><strong><strong>Una ruta <mark class=\"has-inline-color has-primary-color\">\u00fanica<\/mark>: una mezcla de patrimonio y pendientes<\/strong><\/strong><\/strong><\/h3>\n\n\n\n<p>El itinerario recorre algunos lugares emblem\u00e1ticos: las laderas de la Croix-Rousse, las vertiginosas escaleras que unen los muelles con las alturas, las traboules del Vieux Lyon, los pasajes del coraz\u00f3n del Vieux Lyon, Patrimonio Mundial de la UNESCO, lugares habitualmente cerrados al p\u00fablico (por ejemplo, el interior de una escuela) y las subidas a Fourvi\u00e8re.<\/p>\n\n\n\n<p>El encanto forma parte del reto. Hay frecuentes reinicios, el terreno cambia (adoquines, asfalto, escalones), y la pendiente es a veces sorprendente. Aqu\u00ed no \u00abfijas una hora\u00bb como en otros sitios: vives una experiencia.<\/p>\n\n\n\n<div class=\"wp-block-group is-layout-flow wp-block-group-is-layout-flow\">\n<figure class=\"wp-block-image size-full has-custom-border is-style-default wp-duotone-unset-1\"><img decoding=\"async\" width=\"390\" height=\"259\" src=\"https:\/\/www.lesaubergisteslyonnais.fr\/wp-content\/uploads\/2026\/02\/Capture-decran-2026-02-25-a-13.28.06.png\" alt=\"Captura de pantalla 2026 02 25 a las 13.28.06\" class=\"wp-image-9652\" style=\"border-style:none;border-width:0px;border-top-left-radius:0px;border-top-right-radius:0px;border-bottom-left-radius:0px;border-bottom-right-radius:0px;aspect-ratio:4\/3;object-fit:cover\"\/><figcaption class=\"wp-element-caption\">Foto tomada del sitio web oficial de la Senda Urbana de Lyon.<\/figcaption><\/figure>\n<\/div>\n<\/div>\n\n<div class=\"wp-block-group has-white-background-color has-background has-global-padding is-layout-constrained wp-container-core-group-is-layout-14055b84 wp-block-group-is-layout-constrained\" style=\"padding-top:var(--wp--preset--spacing--theme-default);padding-right:var(--wp--preset--spacing--theme-default);padding-bottom:var(--wp--preset--spacing--theme-default);padding-left:var(--wp--preset--spacing--theme-default)\">\n<h3 class=\"wp-block-heading has-text-align-center\"><strong><strong><strong>Consejos para el \u00e9xito del Camino Urbano de Lyon<\/strong> <\/strong><\/strong><\/h3>\n\n\n\n<p><strong>1. Trabaja previamente la pendiente<\/strong><br\/>Incluye sesiones con escaleras o subidas cortas e intensas. El recorrido del Lyonnais exige mucho a los cu\u00e1driceps, sobre todo en los tramos de bajada. <\/p>\n\n\n\n<p><strong>2. Gestiona tus subidas de forma inteligente<\/strong><br\/>No hay necesidad de intentar correrlo todo. En los tramos largos de escaleras, alterna entre correr y caminar a paso ligero para ahorrar energ\u00eda. <\/p>\n\n\n\n<p><strong>3. Elige bien tu calzado<\/strong><br\/>Es esencial un buen compromiso entre agarre y dinamismo. Los adoquines pueden ser resbaladizos, especialmente en condiciones h\u00famedas. <\/p>\n\n\n\n<p><strong>4. Anticipa la log\u00edstica<\/strong><br\/>Llega pronto, encuentra los puntos de acceso y prev\u00e9 una capa extra para esperar en la salida. Las ma\u00f1anas de finales de marzo en Lyon pueden ser fr\u00edas. <\/p>\n\n\n\n<p><strong>5. Recup\u00e9rate en cuanto llegues<\/strong><br\/>Hidrataci\u00f3n, estiramientos ligeros, marcha activa: la sucesi\u00f3n de tramos cuesta abajo somete a los m\u00fasculos a una gran tensi\u00f3n.<\/p>\n\n\n\n<div class=\"wp-block-group is-layout-flow wp-block-group-is-layout-flow\" style=\"padding-top:0;padding-bottom:0\">\n<figure class=\"wp-block-image size-full\"><img decoding=\"async\" width=\"311\" height=\"466\" src=\"https:\/\/www.lesaubergisteslyonnais.fr\/wp-content\/uploads\/2026\/02\/Capture-decran-2026-02-25-a-13.28.32.png\" alt=\"Captura de pantalla 2026 02 25 a las 13.28.32\" class=\"wp-image-9654\"\/><figcaption class=\"wp-element-caption\">Foto tomada del sitio web oficial de la Senda Urbana de Lyon.<\/figcaption><\/figure>\n<\/div>\n<\/div>\n\n<p><\/p>\n\n<p><\/p>\n\n<div class=\"wp-block-group has-secondary-background-color has-background has-global-padding is-layout-constrained wp-container-core-group-is-layout-14055b84 wp-block-group-is-layout-constrained\" style=\"padding-top:var(--wp--preset--spacing--theme-default);padding-right:var(--wp--preset--spacing--theme-default);padding-bottom:var(--wp--preset--spacing--theme-default);padding-left:var(--wp--preset--spacing--theme-default)\">\n<h3 class=\"wp-block-heading has-text-align-center\"><strong><strong><strong><strong>Un fin de semana <mark class=\"has-inline-color has-primary-color\">deportivo<\/mark> inspirador<\/strong><\/strong><\/strong><\/strong><\/h3>\n\n\n\n<p>Cada a\u00f1o, el Trail Urbano de Lyon atrae a corredores de toda Francia y de otros pa\u00edses. Muchos optan por dedicarle todo un fin de semana: hacer deporte el s\u00e1bado o el domingo, descubrir la ciudad, compartir tiempo con los amigos o la familia.<\/p>\n\n\n\n<p>Correr en Lyon tambi\u00e9n significa mirar hacia arriba, pasear por barrios cargados de historia, sentir la energ\u00eda de una ciudad que no se percibe de un solo vistazo. Pssst: para tu informaci\u00f3n, la carrera nocturna, que se celebra en oto\u00f1o, est\u00e1 plagada de lluvia desde hace algunos a\u00f1os&#8230; Si eres impermeable, \u00a1est\u00e1s bien!<\/p>\n\n\n\n<p>En Aubergistes Lyonnais, disfrutamos especialmente de la emoci\u00f3n de finales de marzo: deportistas apasionados, rutas comentadas en la mesa, relatos de ascensiones heroicas a Fourvi\u00e8re. Puede que no todos corramos el 29 de marzo, pero estaremos encantados de compartir el entusiasmo.<\/p>\n\n\n\n<p>Entonces, \u00bfest\u00e1s preparado para aceptar el reto del Camino Urbano de Lyon 2026?<br\/>Nos vemos en la l\u00ednea de salida, en el hotel, en la mesa y en las calles de Lyon.<\/p>\n\n\n\n<div class=\"wp-block-group is-layout-flow wp-block-group-is-layout-flow\">\n<figure class=\"wp-block-image size-full has-custom-border is-style-default wp-duotone-unset-2\"><img decoding=\"async\" width=\"390\" height=\"260\" src=\"https:\/\/www.lesaubergisteslyonnais.fr\/wp-content\/uploads\/2026\/02\/Capture-decran-2026-02-25-a-13.28.20.png\" alt=\"Captura de pantalla 2026 02 25 a las 13.28.20\" class=\"wp-image-9656\" style=\"border-style:none;border-width:0px;border-top-left-radius:0px;border-top-right-radius:0px;border-bottom-left-radius:0px;border-bottom-right-radius:0px;aspect-ratio:4\/3;object-fit:cover\"\/><figcaption class=\"wp-element-caption\">Foto tomada del sitio web oficial de la Senda Urbana de Lyon.<\/figcaption><\/figure>\n\n\n\n<div class=\"wp-block-group has-global-padding is-layout-constrained wp-container-core-group-is-layout-afcd3024 wp-block-group-is-layout-constrained\" style=\"padding-top:var(--wp--preset--spacing--theme-default);padding-bottom:var(--wp--preset--spacing--theme-default)\">\n<h3 class=\"wp-block-heading has-text-align-center\"><strong>\u00bfD\u00f3nde alojarse durante el Camino Urbano de Lyon?<\/strong><\/h3>\n\n\n\n<p>En nuestros 3 hoteles del centro de la ciudad, podr\u00e1s llegar f\u00e1cilmente a las zonas de salida y disfrutar al mismo tiempo de un ambiente c\u00e1lido y acogedor. Nuestras habitaciones combinan confort y tranquilidad, ideales para una noche de descanso antes de la carrera. El desayuno adecuado, asesoramiento log\u00edstico, horario flexible el fin de semana del evento: sabemos que cada detalle cuenta cuando tienes que colgar un dorsal.<\/p>\n\n\n\n<p><strong>Reservas en directo en nuestros sitios web: https: <\/strong><a href=\"https:\/\/globeetcecilhotel.com\">\/\/globeetcecilhotel.com;<\/a> <a href=\"https:\/\/www.hotel-phenix-lyon.fr\">https:\/\/www.hotel-phenix-lyon.fr;<\/a> <a href=\"https:\/\/www.hotel-simplon-lyon.com\">https:\/\/www.hotel-simplon-lyon.com.<\/a><\/p>\n\n\n\n<p><strong>O escr\u00edbenos para obtener un presupuesto personalizado: reservations@lesaubergisteslyonnais.fr<\/strong><\/p>\n<\/div>\n<\/div>\n<\/div>\n\n<div class=\"wp-block-buttons is-content-justification-center is-layout-flex wp-container-core-buttons-is-layout-a89b3969 wp-block-buttons-is-layout-flex\">\n<div class=\"wp-block-button\"><a class=\"wp-block-button__link wp-element-button\" href=\"https:\/\/lyonurbantrail.com\/\">Sitio web oficial de la Senda Urbana de Lyon<\/a><\/div>\n<\/div>\n\n<div class=\"wp-block-group has-white-background-color has-background is-content-justification-space-between is-nowrap is-layout-flex wp-container-core-group-is-layout-098ab513 wp-block-group-is-layout-flex\" style=\"padding-top:var(--wp--preset--spacing--theme-m);padding-right:var(--wp--preset--spacing--theme-s);padding-bottom:var(--wp--preset--spacing--theme-m);padding-left:var(--wp--preset--spacing--theme-s)\">\n\n<\/div>\n","protected":false},"excerpt":{"rendered":"<p>El Sendero Urbano de Lyon vuelve el 29 de marzo para transformar Lyon en un gran parque de juegos al aire libre. Mucho m\u00e1s que una carrera, este emblem\u00e1tico evento combina un desaf\u00edo deportivo con la oportunidad de descubrir nuestro patrimonio, con sus vertiginosas escaleras, sus traboules secretas y sus espectaculares panoramas. Una cita ineludible para los entusiastas del running que buscan una experiencia urbana tan exigente como inspiradora.<\/p>\n","protected":false},"author":3,"featured_media":9660,"comment_status":"closed","ping_status":"open","sticky":false,"template":"","format":"standard","meta":{"_acf_changed":false,"inline_featured_image":false,"footnotes":""},"categories":[52],"tags":[],"class_list":["post-9659","post","type-post","status-publish","format-standard","has-post-thumbnail","hentry","category-eventos-en-lyon"],"acf":[],"yoast_head":"<!-- This site is optimized with the Yoast SEO plugin v27.4 - https:\/\/yoast.com\/product\/yoast-seo-wordpress\/ -->\n<title>Camino Urbano de Lyon 29 de marzo de 2026 - Les Aubergistes Lyonnais<\/title>\n<meta name=\"description\" content=\"Les Aubergistes Lyonnais - Camino Urbano de Lyon 29 de marzo de 2026 . El Sendero Urbano de Lyon vuelve el 29 de marzo para transformar Lyon en un gran parque de juegos al aire libre. Mucho m\u00e1s que una carrera, este emblem\u00e1tico evento combina un desaf\u00edo deportivo con la oportunidad de descubrir nuestro patrimonio, con sus vertiginosas escaleras, sus traboules secretas y sus espectaculares panoramas. Una cita ineludible para los entusiastas del running que buscan una experiencia urbana tan exigente como inspiradora.\" \/>\n<meta name=\"robots\" content=\"index, follow, max-snippet:-1, max-image-preview:large, max-video-preview:-1\" \/>\n<link rel=\"canonical\" href=\"https:\/\/www.lesaubergisteslyonnais.fr\/es\/blog\/camino-urbano-de-lyon-29-de-marzo-de-2026\/\" \/>\n<meta property=\"og:locale\" content=\"es_ES\" \/>\n<meta property=\"og:type\" content=\"article\" \/>\n<meta property=\"og:title\" content=\"Camino Urbano de Lyon 29 de marzo de 2026 - Les Aubergistes Lyonnais\" \/>\n<meta property=\"og:description\" content=\"Les Aubergistes Lyonnais - Camino Urbano de Lyon 29 de marzo de 2026 . El Sendero Urbano de Lyon vuelve el 29 de marzo para transformar Lyon en un gran parque de juegos al aire libre. Mucho m\u00e1s que una carrera, este emblem\u00e1tico evento combina un desaf\u00edo deportivo con la oportunidad de descubrir nuestro patrimonio, con sus vertiginosas escaleras, sus traboules secretas y sus espectaculares panoramas. Una cita ineludible para los entusiastas del running que buscan una experiencia urbana tan exigente como inspiradora.\" \/>\n<meta property=\"og:url\" content=\"https:\/\/www.lesaubergisteslyonnais.fr\/es\/blog\/camino-urbano-de-lyon-29-de-marzo-de-2026\/\" \/>\n<meta property=\"og:site_name\" content=\"Les Aubergistes Lyonnais\" \/>\n<meta property=\"article:published_time\" content=\"2026-02-25T12:40:10+00:00\" \/>\n<meta property=\"article:modified_time\" content=\"2026-04-17T07:26:58+00:00\" \/>\n<meta property=\"og:image\" content=\"https:\/\/www.lesaubergisteslyonnais.fr\/wp-content\/uploads\/2026\/02\/urban-vintage-8TJbrQGKFyU-unsplash-scaled.jpg\" \/>\n\t<meta property=\"og:image:width\" content=\"2048\" \/>\n\t<meta property=\"og:image:height\" content=\"1360\" \/>\n\t<meta property=\"og:image:type\" content=\"image\/jpeg\" \/>\n<meta name=\"author\" content=\"eluquet\" \/>\n<meta name=\"twitter:card\" content=\"summary_large_image\" \/>\n<meta name=\"twitter:label1\" content=\"Escrito por\" \/>\n\t<meta name=\"twitter:data1\" content=\"eluquet\" \/>\n\t<meta name=\"twitter:label2\" content=\"Tiempo de lectura\" \/>\n\t<meta name=\"twitter:data2\" content=\"3 minuto\" \/>\n<script type=\"application\/ld+json\" class=\"yoast-schema-graph\">{\"@context\":\"https:\\\/\\\/schema.org\",\"@graph\":[{\"@type\":\"Article\",\"@id\":\"https:\\\/\\\/www.lesaubergisteslyonnais.fr\\\/es\\\/blog\\\/camino-urbano-de-lyon-29-de-marzo-de-2026\\\/#article\",\"isPartOf\":{\"@id\":\"https:\\\/\\\/www.lesaubergisteslyonnais.fr\\\/es\\\/blog\\\/camino-urbano-de-lyon-29-de-marzo-de-2026\\\/\"},\"author\":{\"name\":\"eluquet\",\"@id\":\"https:\\\/\\\/www.lesaubergisteslyonnais.fr\\\/es\\\/#\\\/schema\\\/person\\\/e4ac4e9bc69cd2894d15d6ace15a9f68\"},\"headline\":\"Camino Urbano de Lyon 29 de marzo de 2026\",\"datePublished\":\"2026-02-25T12:40:10+00:00\",\"dateModified\":\"2026-04-17T07:26:58+00:00\",\"mainEntityOfPage\":{\"@id\":\"https:\\\/\\\/www.lesaubergisteslyonnais.fr\\\/es\\\/blog\\\/camino-urbano-de-lyon-29-de-marzo-de-2026\\\/\"},\"wordCount\":711,\"publisher\":{\"@id\":\"https:\\\/\\\/www.lesaubergisteslyonnais.fr\\\/es\\\/#organization\"},\"image\":{\"@id\":\"https:\\\/\\\/www.lesaubergisteslyonnais.fr\\\/es\\\/blog\\\/camino-urbano-de-lyon-29-de-marzo-de-2026\\\/#primaryimage\"},\"thumbnailUrl\":\"https:\\\/\\\/www.lesaubergisteslyonnais.fr\\\/wp-content\\\/uploads\\\/2026\\\/02\\\/urban-vintage-8TJbrQGKFyU-unsplash-scaled.jpg\",\"articleSection\":[\"Eventos en Lyon\"],\"inLanguage\":\"es\"},{\"@type\":\"WebPage\",\"@id\":\"https:\\\/\\\/www.lesaubergisteslyonnais.fr\\\/es\\\/blog\\\/camino-urbano-de-lyon-29-de-marzo-de-2026\\\/\",\"url\":\"https:\\\/\\\/www.lesaubergisteslyonnais.fr\\\/es\\\/blog\\\/camino-urbano-de-lyon-29-de-marzo-de-2026\\\/\",\"name\":\"Camino Urbano de Lyon 29 de marzo de 2026 - Les Aubergistes Lyonnais\",\"isPartOf\":{\"@id\":\"https:\\\/\\\/www.lesaubergisteslyonnais.fr\\\/es\\\/#website\"},\"primaryImageOfPage\":{\"@id\":\"https:\\\/\\\/www.lesaubergisteslyonnais.fr\\\/es\\\/blog\\\/camino-urbano-de-lyon-29-de-marzo-de-2026\\\/#primaryimage\"},\"image\":{\"@id\":\"https:\\\/\\\/www.lesaubergisteslyonnais.fr\\\/es\\\/blog\\\/camino-urbano-de-lyon-29-de-marzo-de-2026\\\/#primaryimage\"},\"thumbnailUrl\":\"https:\\\/\\\/www.lesaubergisteslyonnais.fr\\\/wp-content\\\/uploads\\\/2026\\\/02\\\/urban-vintage-8TJbrQGKFyU-unsplash-scaled.jpg\",\"datePublished\":\"2026-02-25T12:40:10+00:00\",\"dateModified\":\"2026-04-17T07:26:58+00:00\",\"description\":\"Les Aubergistes Lyonnais - Camino Urbano de Lyon 29 de marzo de 2026 . El Sendero Urbano de Lyon vuelve el 29 de marzo para transformar Lyon en un gran parque de juegos al aire libre. Mucho m\u00e1s que una carrera, este emblem\u00e1tico evento combina un desaf\u00edo deportivo con la oportunidad de descubrir nuestro patrimonio, con sus vertiginosas escaleras, sus traboules secretas y sus espectaculares panoramas. Una cita ineludible para los entusiastas del running que buscan una experiencia urbana tan exigente como inspiradora.\",\"breadcrumb\":{\"@id\":\"https:\\\/\\\/www.lesaubergisteslyonnais.fr\\\/es\\\/blog\\\/camino-urbano-de-lyon-29-de-marzo-de-2026\\\/#breadcrumb\"},\"inLanguage\":\"es\",\"potentialAction\":[{\"@type\":\"ReadAction\",\"target\":[\"https:\\\/\\\/www.lesaubergisteslyonnais.fr\\\/es\\\/blog\\\/camino-urbano-de-lyon-29-de-marzo-de-2026\\\/\"]}]},{\"@type\":\"ImageObject\",\"inLanguage\":\"es\",\"@id\":\"https:\\\/\\\/www.lesaubergisteslyonnais.fr\\\/es\\\/blog\\\/camino-urbano-de-lyon-29-de-marzo-de-2026\\\/#primaryimage\",\"url\":\"https:\\\/\\\/www.lesaubergisteslyonnais.fr\\\/wp-content\\\/uploads\\\/2026\\\/02\\\/urban-vintage-8TJbrQGKFyU-unsplash-scaled.jpg\",\"contentUrl\":\"https:\\\/\\\/www.lesaubergisteslyonnais.fr\\\/wp-content\\\/uploads\\\/2026\\\/02\\\/urban-vintage-8TJbrQGKFyU-unsplash-scaled.jpg\",\"width\":2048,\"height\":1360,\"caption\":\"sendero urbano de lyon\"},{\"@type\":\"BreadcrumbList\",\"@id\":\"https:\\\/\\\/www.lesaubergisteslyonnais.fr\\\/es\\\/blog\\\/camino-urbano-de-lyon-29-de-marzo-de-2026\\\/#breadcrumb\",\"itemListElement\":[{\"@type\":\"ListItem\",\"position\":1,\"name\":\"Accueil\",\"item\":\"https:\\\/\\\/www.lesaubergisteslyonnais.fr\\\/es\\\/\"},{\"@type\":\"ListItem\",\"position\":2,\"name\":\"Eventos en Lyon\",\"item\":\"https:\\\/\\\/www.lesaubergisteslyonnais.fr\\\/es\\\/blog\\\/eventos-en-lyon\\\/\"},{\"@type\":\"ListItem\",\"position\":3,\"name\":\"Camino Urbano de Lyon 29 de marzo de 2026\"}]},{\"@type\":\"WebSite\",\"@id\":\"https:\\\/\\\/www.lesaubergisteslyonnais.fr\\\/es\\\/#website\",\"url\":\"https:\\\/\\\/www.lesaubergisteslyonnais.fr\\\/es\\\/\",\"name\":\"Globe Cecil\",\"description\":\"\",\"publisher\":{\"@id\":\"https:\\\/\\\/www.lesaubergisteslyonnais.fr\\\/es\\\/#organization\"},\"potentialAction\":[{\"@type\":\"SearchAction\",\"target\":{\"@type\":\"EntryPoint\",\"urlTemplate\":\"https:\\\/\\\/www.lesaubergisteslyonnais.fr\\\/es\\\/?s={search_term_string}\"},\"query-input\":{\"@type\":\"PropertyValueSpecification\",\"valueRequired\":true,\"valueName\":\"search_term_string\"}}],\"inLanguage\":\"es\"},{\"@type\":\"Organization\",\"@id\":\"https:\\\/\\\/www.lesaubergisteslyonnais.fr\\\/es\\\/#organization\",\"name\":\"Globe Cecil\",\"url\":\"https:\\\/\\\/www.lesaubergisteslyonnais.fr\\\/es\\\/\",\"logo\":{\"@type\":\"ImageObject\",\"inLanguage\":\"es\",\"@id\":\"https:\\\/\\\/www.lesaubergisteslyonnais.fr\\\/es\\\/#\\\/schema\\\/logo\\\/image\\\/\",\"url\":\"https:\\\/\\\/www.lesaubergisteslyonnais.fr\\\/wp-content\\\/uploads\\\/2025\\\/05\\\/LOGO-Aubergistes-Lyonnais-White.svg\",\"contentUrl\":\"https:\\\/\\\/www.lesaubergisteslyonnais.fr\\\/wp-content\\\/uploads\\\/2025\\\/05\\\/LOGO-Aubergistes-Lyonnais-White.svg\",\"width\":558,\"height\":127,\"caption\":\"Globe Cecil\"},\"image\":{\"@id\":\"https:\\\/\\\/www.lesaubergisteslyonnais.fr\\\/es\\\/#\\\/schema\\\/logo\\\/image\\\/\"}},{\"@type\":\"Person\",\"@id\":\"https:\\\/\\\/www.lesaubergisteslyonnais.fr\\\/es\\\/#\\\/schema\\\/person\\\/e4ac4e9bc69cd2894d15d6ace15a9f68\",\"name\":\"eluquet\",\"image\":{\"@type\":\"ImageObject\",\"inLanguage\":\"es\",\"@id\":\"https:\\\/\\\/secure.gravatar.com\\\/avatar\\\/442dc35ef11b7d2998eb3e3b34cffb58fb8c292b4147875dabe42b2c036c4d84?s=96&d=mm&r=g\",\"url\":\"https:\\\/\\\/secure.gravatar.com\\\/avatar\\\/442dc35ef11b7d2998eb3e3b34cffb58fb8c292b4147875dabe42b2c036c4d84?s=96&d=mm&r=g\",\"contentUrl\":\"https:\\\/\\\/secure.gravatar.com\\\/avatar\\\/442dc35ef11b7d2998eb3e3b34cffb58fb8c292b4147875dabe42b2c036c4d84?s=96&d=mm&r=g\",\"caption\":\"eluquet\"},\"url\":\"https:\\\/\\\/www.lesaubergisteslyonnais.fr\\\/es\\\/author\\\/eluquet69\\\/\"}]}<\/script>\n<!-- \/ Yoast SEO plugin. -->","yoast_head_json":{"title":"Camino Urbano de Lyon 29 de marzo de 2026 - Les Aubergistes Lyonnais","description":"Les Aubergistes Lyonnais - Camino Urbano de Lyon 29 de marzo de 2026 . El Sendero Urbano de Lyon vuelve el 29 de marzo para transformar Lyon en un gran parque de juegos al aire libre. Mucho m\u00e1s que una carrera, este emblem\u00e1tico evento combina un desaf\u00edo deportivo con la oportunidad de descubrir nuestro patrimonio, con sus vertiginosas escaleras, sus traboules secretas y sus espectaculares panoramas. Una cita ineludible para los entusiastas del running que buscan una experiencia urbana tan exigente como inspiradora.","robots":{"index":"index","follow":"follow","max-snippet":"max-snippet:-1","max-image-preview":"max-image-preview:large","max-video-preview":"max-video-preview:-1"},"canonical":"https:\/\/www.lesaubergisteslyonnais.fr\/es\/blog\/camino-urbano-de-lyon-29-de-marzo-de-2026\/","og_locale":"es_ES","og_type":"article","og_title":"Camino Urbano de Lyon 29 de marzo de 2026 - Les Aubergistes Lyonnais","og_description":"Les Aubergistes Lyonnais - Camino Urbano de Lyon 29 de marzo de 2026 . El Sendero Urbano de Lyon vuelve el 29 de marzo para transformar Lyon en un gran parque de juegos al aire libre. Mucho m\u00e1s que una carrera, este emblem\u00e1tico evento combina un desaf\u00edo deportivo con la oportunidad de descubrir nuestro patrimonio, con sus vertiginosas escaleras, sus traboules secretas y sus espectaculares panoramas. Una cita ineludible para los entusiastas del running que buscan una experiencia urbana tan exigente como inspiradora.","og_url":"https:\/\/www.lesaubergisteslyonnais.fr\/es\/blog\/camino-urbano-de-lyon-29-de-marzo-de-2026\/","og_site_name":"Les Aubergistes Lyonnais","article_published_time":"2026-02-25T12:40:10+00:00","article_modified_time":"2026-04-17T07:26:58+00:00","og_image":[{"width":2048,"height":1360,"url":"https:\/\/www.lesaubergisteslyonnais.fr\/wp-content\/uploads\/2026\/02\/urban-vintage-8TJbrQGKFyU-unsplash-scaled.jpg","type":"image\/jpeg"}],"author":"eluquet","twitter_card":"summary_large_image","twitter_misc":{"Escrito por":"eluquet","Tiempo de lectura":"3 minuto"},"schema":{"@context":"https:\/\/schema.org","@graph":[{"@type":"Article","@id":"https:\/\/www.lesaubergisteslyonnais.fr\/es\/blog\/camino-urbano-de-lyon-29-de-marzo-de-2026\/#article","isPartOf":{"@id":"https:\/\/www.lesaubergisteslyonnais.fr\/es\/blog\/camino-urbano-de-lyon-29-de-marzo-de-2026\/"},"author":{"name":"eluquet","@id":"https:\/\/www.lesaubergisteslyonnais.fr\/es\/#\/schema\/person\/e4ac4e9bc69cd2894d15d6ace15a9f68"},"headline":"Camino Urbano de Lyon 29 de marzo de 2026","datePublished":"2026-02-25T12:40:10+00:00","dateModified":"2026-04-17T07:26:58+00:00","mainEntityOfPage":{"@id":"https:\/\/www.lesaubergisteslyonnais.fr\/es\/blog\/camino-urbano-de-lyon-29-de-marzo-de-2026\/"},"wordCount":711,"publisher":{"@id":"https:\/\/www.lesaubergisteslyonnais.fr\/es\/#organization"},"image":{"@id":"https:\/\/www.lesaubergisteslyonnais.fr\/es\/blog\/camino-urbano-de-lyon-29-de-marzo-de-2026\/#primaryimage"},"thumbnailUrl":"https:\/\/www.lesaubergisteslyonnais.fr\/wp-content\/uploads\/2026\/02\/urban-vintage-8TJbrQGKFyU-unsplash-scaled.jpg","articleSection":["Eventos en Lyon"],"inLanguage":"es"},{"@type":"WebPage","@id":"https:\/\/www.lesaubergisteslyonnais.fr\/es\/blog\/camino-urbano-de-lyon-29-de-marzo-de-2026\/","url":"https:\/\/www.lesaubergisteslyonnais.fr\/es\/blog\/camino-urbano-de-lyon-29-de-marzo-de-2026\/","name":"Camino Urbano de Lyon 29 de marzo de 2026 - Les Aubergistes Lyonnais","isPartOf":{"@id":"https:\/\/www.lesaubergisteslyonnais.fr\/es\/#website"},"primaryImageOfPage":{"@id":"https:\/\/www.lesaubergisteslyonnais.fr\/es\/blog\/camino-urbano-de-lyon-29-de-marzo-de-2026\/#primaryimage"},"image":{"@id":"https:\/\/www.lesaubergisteslyonnais.fr\/es\/blog\/camino-urbano-de-lyon-29-de-marzo-de-2026\/#primaryimage"},"thumbnailUrl":"https:\/\/www.lesaubergisteslyonnais.fr\/wp-content\/uploads\/2026\/02\/urban-vintage-8TJbrQGKFyU-unsplash-scaled.jpg","datePublished":"2026-02-25T12:40:10+00:00","dateModified":"2026-04-17T07:26:58+00:00","description":"Les Aubergistes Lyonnais - Camino Urbano de Lyon 29 de marzo de 2026 . El Sendero Urbano de Lyon vuelve el 29 de marzo para transformar Lyon en un gran parque de juegos al aire libre. Mucho m\u00e1s que una carrera, este emblem\u00e1tico evento combina un desaf\u00edo deportivo con la oportunidad de descubrir nuestro patrimonio, con sus vertiginosas escaleras, sus traboules secretas y sus espectaculares panoramas. Una cita ineludible para los entusiastas del running que buscan una experiencia urbana tan exigente como inspiradora.","breadcrumb":{"@id":"https:\/\/www.lesaubergisteslyonnais.fr\/es\/blog\/camino-urbano-de-lyon-29-de-marzo-de-2026\/#breadcrumb"},"inLanguage":"es","potentialAction":[{"@type":"ReadAction","target":["https:\/\/www.lesaubergisteslyonnais.fr\/es\/blog\/camino-urbano-de-lyon-29-de-marzo-de-2026\/"]}]},{"@type":"ImageObject","inLanguage":"es","@id":"https:\/\/www.lesaubergisteslyonnais.fr\/es\/blog\/camino-urbano-de-lyon-29-de-marzo-de-2026\/#primaryimage","url":"https:\/\/www.lesaubergisteslyonnais.fr\/wp-content\/uploads\/2026\/02\/urban-vintage-8TJbrQGKFyU-unsplash-scaled.jpg","contentUrl":"https:\/\/www.lesaubergisteslyonnais.fr\/wp-content\/uploads\/2026\/02\/urban-vintage-8TJbrQGKFyU-unsplash-scaled.jpg","width":2048,"height":1360,"caption":"sendero urbano de lyon"},{"@type":"BreadcrumbList","@id":"https:\/\/www.lesaubergisteslyonnais.fr\/es\/blog\/camino-urbano-de-lyon-29-de-marzo-de-2026\/#breadcrumb","itemListElement":[{"@type":"ListItem","position":1,"name":"Accueil","item":"https:\/\/www.lesaubergisteslyonnais.fr\/es\/"},{"@type":"ListItem","position":2,"name":"Eventos en Lyon","item":"https:\/\/www.lesaubergisteslyonnais.fr\/es\/blog\/eventos-en-lyon\/"},{"@type":"ListItem","position":3,"name":"Camino Urbano de Lyon 29 de marzo de 2026"}]},{"@type":"WebSite","@id":"https:\/\/www.lesaubergisteslyonnais.fr\/es\/#website","url":"https:\/\/www.lesaubergisteslyonnais.fr\/es\/","name":"Globe Cecil","description":"","publisher":{"@id":"https:\/\/www.lesaubergisteslyonnais.fr\/es\/#organization"},"potentialAction":[{"@type":"SearchAction","target":{"@type":"EntryPoint","urlTemplate":"https:\/\/www.lesaubergisteslyonnais.fr\/es\/?s={search_term_string}"},"query-input":{"@type":"PropertyValueSpecification","valueRequired":true,"valueName":"search_term_string"}}],"inLanguage":"es"},{"@type":"Organization","@id":"https:\/\/www.lesaubergisteslyonnais.fr\/es\/#organization","name":"Globe Cecil","url":"https:\/\/www.lesaubergisteslyonnais.fr\/es\/","logo":{"@type":"ImageObject","inLanguage":"es","@id":"https:\/\/www.lesaubergisteslyonnais.fr\/es\/#\/schema\/logo\/image\/","url":"https:\/\/www.lesaubergisteslyonnais.fr\/wp-content\/uploads\/2025\/05\/LOGO-Aubergistes-Lyonnais-White.svg","contentUrl":"https:\/\/www.lesaubergisteslyonnais.fr\/wp-content\/uploads\/2025\/05\/LOGO-Aubergistes-Lyonnais-White.svg","width":558,"height":127,"caption":"Globe Cecil"},"image":{"@id":"https:\/\/www.lesaubergisteslyonnais.fr\/es\/#\/schema\/logo\/image\/"}},{"@type":"Person","@id":"https:\/\/www.lesaubergisteslyonnais.fr\/es\/#\/schema\/person\/e4ac4e9bc69cd2894d15d6ace15a9f68","name":"eluquet","image":{"@type":"ImageObject","inLanguage":"es","@id":"https:\/\/secure.gravatar.com\/avatar\/442dc35ef11b7d2998eb3e3b34cffb58fb8c292b4147875dabe42b2c036c4d84?s=96&d=mm&r=g","url":"https:\/\/secure.gravatar.com\/avatar\/442dc35ef11b7d2998eb3e3b34cffb58fb8c292b4147875dabe42b2c036c4d84?s=96&d=mm&r=g","contentUrl":"https:\/\/secure.gravatar.com\/avatar\/442dc35ef11b7d2998eb3e3b34cffb58fb8c292b4147875dabe42b2c036c4d84?s=96&d=mm&r=g","caption":"eluquet"},"url":"https:\/\/www.lesaubergisteslyonnais.fr\/es\/author\/eluquet69\/"}]}},"_links":{"self":[{"href":"https:\/\/www.lesaubergisteslyonnais.fr\/es\/wp-json\/wp\/v2\/posts\/9659","targetHints":{"allow":["GET"]}}],"collection":[{"href":"https:\/\/www.lesaubergisteslyonnais.fr\/es\/wp-json\/wp\/v2\/posts"}],"about":[{"href":"https:\/\/www.lesaubergisteslyonnais.fr\/es\/wp-json\/wp\/v2\/types\/post"}],"author":[{"embeddable":true,"href":"https:\/\/www.lesaubergisteslyonnais.fr\/es\/wp-json\/wp\/v2\/users\/3"}],"replies":[{"embeddable":true,"href":"https:\/\/www.lesaubergisteslyonnais.fr\/es\/wp-json\/wp\/v2\/comments?post=9659"}],"version-history":[{"count":5,"href":"https:\/\/www.lesaubergisteslyonnais.fr\/es\/wp-json\/wp\/v2\/posts\/9659\/revisions"}],"predecessor-version":[{"id":9839,"href":"https:\/\/www.lesaubergisteslyonnais.fr\/es\/wp-json\/wp\/v2\/posts\/9659\/revisions\/9839"}],"wp:featuredmedia":[{"embeddable":true,"href":"https:\/\/www.lesaubergisteslyonnais.fr\/es\/wp-json\/wp\/v2\/media\/9660"}],"wp:attachment":[{"href":"https:\/\/www.lesaubergisteslyonnais.fr\/es\/wp-json\/wp\/v2\/media?parent=9659"}],"wp:term":[{"taxonomy":"category","embeddable":true,"href":"https:\/\/www.lesaubergisteslyonnais.fr\/es\/wp-json\/wp\/v2\/categories?post=9659"},{"taxonomy":"post_tag","embeddable":true,"href":"https:\/\/www.lesaubergisteslyonnais.fr\/es\/wp-json\/wp\/v2\/tags?post=9659"}],"curies":[{"name":"wp","href":"https:\/\/api.w.org\/{rel}","templated":true}]}}