{"id":9610,"date":"2026-01-19T16:56:15","date_gmt":"2026-01-19T15:56:15","guid":{"rendered":"https:\/\/www.lesaubergisteslyonnais.fr\/japan-touch-haru-geek-touch-2026-en-lyon\/"},"modified":"2026-04-17T09:26:40","modified_gmt":"2026-04-17T07:26:40","slug":"japan-touch-haru-geek-touch-2026-en-lyon","status":"publish","type":"post","link":"https:\/\/www.lesaubergisteslyonnais.fr\/es\/blog\/japan-touch-haru-geek-touch-2026-en-lyon\/","title":{"rendered":"Japan Touch Haru &amp; Geek Touch 2026 en Lyon"},"content":{"rendered":"\n<section class=\"heading wp-elements-911e253b50780367a09299dc03fb9784 wp-elements-911e253b50780367a09299dc03fb9784 wp-block-acf-heading has-text-color has-primary-color has-background has-white-100-background-color\">\n\t<div class=\"heading__container\">\n\t\t\t\t\t<div class=\"heading__background-picture\">\n\t\t\t\t<img decoding=\"async\" width=\"1020\" height=\"468\" src=\"https:\/\/www.lesaubergisteslyonnais.fr\/wp-content\/uploads\/2025\/12\/japan-touch-haru-2024-nindo64-2-e1767105104541.webp\" class=\"attachment-full size-full\" alt=\"japon touch haru\" fetchpriority=\"high\" srcset=\"https:\/\/www.lesaubergisteslyonnais.fr\/wp-content\/uploads\/2025\/12\/japan-touch-haru-2024-nindo64-2-e1767105104541.webp 1020w, https:\/\/www.lesaubergisteslyonnais.fr\/wp-content\/uploads\/2025\/12\/japan-touch-haru-2024-nindo64-2-e1767105104541-600x275.webp 600w, https:\/\/www.lesaubergisteslyonnais.fr\/wp-content\/uploads\/2025\/12\/japan-touch-haru-2024-nindo64-2-e1767105104541-768x352.webp 768w\" sizes=\"(max-width: 1020px) 100vw, 1020px\" \/>\t\t\t<\/div>\n\t\t\t\t<div class=\"heading__layout\">\n\t\t\t<div class=\"heading__content-wrapper has-white-100-background-color\">\n\t\t\t\t<div class=\"heading__content has-white-100-background-color\">\n\t\t\t\t\t\t\t\t\t<p id=\"breadcrumbs\"><span><span><a href=\"https:\/\/www.lesaubergisteslyonnais.fr\/es\/\">Accueil<\/a><\/span><\/span><\/p>\t\t\t\t\t\t\t\t\t<div class=\"acf-innerblocks-container\">\n\n<div class=\"wp-block-group heading-content-group is-layout-grid wp-container-core-group-is-layout-96b258e4 wp-block-group-is-layout-grid\">\n<h1 class=\"wp-block-heading has-text-align-left heading__title has-primary-color has-text-color has-xx-large-font-size wp-container-content-32a3e683\"><strong>Japan Touch Haru &amp; Geek Touch 2026 en Lyon<\/strong><\/h1>\n<\/div>\n\n<\/div>\n\t\t\t\t<\/div>\n\t\t\t\t\t\t\t<\/div>\n\t\t<\/div>\n\t<\/div>\n<\/section>\n\n\n<div class=\"wp-block-group has-global-padding is-layout-constrained wp-block-group-is-layout-constrained\" style=\"padding-top:var(--wp--preset--spacing--theme-default);padding-bottom:var(--wp--preset--spacing--theme-default)\">\n<h3 class=\"wp-block-heading has-text-align-center\">\u00bfD\u00f3nde puedes alojarte para disfrutar al m\u00e1ximo del espect\u00e1culo?<\/h3>\n\n\n\n<p>Japan Touch Haru &amp; Geek Touch vuelve a Lyon los <strong>d\u00edas 25 y 26 de abril de 2026<\/strong> en <strong>Eurexpo<\/strong>, para un fin de semana dedicado a la cultura pop japonesa, el cosplay, los universos frikis, los juegos y la creatividad.<br\/>Cada a\u00f1o, este evento atrae a miles de aficionados de toda Francia y m\u00e1s all\u00e1.<\/p>\n\n\n\n<p>\u00bfPiensas asistir a la exposici\u00f3n? Elegir un alojamiento bien situado puede transformar tu estancia: ubicaci\u00f3n c\u00e9ntrica, comodidad, accesibilidad, buenas ofertas&#8230;<\/p>\n\n\n\n<p>Tanto si vienes solo, con amigos o en familia, en <strong>Les Aubergistes Lyonnais <\/strong>te damos la bienvenida al coraz\u00f3n de Lyon para que vivas una experiencia c\u00e1lida y pr\u00e1ctica durante todo el fin de semana de Japan Touch &amp; Geek Touch.<\/p>\n<\/div>\n\n<div class=\"wp-block-group has-secondary-background-color has-background has-global-padding is-layout-constrained wp-container-core-group-is-layout-439938c2 wp-block-group-is-layout-constrained\" style=\"padding-top:var(--wp--preset--spacing--theme-default);padding-right:var(--wp--preset--spacing--theme-default);padding-bottom:var(--wp--preset--spacing--theme-default);padding-left:var(--wp--preset--spacing--theme-default)\">\n<h3 class=\"wp-block-heading has-text-align-center\"><strong>\u00bfPor qu\u00e9 elegir un hotel <mark class=\"has-inline-color has-primary-color\">del centro de la ciudad<\/mark> para Japan Touch Haru &amp; Geek Touch?<\/strong><\/h3>\n\n\n\n<p><strong>1. <mark class=\"has-inline-color has-primary-color\">F\u00e1cil acceso <\/mark>al espect\u00e1culo<\/strong><\/p>\n\n\n\n<p>Metro D -&gt; Tranv\u00eda T5 -&gt; Eurexpo  <\/p>\n\n\n\n<p>Tranv\u00eda T2 -&gt; Tranv\u00eda T5 -&gt; Eurexpo<\/p>\n\n\n\n<p>\u00a1Y s\u00f3lo unos 30 &#8211; 40 minutos!<\/p>\n\n\n\n<p><strong>2. <mark class=\"has-inline-color has-primary-color\">La vida en Lyon <\/mark>despu\u00e9s del espect\u00e1culo<\/strong><\/p>\n\n\n\n<ul class=\"wp-block-list\">\n<li>pasea por las animadas calles,<\/li>\n\n\n\n<li>Disfruta de los restaurantes y bouchons de Lyon,  <\/li>\n\n\n\n<li>beber un T\u00e9 de Burbujas,  <\/li>\n\n\n\n<li>Pasea por librer\u00edas de manga, tiendas conceptuales y salones recreativos.<\/li>\n<\/ul>\n\n\n\n<p><\/p>\n\n\n\n<p><strong>3. Un <mark class=\"has-inline-color has-primary-color\">lugar c\u00f3modo<\/mark> para descansar<\/strong><\/p>\n\n\n\n<p>Nuestros hoteles ofrecen un ambiente c\u00e1lido en el que podr\u00e1s <strong>desconectar<\/strong> de verdad tras el ajetreo del espect\u00e1culo.<\/p>\n\n\n\n<div class=\"wp-block-group is-layout-flow wp-block-group-is-layout-flow\">\n<figure class=\"wp-block-image size-full has-custom-border is-style-default wp-duotone-unset-1\"><img decoding=\"async\" width=\"1365\" height=\"2048\" src=\"https:\/\/www.lesaubergisteslyonnais.fr\/wp-content\/uploads\/2025\/12\/IMG_1311-scaled.jpg\" alt=\"Hotel confortable\" class=\"wp-image-9429\" style=\"border-style:none;border-width:0px;border-top-left-radius:0px;border-top-right-radius:0px;border-bottom-left-radius:0px;border-bottom-right-radius:0px;aspect-ratio:4\/3;object-fit:cover\" srcset=\"https:\/\/www.lesaubergisteslyonnais.fr\/wp-content\/uploads\/2025\/12\/IMG_1311-scaled.jpg 1365w, https:\/\/www.lesaubergisteslyonnais.fr\/wp-content\/uploads\/2025\/12\/IMG_1311-400x600.jpg 400w, https:\/\/www.lesaubergisteslyonnais.fr\/wp-content\/uploads\/2025\/12\/IMG_1311-933x1400.jpg 933w, https:\/\/www.lesaubergisteslyonnais.fr\/wp-content\/uploads\/2025\/12\/IMG_1311-768x1152.jpg 768w, https:\/\/www.lesaubergisteslyonnais.fr\/wp-content\/uploads\/2025\/12\/IMG_1311-1024x1536.jpg 1024w\" sizes=\"(max-width: 1365px) 100vw, 1365px\" \/><\/figure>\n<\/div>\n<\/div>\n\n<div class=\"wp-block-group has-white-background-color has-background has-global-padding is-layout-constrained wp-container-core-group-is-layout-439938c2 wp-block-group-is-layout-constrained\" style=\"padding-top:var(--wp--preset--spacing--theme-default);padding-right:var(--wp--preset--spacing--theme-default);padding-bottom:var(--wp--preset--spacing--theme-default);padding-left:var(--wp--preset--spacing--theme-default)\">\n<h3 class=\"wp-block-heading has-text-align-center\"><strong><strong><strong>Buenas ofertas en Lyon durante Japan Touch Haru &amp; Geek Touch<\/strong><\/strong><\/strong>&#8230;  <\/h3>\n\n\n\n<p class=\"has-text-align-center\"><mark class=\"has-inline-color has-primary-color\"><strong>\u00a1y a tiro de piedra de nuestros hoteles!<\/strong><\/mark><\/p>\n\n\n\n<p><\/p>\n\n\n\n<p>1. Tiendas de manga y figuras de acci\u00f3n<\/p>\n\n\n\n<ul class=\"wp-block-list\">\n<li><em>Mangas de momias<\/em> &#8211; <a href=\"https:\/\/www.momie.fr\/bookstore\/show\/7\">https:\/\/www.momie.fr\/bookstore\/show\/7<\/a><\/li>\n<\/ul>\n\n\n\n<ul class=\"wp-block-list\">\n<li><em>Mangarake Lyon<\/em><a href=\"https:\/\/share.google\/q42emPoyljfpAuHhP\"> &#8211; https:\/\/share.google\/q42emPoyljfpAuHhP<\/a><\/li>\n\n\n\n<li><em>MangaLyon<\/em><a href=\"https:\/\/librairielabourse.com\/\"> &#8211; https:\/\/librairielabourse.com\/<\/a><\/li>\n<\/ul>\n\n\n\n<p><\/p>\n\n\n\n<figure class=\"wp-block-image aligncenter size-large is-resized\"><img decoding=\"async\" width=\"933\" height=\"1400\" src=\"https:\/\/www.lesaubergisteslyonnais.fr\/wp-content\/uploads\/2026\/01\/alexander-zalan-sf2RLfR5lVQ-unsplash-933x1400.jpg\" alt=\"alexander zalan sf2RLfR5lVQ unsplash\" class=\"wp-image-9574\" style=\"aspect-ratio:0.6664330413016271;width:223px;height:auto\" srcset=\"https:\/\/www.lesaubergisteslyonnais.fr\/wp-content\/uploads\/2026\/01\/alexander-zalan-sf2RLfR5lVQ-unsplash-933x1400.jpg 933w, https:\/\/www.lesaubergisteslyonnais.fr\/wp-content\/uploads\/2026\/01\/alexander-zalan-sf2RLfR5lVQ-unsplash-400x600.jpg 400w, https:\/\/www.lesaubergisteslyonnais.fr\/wp-content\/uploads\/2026\/01\/alexander-zalan-sf2RLfR5lVQ-unsplash-768x1152.jpg 768w, https:\/\/www.lesaubergisteslyonnais.fr\/wp-content\/uploads\/2026\/01\/alexander-zalan-sf2RLfR5lVQ-unsplash-1024x1536.jpg 1024w, https:\/\/www.lesaubergisteslyonnais.fr\/wp-content\/uploads\/2026\/01\/alexander-zalan-sf2RLfR5lVQ-unsplash-scaled.jpg 1365w\" sizes=\"(max-width: 933px) 100vw, 933px\" \/><\/figure>\n\n\n\n<p><\/p>\n\n\n\n<p>2. T\u00e9 de burbujas y comida callejera japonesa<\/p>\n\n\n\n<ul class=\"wp-block-list\">\n<li><em>Ramen Nishiki<\/em> &#8211; <a href=\"https:\/\/www.nishikiramen69.fr\/\">https:\/\/www.nishikiramen69.fr\/<\/a><\/li>\n\n\n\n<li><em>Fuwa x Fuwa<\/em> &#8211; <a href=\"https:\/\/www.fuwaxfuwa.com\/\">https:\/\/www.fuwaxfuwa.com\/<\/a><\/li>\n\n\n\n<li><em>Sr. Panda<\/em> &#8211; <a href=\"https:\/\/share.google\/AxG09QrpMrGp5H4nG\">https:\/\/share.google\/AxG09QrpMrGp5H4nG<\/a><\/li>\n\n\n\n<li><em>Kamon Shoten<\/em> &#8211; <a href=\"https:\/\/www.kamonshoten.com\/\">https:\/\/www.kamonshoten.com\/<\/a><\/li>\n<\/ul>\n\n\n\n<p><\/p>\n\n\n\n<figure class=\"wp-block-image aligncenter size-large is-resized\"><img decoding=\"async\" width=\"933\" height=\"1400\" src=\"https:\/\/www.lesaubergisteslyonnais.fr\/wp-content\/uploads\/2026\/01\/orimi-protograph-dHQQv-BKTjo-unsplash-933x1400.jpg\" alt=\"orimi protograph dHQQv BKTjo unsplash\" class=\"wp-image-9572\" style=\"aspect-ratio:0.6664330413016271;width:219px;height:auto\" srcset=\"https:\/\/www.lesaubergisteslyonnais.fr\/wp-content\/uploads\/2026\/01\/orimi-protograph-dHQQv-BKTjo-unsplash-933x1400.jpg 933w, https:\/\/www.lesaubergisteslyonnais.fr\/wp-content\/uploads\/2026\/01\/orimi-protograph-dHQQv-BKTjo-unsplash-400x600.jpg 400w, https:\/\/www.lesaubergisteslyonnais.fr\/wp-content\/uploads\/2026\/01\/orimi-protograph-dHQQv-BKTjo-unsplash-768x1152.jpg 768w, https:\/\/www.lesaubergisteslyonnais.fr\/wp-content\/uploads\/2026\/01\/orimi-protograph-dHQQv-BKTjo-unsplash-1024x1536.jpg 1024w, https:\/\/www.lesaubergisteslyonnais.fr\/wp-content\/uploads\/2026\/01\/orimi-protograph-dHQQv-BKTjo-unsplash-scaled.jpg 1365w\" sizes=\"(max-width: 933px) 100vw, 933px\" \/><\/figure>\n\n\n\n<p><\/p>\n\n\n\n<p>3. Universo friki y de juegos<\/p>\n\n\n\n<ul class=\"wp-block-list\">\n<li><em>GameSpirit<\/em> &#8211; <a href=\"https:\/\/www2.gamespirit.fr\/?srsltid=AfmBOoro4VPkibwd_N6Ve-jpochrKgt82Myx6lzEb6oxjYrRVdhZzLqi\">https:\/\/www2.gamespirit.fr\/?srsltid=AfmBOoro4VPkibwd_N6Ve-jpochrKgt82Myx6lzEb6oxjYrRVdhZzLqi<\/a><\/li>\n\n\n\n<li><em>Mundo M\u00e1gico<\/em> &#8211; <a href=\"https:\/\/share.google\/KxxYCXdT8DqmWf76i\">https:\/\/share.google\/KxxYCXdT8DqmWf76i<\/a><\/li>\n<\/ul>\n\n\n\n<p><\/p>\n\n\n\n<p>4. Caminar y relajarse<\/p>\n\n\n\n<ul class=\"wp-block-list\">\n<li><em>Orillas del R\u00f3dano<\/em><\/li>\n\n\n\n<li><em>Quais de Sa\u00f4ne<\/em><\/li>\n\n\n\n<li><em>Viejo Lyon<\/em><\/li>\n\n\n\n<li><em>Parque de la T\u00eate d&#8217;Or<\/em><\/li>\n\n\n\n<li><em>Fourvi\u00e8re<\/em><\/li>\n<\/ul>\n\n\n\n<p><\/p>\n\n\n\n<div class=\"wp-block-group is-layout-flow wp-block-group-is-layout-flow\">\n<figure class=\"wp-block-image aligncenter size-full is-resized\"><img decoding=\"async\" width=\"2048\" height=\"2048\" src=\"https:\/\/www.lesaubergisteslyonnais.fr\/wp-content\/uploads\/2025\/12\/hilderose-7tXcKP5dTPU-unsplash-edited-scaled.jpg\" alt=\"Jap&#xF3;n Toca Haru &amp;amp; Toca Geek Lyon 2026\" class=\"wp-image-9432\" style=\"object-fit:cover;width:300px;height:auto\" srcset=\"https:\/\/www.lesaubergisteslyonnais.fr\/wp-content\/uploads\/2025\/12\/hilderose-7tXcKP5dTPU-unsplash-edited-scaled.jpg 2048w, https:\/\/www.lesaubergisteslyonnais.fr\/wp-content\/uploads\/2025\/12\/hilderose-7tXcKP5dTPU-unsplash-edited-600x600.jpg 600w, https:\/\/www.lesaubergisteslyonnais.fr\/wp-content\/uploads\/2025\/12\/hilderose-7tXcKP5dTPU-unsplash-edited-1400x1400.jpg 1400w, https:\/\/www.lesaubergisteslyonnais.fr\/wp-content\/uploads\/2025\/12\/hilderose-7tXcKP5dTPU-unsplash-edited-300x300.jpg 300w, https:\/\/www.lesaubergisteslyonnais.fr\/wp-content\/uploads\/2025\/12\/hilderose-7tXcKP5dTPU-unsplash-edited-768x768.jpg 768w, https:\/\/www.lesaubergisteslyonnais.fr\/wp-content\/uploads\/2025\/12\/hilderose-7tXcKP5dTPU-unsplash-edited-1536x1536.jpg 1536w\" sizes=\"(max-width: 2048px) 100vw, 2048px\" \/><\/figure>\n<\/div>\n<\/div>\n\n<div class=\"wp-block-group has-secondary-background-color has-background has-global-padding is-layout-constrained wp-container-core-group-is-layout-439938c2 wp-block-group-is-layout-constrained\" style=\"padding-top:var(--wp--preset--spacing--theme-default);padding-right:var(--wp--preset--spacing--theme-default);padding-bottom:var(--wp--preset--spacing--theme-default);padding-left:var(--wp--preset--spacing--theme-default)\">\n<h3 class=\"wp-block-heading has-text-align-center\"><strong>Reserva tu estancia para Japan Touch Haru &amp; Geek Touch 2026<\/strong><\/h3>\n\n\n\n<p><\/p>\n\n\n\n<p>El fin de semana del espect\u00e1culo se agota r\u00e1pidamente cada a\u00f1o.<br\/>Para asegurarte las <strong>mejores tarifas<\/strong> y una ubicaci\u00f3n ideal, \u00a1no esperes a reservar tu habitaci\u00f3n en uno de nuestros hoteles!<\/p>\n\n\n\n<p>Nuestros equipos estar\u00e1n encantados de recibirte y ayudarte a aprovechar al m\u00e1ximo tu fin de semana en Lyon.<\/p>\n\n\n<div class=\"booking-calendar__button-wrapper booking-calendar\" id=\"\">\n    <div class=\"acf-innerblocks-container\">\n\n<div class=\"wp-block-buttons booking-calendar__buttons-group is-content-justification-center is-layout-flex wp-container-core-buttons-is-layout-749adb30 wp-block-buttons-is-layout-flex\">\n<div class=\"wp-block-button booking-calendar__button\"><a class=\"wp-block-button__link has-text-align-left wp-element-button\" href=\"https:\/\/www.lesaubergisteslyonnais.fr\/es\/contacto\/\">Libro<\/a><\/div>\n<\/div>\n\n<\/div>\n<\/div>\n\n<div id=\"\" class=\"booking-calendar__wrapper booking-calendar\" data-hotel-choice=\"hotel-globe-et-cecil\" style=\"background-color: #ffffff;\">\n        <img decoding=\"async\"\n        class=\"booking-calendar__close-button\"\n        src=\"https:\/\/www.lesaubergisteslyonnais.fr\/wp-content\/plugins\/lal-facf-blocks-plugin\/assets\/img\/BTN-X.svg\"\n        alt=\"Fermer la reservation\"\n    >\n    <div class=\"booking-calendar__content-wrapper\" style=\"background-color: #ffffff;\">\n        \t\t         <p class=\"booking-calendar__title\">Seleccione sus fechas<\/p>\n\n        <div id=\"d-edge-widget-container-hotel-globe-et-cecil\"\n             class=\"booking-calendar__widget-container\"\n            >\n            <div id=\"widgets--wrapper\"><\/div>\n        <\/div>\n\t\t\n        <script type=\"application\/json\" class=\"d-edge-config-data\" data-hotel-choice=\"hotel-globe-et-cecil\">\n        {\n    \"params\": [\n        {\n            \"calendar\": {\n                \"firstDayOfWeek\": 1,\n                \"nbMonths2display\": 2,\n                \"title\": \"\",\n                \"showBestPrice\": true,\n                \"showLastRoom\": true,\n                \"showLastRoomThreshold\": 3,\n                \"showMinStayDepartureDates\": true,\n                \"hideControls\": false,\n                \"showChildrenAges\": false,\n                \"themeDark\": false,\n                \"layoutNum\": 2,\n                \"roomRateFiltering\": 0,\n                \"rateFilter\": [],\n                \"roomFilter\": [],\n                \"useLoyalty\": false,\n                \"loyalty\": \"\",\n                \"loyaltyParams\": {},\n                \"useRedirectUrlFromApi\": true,\n                \"daysLookAhead\": 365\n            },\n            \"currency\": \"EUR\",\n            \"locale\": \"es_ES\",\n            \"maxAdults\": 8,\n            \"maxChildren\": 5,\n            \"mainColor\": \"#3C3B3A\",\n            \"themeDark\": false,\n            \"openFrontInNewTab\": true,\n            \"property\": \"2UVH-11609\",\n            \"title\": \"Hotel Globe et Cecil\",\n            \"childrenMaxAge\": 12,\n            \"fbWidget\": \"Calendar\"\n        }\n    ],\n    \"commonParams\": {\n        \"redirectUrl\": \"https:\/\/www.secure-hotel-booking.com\",\n        \"showPropertiesList\": true,\n        \"demoMode\": false,\n        \"frontUrl\": \"https:\/\/www.secure-hotel-booking.com\"\n    },\n    \"_authCode\": \"eyJhbGciOiJIUzUxMiIsInR5cCI6IkpXVCJ9.eyJib29raW5nRW5naW5lUmVmZXJlbmNlIjoiMlVWSCIsImhvdGVsSWQiOiIxMTYwOSIsImdyb3VwSWQiOiI4NDYyIiwicmVmZXJlbmNlUmF0ZUNvZGUiOiJCQVIiLCJkaXNwbGF5TmFtZSI6IkhvdGVsLUdsb2JlLWV0LUNlY2lsIiwibmJmIjoxNzM5NDYzNzA2LCJleHAiOjI1MzQwMjMwMDgwMCwiaWF0IjoxNzM5NDYzNzA2LCJpc3MiOiJBdmFpbHBybyBBUEkgTWFuYWdlciIsImF1ZCI6ImQtZWRnZSJ9.MfpScwDZZAMMQhtQTuVb8_GYWiTyRdNg_KHuHt1OPRqRCZM7E4u7yhIY3nANOeZh1mXrPUubSBL7kRLZvQjPbg\",\n    \"propertyIndex\": 0,\n    \"version\": \"1.35.0\",\n    \"baseHost\": \"https:\/\/websdk.d-edge.com\"\n}        <\/script>\n\n        <script type=\"text\/template\" class=\"consent-script-template\">\n        (function () {\n            function getConsentStatus() {\n                if (window.google_tag_data && window.google_tag_data.ics && window.google_tag_data.ics.entries && window.google_tag_data.ics.entries.ad_storage) {\n                    return window.google_tag_data.ics.entries.ad_storage.update === true ? 'true' : 'false';\n                }\n                return 'false';\n            }\n\n            const originalOpen = window.open;\n            window.open = function (url, name, features) {\n                if (url && url.includes(\"secure-hotel-booking.com\")) {\n                    const newUrl = new URL(url);\n                    newUrl.searchParams.set(\"cmpConsentString\", getConsentStatus());\n                    return originalOpen.call(window, newUrl.toString(), name, features);\n                }\n                return originalOpen.call(window, url, name, features);\n            };\n\n            const originalAssign = window.location.assign;\n            window.location.assign = function (url) {\n                if (url && url.includes(\"secure-hotel-booking.com\")) {\n                    const newUrl = new URL(url, window.location.origin);\n                    newUrl.searchParams.set(\"cmpConsentString\", getConsentStatus());\n                    return originalAssign.call(window.location, newUrl.toString());\n                }\n                return originalAssign.call(window.location, url);\n            };\n\n            const originalHref = Object.getOwnPropertyDescriptor(window.location.__proto__, 'href').set;\n            Object.defineProperty(window.location, 'href', {\n                set: function (url) {\n                    if (url.includes(\"secure-hotel-booking.com\")) {\n                        const newUrl = new URL(url, window.location.origin);\n                        newUrl.searchParams.set(\"cmpConsentString\", getConsentStatus());\n                        return originalHref.call(window.location, newUrl.toString());\n                    }\n                    return originalHref.call(window.location, url);\n                }\n            });\n        })();\n        <\/script>\n    <\/div>\n<\/div>\n<\/div>\n\n<p>Cr\u00e9dito de la foto: Nindo64<\/p>\n\n<div class=\"wp-block-group has-white-background-color has-background is-content-justification-space-between is-nowrap is-layout-flex wp-container-core-group-is-layout-098ab513 wp-block-group-is-layout-flex\" style=\"padding-top:var(--wp--preset--spacing--theme-m);padding-right:var(--wp--preset--spacing--theme-s);padding-bottom:var(--wp--preset--spacing--theme-m);padding-left:var(--wp--preset--spacing--theme-s)\">\n\n<\/div>\n","protected":false},"excerpt":{"rendered":"<p>Japan Touch Haru &amp; Geek Touch vuelve a Lyon para un fin de semana&#8230; \u00bfPor qu\u00e9 no aprovechar la oportunidad de descubrir Lyon aloj\u00e1ndote en un hotel c\u00e1lido y con una ubicaci\u00f3n ideal? <\/p>\n","protected":false},"author":3,"featured_media":9612,"comment_status":"open","ping_status":"open","sticky":false,"template":"","format":"standard","meta":{"_acf_changed":false,"inline_featured_image":false,"footnotes":""},"categories":[52],"tags":[],"class_list":["post-9610","post","type-post","status-publish","format-standard","has-post-thumbnail","hentry","category-eventos-en-lyon"],"acf":[],"yoast_head":"<!-- This site is optimized with the Yoast SEO plugin v27.4 - https:\/\/yoast.com\/product\/yoast-seo-wordpress\/ -->\n<title>Japan Touch Haru &amp; Geek Touch 2026 en Lyon - Les Aubergistes Lyonnais<\/title>\n<meta name=\"description\" content=\"Les Aubergistes Lyonnais - Japan Touch Haru &amp; Geek Touch 2026 en Lyon . Japan Touch Haru &amp; Geek Touch vuelve a Lyon para un fin de semana... \u00bfPor qu\u00e9 no aprovechar la oportunidad de descubrir Lyon aloj\u00e1ndote en un hotel c\u00e1lido y con una ubicaci\u00f3n ideal?\" \/>\n<meta name=\"robots\" content=\"index, follow, max-snippet:-1, max-image-preview:large, max-video-preview:-1\" \/>\n<link rel=\"canonical\" href=\"https:\/\/www.lesaubergisteslyonnais.fr\/es\/blog\/japan-touch-haru-geek-touch-2026-en-lyon\/\" \/>\n<meta property=\"og:locale\" content=\"es_ES\" \/>\n<meta property=\"og:type\" content=\"article\" \/>\n<meta property=\"og:title\" content=\"Japan Touch Haru &amp; Geek Touch 2026 en Lyon - Les Aubergistes Lyonnais\" \/>\n<meta property=\"og:description\" content=\"Les Aubergistes Lyonnais - Japan Touch Haru &amp; Geek Touch 2026 en Lyon . Japan Touch Haru &amp; Geek Touch vuelve a Lyon para un fin de semana... \u00bfPor qu\u00e9 no aprovechar la oportunidad de descubrir Lyon aloj\u00e1ndote en un hotel c\u00e1lido y con una ubicaci\u00f3n ideal?\" \/>\n<meta property=\"og:url\" content=\"https:\/\/www.lesaubergisteslyonnais.fr\/es\/blog\/japan-touch-haru-geek-touch-2026-en-lyon\/\" \/>\n<meta property=\"og:site_name\" content=\"Les Aubergistes Lyonnais\" \/>\n<meta property=\"article:published_time\" content=\"2026-01-19T15:56:15+00:00\" \/>\n<meta property=\"article:modified_time\" content=\"2026-04-17T07:26:40+00:00\" \/>\n<meta property=\"og:image\" content=\"https:\/\/www.lesaubergisteslyonnais.fr\/wp-content\/uploads\/2025\/12\/japan-touch-haru-2024-nindo64-2-e1767105104541.webp\" \/>\n\t<meta property=\"og:image:width\" content=\"1020\" \/>\n\t<meta property=\"og:image:height\" content=\"468\" \/>\n\t<meta property=\"og:image:type\" content=\"image\/webp\" \/>\n<meta name=\"author\" content=\"eluquet\" \/>\n<meta name=\"twitter:card\" content=\"summary_large_image\" \/>\n<meta name=\"twitter:label1\" content=\"Escrito por\" \/>\n\t<meta name=\"twitter:data1\" content=\"eluquet\" \/>\n\t<meta name=\"twitter:label2\" content=\"Tiempo de lectura\" \/>\n\t<meta name=\"twitter:data2\" content=\"2 minuto\" \/>\n<script type=\"application\/ld+json\" class=\"yoast-schema-graph\">{\"@context\":\"https:\\\/\\\/schema.org\",\"@graph\":[{\"@type\":\"Article\",\"@id\":\"https:\\\/\\\/www.lesaubergisteslyonnais.fr\\\/es\\\/blog\\\/japan-touch-haru-geek-touch-2026-en-lyon\\\/#article\",\"isPartOf\":{\"@id\":\"https:\\\/\\\/www.lesaubergisteslyonnais.fr\\\/es\\\/blog\\\/japan-touch-haru-geek-touch-2026-en-lyon\\\/\"},\"author\":{\"name\":\"eluquet\",\"@id\":\"https:\\\/\\\/www.lesaubergisteslyonnais.fr\\\/es\\\/#\\\/schema\\\/person\\\/e4ac4e9bc69cd2894d15d6ace15a9f68\"},\"headline\":\"Japan Touch Haru &amp; Geek Touch 2026 en Lyon\",\"datePublished\":\"2026-01-19T15:56:15+00:00\",\"dateModified\":\"2026-04-17T07:26:40+00:00\",\"mainEntityOfPage\":{\"@id\":\"https:\\\/\\\/www.lesaubergisteslyonnais.fr\\\/es\\\/blog\\\/japan-touch-haru-geek-touch-2026-en-lyon\\\/\"},\"wordCount\":479,\"commentCount\":0,\"publisher\":{\"@id\":\"https:\\\/\\\/www.lesaubergisteslyonnais.fr\\\/es\\\/#organization\"},\"image\":{\"@id\":\"https:\\\/\\\/www.lesaubergisteslyonnais.fr\\\/es\\\/blog\\\/japan-touch-haru-geek-touch-2026-en-lyon\\\/#primaryimage\"},\"thumbnailUrl\":\"https:\\\/\\\/www.lesaubergisteslyonnais.fr\\\/wp-content\\\/uploads\\\/2025\\\/12\\\/japan-touch-haru-2024-nindo64-2-e1767105104541.webp\",\"articleSection\":[\"Eventos en Lyon\"],\"inLanguage\":\"es\",\"potentialAction\":[{\"@type\":\"CommentAction\",\"name\":\"Comment\",\"target\":[\"https:\\\/\\\/www.lesaubergisteslyonnais.fr\\\/es\\\/blog\\\/japan-touch-haru-geek-touch-2026-en-lyon\\\/#respond\"]}]},{\"@type\":\"WebPage\",\"@id\":\"https:\\\/\\\/www.lesaubergisteslyonnais.fr\\\/es\\\/blog\\\/japan-touch-haru-geek-touch-2026-en-lyon\\\/\",\"url\":\"https:\\\/\\\/www.lesaubergisteslyonnais.fr\\\/es\\\/blog\\\/japan-touch-haru-geek-touch-2026-en-lyon\\\/\",\"name\":\"Japan Touch Haru &amp; Geek Touch 2026 en Lyon - Les Aubergistes Lyonnais\",\"isPartOf\":{\"@id\":\"https:\\\/\\\/www.lesaubergisteslyonnais.fr\\\/es\\\/#website\"},\"primaryImageOfPage\":{\"@id\":\"https:\\\/\\\/www.lesaubergisteslyonnais.fr\\\/es\\\/blog\\\/japan-touch-haru-geek-touch-2026-en-lyon\\\/#primaryimage\"},\"image\":{\"@id\":\"https:\\\/\\\/www.lesaubergisteslyonnais.fr\\\/es\\\/blog\\\/japan-touch-haru-geek-touch-2026-en-lyon\\\/#primaryimage\"},\"thumbnailUrl\":\"https:\\\/\\\/www.lesaubergisteslyonnais.fr\\\/wp-content\\\/uploads\\\/2025\\\/12\\\/japan-touch-haru-2024-nindo64-2-e1767105104541.webp\",\"datePublished\":\"2026-01-19T15:56:15+00:00\",\"dateModified\":\"2026-04-17T07:26:40+00:00\",\"description\":\"Les Aubergistes Lyonnais - Japan Touch Haru &amp; Geek Touch 2026 en Lyon . Japan Touch Haru &amp; Geek Touch vuelve a Lyon para un fin de semana... \u00bfPor qu\u00e9 no aprovechar la oportunidad de descubrir Lyon aloj\u00e1ndote en un hotel c\u00e1lido y con una ubicaci\u00f3n ideal?\",\"breadcrumb\":{\"@id\":\"https:\\\/\\\/www.lesaubergisteslyonnais.fr\\\/es\\\/blog\\\/japan-touch-haru-geek-touch-2026-en-lyon\\\/#breadcrumb\"},\"inLanguage\":\"es\",\"potentialAction\":[{\"@type\":\"ReadAction\",\"target\":[\"https:\\\/\\\/www.lesaubergisteslyonnais.fr\\\/es\\\/blog\\\/japan-touch-haru-geek-touch-2026-en-lyon\\\/\"]}]},{\"@type\":\"ImageObject\",\"inLanguage\":\"es\",\"@id\":\"https:\\\/\\\/www.lesaubergisteslyonnais.fr\\\/es\\\/blog\\\/japan-touch-haru-geek-touch-2026-en-lyon\\\/#primaryimage\",\"url\":\"https:\\\/\\\/www.lesaubergisteslyonnais.fr\\\/wp-content\\\/uploads\\\/2025\\\/12\\\/japan-touch-haru-2024-nindo64-2-e1767105104541.webp\",\"contentUrl\":\"https:\\\/\\\/www.lesaubergisteslyonnais.fr\\\/wp-content\\\/uploads\\\/2025\\\/12\\\/japan-touch-haru-2024-nindo64-2-e1767105104541.webp\",\"width\":1020,\"height\":468,\"caption\":\"Cr\u00e9dito de la foto: japan touch haru - Nindo64\"},{\"@type\":\"BreadcrumbList\",\"@id\":\"https:\\\/\\\/www.lesaubergisteslyonnais.fr\\\/es\\\/blog\\\/japan-touch-haru-geek-touch-2026-en-lyon\\\/#breadcrumb\",\"itemListElement\":[{\"@type\":\"ListItem\",\"position\":1,\"name\":\"Accueil\",\"item\":\"https:\\\/\\\/www.lesaubergisteslyonnais.fr\\\/es\\\/\"},{\"@type\":\"ListItem\",\"position\":2,\"name\":\"Eventos en Lyon\",\"item\":\"https:\\\/\\\/www.lesaubergisteslyonnais.fr\\\/es\\\/blog\\\/eventos-en-lyon\\\/\"},{\"@type\":\"ListItem\",\"position\":3,\"name\":\"Japan Touch Haru &amp; Geek Touch 2026 en Lyon\"}]},{\"@type\":\"WebSite\",\"@id\":\"https:\\\/\\\/www.lesaubergisteslyonnais.fr\\\/es\\\/#website\",\"url\":\"https:\\\/\\\/www.lesaubergisteslyonnais.fr\\\/es\\\/\",\"name\":\"Globe Cecil\",\"description\":\"\",\"publisher\":{\"@id\":\"https:\\\/\\\/www.lesaubergisteslyonnais.fr\\\/es\\\/#organization\"},\"potentialAction\":[{\"@type\":\"SearchAction\",\"target\":{\"@type\":\"EntryPoint\",\"urlTemplate\":\"https:\\\/\\\/www.lesaubergisteslyonnais.fr\\\/es\\\/?s={search_term_string}\"},\"query-input\":{\"@type\":\"PropertyValueSpecification\",\"valueRequired\":true,\"valueName\":\"search_term_string\"}}],\"inLanguage\":\"es\"},{\"@type\":\"Organization\",\"@id\":\"https:\\\/\\\/www.lesaubergisteslyonnais.fr\\\/es\\\/#organization\",\"name\":\"Globe Cecil\",\"url\":\"https:\\\/\\\/www.lesaubergisteslyonnais.fr\\\/es\\\/\",\"logo\":{\"@type\":\"ImageObject\",\"inLanguage\":\"es\",\"@id\":\"https:\\\/\\\/www.lesaubergisteslyonnais.fr\\\/es\\\/#\\\/schema\\\/logo\\\/image\\\/\",\"url\":\"https:\\\/\\\/www.lesaubergisteslyonnais.fr\\\/wp-content\\\/uploads\\\/2025\\\/05\\\/LOGO-Aubergistes-Lyonnais-White.svg\",\"contentUrl\":\"https:\\\/\\\/www.lesaubergisteslyonnais.fr\\\/wp-content\\\/uploads\\\/2025\\\/05\\\/LOGO-Aubergistes-Lyonnais-White.svg\",\"width\":558,\"height\":127,\"caption\":\"Globe Cecil\"},\"image\":{\"@id\":\"https:\\\/\\\/www.lesaubergisteslyonnais.fr\\\/es\\\/#\\\/schema\\\/logo\\\/image\\\/\"}},{\"@type\":\"Person\",\"@id\":\"https:\\\/\\\/www.lesaubergisteslyonnais.fr\\\/es\\\/#\\\/schema\\\/person\\\/e4ac4e9bc69cd2894d15d6ace15a9f68\",\"name\":\"eluquet\",\"image\":{\"@type\":\"ImageObject\",\"inLanguage\":\"es\",\"@id\":\"https:\\\/\\\/secure.gravatar.com\\\/avatar\\\/442dc35ef11b7d2998eb3e3b34cffb58fb8c292b4147875dabe42b2c036c4d84?s=96&d=mm&r=g\",\"url\":\"https:\\\/\\\/secure.gravatar.com\\\/avatar\\\/442dc35ef11b7d2998eb3e3b34cffb58fb8c292b4147875dabe42b2c036c4d84?s=96&d=mm&r=g\",\"contentUrl\":\"https:\\\/\\\/secure.gravatar.com\\\/avatar\\\/442dc35ef11b7d2998eb3e3b34cffb58fb8c292b4147875dabe42b2c036c4d84?s=96&d=mm&r=g\",\"caption\":\"eluquet\"},\"url\":\"https:\\\/\\\/www.lesaubergisteslyonnais.fr\\\/es\\\/author\\\/eluquet69\\\/\"}]}<\/script>\n<!-- \/ Yoast SEO plugin. -->","yoast_head_json":{"title":"Japan Touch Haru &amp; Geek Touch 2026 en Lyon - Les Aubergistes Lyonnais","description":"Les Aubergistes Lyonnais - Japan Touch Haru &amp; Geek Touch 2026 en Lyon . Japan Touch Haru &amp; Geek Touch vuelve a Lyon para un fin de semana... \u00bfPor qu\u00e9 no aprovechar la oportunidad de descubrir Lyon aloj\u00e1ndote en un hotel c\u00e1lido y con una ubicaci\u00f3n ideal?","robots":{"index":"index","follow":"follow","max-snippet":"max-snippet:-1","max-image-preview":"max-image-preview:large","max-video-preview":"max-video-preview:-1"},"canonical":"https:\/\/www.lesaubergisteslyonnais.fr\/es\/blog\/japan-touch-haru-geek-touch-2026-en-lyon\/","og_locale":"es_ES","og_type":"article","og_title":"Japan Touch Haru &amp; Geek Touch 2026 en Lyon - Les Aubergistes Lyonnais","og_description":"Les Aubergistes Lyonnais - Japan Touch Haru &amp; Geek Touch 2026 en Lyon . Japan Touch Haru &amp; Geek Touch vuelve a Lyon para un fin de semana... \u00bfPor qu\u00e9 no aprovechar la oportunidad de descubrir Lyon aloj\u00e1ndote en un hotel c\u00e1lido y con una ubicaci\u00f3n ideal?","og_url":"https:\/\/www.lesaubergisteslyonnais.fr\/es\/blog\/japan-touch-haru-geek-touch-2026-en-lyon\/","og_site_name":"Les Aubergistes Lyonnais","article_published_time":"2026-01-19T15:56:15+00:00","article_modified_time":"2026-04-17T07:26:40+00:00","og_image":[{"width":1020,"height":468,"url":"https:\/\/www.lesaubergisteslyonnais.fr\/wp-content\/uploads\/2025\/12\/japan-touch-haru-2024-nindo64-2-e1767105104541.webp","type":"image\/webp"}],"author":"eluquet","twitter_card":"summary_large_image","twitter_misc":{"Escrito por":"eluquet","Tiempo de lectura":"2 minuto"},"schema":{"@context":"https:\/\/schema.org","@graph":[{"@type":"Article","@id":"https:\/\/www.lesaubergisteslyonnais.fr\/es\/blog\/japan-touch-haru-geek-touch-2026-en-lyon\/#article","isPartOf":{"@id":"https:\/\/www.lesaubergisteslyonnais.fr\/es\/blog\/japan-touch-haru-geek-touch-2026-en-lyon\/"},"author":{"name":"eluquet","@id":"https:\/\/www.lesaubergisteslyonnais.fr\/es\/#\/schema\/person\/e4ac4e9bc69cd2894d15d6ace15a9f68"},"headline":"Japan Touch Haru &amp; Geek Touch 2026 en Lyon","datePublished":"2026-01-19T15:56:15+00:00","dateModified":"2026-04-17T07:26:40+00:00","mainEntityOfPage":{"@id":"https:\/\/www.lesaubergisteslyonnais.fr\/es\/blog\/japan-touch-haru-geek-touch-2026-en-lyon\/"},"wordCount":479,"commentCount":0,"publisher":{"@id":"https:\/\/www.lesaubergisteslyonnais.fr\/es\/#organization"},"image":{"@id":"https:\/\/www.lesaubergisteslyonnais.fr\/es\/blog\/japan-touch-haru-geek-touch-2026-en-lyon\/#primaryimage"},"thumbnailUrl":"https:\/\/www.lesaubergisteslyonnais.fr\/wp-content\/uploads\/2025\/12\/japan-touch-haru-2024-nindo64-2-e1767105104541.webp","articleSection":["Eventos en Lyon"],"inLanguage":"es","potentialAction":[{"@type":"CommentAction","name":"Comment","target":["https:\/\/www.lesaubergisteslyonnais.fr\/es\/blog\/japan-touch-haru-geek-touch-2026-en-lyon\/#respond"]}]},{"@type":"WebPage","@id":"https:\/\/www.lesaubergisteslyonnais.fr\/es\/blog\/japan-touch-haru-geek-touch-2026-en-lyon\/","url":"https:\/\/www.lesaubergisteslyonnais.fr\/es\/blog\/japan-touch-haru-geek-touch-2026-en-lyon\/","name":"Japan Touch Haru &amp; Geek Touch 2026 en Lyon - Les Aubergistes Lyonnais","isPartOf":{"@id":"https:\/\/www.lesaubergisteslyonnais.fr\/es\/#website"},"primaryImageOfPage":{"@id":"https:\/\/www.lesaubergisteslyonnais.fr\/es\/blog\/japan-touch-haru-geek-touch-2026-en-lyon\/#primaryimage"},"image":{"@id":"https:\/\/www.lesaubergisteslyonnais.fr\/es\/blog\/japan-touch-haru-geek-touch-2026-en-lyon\/#primaryimage"},"thumbnailUrl":"https:\/\/www.lesaubergisteslyonnais.fr\/wp-content\/uploads\/2025\/12\/japan-touch-haru-2024-nindo64-2-e1767105104541.webp","datePublished":"2026-01-19T15:56:15+00:00","dateModified":"2026-04-17T07:26:40+00:00","description":"Les Aubergistes Lyonnais - Japan Touch Haru &amp; Geek Touch 2026 en Lyon . Japan Touch Haru &amp; Geek Touch vuelve a Lyon para un fin de semana... \u00bfPor qu\u00e9 no aprovechar la oportunidad de descubrir Lyon aloj\u00e1ndote en un hotel c\u00e1lido y con una ubicaci\u00f3n ideal?","breadcrumb":{"@id":"https:\/\/www.lesaubergisteslyonnais.fr\/es\/blog\/japan-touch-haru-geek-touch-2026-en-lyon\/#breadcrumb"},"inLanguage":"es","potentialAction":[{"@type":"ReadAction","target":["https:\/\/www.lesaubergisteslyonnais.fr\/es\/blog\/japan-touch-haru-geek-touch-2026-en-lyon\/"]}]},{"@type":"ImageObject","inLanguage":"es","@id":"https:\/\/www.lesaubergisteslyonnais.fr\/es\/blog\/japan-touch-haru-geek-touch-2026-en-lyon\/#primaryimage","url":"https:\/\/www.lesaubergisteslyonnais.fr\/wp-content\/uploads\/2025\/12\/japan-touch-haru-2024-nindo64-2-e1767105104541.webp","contentUrl":"https:\/\/www.lesaubergisteslyonnais.fr\/wp-content\/uploads\/2025\/12\/japan-touch-haru-2024-nindo64-2-e1767105104541.webp","width":1020,"height":468,"caption":"Cr\u00e9dito de la foto: japan touch haru - Nindo64"},{"@type":"BreadcrumbList","@id":"https:\/\/www.lesaubergisteslyonnais.fr\/es\/blog\/japan-touch-haru-geek-touch-2026-en-lyon\/#breadcrumb","itemListElement":[{"@type":"ListItem","position":1,"name":"Accueil","item":"https:\/\/www.lesaubergisteslyonnais.fr\/es\/"},{"@type":"ListItem","position":2,"name":"Eventos en Lyon","item":"https:\/\/www.lesaubergisteslyonnais.fr\/es\/blog\/eventos-en-lyon\/"},{"@type":"ListItem","position":3,"name":"Japan Touch Haru &amp; Geek Touch 2026 en Lyon"}]},{"@type":"WebSite","@id":"https:\/\/www.lesaubergisteslyonnais.fr\/es\/#website","url":"https:\/\/www.lesaubergisteslyonnais.fr\/es\/","name":"Globe Cecil","description":"","publisher":{"@id":"https:\/\/www.lesaubergisteslyonnais.fr\/es\/#organization"},"potentialAction":[{"@type":"SearchAction","target":{"@type":"EntryPoint","urlTemplate":"https:\/\/www.lesaubergisteslyonnais.fr\/es\/?s={search_term_string}"},"query-input":{"@type":"PropertyValueSpecification","valueRequired":true,"valueName":"search_term_string"}}],"inLanguage":"es"},{"@type":"Organization","@id":"https:\/\/www.lesaubergisteslyonnais.fr\/es\/#organization","name":"Globe Cecil","url":"https:\/\/www.lesaubergisteslyonnais.fr\/es\/","logo":{"@type":"ImageObject","inLanguage":"es","@id":"https:\/\/www.lesaubergisteslyonnais.fr\/es\/#\/schema\/logo\/image\/","url":"https:\/\/www.lesaubergisteslyonnais.fr\/wp-content\/uploads\/2025\/05\/LOGO-Aubergistes-Lyonnais-White.svg","contentUrl":"https:\/\/www.lesaubergisteslyonnais.fr\/wp-content\/uploads\/2025\/05\/LOGO-Aubergistes-Lyonnais-White.svg","width":558,"height":127,"caption":"Globe Cecil"},"image":{"@id":"https:\/\/www.lesaubergisteslyonnais.fr\/es\/#\/schema\/logo\/image\/"}},{"@type":"Person","@id":"https:\/\/www.lesaubergisteslyonnais.fr\/es\/#\/schema\/person\/e4ac4e9bc69cd2894d15d6ace15a9f68","name":"eluquet","image":{"@type":"ImageObject","inLanguage":"es","@id":"https:\/\/secure.gravatar.com\/avatar\/442dc35ef11b7d2998eb3e3b34cffb58fb8c292b4147875dabe42b2c036c4d84?s=96&d=mm&r=g","url":"https:\/\/secure.gravatar.com\/avatar\/442dc35ef11b7d2998eb3e3b34cffb58fb8c292b4147875dabe42b2c036c4d84?s=96&d=mm&r=g","contentUrl":"https:\/\/secure.gravatar.com\/avatar\/442dc35ef11b7d2998eb3e3b34cffb58fb8c292b4147875dabe42b2c036c4d84?s=96&d=mm&r=g","caption":"eluquet"},"url":"https:\/\/www.lesaubergisteslyonnais.fr\/es\/author\/eluquet69\/"}]}},"_links":{"self":[{"href":"https:\/\/www.lesaubergisteslyonnais.fr\/es\/wp-json\/wp\/v2\/posts\/9610","targetHints":{"allow":["GET"]}}],"collection":[{"href":"https:\/\/www.lesaubergisteslyonnais.fr\/es\/wp-json\/wp\/v2\/posts"}],"about":[{"href":"https:\/\/www.lesaubergisteslyonnais.fr\/es\/wp-json\/wp\/v2\/types\/post"}],"author":[{"embeddable":true,"href":"https:\/\/www.lesaubergisteslyonnais.fr\/es\/wp-json\/wp\/v2\/users\/3"}],"replies":[{"embeddable":true,"href":"https:\/\/www.lesaubergisteslyonnais.fr\/es\/wp-json\/wp\/v2\/comments?post=9610"}],"version-history":[{"count":2,"href":"https:\/\/www.lesaubergisteslyonnais.fr\/es\/wp-json\/wp\/v2\/posts\/9610\/revisions"}],"predecessor-version":[{"id":9822,"href":"https:\/\/www.lesaubergisteslyonnais.fr\/es\/wp-json\/wp\/v2\/posts\/9610\/revisions\/9822"}],"wp:featuredmedia":[{"embeddable":true,"href":"https:\/\/www.lesaubergisteslyonnais.fr\/es\/wp-json\/wp\/v2\/media\/9612"}],"wp:attachment":[{"href":"https:\/\/www.lesaubergisteslyonnais.fr\/es\/wp-json\/wp\/v2\/media?parent=9610"}],"wp:term":[{"taxonomy":"category","embeddable":true,"href":"https:\/\/www.lesaubergisteslyonnais.fr\/es\/wp-json\/wp\/v2\/categories?post=9610"},{"taxonomy":"post_tag","embeddable":true,"href":"https:\/\/www.lesaubergisteslyonnais.fr\/es\/wp-json\/wp\/v2\/tags?post=9610"}],"curies":[{"name":"wp","href":"https:\/\/api.w.org\/{rel}","templated":true}]}}