{"id":9487,"date":"2026-01-08T17:15:17","date_gmt":"2026-01-08T16:15:17","guid":{"rendered":"https:\/\/www.lesaubergisteslyonnais.fr\/eurobois-2026-en-lyon-donde-alojarse-durante-eurobois-del-3-al-6-de-febrero\/"},"modified":"2026-04-17T09:26:41","modified_gmt":"2026-04-17T07:26:41","slug":"eurobois-2026-en-lyon-donde-alojarse-durante-eurobois-del-3-al-6-de-febrero","status":"publish","type":"post","link":"https:\/\/www.lesaubergisteslyonnais.fr\/es\/blog\/eurobois-2026-en-lyon-donde-alojarse-durante-eurobois-del-3-al-6-de-febrero\/","title":{"rendered":"Eurobois 2026 en Lyon: \u00bfd\u00f3nde alojarse durante Eurobois del 3 al 6 de febrero?"},"content":{"rendered":"\n<section class=\"heading wp-elements-ec467b82b17b71ea0ba7bda4c9faa665 wp-elements-ec467b82b17b71ea0ba7bda4c9faa665 wp-block-acf-heading has-text-color has-primary-color has-background has-white-100-background-color\">\n\t<div class=\"heading__container\">\n\t\t\t\t\t<div class=\"heading__background-picture\">\n\t\t\t\t<img decoding=\"async\" width=\"1200\" height=\"611\" src=\"https:\/\/www.lesaubergisteslyonnais.fr\/wp-content\/uploads\/2025\/12\/EurexpoLyon\u00a9IngridMoya_HD_3.jpg\" class=\"attachment-full size-full\" alt=\"Ferias CTCO y C!Print Lyon 2026\" fetchpriority=\"high\" srcset=\"https:\/\/www.lesaubergisteslyonnais.fr\/wp-content\/uploads\/2025\/12\/EurexpoLyon\u00a9IngridMoya_HD_3.jpg 1200w, https:\/\/www.lesaubergisteslyonnais.fr\/wp-content\/uploads\/2025\/12\/EurexpoLyon\u00a9IngridMoya_HD_3-600x306.jpg 600w, https:\/\/www.lesaubergisteslyonnais.fr\/wp-content\/uploads\/2025\/12\/EurexpoLyon\u00a9IngridMoya_HD_3-768x391.jpg 768w\" sizes=\"(max-width: 1200px) 100vw, 1200px\" \/>\t\t\t<\/div>\n\t\t\t\t<div class=\"heading__layout\">\n\t\t\t<div class=\"heading__content-wrapper has-white-100-background-color\">\n\t\t\t\t<div class=\"heading__content has-white-100-background-color\">\n\t\t\t\t\t\t\t\t\t<p id=\"breadcrumbs\"><span><span><a href=\"https:\/\/www.lesaubergisteslyonnais.fr\/es\/\">Accueil<\/a><\/span><\/span><\/p>\t\t\t\t\t\t\t\t\t<div class=\"acf-innerblocks-container\">\n\n<div class=\"wp-block-group heading-content-group is-layout-grid wp-container-core-group-is-layout-96b258e4 wp-block-group-is-layout-grid\">\n<h1 class=\"wp-block-heading has-text-align-left heading__title has-primary-color has-text-color has-xx-large-font-size wp-container-content-32a3e683\"><strong>Eurobois 2026 en Lyon<\/strong><\/h1>\n<\/div>\n\n<\/div>\n\t\t\t\t<\/div>\n\t\t\t\t\t\t\t<\/div>\n\t\t<\/div>\n\t<\/div>\n<\/section>\n\n\n<div class=\"wp-block-group has-global-padding is-layout-constrained wp-container-core-group-is-layout-afcd3024 wp-block-group-is-layout-constrained\" style=\"padding-top:var(--wp--preset--spacing--theme-default);padding-bottom:var(--wp--preset--spacing--theme-default)\">\n<h3 class=\"wp-block-heading has-text-align-center\"><strong>\u00bfD\u00f3nde alojarse durante Eurobois del 3 al 6 de febrero?<\/strong><\/h3>\n\n\n\n<p>El sal\u00f3n Eurobois <strong>2026<\/strong> se celebrar\u00e1 en <strong>Lyon Eurexpo<\/strong> del <strong>3 al 6 de febrero de 2026<\/strong>.<br\/>Evento de referencia para los profesionales de la carpinter\u00eda, ebanister\u00eda, herrajes, construcci\u00f3n en madera y transformaci\u00f3n de materiales, el sal\u00f3n Eurobois atrae cada a\u00f1o a miles de expositores y visitantes de toda Francia y Europa.<\/p>\n\n\n\n<p>Si participas en el sal\u00f3n Eurobois de Lyon, elegir el alojamiento adecuado es esencial si quieres que tu estancia sea eficaz y agradable.<br\/>En <strong>Les Aubergistes Lyonnais<\/strong>, damos la bienvenida a los viajeros de negocios en hoteles c\u00e1lidos y confortables, idealmente situados en el coraz\u00f3n de Lyon.<\/p>\n<\/div>\n\n<div class=\"wp-block-group has-secondary-background-color has-background has-global-padding is-layout-constrained wp-container-core-group-is-layout-14055b84 wp-block-group-is-layout-constrained\" style=\"padding-top:var(--wp--preset--spacing--theme-default);padding-right:var(--wp--preset--spacing--theme-default);padding-bottom:var(--wp--preset--spacing--theme-default);padding-left:var(--wp--preset--spacing--theme-default)\">\n<h3 class=\"wp-block-heading has-text-align-center\"><strong><strong>\u00bfPor qu\u00e9 alojarse en <mark class=\"has-inline-color has-primary-color\">el centro de la ciudad<\/mark> durante la feria Eurobois?<\/strong><\/strong><\/h3>\n\n\n\n<p>Aunque Eurobois se celebra en Eurexpo, dormir en el centro de Lyon te permite combinar eficacia y comodidad:<\/p>\n\n\n\n<ul class=\"wp-block-list\">\n<li>f\u00e1cil acceso a Eurexpo en transporte p\u00fablico o taxi:<\/li>\n<\/ul>\n\n\n\n<p>Metro D -&gt; Tranv\u00eda T5 -&gt; Eurexpo<\/p>\n\n\n\n<p>Tranv\u00eda T2 -&gt; Tranv\u00eda T5 -&gt; Eurexpo<\/p>\n\n\n\n<p>\u00a1Y s\u00f3lo unos 30 &#8211; 40 minutos!<\/p>\n\n\n\n<ul class=\"wp-block-list\">\n<li>una vuelta a la calma tras los d\u00edas de exhibici\u00f3n,<\/li>\n\n\n\n<li>Muy cerca de restaurantes y barrios animados.<\/li>\n<\/ul>\n\n\n\n<p>Nuestros equipos est\u00e1n siempre a tu disposici\u00f3n para ayudarte.<\/p>\n\n\n\n<p>Un verdadero plus para hacer de tu estancia en Eurobois Lyon una experiencia inolvidable.<\/p>\n\n\n\n<div class=\"wp-block-group is-layout-flow wp-block-group-is-layout-flow\">\n<figure class=\"wp-block-image size-full has-custom-border is-style-default wp-duotone-unset-1\"><img decoding=\"async\" width=\"890\" height=\"668\" src=\"https:\/\/www.lesaubergisteslyonnais.fr\/wp-content\/uploads\/2025\/12\/Logement-Eurexpo-edited.png\" alt=\"Alojamiento en Eurexpo\" class=\"wp-image-9447\" style=\"border-style:none;border-width:0px;border-top-left-radius:0px;border-top-right-radius:0px;border-bottom-left-radius:0px;border-bottom-right-radius:0px;aspect-ratio:4\/3;object-fit:cover\" srcset=\"https:\/\/www.lesaubergisteslyonnais.fr\/wp-content\/uploads\/2025\/12\/Logement-Eurexpo-edited.png 890w, https:\/\/www.lesaubergisteslyonnais.fr\/wp-content\/uploads\/2025\/12\/Logement-Eurexpo-edited-600x450.png 600w, https:\/\/www.lesaubergisteslyonnais.fr\/wp-content\/uploads\/2025\/12\/Logement-Eurexpo-edited-768x576.png 768w\" sizes=\"(max-width: 890px) 100vw, 890px\" \/><\/figure>\n<\/div>\n<\/div>\n\n<div class=\"wp-block-group has-white-background-color has-background has-global-padding is-layout-constrained wp-container-core-group-is-layout-14055b84 wp-block-group-is-layout-constrained\" style=\"padding-top:var(--wp--preset--spacing--theme-default);padding-right:var(--wp--preset--spacing--theme-default);padding-bottom:var(--wp--preset--spacing--theme-default);padding-left:var(--wp--preset--spacing--theme-default)\">\n<h3 class=\"wp-block-heading has-text-align-center\"><strong><strong>Reserva tu hotel para la feria Eurobois de Lyon  <\/strong><\/strong><\/h3>\n\n\n\n<p>El sal\u00f3n <strong>Eurobois 2026<\/strong> atrae a un gran n\u00famero de profesionales y los hoteles se llenan r\u00e1pidamente durante este periodo.<br\/>Anticipa tu estancia y aprovecha un alojamiento c\u00e1lido y c\u00e9ntrico.<\/p>\n\n\n\n<div class=\"wp-block-group is-layout-flow wp-block-group-is-layout-flow\" style=\"padding-top:0;padding-bottom:0\">\n<div class=\"wp-block-buttons is-content-justification-center is-layout-flex wp-container-core-buttons-is-layout-a89b3969 wp-block-buttons-is-layout-flex\">\n<div class=\"wp-block-button is-style-label-button is-style-label-button--2\"><a class=\"wp-block-button__link wp-element-button\" href=\"https:\/\/www.lesaubergisteslyonnais.fr\/es\/contacto\/\" style=\"border-style:none;border-width:0px\" target=\"_blank\" rel=\"noreferrer noopener\">Reserve<\/a><\/div>\n<\/div>\n<\/div>\n<\/div>\n\n<p><em>Cr\u00e9dito de la foto: GL events<\/em><\/p>\n\n<div class=\"wp-block-group has-white-100-background-color has-background is-content-justification-space-between is-nowrap is-layout-flex wp-container-core-group-is-layout-098ab513 wp-block-group-is-layout-flex\" style=\"padding-top:var(--wp--preset--spacing--theme-m);padding-right:var(--wp--preset--spacing--theme-s);padding-bottom:var(--wp--preset--spacing--theme-m);padding-left:var(--wp--preset--spacing--theme-s)\">\n\n<\/div>\n","protected":false},"excerpt":{"rendered":"<p>Eurobois en Lyon: un sal\u00f3n de referencia, y la ocasi\u00f3n ideal para alojarse en un hotel c\u00e1lido, bien situado y pensado para los profesionales.<\/p>\n","protected":false},"author":3,"featured_media":9592,"comment_status":"closed","ping_status":"open","sticky":false,"template":"","format":"standard","meta":{"_acf_changed":false,"inline_featured_image":false,"footnotes":""},"categories":[52],"tags":[],"class_list":["post-9487","post","type-post","status-publish","format-standard","has-post-thumbnail","hentry","category-eventos-en-lyon"],"acf":[],"yoast_head":"<!-- This site is optimized with the Yoast SEO plugin v27.4 - https:\/\/yoast.com\/product\/yoast-seo-wordpress\/ -->\n<title>Eurobois 2026 en Lyon: \u00bfd\u00f3nde alojarse durante Eurobois del 3 al 6 de febrero? - Les Aubergistes Lyonnais<\/title>\n<meta name=\"description\" content=\"Les Aubergistes Lyonnais - Eurobois 2026 en Lyon: \u00bfd\u00f3nde alojarse durante Eurobois del 3 al 6 de febrero? . Eurobois en Lyon: un sal\u00f3n de referencia, y la ocasi\u00f3n ideal para alojarse en un hotel c\u00e1lido, bien situado y pensado para los profesionales.\" \/>\n<meta name=\"robots\" content=\"index, follow, max-snippet:-1, max-image-preview:large, max-video-preview:-1\" \/>\n<link rel=\"canonical\" href=\"https:\/\/www.lesaubergisteslyonnais.fr\/es\/blog\/eurobois-2026-en-lyon-donde-alojarse-durante-eurobois-del-3-al-6-de-febrero\/\" \/>\n<meta property=\"og:locale\" content=\"es_ES\" \/>\n<meta property=\"og:type\" content=\"article\" \/>\n<meta property=\"og:title\" content=\"Eurobois 2026 en Lyon: \u00bfd\u00f3nde alojarse durante Eurobois del 3 al 6 de febrero? - Les Aubergistes Lyonnais\" \/>\n<meta property=\"og:description\" content=\"Les Aubergistes Lyonnais - Eurobois 2026 en Lyon: \u00bfd\u00f3nde alojarse durante Eurobois del 3 al 6 de febrero? . Eurobois en Lyon: un sal\u00f3n de referencia, y la ocasi\u00f3n ideal para alojarse en un hotel c\u00e1lido, bien situado y pensado para los profesionales.\" \/>\n<meta property=\"og:url\" content=\"https:\/\/www.lesaubergisteslyonnais.fr\/es\/blog\/eurobois-2026-en-lyon-donde-alojarse-durante-eurobois-del-3-al-6-de-febrero\/\" \/>\n<meta property=\"og:site_name\" content=\"Les Aubergistes Lyonnais\" \/>\n<meta property=\"article:published_time\" content=\"2026-01-08T16:15:17+00:00\" \/>\n<meta property=\"article:modified_time\" content=\"2026-04-17T07:26:41+00:00\" \/>\n<meta property=\"og:image\" content=\"https:\/\/www.lesaubergisteslyonnais.fr\/wp-content\/uploads\/2026\/01\/EUROBOIS-2026-Les-Aubergistes-Lyonnais.jpg\" \/>\n\t<meta property=\"og:image:width\" content=\"1920\" \/>\n\t<meta property=\"og:image:height\" content=\"1080\" \/>\n\t<meta property=\"og:image:type\" content=\"image\/jpeg\" \/>\n<meta name=\"author\" content=\"eluquet\" \/>\n<meta name=\"twitter:card\" content=\"summary_large_image\" \/>\n<meta name=\"twitter:label1\" content=\"Escrito por\" \/>\n\t<meta name=\"twitter:data1\" content=\"eluquet\" \/>\n\t<meta name=\"twitter:label2\" content=\"Tiempo de lectura\" \/>\n\t<meta name=\"twitter:data2\" content=\"1 minuto\" \/>\n<script type=\"application\/ld+json\" class=\"yoast-schema-graph\">{\"@context\":\"https:\\\/\\\/schema.org\",\"@graph\":[{\"@type\":\"Article\",\"@id\":\"https:\\\/\\\/www.lesaubergisteslyonnais.fr\\\/es\\\/blog\\\/eurobois-2026-en-lyon-donde-alojarse-durante-eurobois-del-3-al-6-de-febrero\\\/#article\",\"isPartOf\":{\"@id\":\"https:\\\/\\\/www.lesaubergisteslyonnais.fr\\\/es\\\/blog\\\/eurobois-2026-en-lyon-donde-alojarse-durante-eurobois-del-3-al-6-de-febrero\\\/\"},\"author\":{\"name\":\"eluquet\",\"@id\":\"https:\\\/\\\/www.lesaubergisteslyonnais.fr\\\/es\\\/#\\\/schema\\\/person\\\/e4ac4e9bc69cd2894d15d6ace15a9f68\"},\"headline\":\"Eurobois 2026 en Lyon: \u00bfd\u00f3nde alojarse durante Eurobois del 3 al 6 de febrero?\",\"datePublished\":\"2026-01-08T16:15:17+00:00\",\"dateModified\":\"2026-04-17T07:26:41+00:00\",\"mainEntityOfPage\":{\"@id\":\"https:\\\/\\\/www.lesaubergisteslyonnais.fr\\\/es\\\/blog\\\/eurobois-2026-en-lyon-donde-alojarse-durante-eurobois-del-3-al-6-de-febrero\\\/\"},\"wordCount\":293,\"publisher\":{\"@id\":\"https:\\\/\\\/www.lesaubergisteslyonnais.fr\\\/es\\\/#organization\"},\"image\":{\"@id\":\"https:\\\/\\\/www.lesaubergisteslyonnais.fr\\\/es\\\/blog\\\/eurobois-2026-en-lyon-donde-alojarse-durante-eurobois-del-3-al-6-de-febrero\\\/#primaryimage\"},\"thumbnailUrl\":\"https:\\\/\\\/www.lesaubergisteslyonnais.fr\\\/wp-content\\\/uploads\\\/2026\\\/01\\\/EUROBOIS-2026-Les-Aubergistes-Lyonnais.jpg\",\"articleSection\":[\"Eventos en Lyon\"],\"inLanguage\":\"es\"},{\"@type\":\"WebPage\",\"@id\":\"https:\\\/\\\/www.lesaubergisteslyonnais.fr\\\/es\\\/blog\\\/eurobois-2026-en-lyon-donde-alojarse-durante-eurobois-del-3-al-6-de-febrero\\\/\",\"url\":\"https:\\\/\\\/www.lesaubergisteslyonnais.fr\\\/es\\\/blog\\\/eurobois-2026-en-lyon-donde-alojarse-durante-eurobois-del-3-al-6-de-febrero\\\/\",\"name\":\"Eurobois 2026 en Lyon: \u00bfd\u00f3nde alojarse durante Eurobois del 3 al 6 de febrero? - Les Aubergistes Lyonnais\",\"isPartOf\":{\"@id\":\"https:\\\/\\\/www.lesaubergisteslyonnais.fr\\\/es\\\/#website\"},\"primaryImageOfPage\":{\"@id\":\"https:\\\/\\\/www.lesaubergisteslyonnais.fr\\\/es\\\/blog\\\/eurobois-2026-en-lyon-donde-alojarse-durante-eurobois-del-3-al-6-de-febrero\\\/#primaryimage\"},\"image\":{\"@id\":\"https:\\\/\\\/www.lesaubergisteslyonnais.fr\\\/es\\\/blog\\\/eurobois-2026-en-lyon-donde-alojarse-durante-eurobois-del-3-al-6-de-febrero\\\/#primaryimage\"},\"thumbnailUrl\":\"https:\\\/\\\/www.lesaubergisteslyonnais.fr\\\/wp-content\\\/uploads\\\/2026\\\/01\\\/EUROBOIS-2026-Les-Aubergistes-Lyonnais.jpg\",\"datePublished\":\"2026-01-08T16:15:17+00:00\",\"dateModified\":\"2026-04-17T07:26:41+00:00\",\"description\":\"Les Aubergistes Lyonnais - Eurobois 2026 en Lyon: \u00bfd\u00f3nde alojarse durante Eurobois del 3 al 6 de febrero? . Eurobois en Lyon: un sal\u00f3n de referencia, y la ocasi\u00f3n ideal para alojarse en un hotel c\u00e1lido, bien situado y pensado para los profesionales.\",\"breadcrumb\":{\"@id\":\"https:\\\/\\\/www.lesaubergisteslyonnais.fr\\\/es\\\/blog\\\/eurobois-2026-en-lyon-donde-alojarse-durante-eurobois-del-3-al-6-de-febrero\\\/#breadcrumb\"},\"inLanguage\":\"es\",\"potentialAction\":[{\"@type\":\"ReadAction\",\"target\":[\"https:\\\/\\\/www.lesaubergisteslyonnais.fr\\\/es\\\/blog\\\/eurobois-2026-en-lyon-donde-alojarse-durante-eurobois-del-3-al-6-de-febrero\\\/\"]}]},{\"@type\":\"ImageObject\",\"inLanguage\":\"es\",\"@id\":\"https:\\\/\\\/www.lesaubergisteslyonnais.fr\\\/es\\\/blog\\\/eurobois-2026-en-lyon-donde-alojarse-durante-eurobois-del-3-al-6-de-febrero\\\/#primaryimage\",\"url\":\"https:\\\/\\\/www.lesaubergisteslyonnais.fr\\\/wp-content\\\/uploads\\\/2026\\\/01\\\/EUROBOIS-2026-Les-Aubergistes-Lyonnais.jpg\",\"contentUrl\":\"https:\\\/\\\/www.lesaubergisteslyonnais.fr\\\/wp-content\\\/uploads\\\/2026\\\/01\\\/EUROBOIS-2026-Les-Aubergistes-Lyonnais.jpg\",\"width\":1920,\"height\":1080,\"caption\":\"EUROBOIS 2026 Les Aubergistes Lyonnais\"},{\"@type\":\"BreadcrumbList\",\"@id\":\"https:\\\/\\\/www.lesaubergisteslyonnais.fr\\\/es\\\/blog\\\/eurobois-2026-en-lyon-donde-alojarse-durante-eurobois-del-3-al-6-de-febrero\\\/#breadcrumb\",\"itemListElement\":[{\"@type\":\"ListItem\",\"position\":1,\"name\":\"Accueil\",\"item\":\"https:\\\/\\\/www.lesaubergisteslyonnais.fr\\\/es\\\/\"},{\"@type\":\"ListItem\",\"position\":2,\"name\":\"Eventos en Lyon\",\"item\":\"https:\\\/\\\/www.lesaubergisteslyonnais.fr\\\/es\\\/blog\\\/eventos-en-lyon\\\/\"},{\"@type\":\"ListItem\",\"position\":3,\"name\":\"Eurobois 2026 en Lyon: \u00bfd\u00f3nde alojarse durante Eurobois del 3 al 6 de febrero?\"}]},{\"@type\":\"WebSite\",\"@id\":\"https:\\\/\\\/www.lesaubergisteslyonnais.fr\\\/es\\\/#website\",\"url\":\"https:\\\/\\\/www.lesaubergisteslyonnais.fr\\\/es\\\/\",\"name\":\"Globe Cecil\",\"description\":\"\",\"publisher\":{\"@id\":\"https:\\\/\\\/www.lesaubergisteslyonnais.fr\\\/es\\\/#organization\"},\"potentialAction\":[{\"@type\":\"SearchAction\",\"target\":{\"@type\":\"EntryPoint\",\"urlTemplate\":\"https:\\\/\\\/www.lesaubergisteslyonnais.fr\\\/es\\\/?s={search_term_string}\"},\"query-input\":{\"@type\":\"PropertyValueSpecification\",\"valueRequired\":true,\"valueName\":\"search_term_string\"}}],\"inLanguage\":\"es\"},{\"@type\":\"Organization\",\"@id\":\"https:\\\/\\\/www.lesaubergisteslyonnais.fr\\\/es\\\/#organization\",\"name\":\"Globe Cecil\",\"url\":\"https:\\\/\\\/www.lesaubergisteslyonnais.fr\\\/es\\\/\",\"logo\":{\"@type\":\"ImageObject\",\"inLanguage\":\"es\",\"@id\":\"https:\\\/\\\/www.lesaubergisteslyonnais.fr\\\/es\\\/#\\\/schema\\\/logo\\\/image\\\/\",\"url\":\"https:\\\/\\\/www.lesaubergisteslyonnais.fr\\\/wp-content\\\/uploads\\\/2025\\\/05\\\/LOGO-Aubergistes-Lyonnais-White.svg\",\"contentUrl\":\"https:\\\/\\\/www.lesaubergisteslyonnais.fr\\\/wp-content\\\/uploads\\\/2025\\\/05\\\/LOGO-Aubergistes-Lyonnais-White.svg\",\"width\":558,\"height\":127,\"caption\":\"Globe Cecil\"},\"image\":{\"@id\":\"https:\\\/\\\/www.lesaubergisteslyonnais.fr\\\/es\\\/#\\\/schema\\\/logo\\\/image\\\/\"}},{\"@type\":\"Person\",\"@id\":\"https:\\\/\\\/www.lesaubergisteslyonnais.fr\\\/es\\\/#\\\/schema\\\/person\\\/e4ac4e9bc69cd2894d15d6ace15a9f68\",\"name\":\"eluquet\",\"image\":{\"@type\":\"ImageObject\",\"inLanguage\":\"es\",\"@id\":\"https:\\\/\\\/secure.gravatar.com\\\/avatar\\\/442dc35ef11b7d2998eb3e3b34cffb58fb8c292b4147875dabe42b2c036c4d84?s=96&d=mm&r=g\",\"url\":\"https:\\\/\\\/secure.gravatar.com\\\/avatar\\\/442dc35ef11b7d2998eb3e3b34cffb58fb8c292b4147875dabe42b2c036c4d84?s=96&d=mm&r=g\",\"contentUrl\":\"https:\\\/\\\/secure.gravatar.com\\\/avatar\\\/442dc35ef11b7d2998eb3e3b34cffb58fb8c292b4147875dabe42b2c036c4d84?s=96&d=mm&r=g\",\"caption\":\"eluquet\"},\"url\":\"https:\\\/\\\/www.lesaubergisteslyonnais.fr\\\/es\\\/author\\\/eluquet69\\\/\"}]}<\/script>\n<!-- \/ Yoast SEO plugin. -->","yoast_head_json":{"title":"Eurobois 2026 en Lyon: \u00bfd\u00f3nde alojarse durante Eurobois del 3 al 6 de febrero? - Les Aubergistes Lyonnais","description":"Les Aubergistes Lyonnais - Eurobois 2026 en Lyon: \u00bfd\u00f3nde alojarse durante Eurobois del 3 al 6 de febrero? . Eurobois en Lyon: un sal\u00f3n de referencia, y la ocasi\u00f3n ideal para alojarse en un hotel c\u00e1lido, bien situado y pensado para los profesionales.","robots":{"index":"index","follow":"follow","max-snippet":"max-snippet:-1","max-image-preview":"max-image-preview:large","max-video-preview":"max-video-preview:-1"},"canonical":"https:\/\/www.lesaubergisteslyonnais.fr\/es\/blog\/eurobois-2026-en-lyon-donde-alojarse-durante-eurobois-del-3-al-6-de-febrero\/","og_locale":"es_ES","og_type":"article","og_title":"Eurobois 2026 en Lyon: \u00bfd\u00f3nde alojarse durante Eurobois del 3 al 6 de febrero? - Les Aubergistes Lyonnais","og_description":"Les Aubergistes Lyonnais - Eurobois 2026 en Lyon: \u00bfd\u00f3nde alojarse durante Eurobois del 3 al 6 de febrero? . Eurobois en Lyon: un sal\u00f3n de referencia, y la ocasi\u00f3n ideal para alojarse en un hotel c\u00e1lido, bien situado y pensado para los profesionales.","og_url":"https:\/\/www.lesaubergisteslyonnais.fr\/es\/blog\/eurobois-2026-en-lyon-donde-alojarse-durante-eurobois-del-3-al-6-de-febrero\/","og_site_name":"Les Aubergistes Lyonnais","article_published_time":"2026-01-08T16:15:17+00:00","article_modified_time":"2026-04-17T07:26:41+00:00","og_image":[{"width":1920,"height":1080,"url":"https:\/\/www.lesaubergisteslyonnais.fr\/wp-content\/uploads\/2026\/01\/EUROBOIS-2026-Les-Aubergistes-Lyonnais.jpg","type":"image\/jpeg"}],"author":"eluquet","twitter_card":"summary_large_image","twitter_misc":{"Escrito por":"eluquet","Tiempo de lectura":"1 minuto"},"schema":{"@context":"https:\/\/schema.org","@graph":[{"@type":"Article","@id":"https:\/\/www.lesaubergisteslyonnais.fr\/es\/blog\/eurobois-2026-en-lyon-donde-alojarse-durante-eurobois-del-3-al-6-de-febrero\/#article","isPartOf":{"@id":"https:\/\/www.lesaubergisteslyonnais.fr\/es\/blog\/eurobois-2026-en-lyon-donde-alojarse-durante-eurobois-del-3-al-6-de-febrero\/"},"author":{"name":"eluquet","@id":"https:\/\/www.lesaubergisteslyonnais.fr\/es\/#\/schema\/person\/e4ac4e9bc69cd2894d15d6ace15a9f68"},"headline":"Eurobois 2026 en Lyon: \u00bfd\u00f3nde alojarse durante Eurobois del 3 al 6 de febrero?","datePublished":"2026-01-08T16:15:17+00:00","dateModified":"2026-04-17T07:26:41+00:00","mainEntityOfPage":{"@id":"https:\/\/www.lesaubergisteslyonnais.fr\/es\/blog\/eurobois-2026-en-lyon-donde-alojarse-durante-eurobois-del-3-al-6-de-febrero\/"},"wordCount":293,"publisher":{"@id":"https:\/\/www.lesaubergisteslyonnais.fr\/es\/#organization"},"image":{"@id":"https:\/\/www.lesaubergisteslyonnais.fr\/es\/blog\/eurobois-2026-en-lyon-donde-alojarse-durante-eurobois-del-3-al-6-de-febrero\/#primaryimage"},"thumbnailUrl":"https:\/\/www.lesaubergisteslyonnais.fr\/wp-content\/uploads\/2026\/01\/EUROBOIS-2026-Les-Aubergistes-Lyonnais.jpg","articleSection":["Eventos en Lyon"],"inLanguage":"es"},{"@type":"WebPage","@id":"https:\/\/www.lesaubergisteslyonnais.fr\/es\/blog\/eurobois-2026-en-lyon-donde-alojarse-durante-eurobois-del-3-al-6-de-febrero\/","url":"https:\/\/www.lesaubergisteslyonnais.fr\/es\/blog\/eurobois-2026-en-lyon-donde-alojarse-durante-eurobois-del-3-al-6-de-febrero\/","name":"Eurobois 2026 en Lyon: \u00bfd\u00f3nde alojarse durante Eurobois del 3 al 6 de febrero? - Les Aubergistes Lyonnais","isPartOf":{"@id":"https:\/\/www.lesaubergisteslyonnais.fr\/es\/#website"},"primaryImageOfPage":{"@id":"https:\/\/www.lesaubergisteslyonnais.fr\/es\/blog\/eurobois-2026-en-lyon-donde-alojarse-durante-eurobois-del-3-al-6-de-febrero\/#primaryimage"},"image":{"@id":"https:\/\/www.lesaubergisteslyonnais.fr\/es\/blog\/eurobois-2026-en-lyon-donde-alojarse-durante-eurobois-del-3-al-6-de-febrero\/#primaryimage"},"thumbnailUrl":"https:\/\/www.lesaubergisteslyonnais.fr\/wp-content\/uploads\/2026\/01\/EUROBOIS-2026-Les-Aubergistes-Lyonnais.jpg","datePublished":"2026-01-08T16:15:17+00:00","dateModified":"2026-04-17T07:26:41+00:00","description":"Les Aubergistes Lyonnais - Eurobois 2026 en Lyon: \u00bfd\u00f3nde alojarse durante Eurobois del 3 al 6 de febrero? . Eurobois en Lyon: un sal\u00f3n de referencia, y la ocasi\u00f3n ideal para alojarse en un hotel c\u00e1lido, bien situado y pensado para los profesionales.","breadcrumb":{"@id":"https:\/\/www.lesaubergisteslyonnais.fr\/es\/blog\/eurobois-2026-en-lyon-donde-alojarse-durante-eurobois-del-3-al-6-de-febrero\/#breadcrumb"},"inLanguage":"es","potentialAction":[{"@type":"ReadAction","target":["https:\/\/www.lesaubergisteslyonnais.fr\/es\/blog\/eurobois-2026-en-lyon-donde-alojarse-durante-eurobois-del-3-al-6-de-febrero\/"]}]},{"@type":"ImageObject","inLanguage":"es","@id":"https:\/\/www.lesaubergisteslyonnais.fr\/es\/blog\/eurobois-2026-en-lyon-donde-alojarse-durante-eurobois-del-3-al-6-de-febrero\/#primaryimage","url":"https:\/\/www.lesaubergisteslyonnais.fr\/wp-content\/uploads\/2026\/01\/EUROBOIS-2026-Les-Aubergistes-Lyonnais.jpg","contentUrl":"https:\/\/www.lesaubergisteslyonnais.fr\/wp-content\/uploads\/2026\/01\/EUROBOIS-2026-Les-Aubergistes-Lyonnais.jpg","width":1920,"height":1080,"caption":"EUROBOIS 2026 Les Aubergistes Lyonnais"},{"@type":"BreadcrumbList","@id":"https:\/\/www.lesaubergisteslyonnais.fr\/es\/blog\/eurobois-2026-en-lyon-donde-alojarse-durante-eurobois-del-3-al-6-de-febrero\/#breadcrumb","itemListElement":[{"@type":"ListItem","position":1,"name":"Accueil","item":"https:\/\/www.lesaubergisteslyonnais.fr\/es\/"},{"@type":"ListItem","position":2,"name":"Eventos en Lyon","item":"https:\/\/www.lesaubergisteslyonnais.fr\/es\/blog\/eventos-en-lyon\/"},{"@type":"ListItem","position":3,"name":"Eurobois 2026 en Lyon: \u00bfd\u00f3nde alojarse durante Eurobois del 3 al 6 de febrero?"}]},{"@type":"WebSite","@id":"https:\/\/www.lesaubergisteslyonnais.fr\/es\/#website","url":"https:\/\/www.lesaubergisteslyonnais.fr\/es\/","name":"Globe Cecil","description":"","publisher":{"@id":"https:\/\/www.lesaubergisteslyonnais.fr\/es\/#organization"},"potentialAction":[{"@type":"SearchAction","target":{"@type":"EntryPoint","urlTemplate":"https:\/\/www.lesaubergisteslyonnais.fr\/es\/?s={search_term_string}"},"query-input":{"@type":"PropertyValueSpecification","valueRequired":true,"valueName":"search_term_string"}}],"inLanguage":"es"},{"@type":"Organization","@id":"https:\/\/www.lesaubergisteslyonnais.fr\/es\/#organization","name":"Globe Cecil","url":"https:\/\/www.lesaubergisteslyonnais.fr\/es\/","logo":{"@type":"ImageObject","inLanguage":"es","@id":"https:\/\/www.lesaubergisteslyonnais.fr\/es\/#\/schema\/logo\/image\/","url":"https:\/\/www.lesaubergisteslyonnais.fr\/wp-content\/uploads\/2025\/05\/LOGO-Aubergistes-Lyonnais-White.svg","contentUrl":"https:\/\/www.lesaubergisteslyonnais.fr\/wp-content\/uploads\/2025\/05\/LOGO-Aubergistes-Lyonnais-White.svg","width":558,"height":127,"caption":"Globe Cecil"},"image":{"@id":"https:\/\/www.lesaubergisteslyonnais.fr\/es\/#\/schema\/logo\/image\/"}},{"@type":"Person","@id":"https:\/\/www.lesaubergisteslyonnais.fr\/es\/#\/schema\/person\/e4ac4e9bc69cd2894d15d6ace15a9f68","name":"eluquet","image":{"@type":"ImageObject","inLanguage":"es","@id":"https:\/\/secure.gravatar.com\/avatar\/442dc35ef11b7d2998eb3e3b34cffb58fb8c292b4147875dabe42b2c036c4d84?s=96&d=mm&r=g","url":"https:\/\/secure.gravatar.com\/avatar\/442dc35ef11b7d2998eb3e3b34cffb58fb8c292b4147875dabe42b2c036c4d84?s=96&d=mm&r=g","contentUrl":"https:\/\/secure.gravatar.com\/avatar\/442dc35ef11b7d2998eb3e3b34cffb58fb8c292b4147875dabe42b2c036c4d84?s=96&d=mm&r=g","caption":"eluquet"},"url":"https:\/\/www.lesaubergisteslyonnais.fr\/es\/author\/eluquet69\/"}]}},"_links":{"self":[{"href":"https:\/\/www.lesaubergisteslyonnais.fr\/es\/wp-json\/wp\/v2\/posts\/9487","targetHints":{"allow":["GET"]}}],"collection":[{"href":"https:\/\/www.lesaubergisteslyonnais.fr\/es\/wp-json\/wp\/v2\/posts"}],"about":[{"href":"https:\/\/www.lesaubergisteslyonnais.fr\/es\/wp-json\/wp\/v2\/types\/post"}],"author":[{"embeddable":true,"href":"https:\/\/www.lesaubergisteslyonnais.fr\/es\/wp-json\/wp\/v2\/users\/3"}],"replies":[{"embeddable":true,"href":"https:\/\/www.lesaubergisteslyonnais.fr\/es\/wp-json\/wp\/v2\/comments?post=9487"}],"version-history":[{"count":9,"href":"https:\/\/www.lesaubergisteslyonnais.fr\/es\/wp-json\/wp\/v2\/posts\/9487\/revisions"}],"predecessor-version":[{"id":9829,"href":"https:\/\/www.lesaubergisteslyonnais.fr\/es\/wp-json\/wp\/v2\/posts\/9487\/revisions\/9829"}],"wp:featuredmedia":[{"embeddable":true,"href":"https:\/\/www.lesaubergisteslyonnais.fr\/es\/wp-json\/wp\/v2\/media\/9592"}],"wp:attachment":[{"href":"https:\/\/www.lesaubergisteslyonnais.fr\/es\/wp-json\/wp\/v2\/media?parent=9487"}],"wp:term":[{"taxonomy":"category","embeddable":true,"href":"https:\/\/www.lesaubergisteslyonnais.fr\/es\/wp-json\/wp\/v2\/categories?post=9487"},{"taxonomy":"post_tag","embeddable":true,"href":"https:\/\/www.lesaubergisteslyonnais.fr\/es\/wp-json\/wp\/v2\/tags?post=9487"}],"curies":[{"name":"wp","href":"https:\/\/api.w.org\/{rel}","templated":true}]}}