{"id":9465,"date":"2026-01-05T17:34:19","date_gmt":"2026-01-05T16:34:19","guid":{"rendered":"https:\/\/www.lesaubergisteslyonnais.fr\/ctco-cprint-2026-en-lyon\/"},"modified":"2026-04-17T09:26:37","modified_gmt":"2026-04-17T07:26:37","slug":"ctco-cprint-2026-en-lyon","status":"publish","type":"post","link":"https:\/\/www.lesaubergisteslyonnais.fr\/es\/blog\/ctco-cprint-2026-en-lyon\/","title":{"rendered":"CTCO &amp; C!Print 2026 en Lyon"},"content":{"rendered":"\n<section class=\"heading wp-elements-7107caa3e89cd03d67185cc0ba889f57 wp-elements-7107caa3e89cd03d67185cc0ba889f57 wp-block-acf-heading has-text-color has-primary-color has-background has-white-100-background-color\">\n\t<div class=\"heading__container\">\n\t\t\t\t\t<div class=\"heading__background-picture\">\n\t\t\t\t<img decoding=\"async\" width=\"1200\" height=\"611\" src=\"https:\/\/www.lesaubergisteslyonnais.fr\/wp-content\/uploads\/2025\/12\/EurexpoLyon\u00a9IngridMoya_HD_3.jpg\" class=\"attachment-full size-full\" alt=\"Ferias CTCO y C!Print Lyon 2026\" fetchpriority=\"high\" srcset=\"https:\/\/www.lesaubergisteslyonnais.fr\/wp-content\/uploads\/2025\/12\/EurexpoLyon\u00a9IngridMoya_HD_3.jpg 1200w, https:\/\/www.lesaubergisteslyonnais.fr\/wp-content\/uploads\/2025\/12\/EurexpoLyon\u00a9IngridMoya_HD_3-600x306.jpg 600w, https:\/\/www.lesaubergisteslyonnais.fr\/wp-content\/uploads\/2025\/12\/EurexpoLyon\u00a9IngridMoya_HD_3-768x391.jpg 768w\" sizes=\"(max-width: 1200px) 100vw, 1200px\" \/>\t\t\t<\/div>\n\t\t\t\t<div class=\"heading__layout\">\n\t\t\t<div class=\"heading__content-wrapper has-white-100-background-color\">\n\t\t\t\t<div class=\"heading__content has-white-100-background-color\">\n\t\t\t\t\t\t\t\t\t<p id=\"breadcrumbs\"><span><span><a href=\"https:\/\/www.lesaubergisteslyonnais.fr\/es\/\">Accueil<\/a><\/span><\/span><\/p>\t\t\t\t\t\t\t\t\t<div class=\"acf-innerblocks-container\">\n\n<div class=\"wp-block-group heading-content-group is-layout-grid wp-container-core-group-is-layout-96b258e4 wp-block-group-is-layout-grid\">\n<h1 class=\"wp-block-heading has-text-align-left heading__title has-primary-color has-text-color has-xx-large-font-size wp-container-content-32a3e683\"><strong>\u00bfD\u00f3nde alojarse para CTCO &amp; C!Print 2026 en Lyon?<\/strong><\/h1>\n<\/div>\n\n<\/div>\n\t\t\t\t<\/div>\n\t\t\t\t\t\t\t<\/div>\n\t\t<\/div>\n\t<\/div>\n<\/section>\n\n\n<div class=\"wp-block-group has-global-padding is-layout-constrained wp-container-core-group-is-layout-afcd3024 wp-block-group-is-layout-constrained\" style=\"padding-top:var(--wp--preset--spacing--theme-default);padding-bottom:var(--wp--preset--spacing--theme-default)\">\n<h3 class=\"wp-block-heading has-text-align-center\"><strong>Tu acogedor pied-\u00e0-terre con Les Aubergistes Lyonnais<\/strong><\/h3>\n\n\n\n<p>Cada a\u00f1o en Lyon, las ferias <strong>CTCO &amp; C!<\/strong> Print demuestran ser acontecimientos importantes para las industrias de impresi\u00f3n, se\u00f1alizaci\u00f3n, comunicaci\u00f3n visual y textil promocional. En la edici\u00f3n de 2026, se celebrar\u00e1n del <strong>3 al 5 de febrero<\/strong> en <strong>Eurexpo<\/strong>. Profesionales, expositores, agencias, impresores, visitantes o socios: ahora es el momento de planificar tu estancia.  <\/p>\n\n\n\n<p>En <strong>Les Aubergistes Lyonnais<\/strong>, creemos que el alojamiento no s\u00f3lo debe ser pr\u00e1ctico, sino tambi\u00e9n c\u00e1lido, aut\u00e9ntico y fiel al esp\u00edritu de Lyon. Si buscas un pied-\u00e0-terre c\u00e9ntrico, acogedor y confortable, has venido al lugar adecuado. <\/p>\n<\/div>\n\n<div class=\"wp-block-group has-secondary-background-color has-background has-global-padding is-layout-constrained wp-container-core-group-is-layout-14055b84 wp-block-group-is-layout-constrained\" style=\"padding-top:var(--wp--preset--spacing--theme-default);padding-right:var(--wp--preset--spacing--theme-default);padding-bottom:var(--wp--preset--spacing--theme-default);padding-left:var(--wp--preset--spacing--theme-default)\">\n<h3 class=\"wp-block-heading has-text-align-center\"><strong><strong>\u00bfPor qu\u00e9 alojarse en <mark class=\"has-inline-color has-primary-color\">el centro de la ciudad<\/mark> cuando el espect\u00e1culo est\u00e1 en Eurexpo?<\/strong><\/strong><\/h3>\n\n\n\n<p>Aunque Eurexpo sea la sede del evento, alojarse en el centro de Lyon ofrece una serie de ventajas importantes:<\/p>\n\n\n\n<ul class=\"wp-block-list\">\n<li><strong>Desplazamientos sencillos <\/strong>: desde nuestros establecimientos, el transporte p\u00fablico (tranv\u00eda, metro y autob\u00fas) o un trayecto en taxi \/ VTC te llevar\u00e1n a Eurexpo r\u00e1pida y f\u00e1cilmente, sin estr\u00e9s.<\/li>\n\n\n\n<li>Metro D -&gt; Tranv\u00eda T5 -&gt; Eurexpo<\/li>\n\n\n\n<li>Tranv\u00eda T2 -&gt; Tranv\u00eda T5 -&gt; Eurexpo<\/li>\n\n\n\n<li>\u00a1Y s\u00f3lo unos 30 &#8211; 40 minutos!<\/li>\n\n\n\n<li><strong>Una pausa urbana despu\u00e9s del espect\u00e1culo <\/strong>: despu\u00e9s de un ajetreado d\u00eda de reuniones, puedes aprovechar la animada Presqu&#8217;\u00eele, pasear por las callejuelas, tomar una copa, cenar en uno de los \u00abbouchon\u00bb de Lyon&#8230; Una oportunidad para combinar trabajo y placer.<\/li>\n\n\n\n<li><strong>Una vuelta a la calma y una c\u00e1lida bienvenida<\/strong>: nuestros hoteles encarnan el esp\u00edritu <mark class=\"has-inline-color has-primary-color\">del \u00abhogar<\/mark> lejos del hogar\u00bb <mark class=\"has-inline-color has-primary-color\">,<\/mark> con habitaciones confortables, una c\u00e1lida bienvenida, una decoraci\u00f3n sobria y elegante y un aut\u00e9ntico sentido de la convivencia, para ayudarte a recargar las pilas antes del d\u00eda siguiente.<\/li>\n<\/ul>\n\n\n\n<div class=\"wp-block-group is-layout-flow wp-block-group-is-layout-flow\">\n<figure class=\"wp-block-image size-full has-custom-border is-style-default wp-duotone-unset-1\"><img decoding=\"async\" width=\"890\" height=\"668\" src=\"https:\/\/www.lesaubergisteslyonnais.fr\/wp-content\/uploads\/2025\/12\/Logement-Eurexpo-edited.png\" alt=\"Alojamiento en Eurexpo\" class=\"wp-image-9447\" style=\"border-style:none;border-width:0px;border-top-left-radius:0px;border-top-right-radius:0px;border-bottom-left-radius:0px;border-bottom-right-radius:0px;aspect-ratio:4\/3;object-fit:cover\" srcset=\"https:\/\/www.lesaubergisteslyonnais.fr\/wp-content\/uploads\/2025\/12\/Logement-Eurexpo-edited.png 890w, https:\/\/www.lesaubergisteslyonnais.fr\/wp-content\/uploads\/2025\/12\/Logement-Eurexpo-edited-600x450.png 600w, https:\/\/www.lesaubergisteslyonnais.fr\/wp-content\/uploads\/2025\/12\/Logement-Eurexpo-edited-768x576.png 768w\" sizes=\"(max-width: 890px) 100vw, 890px\" \/><\/figure>\n<\/div>\n<\/div>\n\n<div class=\"wp-block-group has-white-background-color has-background has-global-padding is-layout-constrained wp-container-core-group-is-layout-14055b84 wp-block-group-is-layout-constrained\" style=\"padding-top:var(--wp--preset--spacing--theme-default);padding-right:var(--wp--preset--spacing--theme-default);padding-bottom:var(--wp--preset--spacing--theme-default);padding-left:var(--wp--preset--spacing--theme-default)\">\n<h3 class=\"wp-block-heading has-text-align-center\"><strong>Lyon despu\u00e9s del espect\u00e1culo: relax, <mark class=\"has-inline-color has-primary-color\">gastronom\u00eda<\/mark> y descubrimientos<\/strong><\/h3>\n\n\n\n<p>Porque en Lyon, trabajo no rima con presi\u00f3n, sino con compartir, tu estancia puede prolongarse en torno a buenas direcciones:<\/p>\n\n\n\n<ul class=\"wp-block-list\">\n<li>Cenas bistron\u00f3micas, restaurantes t\u00edpicos, cocina lionesa o comida callejera local.<\/li>\n\n\n\n<li>Pasea por los emblem\u00e1ticos barrios de la Presqu&#8217;\u00eele y el Vieux Lyon para respirar un poco, descubrir el alma de la ciudad, pasear o simplemente disfrutar.<\/li>\n\n\n\n<li>Rel\u00e1jate en un bar, cafeter\u00eda o local acogedor para informar o charlar despu\u00e9s de un d\u00eda ajetreado.<\/li>\n<\/ul>\n\n\n\n<p>As\u00ed que tu visita a Lyon para <strong>CTCO &amp; C!Print<\/strong> es tambi\u00e9n una oportunidad para (re)conectar con la ciudad, y contigo mismo.<\/p>\n\n\n\n<figure class=\"wp-block-image size-full\"><img decoding=\"async\" width=\"1620\" height=\"1080\" src=\"https:\/\/www.lesaubergisteslyonnais.fr\/wp-content\/uploads\/2025\/06\/hotel-de-charme-3-etoiles-lyon69002.jpg\" alt=\"encantador hotel de 3 estrellas lyon69002\" class=\"wp-image-7919\" style=\"aspect-ratio:1;object-fit:cover\" srcset=\"https:\/\/www.lesaubergisteslyonnais.fr\/wp-content\/uploads\/2025\/06\/hotel-de-charme-3-etoiles-lyon69002.jpg 1620w, https:\/\/www.lesaubergisteslyonnais.fr\/wp-content\/uploads\/2025\/06\/hotel-de-charme-3-etoiles-lyon69002-600x400.jpg 600w, https:\/\/www.lesaubergisteslyonnais.fr\/wp-content\/uploads\/2025\/06\/hotel-de-charme-3-etoiles-lyon69002-1400x933.jpg 1400w, https:\/\/www.lesaubergisteslyonnais.fr\/wp-content\/uploads\/2025\/06\/hotel-de-charme-3-etoiles-lyon69002-768x512.jpg 768w, https:\/\/www.lesaubergisteslyonnais.fr\/wp-content\/uploads\/2025\/06\/hotel-de-charme-3-etoiles-lyon69002-1536x1024.jpg 1536w\" sizes=\"(max-width: 1620px) 100vw, 1620px\" \/><\/figure>\n<\/div>\n\n<div class=\"wp-block-group has-secondary-background-color has-background has-global-padding is-layout-constrained wp-container-core-group-is-layout-5d959ef6 wp-block-group-is-layout-constrained\" style=\"padding-top:var(--wp--preset--spacing--theme-default);padding-right:var(--wp--preset--spacing--theme-default);padding-bottom:var(--wp--preset--spacing--theme-default);padding-left:var(--wp--preset--spacing--theme-default)\">\n<h3 class=\"wp-block-heading has-text-align-center\"><strong>Reserva tu estancia para CTCO &amp; C!Print 2026 con <mark class=\"has-inline-color has-primary-color\">Les Aubergistes Lyonnais<\/mark><\/strong><\/h3>\n\n\n\n<p>Las ferias atraen a un gran n\u00famero de profesionales y visitantes, y las salas pueden llenarse r\u00e1pidamente. Para garantizar tu comodidad, tranquilidad y una buena oferta de alojamiento, \u00a1recuerda reservar ahora!<\/p>\n\n\n\n<div class=\"wp-block-group is-layout-flow wp-block-group-is-layout-flow\" style=\"padding-top:0;padding-bottom:0\">\n<div class=\"wp-block-buttons is-content-justification-center is-layout-flex wp-container-core-buttons-is-layout-a89b3969 wp-block-buttons-is-layout-flex\">\n<div class=\"wp-block-button is-style-label-button is-style-label-button--2\"><a class=\"wp-block-button__link wp-element-button\" href=\"https:\/\/www.lesaubergisteslyonnais.fr\/es\/contacto\/\" style=\"border-style:none;border-width:0px\" target=\"_blank\" rel=\"noreferrer noopener\">Reserve<\/a><\/div>\n<\/div>\n<\/div>\n<\/div>\n\n<p><em>Cr\u00e9dito de la foto: GL events<\/em><\/p>\n\n<div class=\"wp-block-group has-white-background-color has-background is-content-justification-space-between is-nowrap is-layout-flex wp-container-core-group-is-layout-098ab513 wp-block-group-is-layout-flex\" style=\"padding-top:var(--wp--preset--spacing--theme-m);padding-right:var(--wp--preset--spacing--theme-s);padding-bottom:var(--wp--preset--spacing--theme-m);padding-left:var(--wp--preset--spacing--theme-s)\">\n\n<\/div>\n","protected":false},"excerpt":{"rendered":"<p>Tras una intensa jornada en los salones CTCO y C!Print, \u00bfqu\u00e9 mejor que volver a la calma, la comodidad y la vida de Lyon aloj\u00e1ndote en el centro de la ciudad?<\/p>\n","protected":false},"author":3,"featured_media":9597,"comment_status":"closed","ping_status":"open","sticky":false,"template":"","format":"standard","meta":{"_acf_changed":false,"inline_featured_image":false,"footnotes":""},"categories":[52],"tags":[],"class_list":["post-9465","post","type-post","status-publish","format-standard","has-post-thumbnail","hentry","category-eventos-en-lyon"],"acf":[],"yoast_head":"<!-- This site is optimized with the Yoast SEO plugin v27.4 - https:\/\/yoast.com\/product\/yoast-seo-wordpress\/ -->\n<title>CTCO &amp; C!Print 2026 en Lyon - Les Aubergistes Lyonnais<\/title>\n<meta name=\"description\" content=\"Les Aubergistes Lyonnais - CTCO &amp; C!Print 2026 en Lyon . Tras una intensa jornada en los salones CTCO y C!Print, \u00bfqu\u00e9 mejor que volver a la calma, la comodidad y la vida de Lyon aloj\u00e1ndote en el centro de la ciudad?\" \/>\n<meta name=\"robots\" content=\"index, follow, max-snippet:-1, max-image-preview:large, max-video-preview:-1\" \/>\n<link rel=\"canonical\" href=\"https:\/\/www.lesaubergisteslyonnais.fr\/es\/blog\/ctco-cprint-2026-en-lyon\/\" \/>\n<meta property=\"og:locale\" content=\"es_ES\" \/>\n<meta property=\"og:type\" content=\"article\" \/>\n<meta property=\"og:title\" content=\"CTCO &amp; C!Print 2026 en Lyon - Les Aubergistes Lyonnais\" \/>\n<meta property=\"og:description\" content=\"Les Aubergistes Lyonnais - CTCO &amp; C!Print 2026 en Lyon . Tras una intensa jornada en los salones CTCO y C!Print, \u00bfqu\u00e9 mejor que volver a la calma, la comodidad y la vida de Lyon aloj\u00e1ndote en el centro de la ciudad?\" \/>\n<meta property=\"og:url\" content=\"https:\/\/www.lesaubergisteslyonnais.fr\/es\/blog\/ctco-cprint-2026-en-lyon\/\" \/>\n<meta property=\"og:site_name\" content=\"Les Aubergistes Lyonnais\" \/>\n<meta property=\"article:published_time\" content=\"2026-01-05T16:34:19+00:00\" \/>\n<meta property=\"article:modified_time\" content=\"2026-04-17T07:26:37+00:00\" \/>\n<meta property=\"og:image\" content=\"https:\/\/www.lesaubergisteslyonnais.fr\/wp-content\/uploads\/2026\/01\/CTCO-CPRINT-2026-Les-Aubergistes-Lyonnais.jpg\" \/>\n\t<meta property=\"og:image:width\" content=\"1920\" \/>\n\t<meta property=\"og:image:height\" content=\"1080\" \/>\n\t<meta property=\"og:image:type\" content=\"image\/jpeg\" \/>\n<meta name=\"author\" content=\"eluquet\" \/>\n<meta name=\"twitter:card\" content=\"summary_large_image\" \/>\n<meta name=\"twitter:label1\" content=\"Escrito por\" \/>\n\t<meta name=\"twitter:data1\" content=\"eluquet\" \/>\n\t<meta name=\"twitter:label2\" content=\"Tiempo de lectura\" \/>\n\t<meta name=\"twitter:data2\" content=\"2 minuto\" \/>\n<script type=\"application\/ld+json\" class=\"yoast-schema-graph\">{\"@context\":\"https:\\\/\\\/schema.org\",\"@graph\":[{\"@type\":\"Article\",\"@id\":\"https:\\\/\\\/www.lesaubergisteslyonnais.fr\\\/es\\\/blog\\\/ctco-cprint-2026-en-lyon\\\/#article\",\"isPartOf\":{\"@id\":\"https:\\\/\\\/www.lesaubergisteslyonnais.fr\\\/es\\\/blog\\\/ctco-cprint-2026-en-lyon\\\/\"},\"author\":{\"name\":\"eluquet\",\"@id\":\"https:\\\/\\\/www.lesaubergisteslyonnais.fr\\\/es\\\/#\\\/schema\\\/person\\\/e4ac4e9bc69cd2894d15d6ace15a9f68\"},\"headline\":\"CTCO &amp; C!Print 2026 en Lyon\",\"datePublished\":\"2026-01-05T16:34:19+00:00\",\"dateModified\":\"2026-04-17T07:26:37+00:00\",\"mainEntityOfPage\":{\"@id\":\"https:\\\/\\\/www.lesaubergisteslyonnais.fr\\\/es\\\/blog\\\/ctco-cprint-2026-en-lyon\\\/\"},\"wordCount\":492,\"publisher\":{\"@id\":\"https:\\\/\\\/www.lesaubergisteslyonnais.fr\\\/es\\\/#organization\"},\"image\":{\"@id\":\"https:\\\/\\\/www.lesaubergisteslyonnais.fr\\\/es\\\/blog\\\/ctco-cprint-2026-en-lyon\\\/#primaryimage\"},\"thumbnailUrl\":\"https:\\\/\\\/www.lesaubergisteslyonnais.fr\\\/wp-content\\\/uploads\\\/2026\\\/01\\\/CTCO-CPRINT-2026-Les-Aubergistes-Lyonnais.jpg\",\"articleSection\":[\"Eventos en Lyon\"],\"inLanguage\":\"es\"},{\"@type\":\"WebPage\",\"@id\":\"https:\\\/\\\/www.lesaubergisteslyonnais.fr\\\/es\\\/blog\\\/ctco-cprint-2026-en-lyon\\\/\",\"url\":\"https:\\\/\\\/www.lesaubergisteslyonnais.fr\\\/es\\\/blog\\\/ctco-cprint-2026-en-lyon\\\/\",\"name\":\"CTCO &amp; C!Print 2026 en Lyon - Les Aubergistes Lyonnais\",\"isPartOf\":{\"@id\":\"https:\\\/\\\/www.lesaubergisteslyonnais.fr\\\/es\\\/#website\"},\"primaryImageOfPage\":{\"@id\":\"https:\\\/\\\/www.lesaubergisteslyonnais.fr\\\/es\\\/blog\\\/ctco-cprint-2026-en-lyon\\\/#primaryimage\"},\"image\":{\"@id\":\"https:\\\/\\\/www.lesaubergisteslyonnais.fr\\\/es\\\/blog\\\/ctco-cprint-2026-en-lyon\\\/#primaryimage\"},\"thumbnailUrl\":\"https:\\\/\\\/www.lesaubergisteslyonnais.fr\\\/wp-content\\\/uploads\\\/2026\\\/01\\\/CTCO-CPRINT-2026-Les-Aubergistes-Lyonnais.jpg\",\"datePublished\":\"2026-01-05T16:34:19+00:00\",\"dateModified\":\"2026-04-17T07:26:37+00:00\",\"description\":\"Les Aubergistes Lyonnais - CTCO &amp; C!Print 2026 en Lyon . Tras una intensa jornada en los salones CTCO y C!Print, \u00bfqu\u00e9 mejor que volver a la calma, la comodidad y la vida de Lyon aloj\u00e1ndote en el centro de la ciudad?\",\"breadcrumb\":{\"@id\":\"https:\\\/\\\/www.lesaubergisteslyonnais.fr\\\/es\\\/blog\\\/ctco-cprint-2026-en-lyon\\\/#breadcrumb\"},\"inLanguage\":\"es\",\"potentialAction\":[{\"@type\":\"ReadAction\",\"target\":[\"https:\\\/\\\/www.lesaubergisteslyonnais.fr\\\/es\\\/blog\\\/ctco-cprint-2026-en-lyon\\\/\"]}]},{\"@type\":\"ImageObject\",\"inLanguage\":\"es\",\"@id\":\"https:\\\/\\\/www.lesaubergisteslyonnais.fr\\\/es\\\/blog\\\/ctco-cprint-2026-en-lyon\\\/#primaryimage\",\"url\":\"https:\\\/\\\/www.lesaubergisteslyonnais.fr\\\/wp-content\\\/uploads\\\/2026\\\/01\\\/CTCO-CPRINT-2026-Les-Aubergistes-Lyonnais.jpg\",\"contentUrl\":\"https:\\\/\\\/www.lesaubergisteslyonnais.fr\\\/wp-content\\\/uploads\\\/2026\\\/01\\\/CTCO-CPRINT-2026-Les-Aubergistes-Lyonnais.jpg\",\"width\":1920,\"height\":1080,\"caption\":\"CTCO &amp; C!PRINT 2026 Les Aubergistes Lyonnais\"},{\"@type\":\"BreadcrumbList\",\"@id\":\"https:\\\/\\\/www.lesaubergisteslyonnais.fr\\\/es\\\/blog\\\/ctco-cprint-2026-en-lyon\\\/#breadcrumb\",\"itemListElement\":[{\"@type\":\"ListItem\",\"position\":1,\"name\":\"Accueil\",\"item\":\"https:\\\/\\\/www.lesaubergisteslyonnais.fr\\\/es\\\/\"},{\"@type\":\"ListItem\",\"position\":2,\"name\":\"Eventos en Lyon\",\"item\":\"https:\\\/\\\/www.lesaubergisteslyonnais.fr\\\/es\\\/blog\\\/eventos-en-lyon\\\/\"},{\"@type\":\"ListItem\",\"position\":3,\"name\":\"CTCO &amp; C!Print 2026 en Lyon\"}]},{\"@type\":\"WebSite\",\"@id\":\"https:\\\/\\\/www.lesaubergisteslyonnais.fr\\\/es\\\/#website\",\"url\":\"https:\\\/\\\/www.lesaubergisteslyonnais.fr\\\/es\\\/\",\"name\":\"Globe Cecil\",\"description\":\"\",\"publisher\":{\"@id\":\"https:\\\/\\\/www.lesaubergisteslyonnais.fr\\\/es\\\/#organization\"},\"potentialAction\":[{\"@type\":\"SearchAction\",\"target\":{\"@type\":\"EntryPoint\",\"urlTemplate\":\"https:\\\/\\\/www.lesaubergisteslyonnais.fr\\\/es\\\/?s={search_term_string}\"},\"query-input\":{\"@type\":\"PropertyValueSpecification\",\"valueRequired\":true,\"valueName\":\"search_term_string\"}}],\"inLanguage\":\"es\"},{\"@type\":\"Organization\",\"@id\":\"https:\\\/\\\/www.lesaubergisteslyonnais.fr\\\/es\\\/#organization\",\"name\":\"Globe Cecil\",\"url\":\"https:\\\/\\\/www.lesaubergisteslyonnais.fr\\\/es\\\/\",\"logo\":{\"@type\":\"ImageObject\",\"inLanguage\":\"es\",\"@id\":\"https:\\\/\\\/www.lesaubergisteslyonnais.fr\\\/es\\\/#\\\/schema\\\/logo\\\/image\\\/\",\"url\":\"https:\\\/\\\/www.lesaubergisteslyonnais.fr\\\/wp-content\\\/uploads\\\/2025\\\/05\\\/LOGO-Aubergistes-Lyonnais-White.svg\",\"contentUrl\":\"https:\\\/\\\/www.lesaubergisteslyonnais.fr\\\/wp-content\\\/uploads\\\/2025\\\/05\\\/LOGO-Aubergistes-Lyonnais-White.svg\",\"width\":558,\"height\":127,\"caption\":\"Globe Cecil\"},\"image\":{\"@id\":\"https:\\\/\\\/www.lesaubergisteslyonnais.fr\\\/es\\\/#\\\/schema\\\/logo\\\/image\\\/\"}},{\"@type\":\"Person\",\"@id\":\"https:\\\/\\\/www.lesaubergisteslyonnais.fr\\\/es\\\/#\\\/schema\\\/person\\\/e4ac4e9bc69cd2894d15d6ace15a9f68\",\"name\":\"eluquet\",\"image\":{\"@type\":\"ImageObject\",\"inLanguage\":\"es\",\"@id\":\"https:\\\/\\\/secure.gravatar.com\\\/avatar\\\/442dc35ef11b7d2998eb3e3b34cffb58fb8c292b4147875dabe42b2c036c4d84?s=96&d=mm&r=g\",\"url\":\"https:\\\/\\\/secure.gravatar.com\\\/avatar\\\/442dc35ef11b7d2998eb3e3b34cffb58fb8c292b4147875dabe42b2c036c4d84?s=96&d=mm&r=g\",\"contentUrl\":\"https:\\\/\\\/secure.gravatar.com\\\/avatar\\\/442dc35ef11b7d2998eb3e3b34cffb58fb8c292b4147875dabe42b2c036c4d84?s=96&d=mm&r=g\",\"caption\":\"eluquet\"},\"url\":\"https:\\\/\\\/www.lesaubergisteslyonnais.fr\\\/es\\\/author\\\/eluquet69\\\/\"}]}<\/script>\n<!-- \/ Yoast SEO plugin. -->","yoast_head_json":{"title":"CTCO &amp; C!Print 2026 en Lyon - Les Aubergistes Lyonnais","description":"Les Aubergistes Lyonnais - CTCO &amp; C!Print 2026 en Lyon . Tras una intensa jornada en los salones CTCO y C!Print, \u00bfqu\u00e9 mejor que volver a la calma, la comodidad y la vida de Lyon aloj\u00e1ndote en el centro de la ciudad?","robots":{"index":"index","follow":"follow","max-snippet":"max-snippet:-1","max-image-preview":"max-image-preview:large","max-video-preview":"max-video-preview:-1"},"canonical":"https:\/\/www.lesaubergisteslyonnais.fr\/es\/blog\/ctco-cprint-2026-en-lyon\/","og_locale":"es_ES","og_type":"article","og_title":"CTCO &amp; C!Print 2026 en Lyon - Les Aubergistes Lyonnais","og_description":"Les Aubergistes Lyonnais - CTCO &amp; C!Print 2026 en Lyon . Tras una intensa jornada en los salones CTCO y C!Print, \u00bfqu\u00e9 mejor que volver a la calma, la comodidad y la vida de Lyon aloj\u00e1ndote en el centro de la ciudad?","og_url":"https:\/\/www.lesaubergisteslyonnais.fr\/es\/blog\/ctco-cprint-2026-en-lyon\/","og_site_name":"Les Aubergistes Lyonnais","article_published_time":"2026-01-05T16:34:19+00:00","article_modified_time":"2026-04-17T07:26:37+00:00","og_image":[{"width":1920,"height":1080,"url":"https:\/\/www.lesaubergisteslyonnais.fr\/wp-content\/uploads\/2026\/01\/CTCO-CPRINT-2026-Les-Aubergistes-Lyonnais.jpg","type":"image\/jpeg"}],"author":"eluquet","twitter_card":"summary_large_image","twitter_misc":{"Escrito por":"eluquet","Tiempo de lectura":"2 minuto"},"schema":{"@context":"https:\/\/schema.org","@graph":[{"@type":"Article","@id":"https:\/\/www.lesaubergisteslyonnais.fr\/es\/blog\/ctco-cprint-2026-en-lyon\/#article","isPartOf":{"@id":"https:\/\/www.lesaubergisteslyonnais.fr\/es\/blog\/ctco-cprint-2026-en-lyon\/"},"author":{"name":"eluquet","@id":"https:\/\/www.lesaubergisteslyonnais.fr\/es\/#\/schema\/person\/e4ac4e9bc69cd2894d15d6ace15a9f68"},"headline":"CTCO &amp; C!Print 2026 en Lyon","datePublished":"2026-01-05T16:34:19+00:00","dateModified":"2026-04-17T07:26:37+00:00","mainEntityOfPage":{"@id":"https:\/\/www.lesaubergisteslyonnais.fr\/es\/blog\/ctco-cprint-2026-en-lyon\/"},"wordCount":492,"publisher":{"@id":"https:\/\/www.lesaubergisteslyonnais.fr\/es\/#organization"},"image":{"@id":"https:\/\/www.lesaubergisteslyonnais.fr\/es\/blog\/ctco-cprint-2026-en-lyon\/#primaryimage"},"thumbnailUrl":"https:\/\/www.lesaubergisteslyonnais.fr\/wp-content\/uploads\/2026\/01\/CTCO-CPRINT-2026-Les-Aubergistes-Lyonnais.jpg","articleSection":["Eventos en Lyon"],"inLanguage":"es"},{"@type":"WebPage","@id":"https:\/\/www.lesaubergisteslyonnais.fr\/es\/blog\/ctco-cprint-2026-en-lyon\/","url":"https:\/\/www.lesaubergisteslyonnais.fr\/es\/blog\/ctco-cprint-2026-en-lyon\/","name":"CTCO &amp; C!Print 2026 en Lyon - Les Aubergistes Lyonnais","isPartOf":{"@id":"https:\/\/www.lesaubergisteslyonnais.fr\/es\/#website"},"primaryImageOfPage":{"@id":"https:\/\/www.lesaubergisteslyonnais.fr\/es\/blog\/ctco-cprint-2026-en-lyon\/#primaryimage"},"image":{"@id":"https:\/\/www.lesaubergisteslyonnais.fr\/es\/blog\/ctco-cprint-2026-en-lyon\/#primaryimage"},"thumbnailUrl":"https:\/\/www.lesaubergisteslyonnais.fr\/wp-content\/uploads\/2026\/01\/CTCO-CPRINT-2026-Les-Aubergistes-Lyonnais.jpg","datePublished":"2026-01-05T16:34:19+00:00","dateModified":"2026-04-17T07:26:37+00:00","description":"Les Aubergistes Lyonnais - CTCO &amp; C!Print 2026 en Lyon . Tras una intensa jornada en los salones CTCO y C!Print, \u00bfqu\u00e9 mejor que volver a la calma, la comodidad y la vida de Lyon aloj\u00e1ndote en el centro de la ciudad?","breadcrumb":{"@id":"https:\/\/www.lesaubergisteslyonnais.fr\/es\/blog\/ctco-cprint-2026-en-lyon\/#breadcrumb"},"inLanguage":"es","potentialAction":[{"@type":"ReadAction","target":["https:\/\/www.lesaubergisteslyonnais.fr\/es\/blog\/ctco-cprint-2026-en-lyon\/"]}]},{"@type":"ImageObject","inLanguage":"es","@id":"https:\/\/www.lesaubergisteslyonnais.fr\/es\/blog\/ctco-cprint-2026-en-lyon\/#primaryimage","url":"https:\/\/www.lesaubergisteslyonnais.fr\/wp-content\/uploads\/2026\/01\/CTCO-CPRINT-2026-Les-Aubergistes-Lyonnais.jpg","contentUrl":"https:\/\/www.lesaubergisteslyonnais.fr\/wp-content\/uploads\/2026\/01\/CTCO-CPRINT-2026-Les-Aubergistes-Lyonnais.jpg","width":1920,"height":1080,"caption":"CTCO &amp; C!PRINT 2026 Les Aubergistes Lyonnais"},{"@type":"BreadcrumbList","@id":"https:\/\/www.lesaubergisteslyonnais.fr\/es\/blog\/ctco-cprint-2026-en-lyon\/#breadcrumb","itemListElement":[{"@type":"ListItem","position":1,"name":"Accueil","item":"https:\/\/www.lesaubergisteslyonnais.fr\/es\/"},{"@type":"ListItem","position":2,"name":"Eventos en Lyon","item":"https:\/\/www.lesaubergisteslyonnais.fr\/es\/blog\/eventos-en-lyon\/"},{"@type":"ListItem","position":3,"name":"CTCO &amp; C!Print 2026 en Lyon"}]},{"@type":"WebSite","@id":"https:\/\/www.lesaubergisteslyonnais.fr\/es\/#website","url":"https:\/\/www.lesaubergisteslyonnais.fr\/es\/","name":"Globe Cecil","description":"","publisher":{"@id":"https:\/\/www.lesaubergisteslyonnais.fr\/es\/#organization"},"potentialAction":[{"@type":"SearchAction","target":{"@type":"EntryPoint","urlTemplate":"https:\/\/www.lesaubergisteslyonnais.fr\/es\/?s={search_term_string}"},"query-input":{"@type":"PropertyValueSpecification","valueRequired":true,"valueName":"search_term_string"}}],"inLanguage":"es"},{"@type":"Organization","@id":"https:\/\/www.lesaubergisteslyonnais.fr\/es\/#organization","name":"Globe Cecil","url":"https:\/\/www.lesaubergisteslyonnais.fr\/es\/","logo":{"@type":"ImageObject","inLanguage":"es","@id":"https:\/\/www.lesaubergisteslyonnais.fr\/es\/#\/schema\/logo\/image\/","url":"https:\/\/www.lesaubergisteslyonnais.fr\/wp-content\/uploads\/2025\/05\/LOGO-Aubergistes-Lyonnais-White.svg","contentUrl":"https:\/\/www.lesaubergisteslyonnais.fr\/wp-content\/uploads\/2025\/05\/LOGO-Aubergistes-Lyonnais-White.svg","width":558,"height":127,"caption":"Globe Cecil"},"image":{"@id":"https:\/\/www.lesaubergisteslyonnais.fr\/es\/#\/schema\/logo\/image\/"}},{"@type":"Person","@id":"https:\/\/www.lesaubergisteslyonnais.fr\/es\/#\/schema\/person\/e4ac4e9bc69cd2894d15d6ace15a9f68","name":"eluquet","image":{"@type":"ImageObject","inLanguage":"es","@id":"https:\/\/secure.gravatar.com\/avatar\/442dc35ef11b7d2998eb3e3b34cffb58fb8c292b4147875dabe42b2c036c4d84?s=96&d=mm&r=g","url":"https:\/\/secure.gravatar.com\/avatar\/442dc35ef11b7d2998eb3e3b34cffb58fb8c292b4147875dabe42b2c036c4d84?s=96&d=mm&r=g","contentUrl":"https:\/\/secure.gravatar.com\/avatar\/442dc35ef11b7d2998eb3e3b34cffb58fb8c292b4147875dabe42b2c036c4d84?s=96&d=mm&r=g","caption":"eluquet"},"url":"https:\/\/www.lesaubergisteslyonnais.fr\/es\/author\/eluquet69\/"}]}},"_links":{"self":[{"href":"https:\/\/www.lesaubergisteslyonnais.fr\/es\/wp-json\/wp\/v2\/posts\/9465","targetHints":{"allow":["GET"]}}],"collection":[{"href":"https:\/\/www.lesaubergisteslyonnais.fr\/es\/wp-json\/wp\/v2\/posts"}],"about":[{"href":"https:\/\/www.lesaubergisteslyonnais.fr\/es\/wp-json\/wp\/v2\/types\/post"}],"author":[{"embeddable":true,"href":"https:\/\/www.lesaubergisteslyonnais.fr\/es\/wp-json\/wp\/v2\/users\/3"}],"replies":[{"embeddable":true,"href":"https:\/\/www.lesaubergisteslyonnais.fr\/es\/wp-json\/wp\/v2\/comments?post=9465"}],"version-history":[{"count":9,"href":"https:\/\/www.lesaubergisteslyonnais.fr\/es\/wp-json\/wp\/v2\/posts\/9465\/revisions"}],"predecessor-version":[{"id":9824,"href":"https:\/\/www.lesaubergisteslyonnais.fr\/es\/wp-json\/wp\/v2\/posts\/9465\/revisions\/9824"}],"wp:featuredmedia":[{"embeddable":true,"href":"https:\/\/www.lesaubergisteslyonnais.fr\/es\/wp-json\/wp\/v2\/media\/9597"}],"wp:attachment":[{"href":"https:\/\/www.lesaubergisteslyonnais.fr\/es\/wp-json\/wp\/v2\/media?parent=9465"}],"wp:term":[{"taxonomy":"category","embeddable":true,"href":"https:\/\/www.lesaubergisteslyonnais.fr\/es\/wp-json\/wp\/v2\/categories?post=9465"},{"taxonomy":"post_tag","embeddable":true,"href":"https:\/\/www.lesaubergisteslyonnais.fr\/es\/wp-json\/wp\/v2\/tags?post=9465"}],"curies":[{"name":"wp","href":"https:\/\/api.w.org\/{rel}","templated":true}]}}