{"id":9132,"date":"2025-10-24T13:24:11","date_gmt":"2025-10-24T11:24:11","guid":{"rendered":"https:\/\/www.lesaubergisteslyonnais.fr\/una-nueva-direccion-de-coworking-en-lyon\/"},"modified":"2026-04-17T09:26:23","modified_gmt":"2026-04-17T07:26:23","slug":"una-nueva-direccion-de-coworking-en-lyon","status":"publish","type":"post","link":"https:\/\/www.lesaubergisteslyonnais.fr\/es\/blog\/una-nueva-direccion-de-coworking-en-lyon\/","title":{"rendered":"\u00bfUna nueva direcci\u00f3n de coworking en Lyon?"},"content":{"rendered":"\n<section class=\"heading wp-elements-2c9a7d78db243caf38437826efbb9ed7 wp-elements-2c9a7d78db243caf38437826efbb9ed7 wp-block-acf-heading has-text-color has-primary-color has-background has-white-100-background-color\">\n\t<div class=\"heading__container\">\n\t\t\t\t\t<div class=\"heading__background-picture\">\n\t\t\t\t<img decoding=\"async\" width=\"1620\" height=\"1080\" src=\"https:\/\/www.lesaubergisteslyonnais.fr\/wp-content\/uploads\/2025\/10\/coworking-lyon1.jpg\" class=\"attachment-full size-full\" alt=\"coworking lyon1\" fetchpriority=\"high\" srcset=\"https:\/\/www.lesaubergisteslyonnais.fr\/wp-content\/uploads\/2025\/10\/coworking-lyon1.jpg 1620w, https:\/\/www.lesaubergisteslyonnais.fr\/wp-content\/uploads\/2025\/10\/coworking-lyon1-600x400.jpg 600w, https:\/\/www.lesaubergisteslyonnais.fr\/wp-content\/uploads\/2025\/10\/coworking-lyon1-1400x933.jpg 1400w, https:\/\/www.lesaubergisteslyonnais.fr\/wp-content\/uploads\/2025\/10\/coworking-lyon1-768x512.jpg 768w, https:\/\/www.lesaubergisteslyonnais.fr\/wp-content\/uploads\/2025\/10\/coworking-lyon1-1536x1024.jpg 1536w\" sizes=\"(max-width: 1620px) 100vw, 1620px\" \/>\t\t\t<\/div>\n\t\t\t\t<div class=\"heading__layout\">\n\t\t\t<div class=\"heading__content-wrapper has-white-100-background-color\">\n\t\t\t\t<div class=\"heading__content has-white-100-background-color\">\n\t\t\t\t\t\t\t\t\t<p id=\"breadcrumbs\"><span><span><a href=\"https:\/\/www.lesaubergisteslyonnais.fr\/es\/\">Accueil<\/a><\/span><\/span><\/p>\t\t\t\t\t\t\t\t\t<div class=\"acf-innerblocks-container\">\n\n<div class=\"wp-block-group heading-content-group is-layout-grid wp-container-core-group-is-layout-96b258e4 wp-block-group-is-layout-grid\">\n<h1 class=\"wp-block-heading has-text-align-left heading__title has-primary-color has-text-color has-xx-large-font-size\">\u00bfUna nueva direcci\u00f3n de coworking en Lyon?<\/h1>\n<\/div>\n\n<\/div>\n\t\t\t\t<\/div>\n\t\t\t\t\t\t\t<\/div>\n\t\t<\/div>\n\t<\/div>\n<\/section>\n\n\n\t<section\n\t\tstyle=\"padding-top:var(u002du002dwpu002du002dpresetu002du002dspacingu002du002dtheme-default);padding-bottom:var(u002du002dwpu002du002dpresetu002du002dspacingu002du002dtheme-default);\" class=\"block-container align wp-block-acf-block-container has-background has-white-background-color has-global-padding is-layout-constrained wp-container-acf-block-container-is-layout-50dd6bb2 wp-block-acf-block-container-is-layout-constrained\"\t>\n\n\t\n\n<div class=\"wp-block-group has-global-padding is-layout-constrained wp-container-core-group-is-layout-6c709e2c wp-block-group-is-layout-constrained\" style=\"padding-top:var(--wp--preset--spacing--theme-default);padding-bottom:var(--wp--preset--spacing--theme-default)\">\n<h2 class=\"wp-block-heading has-text-align-left\"><strong><mark style=\"background-color:rgba(0, 0, 0, 0)\" class=\"has-inline-color has-primary-color\">Coworking<\/mark> en Lyon: un lugar acogedor para trabajar, comer o merendar<\/strong><\/h2>\n\n\n\n<p><strong>No es realmente una direcci\u00f3n dedicada al Coworking, pero&#8230; \u00a1MEJOR! <\/strong><\/p>\n\n\n\n<p>En Aubergistes Lyonnais, nos gusta recibir a quienes hacen latir el coraz\u00f3n de la ciudad, incluso desde detr\u00e1s de sus pantallas.<\/p>\n\n\n\n<p>\u00bfBuscas un <strong>caf\u00e9 agradable en Lyon<\/strong> para <strong>trabajar con tranquilidad<\/strong>, <strong>organizar una reuni\u00f3n informal<\/strong> o simplemente tomar un poco de <strong>aire fresco<\/strong> entre dos expedientes?<\/p>\n\n\n\n<p>Nuestras casas en el coraz\u00f3n de la Presqu&#8217;\u00eele abren sus puertas a mentes curiosas e independientes, teletrabajadores y so\u00f1adores concentrados.  <strong>Y el Comptoir Ph\u00e9nix avanza en esta direcci\u00f3n con una nueva funci\u00f3n&#8230;<\/strong><\/p>\n\n\n\n<p>Aqu\u00ed no hay despachos as\u00e9pticos ni silencio forzado: s\u00f3lo la calidez de un hogar lion\u00e9s, una taza de buen caf\u00e9 y ese algo extra llamado hospitalidad.<\/p>\n<\/div>\n\n\n\n<div\nclass=\"slider alignfull wp-block-acf-slider\" id=\"slider-id-1\" data-gallery-id=\"gallery-slider-id-1\">\n\t<div class=\"wp-block-group\n\t\t\tswiper\">\n\t\t<div class=\"swiper-wrapper slider__innerblocks\">\n\t\t\t<div\n\t\tclass=\"card swiper-slide wp-block-acf-card\" id=\"card-id--1\"\t\t>\n\t\n\t\t\t\t\t<img decoding=\"async\" width=\"720\" height=\"1080\" src=\"https:\/\/www.lesaubergisteslyonnais.fr\/wp-content\/uploads\/2025\/10\/coworking-lyon3.jpg\" class=\"card__image\" alt=\"coworking lyon3\" srcset=\"https:\/\/www.lesaubergisteslyonnais.fr\/wp-content\/uploads\/2025\/10\/coworking-lyon3.jpg 720w, https:\/\/www.lesaubergisteslyonnais.fr\/wp-content\/uploads\/2025\/10\/coworking-lyon3-400x600.jpg 400w\" sizes=\"(max-width: 720px) 100vw, 720px\" \/>\t\t\t\n\t\t<\/div>\n\t\n\n\t\t\t<div\n\t\tclass=\"card swiper-slide wp-block-acf-card\" id=\"card-id--2\"\t\t>\n\t\n\t\t\t\t\t<img decoding=\"async\" width=\"720\" height=\"1080\" src=\"https:\/\/www.lesaubergisteslyonnais.fr\/wp-content\/uploads\/2025\/05\/hotel-engage-RSE-Lyon-centre_01.jpg\" class=\"card__image\" alt=\"hotel engage RSE Lyon centre 01\" srcset=\"https:\/\/www.lesaubergisteslyonnais.fr\/wp-content\/uploads\/2025\/05\/hotel-engage-RSE-Lyon-centre_01.jpg 720w, https:\/\/www.lesaubergisteslyonnais.fr\/wp-content\/uploads\/2025\/05\/hotel-engage-RSE-Lyon-centre_01-400x600.jpg 400w\" sizes=\"(max-width: 720px) 100vw, 720px\" \/>\t\t\t\n\t\t<\/div>\n\t\n\n\t\t\t<div\n\t\tclass=\"card swiper-slide wp-block-acf-card\" id=\"card-id--3\"\t\t>\n\t\n\t\t\t\t\t<img decoding=\"async\" width=\"720\" height=\"1080\" src=\"https:\/\/www.lesaubergisteslyonnais.fr\/wp-content\/uploads\/2025\/10\/meilleur-cafe-coworking-lyon1.jpg\" class=\"card__image\" alt=\"meilleur cafe coworking lyon1\" srcset=\"https:\/\/www.lesaubergisteslyonnais.fr\/wp-content\/uploads\/2025\/10\/meilleur-cafe-coworking-lyon1.jpg 720w, https:\/\/www.lesaubergisteslyonnais.fr\/wp-content\/uploads\/2025\/10\/meilleur-cafe-coworking-lyon1-400x600.jpg 400w\" sizes=\"(max-width: 720px) 100vw, 720px\" \/>\t\t\t\n\t\t<\/div>\n\t\n\n\t\t\t<div\n\t\tclass=\"card swiper-slide wp-block-acf-card\" id=\"card-id--4\"\t\t>\n\t\n\t\t\t\t\t<img decoding=\"async\" width=\"1400\" height=\"933\" src=\"https:\/\/www.lesaubergisteslyonnais.fr\/wp-content\/uploads\/2025\/10\/coworking-lyon2-1400x933.jpg\" class=\"card__image\" alt=\"coworking lyon2\" srcset=\"https:\/\/www.lesaubergisteslyonnais.fr\/wp-content\/uploads\/2025\/10\/coworking-lyon2-1400x933.jpg 1400w, https:\/\/www.lesaubergisteslyonnais.fr\/wp-content\/uploads\/2025\/10\/coworking-lyon2-600x400.jpg 600w, https:\/\/www.lesaubergisteslyonnais.fr\/wp-content\/uploads\/2025\/10\/coworking-lyon2-768x512.jpg 768w, https:\/\/www.lesaubergisteslyonnais.fr\/wp-content\/uploads\/2025\/10\/coworking-lyon2-1536x1024.jpg 1536w, https:\/\/www.lesaubergisteslyonnais.fr\/wp-content\/uploads\/2025\/10\/coworking-lyon2.jpg 1620w\" sizes=\"(max-width: 1400px) 100vw, 1400px\" \/>\t\t\t\n\t\t<\/div>\n\t\n\n\t\t\t<div\n\t\tclass=\"card swiper-slide wp-block-acf-card\" id=\"card-id--5\"\t\t>\n\t\n\t\t\t\t\t<img decoding=\"async\" width=\"720\" height=\"1080\" src=\"https:\/\/www.lesaubergisteslyonnais.fr\/wp-content\/uploads\/2025\/10\/meilleur-cafe-coworking-lyon3.jpg\" class=\"card__image\" alt=\"meilleur cafe coworking lyon3\" srcset=\"https:\/\/www.lesaubergisteslyonnais.fr\/wp-content\/uploads\/2025\/10\/meilleur-cafe-coworking-lyon3.jpg 720w, https:\/\/www.lesaubergisteslyonnais.fr\/wp-content\/uploads\/2025\/10\/meilleur-cafe-coworking-lyon3-400x600.jpg 400w\" sizes=\"(max-width: 720px) 100vw, 720px\" \/>\t\t\t\n\t\t<\/div>\n\t\n\n\t\t\t<div\n\t\tclass=\"card swiper-slide wp-block-acf-card\" id=\"card-id--6\"\t\t>\n\t\n\t\t\t\t\t<img decoding=\"async\" width=\"720\" height=\"1080\" src=\"https:\/\/www.lesaubergisteslyonnais.fr\/wp-content\/uploads\/2025\/10\/meilleur-cafe-coworking-lyon2.jpg\" class=\"card__image\" alt=\"meilleur cafe coworking lyon2\" srcset=\"https:\/\/www.lesaubergisteslyonnais.fr\/wp-content\/uploads\/2025\/10\/meilleur-cafe-coworking-lyon2.jpg 720w, https:\/\/www.lesaubergisteslyonnais.fr\/wp-content\/uploads\/2025\/10\/meilleur-cafe-coworking-lyon2-400x600.jpg 400w\" sizes=\"(max-width: 720px) 100vw, 720px\" \/>\t\t\t\n\t\t<\/div>\n\t\n<\/div>\n\t\t\t\t<div class=\"button-prev\">\n\t\t\t<svg xmlns=\"http:\/\/www.w3.org\/2000\/svg\" viewBox=\"0 0 448 512\">\n\t\t\t\t<path\n\t\t\t\t\td=\"M12.7 244.7L1.4 256l11.3 11.3 168 168L192 446.6 214.6 424l-11.3-11.3L62.6 272 432 272l16 0 0-32-16 0L62.6 240 203.3 99.3 214.6 88 192 65.4 180.7 76.7l-168 168z\" \/>\n\t\t\t<\/svg>\n\t\t<\/div>\n\t\t<div class=\"button-next\">\n\t\t\t<svg xmlns=\"http:\/\/www.w3.org\/2000\/svg\" viewBox=\"0 0 448 512\">\n\t\t\t\t<path\n\t\t\t\t\td=\"M435.3 267.3L446.6 256l-11.3-11.3-168-168L256 65.4 233.4 88l11.3 11.3L385.4 240 16 240 0 240l0 32 16 0 369.4 0L244.7 412.7 233.4 424 256 446.6l11.3-11.3 168-168z\" \/>\n\t\t\t<\/svg>\n\t\t<\/div>\n\t\t\t<\/div><!-- .swiper -->\n\n\t<\/div>\n\n\n\n<\/section>\n\n\t<section\n\t\tstyle=\"padding-top:var(u002du002dwpu002du002dpresetu002du002dspacingu002du002dtheme-default);padding-bottom:var(u002du002dwpu002du002dpresetu002du002dspacingu002du002dtheme-default);\" class=\"block-container align wp-block-acf-block-container has-background has-white-100-background-color has-global-padding is-layout-constrained wp-container-acf-block-container-is-layout-50dd6bb2 wp-block-acf-block-container-is-layout-constrained\"\t>\n\n\t\n\n<div class=\"wp-block-group is-layout-flow wp-container-core-group-is-layout-d8e8191f wp-block-group-is-layout-flow\" style=\"padding-top:var(--wp--preset--spacing--theme-default);padding-bottom:var(--wp--preset--spacing--theme-default)\">\n<h2 class=\"wp-block-heading has-text-align-left\"><strong>Un espacio de coworking como ning\u00fan otro<\/strong><\/h2>\n\n\n\n<p>A medio camino entre una <strong>cafeter\u00eda local<\/strong>, un restaurante bistr\u00f3 y el <strong>sal\u00f3n de un hotel<\/strong>, nuestro espacio est\u00e1 dise\u00f1ado para las personas a las que les gusta <strong>trabajar en un ambiente animado y acogedor<\/strong>.<br\/>Acom\u00f3date en nuestros mullidos sillones, conecta tu ordenador, aprovecha el <strong>Wi-Fi de alta velocidad<\/strong> y deja que fluya tu inspiraci\u00f3n. Aqu\u00ed, <strong>los Aubergistas<\/strong> se ocupan discretamente de tu comodidad: una sonrisa, una jarra de agua, una iluminaci\u00f3n suave&#8230; todo lo que necesitas para trabajar con placer. <\/p>\n<\/div>\n\n\n\n<\/section>\n\n\t<section\n\t\tstyle=\"padding-top:var(u002du002dwpu002du002dpresetu002du002dspacingu002du002dtheme-default);padding-bottom:var(u002du002dwpu002du002dpresetu002du002dspacingu002du002dtheme-default);\" class=\"block-container align wp-block-acf-block-container has-background has-white-background-color has-global-padding is-layout-constrained wp-container-acf-block-container-is-layout-50dd6bb2 wp-block-acf-block-container-is-layout-constrained\"\t>\n\n\t\n\n<div class=\"wp-block-group is-layout-flow wp-container-core-group-is-layout-9b1bd590 wp-block-group-is-layout-flow\" style=\"padding-top:var(--wp--preset--spacing--theme-default);padding-right:0;padding-bottom:var(--wp--preset--spacing--theme-default);padding-left:0\">\n<h2 class=\"wp-block-heading\"><strong>Un men\u00fa de mediod\u00eda a bajo precio repleto de sabor<\/strong><\/h2>\n\n\n\n<p>Porque un buen almuerzo tambi\u00e9n es combustible para las ideas, nuestro <strong>men\u00fa de mediod\u00eda<\/strong> es <strong>sencillo, fresco y generoso<\/strong>.<br\/>Cada d\u00eda, nuestro men\u00fa D\u00e9jeunette presenta platos <strong>caseros<\/strong> inspirados en el mercado y las estaciones, y dise\u00f1ados por uno de los talentosos miembros de nuestra brigada. Y s\u00ed, hay un cap\u00edtulo para todos en Comptoir Ph\u00e9nix. <\/p>\n\n\n\n<p><strong>Men\u00fa de mediod\u00eda<\/strong>: entrante + plato principal + postre + caf\u00e9 gratis por 21 euros. El men\u00fa cambia cada semana (pero no el precio). <\/p>\n\n\n\n<p>Porque comer bien y trabajar bien van de la mano.<\/p>\n<\/div>\n\n\n\n<\/section>\n\n\t<section\n\t\tstyle=\"padding-top:var(u002du002dwpu002du002dpresetu002du002dspacingu002du002dtheme-default);padding-bottom:var(u002du002dwpu002du002dpresetu002du002dspacingu002du002dtheme-default);\" class=\"block-container align wp-block-acf-block-container has-background has-white-100-background-color has-global-padding is-layout-constrained wp-container-acf-block-container-is-layout-bcc8bd64 wp-block-acf-block-container-is-layout-constrained\"\t>\n\n\t\n\n<div class=\"wp-block-group is-vertical is-content-justification-center is-layout-flex wp-container-core-group-is-layout-9615735e wp-block-group-is-layout-flex\" style=\"padding-top:var(--wp--preset--spacing--theme-default);padding-right:var(--wp--preset--spacing--theme-default);padding-bottom:var(--wp--preset--spacing--theme-default);padding-left:var(--wp--preset--spacing--theme-default)\">\n<figure class=\"wp-block-image size-full is-resized\"><img decoding=\"async\" width=\"2048\" height=\"1889\" src=\"https:\/\/www.lesaubergisteslyonnais.fr\/wp-content\/uploads\/2025\/10\/cake-scaled.png\" alt=\"tarta\" class=\"wp-image-9116\" style=\"width:200px\" srcset=\"https:\/\/www.lesaubergisteslyonnais.fr\/wp-content\/uploads\/2025\/10\/cake-scaled.png 2048w, https:\/\/www.lesaubergisteslyonnais.fr\/wp-content\/uploads\/2025\/10\/cake-600x553.png 600w, https:\/\/www.lesaubergisteslyonnais.fr\/wp-content\/uploads\/2025\/10\/cake-1400x1291.png 1400w, https:\/\/www.lesaubergisteslyonnais.fr\/wp-content\/uploads\/2025\/10\/cake-768x708.png 768w, https:\/\/www.lesaubergisteslyonnais.fr\/wp-content\/uploads\/2025\/10\/cake-1536x1416.png 1536w\" sizes=\"(max-width: 2048px) 100vw, 2048px\" \/><\/figure>\n\n\n\n<h3 class=\"wp-block-heading has-text-align-center\">\u00bfTe apetece <mark style=\"background-color:rgba(0, 0, 0, 0)\" class=\"has-inline-color has-primary-color\">probarlo?<\/mark><\/h3>\n\n\n\n<p>\u00c9sa es la novedad del Comptoir Ph\u00e9nix: <strong>todos los d\u00edas, de 10.00 a 18.00 h<\/strong>, un surtido de boller\u00eda casera: marbr\u00e9, galletas, tartas, magdalenas, brioches, shortbread&#8230; Cuando el ordenador se calienta, no hay nada como una pausa dulce.<\/p>\n\n\n\n<p><strong>S\u00f3lo pasteler\u00eda: 4 euros \/\/ Paquete \u00abLa hora del t\u00e9\u00bb con bebida a elegir: 8,50 euros<\/strong><\/p>\n\n\n\n<p>Esto demuestra que no hace falta ir a un espacio de coworking para ser bien recibido en Lyon. Tenemos LA mejor direcci\u00f3n del Vieux Lyon. Es el lugar para trabajar sin sacrificar la comodidad ni el placer.<\/p>\n<\/div>\n\n\n\n<\/section>\n\n<div\nclass=\"slider alignfull wp-block-acf-slider\" id=\"slider-id-2\" data-gallery-id=\"gallery-slider-id-2\">\n\t<div class=\"wp-block-group\n\t\t\tswiper\">\n\t\t<div class=\"swiper-wrapper slider__innerblocks\">\n\t\t\t<div\n\t\tclass=\"card swiper-slide wp-block-acf-card\" id=\"card-id--7\"\t\t>\n\t\n\t\t\t\t\t<img decoding=\"async\" width=\"720\" height=\"1080\" src=\"https:\/\/www.lesaubergisteslyonnais.fr\/wp-content\/uploads\/2025\/10\/coworking-lyon7.jpg\" class=\"card__image\" alt=\"coworking lyon7\" srcset=\"https:\/\/www.lesaubergisteslyonnais.fr\/wp-content\/uploads\/2025\/10\/coworking-lyon7.jpg 720w, https:\/\/www.lesaubergisteslyonnais.fr\/wp-content\/uploads\/2025\/10\/coworking-lyon7-400x600.jpg 400w\" sizes=\"(max-width: 720px) 100vw, 720px\" \/>\t\t\t\n\t\t<\/div>\n\t\n\n\t\t\t<div\n\t\tclass=\"card swiper-slide wp-block-acf-card\" id=\"card-id--8\"\t\t>\n\t\n\t\t\t\t\t<img decoding=\"async\" width=\"720\" height=\"1080\" src=\"https:\/\/www.lesaubergisteslyonnais.fr\/wp-content\/uploads\/2025\/10\/coworking-lyon3.jpg\" class=\"card__image\" alt=\"coworking lyon3\" srcset=\"https:\/\/www.lesaubergisteslyonnais.fr\/wp-content\/uploads\/2025\/10\/coworking-lyon3.jpg 720w, https:\/\/www.lesaubergisteslyonnais.fr\/wp-content\/uploads\/2025\/10\/coworking-lyon3-400x600.jpg 400w\" sizes=\"(max-width: 720px) 100vw, 720px\" \/>\t\t\t\n\t\t<\/div>\n\t\n\n\t\t\t<div\n\t\tclass=\"card swiper-slide wp-block-acf-card\" id=\"card-id--9\"\t\t>\n\t\n\t\t\t\t\t<img decoding=\"async\" width=\"720\" height=\"1080\" src=\"https:\/\/www.lesaubergisteslyonnais.fr\/wp-content\/uploads\/2025\/10\/coworking-lyon6.jpg\" class=\"card__image\" alt=\"coworking lyon6\" srcset=\"https:\/\/www.lesaubergisteslyonnais.fr\/wp-content\/uploads\/2025\/10\/coworking-lyon6.jpg 720w, https:\/\/www.lesaubergisteslyonnais.fr\/wp-content\/uploads\/2025\/10\/coworking-lyon6-400x600.jpg 400w\" sizes=\"(max-width: 720px) 100vw, 720px\" \/>\t\t\t\n\t\t<\/div>\n\t\n\n\t\t\t<div\n\t\tclass=\"card swiper-slide wp-block-acf-card\" id=\"card-id--10\"\t\t>\n\t\n\t\t\t\t\t<img decoding=\"async\" width=\"720\" height=\"1080\" src=\"https:\/\/www.lesaubergisteslyonnais.fr\/wp-content\/uploads\/2025\/10\/coworking-lyon5.jpg\" class=\"card__image\" alt=\"coworking lyon5\" srcset=\"https:\/\/www.lesaubergisteslyonnais.fr\/wp-content\/uploads\/2025\/10\/coworking-lyon5.jpg 720w, https:\/\/www.lesaubergisteslyonnais.fr\/wp-content\/uploads\/2025\/10\/coworking-lyon5-400x600.jpg 400w\" sizes=\"(max-width: 720px) 100vw, 720px\" \/>\t\t\t\n\t\t<\/div>\n\t\n\n\t\t\t<div\n\t\tclass=\"card swiper-slide wp-block-acf-card\" id=\"card-id--11\"\t\t>\n\t\n\t\t\t\t\t<img decoding=\"async\" width=\"720\" height=\"1080\" src=\"https:\/\/www.lesaubergisteslyonnais.fr\/wp-content\/uploads\/2025\/10\/meilleur-cafe-coworking-lyon4.jpg\" class=\"card__image\" alt=\"meilleur cafe coworking lyon4\" srcset=\"https:\/\/www.lesaubergisteslyonnais.fr\/wp-content\/uploads\/2025\/10\/meilleur-cafe-coworking-lyon4.jpg 720w, https:\/\/www.lesaubergisteslyonnais.fr\/wp-content\/uploads\/2025\/10\/meilleur-cafe-coworking-lyon4-400x600.jpg 400w\" sizes=\"(max-width: 720px) 100vw, 720px\" \/>\t\t\t\n\t\t<\/div>\n\t\n\n\t\t\t<div\n\t\tclass=\"card swiper-slide wp-block-acf-card\" id=\"card-id--12\"\t\t>\n\t\n\t\t\t\t\t<img decoding=\"async\" width=\"720\" height=\"1080\" src=\"https:\/\/www.lesaubergisteslyonnais.fr\/wp-content\/uploads\/2025\/10\/coworking-lyon7.jpg\" class=\"card__image\" alt=\"coworking lyon7\" srcset=\"https:\/\/www.lesaubergisteslyonnais.fr\/wp-content\/uploads\/2025\/10\/coworking-lyon7.jpg 720w, https:\/\/www.lesaubergisteslyonnais.fr\/wp-content\/uploads\/2025\/10\/coworking-lyon7-400x600.jpg 400w\" sizes=\"(max-width: 720px) 100vw, 720px\" \/>\t\t\t\n\t\t<\/div>\n\t\n<\/div>\n\t\t\t\t<div class=\"button-prev\">\n\t\t\t<svg xmlns=\"http:\/\/www.w3.org\/2000\/svg\" viewBox=\"0 0 448 512\">\n\t\t\t\t<path\n\t\t\t\t\td=\"M12.7 244.7L1.4 256l11.3 11.3 168 168L192 446.6 214.6 424l-11.3-11.3L62.6 272 432 272l16 0 0-32-16 0L62.6 240 203.3 99.3 214.6 88 192 65.4 180.7 76.7l-168 168z\" \/>\n\t\t\t<\/svg>\n\t\t<\/div>\n\t\t<div class=\"button-next\">\n\t\t\t<svg xmlns=\"http:\/\/www.w3.org\/2000\/svg\" viewBox=\"0 0 448 512\">\n\t\t\t\t<path\n\t\t\t\t\td=\"M435.3 267.3L446.6 256l-11.3-11.3-168-168L256 65.4 233.4 88l11.3 11.3L385.4 240 16 240 0 240l0 32 16 0 369.4 0L244.7 412.7 233.4 424 256 446.6l11.3-11.3 168-168z\" \/>\n\t\t\t<\/svg>\n\t\t<\/div>\n\t\t\t<\/div><!-- .swiper -->\n\n\t<\/div>\n\n<div class=\"wp-block-group has-white-background-color has-background is-content-justification-space-between is-nowrap is-layout-flex wp-container-core-group-is-layout-098ab513 wp-block-group-is-layout-flex\" style=\"padding-top:var(--wp--preset--spacing--theme-m);padding-right:var(--wp--preset--spacing--theme-s);padding-bottom:var(--wp--preset--spacing--theme-m);padding-left:var(--wp--preset--spacing--theme-s)\">\n\n<\/div>\n","protected":false},"excerpt":{"rendered":"<p>Lyon en 48 horas: traboules, atascos, Fourvi\u00e8re y Croix-Rousse. Nuestros imprescindibles para una estancia satisfactoria.<\/p>\n","protected":false},"author":3,"featured_media":7507,"comment_status":"open","ping_status":"open","sticky":false,"template":"","format":"standard","meta":{"_acf_changed":false,"inline_featured_image":false,"footnotes":""},"categories":[48],"tags":[],"class_list":["post-9132","post","type-post","status-publish","format-standard","has-post-thumbnail","hentry","category-noticias-de-la-coleccion"],"acf":[],"yoast_head":"<!-- This site is optimized with the Yoast SEO plugin v27.4 - https:\/\/yoast.com\/product\/yoast-seo-wordpress\/ -->\n<title>\u00bfUna nueva direcci\u00f3n de coworking en Lyon? - Les Aubergistes Lyonnais<\/title>\n<meta name=\"description\" content=\"Les Aubergistes Lyonnais - \u00bfUna nueva direcci\u00f3n de coworking en Lyon? . Lyon en 48 horas: traboules, atascos, Fourvi\u00e8re y Croix-Rousse. Nuestros imprescindibles para una estancia satisfactoria.\" \/>\n<meta name=\"robots\" content=\"index, follow, max-snippet:-1, max-image-preview:large, max-video-preview:-1\" \/>\n<link rel=\"canonical\" href=\"https:\/\/www.lesaubergisteslyonnais.fr\/es\/blog\/una-nueva-direccion-de-coworking-en-lyon\/\" \/>\n<meta property=\"og:locale\" content=\"es_ES\" \/>\n<meta property=\"og:type\" content=\"article\" \/>\n<meta property=\"og:title\" content=\"\u00bfUna nueva direcci\u00f3n de coworking en Lyon? - Les Aubergistes Lyonnais\" \/>\n<meta property=\"og:description\" content=\"Les Aubergistes Lyonnais - \u00bfUna nueva direcci\u00f3n de coworking en Lyon? . Lyon en 48 horas: traboules, atascos, Fourvi\u00e8re y Croix-Rousse. Nuestros imprescindibles para una estancia satisfactoria.\" \/>\n<meta property=\"og:url\" content=\"https:\/\/www.lesaubergisteslyonnais.fr\/es\/blog\/una-nueva-direccion-de-coworking-en-lyon\/\" \/>\n<meta property=\"og:site_name\" content=\"Les Aubergistes Lyonnais\" \/>\n<meta property=\"article:published_time\" content=\"2025-10-24T11:24:11+00:00\" \/>\n<meta property=\"article:modified_time\" content=\"2026-04-17T07:26:23+00:00\" \/>\n<meta property=\"og:image\" content=\"https:\/\/www.lesaubergisteslyonnais.fr\/wp-content\/uploads\/2025\/06\/bastien-nvs-d7Ht7aIM6RQ-unsplash.jpg\" \/>\n\t<meta property=\"og:image:width\" content=\"712\" \/>\n\t<meta property=\"og:image:height\" content=\"1080\" \/>\n\t<meta property=\"og:image:type\" content=\"image\/jpeg\" \/>\n<meta name=\"author\" content=\"eluquet\" \/>\n<meta name=\"twitter:card\" content=\"summary_large_image\" \/>\n<meta name=\"twitter:label1\" content=\"Escrito por\" \/>\n\t<meta name=\"twitter:data1\" content=\"eluquet\" \/>\n\t<meta name=\"twitter:label2\" content=\"Tiempo de lectura\" \/>\n\t<meta name=\"twitter:data2\" content=\"2 minuto\" \/>\n<script type=\"application\/ld+json\" class=\"yoast-schema-graph\">{\"@context\":\"https:\\\/\\\/schema.org\",\"@graph\":[{\"@type\":\"Article\",\"@id\":\"https:\\\/\\\/www.lesaubergisteslyonnais.fr\\\/es\\\/blog\\\/una-nueva-direccion-de-coworking-en-lyon\\\/#article\",\"isPartOf\":{\"@id\":\"https:\\\/\\\/www.lesaubergisteslyonnais.fr\\\/es\\\/blog\\\/una-nueva-direccion-de-coworking-en-lyon\\\/\"},\"author\":{\"name\":\"eluquet\",\"@id\":\"https:\\\/\\\/www.lesaubergisteslyonnais.fr\\\/es\\\/#\\\/schema\\\/person\\\/e4ac4e9bc69cd2894d15d6ace15a9f68\"},\"headline\":\"\u00bfUna nueva direcci\u00f3n de coworking en Lyon?\",\"datePublished\":\"2025-10-24T11:24:11+00:00\",\"dateModified\":\"2026-04-17T07:26:23+00:00\",\"mainEntityOfPage\":{\"@id\":\"https:\\\/\\\/www.lesaubergisteslyonnais.fr\\\/es\\\/blog\\\/una-nueva-direccion-de-coworking-en-lyon\\\/\"},\"wordCount\":448,\"commentCount\":0,\"publisher\":{\"@id\":\"https:\\\/\\\/www.lesaubergisteslyonnais.fr\\\/es\\\/#organization\"},\"image\":{\"@id\":\"https:\\\/\\\/www.lesaubergisteslyonnais.fr\\\/es\\\/blog\\\/una-nueva-direccion-de-coworking-en-lyon\\\/#primaryimage\"},\"thumbnailUrl\":\"https:\\\/\\\/www.lesaubergisteslyonnais.fr\\\/wp-content\\\/uploads\\\/2025\\\/06\\\/bastien-nvs-d7Ht7aIM6RQ-unsplash.jpg\",\"articleSection\":[\"Noticias de la colecci\u00f3n\"],\"inLanguage\":\"es\",\"potentialAction\":[{\"@type\":\"CommentAction\",\"name\":\"Comment\",\"target\":[\"https:\\\/\\\/www.lesaubergisteslyonnais.fr\\\/es\\\/blog\\\/una-nueva-direccion-de-coworking-en-lyon\\\/#respond\"]}]},{\"@type\":\"WebPage\",\"@id\":\"https:\\\/\\\/www.lesaubergisteslyonnais.fr\\\/es\\\/blog\\\/una-nueva-direccion-de-coworking-en-lyon\\\/\",\"url\":\"https:\\\/\\\/www.lesaubergisteslyonnais.fr\\\/es\\\/blog\\\/una-nueva-direccion-de-coworking-en-lyon\\\/\",\"name\":\"\u00bfUna nueva direcci\u00f3n de coworking en Lyon? - Les Aubergistes Lyonnais\",\"isPartOf\":{\"@id\":\"https:\\\/\\\/www.lesaubergisteslyonnais.fr\\\/es\\\/#website\"},\"primaryImageOfPage\":{\"@id\":\"https:\\\/\\\/www.lesaubergisteslyonnais.fr\\\/es\\\/blog\\\/una-nueva-direccion-de-coworking-en-lyon\\\/#primaryimage\"},\"image\":{\"@id\":\"https:\\\/\\\/www.lesaubergisteslyonnais.fr\\\/es\\\/blog\\\/una-nueva-direccion-de-coworking-en-lyon\\\/#primaryimage\"},\"thumbnailUrl\":\"https:\\\/\\\/www.lesaubergisteslyonnais.fr\\\/wp-content\\\/uploads\\\/2025\\\/06\\\/bastien-nvs-d7Ht7aIM6RQ-unsplash.jpg\",\"datePublished\":\"2025-10-24T11:24:11+00:00\",\"dateModified\":\"2026-04-17T07:26:23+00:00\",\"description\":\"Les Aubergistes Lyonnais - \u00bfUna nueva direcci\u00f3n de coworking en Lyon? . Lyon en 48 horas: traboules, atascos, Fourvi\u00e8re y Croix-Rousse. Nuestros imprescindibles para una estancia satisfactoria.\",\"breadcrumb\":{\"@id\":\"https:\\\/\\\/www.lesaubergisteslyonnais.fr\\\/es\\\/blog\\\/una-nueva-direccion-de-coworking-en-lyon\\\/#breadcrumb\"},\"inLanguage\":\"es\",\"potentialAction\":[{\"@type\":\"ReadAction\",\"target\":[\"https:\\\/\\\/www.lesaubergisteslyonnais.fr\\\/es\\\/blog\\\/una-nueva-direccion-de-coworking-en-lyon\\\/\"]}]},{\"@type\":\"ImageObject\",\"inLanguage\":\"es\",\"@id\":\"https:\\\/\\\/www.lesaubergisteslyonnais.fr\\\/es\\\/blog\\\/una-nueva-direccion-de-coworking-en-lyon\\\/#primaryimage\",\"url\":\"https:\\\/\\\/www.lesaubergisteslyonnais.fr\\\/wp-content\\\/uploads\\\/2025\\\/06\\\/bastien-nvs-d7Ht7aIM6RQ-unsplash.jpg\",\"contentUrl\":\"https:\\\/\\\/www.lesaubergisteslyonnais.fr\\\/wp-content\\\/uploads\\\/2025\\\/06\\\/bastien-nvs-d7Ht7aIM6RQ-unsplash.jpg\",\"width\":712,\"height\":1080,\"caption\":\"bastien nvs d7Ht7aIM6RQ unsplash\"},{\"@type\":\"BreadcrumbList\",\"@id\":\"https:\\\/\\\/www.lesaubergisteslyonnais.fr\\\/es\\\/blog\\\/una-nueva-direccion-de-coworking-en-lyon\\\/#breadcrumb\",\"itemListElement\":[{\"@type\":\"ListItem\",\"position\":1,\"name\":\"Accueil\",\"item\":\"https:\\\/\\\/www.lesaubergisteslyonnais.fr\\\/es\\\/\"},{\"@type\":\"ListItem\",\"position\":2,\"name\":\"Noticias de la colecci\u00f3n\",\"item\":\"https:\\\/\\\/www.lesaubergisteslyonnais.fr\\\/es\\\/blog\\\/noticias-de-la-coleccion\\\/\"},{\"@type\":\"ListItem\",\"position\":3,\"name\":\"\u00bfUna nueva direcci\u00f3n de coworking en Lyon?\"}]},{\"@type\":\"WebSite\",\"@id\":\"https:\\\/\\\/www.lesaubergisteslyonnais.fr\\\/es\\\/#website\",\"url\":\"https:\\\/\\\/www.lesaubergisteslyonnais.fr\\\/es\\\/\",\"name\":\"Globe Cecil\",\"description\":\"\",\"publisher\":{\"@id\":\"https:\\\/\\\/www.lesaubergisteslyonnais.fr\\\/es\\\/#organization\"},\"potentialAction\":[{\"@type\":\"SearchAction\",\"target\":{\"@type\":\"EntryPoint\",\"urlTemplate\":\"https:\\\/\\\/www.lesaubergisteslyonnais.fr\\\/es\\\/?s={search_term_string}\"},\"query-input\":{\"@type\":\"PropertyValueSpecification\",\"valueRequired\":true,\"valueName\":\"search_term_string\"}}],\"inLanguage\":\"es\"},{\"@type\":\"Organization\",\"@id\":\"https:\\\/\\\/www.lesaubergisteslyonnais.fr\\\/es\\\/#organization\",\"name\":\"Globe Cecil\",\"url\":\"https:\\\/\\\/www.lesaubergisteslyonnais.fr\\\/es\\\/\",\"logo\":{\"@type\":\"ImageObject\",\"inLanguage\":\"es\",\"@id\":\"https:\\\/\\\/www.lesaubergisteslyonnais.fr\\\/es\\\/#\\\/schema\\\/logo\\\/image\\\/\",\"url\":\"https:\\\/\\\/www.lesaubergisteslyonnais.fr\\\/wp-content\\\/uploads\\\/2025\\\/05\\\/LOGO-Aubergistes-Lyonnais-White.svg\",\"contentUrl\":\"https:\\\/\\\/www.lesaubergisteslyonnais.fr\\\/wp-content\\\/uploads\\\/2025\\\/05\\\/LOGO-Aubergistes-Lyonnais-White.svg\",\"width\":558,\"height\":127,\"caption\":\"Globe Cecil\"},\"image\":{\"@id\":\"https:\\\/\\\/www.lesaubergisteslyonnais.fr\\\/es\\\/#\\\/schema\\\/logo\\\/image\\\/\"}},{\"@type\":\"Person\",\"@id\":\"https:\\\/\\\/www.lesaubergisteslyonnais.fr\\\/es\\\/#\\\/schema\\\/person\\\/e4ac4e9bc69cd2894d15d6ace15a9f68\",\"name\":\"eluquet\",\"image\":{\"@type\":\"ImageObject\",\"inLanguage\":\"es\",\"@id\":\"https:\\\/\\\/secure.gravatar.com\\\/avatar\\\/442dc35ef11b7d2998eb3e3b34cffb58fb8c292b4147875dabe42b2c036c4d84?s=96&d=mm&r=g\",\"url\":\"https:\\\/\\\/secure.gravatar.com\\\/avatar\\\/442dc35ef11b7d2998eb3e3b34cffb58fb8c292b4147875dabe42b2c036c4d84?s=96&d=mm&r=g\",\"contentUrl\":\"https:\\\/\\\/secure.gravatar.com\\\/avatar\\\/442dc35ef11b7d2998eb3e3b34cffb58fb8c292b4147875dabe42b2c036c4d84?s=96&d=mm&r=g\",\"caption\":\"eluquet\"},\"url\":\"https:\\\/\\\/www.lesaubergisteslyonnais.fr\\\/es\\\/author\\\/eluquet69\\\/\"}]}<\/script>\n<!-- \/ Yoast SEO plugin. -->","yoast_head_json":{"title":"\u00bfUna nueva direcci\u00f3n de coworking en Lyon? - Les Aubergistes Lyonnais","description":"Les Aubergistes Lyonnais - \u00bfUna nueva direcci\u00f3n de coworking en Lyon? . Lyon en 48 horas: traboules, atascos, Fourvi\u00e8re y Croix-Rousse. Nuestros imprescindibles para una estancia satisfactoria.","robots":{"index":"index","follow":"follow","max-snippet":"max-snippet:-1","max-image-preview":"max-image-preview:large","max-video-preview":"max-video-preview:-1"},"canonical":"https:\/\/www.lesaubergisteslyonnais.fr\/es\/blog\/una-nueva-direccion-de-coworking-en-lyon\/","og_locale":"es_ES","og_type":"article","og_title":"\u00bfUna nueva direcci\u00f3n de coworking en Lyon? - Les Aubergistes Lyonnais","og_description":"Les Aubergistes Lyonnais - \u00bfUna nueva direcci\u00f3n de coworking en Lyon? . Lyon en 48 horas: traboules, atascos, Fourvi\u00e8re y Croix-Rousse. Nuestros imprescindibles para una estancia satisfactoria.","og_url":"https:\/\/www.lesaubergisteslyonnais.fr\/es\/blog\/una-nueva-direccion-de-coworking-en-lyon\/","og_site_name":"Les Aubergistes Lyonnais","article_published_time":"2025-10-24T11:24:11+00:00","article_modified_time":"2026-04-17T07:26:23+00:00","og_image":[{"width":712,"height":1080,"url":"https:\/\/www.lesaubergisteslyonnais.fr\/wp-content\/uploads\/2025\/06\/bastien-nvs-d7Ht7aIM6RQ-unsplash.jpg","type":"image\/jpeg"}],"author":"eluquet","twitter_card":"summary_large_image","twitter_misc":{"Escrito por":"eluquet","Tiempo de lectura":"2 minuto"},"schema":{"@context":"https:\/\/schema.org","@graph":[{"@type":"Article","@id":"https:\/\/www.lesaubergisteslyonnais.fr\/es\/blog\/una-nueva-direccion-de-coworking-en-lyon\/#article","isPartOf":{"@id":"https:\/\/www.lesaubergisteslyonnais.fr\/es\/blog\/una-nueva-direccion-de-coworking-en-lyon\/"},"author":{"name":"eluquet","@id":"https:\/\/www.lesaubergisteslyonnais.fr\/es\/#\/schema\/person\/e4ac4e9bc69cd2894d15d6ace15a9f68"},"headline":"\u00bfUna nueva direcci\u00f3n de coworking en Lyon?","datePublished":"2025-10-24T11:24:11+00:00","dateModified":"2026-04-17T07:26:23+00:00","mainEntityOfPage":{"@id":"https:\/\/www.lesaubergisteslyonnais.fr\/es\/blog\/una-nueva-direccion-de-coworking-en-lyon\/"},"wordCount":448,"commentCount":0,"publisher":{"@id":"https:\/\/www.lesaubergisteslyonnais.fr\/es\/#organization"},"image":{"@id":"https:\/\/www.lesaubergisteslyonnais.fr\/es\/blog\/una-nueva-direccion-de-coworking-en-lyon\/#primaryimage"},"thumbnailUrl":"https:\/\/www.lesaubergisteslyonnais.fr\/wp-content\/uploads\/2025\/06\/bastien-nvs-d7Ht7aIM6RQ-unsplash.jpg","articleSection":["Noticias de la colecci\u00f3n"],"inLanguage":"es","potentialAction":[{"@type":"CommentAction","name":"Comment","target":["https:\/\/www.lesaubergisteslyonnais.fr\/es\/blog\/una-nueva-direccion-de-coworking-en-lyon\/#respond"]}]},{"@type":"WebPage","@id":"https:\/\/www.lesaubergisteslyonnais.fr\/es\/blog\/una-nueva-direccion-de-coworking-en-lyon\/","url":"https:\/\/www.lesaubergisteslyonnais.fr\/es\/blog\/una-nueva-direccion-de-coworking-en-lyon\/","name":"\u00bfUna nueva direcci\u00f3n de coworking en Lyon? - Les Aubergistes Lyonnais","isPartOf":{"@id":"https:\/\/www.lesaubergisteslyonnais.fr\/es\/#website"},"primaryImageOfPage":{"@id":"https:\/\/www.lesaubergisteslyonnais.fr\/es\/blog\/una-nueva-direccion-de-coworking-en-lyon\/#primaryimage"},"image":{"@id":"https:\/\/www.lesaubergisteslyonnais.fr\/es\/blog\/una-nueva-direccion-de-coworking-en-lyon\/#primaryimage"},"thumbnailUrl":"https:\/\/www.lesaubergisteslyonnais.fr\/wp-content\/uploads\/2025\/06\/bastien-nvs-d7Ht7aIM6RQ-unsplash.jpg","datePublished":"2025-10-24T11:24:11+00:00","dateModified":"2026-04-17T07:26:23+00:00","description":"Les Aubergistes Lyonnais - \u00bfUna nueva direcci\u00f3n de coworking en Lyon? . Lyon en 48 horas: traboules, atascos, Fourvi\u00e8re y Croix-Rousse. Nuestros imprescindibles para una estancia satisfactoria.","breadcrumb":{"@id":"https:\/\/www.lesaubergisteslyonnais.fr\/es\/blog\/una-nueva-direccion-de-coworking-en-lyon\/#breadcrumb"},"inLanguage":"es","potentialAction":[{"@type":"ReadAction","target":["https:\/\/www.lesaubergisteslyonnais.fr\/es\/blog\/una-nueva-direccion-de-coworking-en-lyon\/"]}]},{"@type":"ImageObject","inLanguage":"es","@id":"https:\/\/www.lesaubergisteslyonnais.fr\/es\/blog\/una-nueva-direccion-de-coworking-en-lyon\/#primaryimage","url":"https:\/\/www.lesaubergisteslyonnais.fr\/wp-content\/uploads\/2025\/06\/bastien-nvs-d7Ht7aIM6RQ-unsplash.jpg","contentUrl":"https:\/\/www.lesaubergisteslyonnais.fr\/wp-content\/uploads\/2025\/06\/bastien-nvs-d7Ht7aIM6RQ-unsplash.jpg","width":712,"height":1080,"caption":"bastien nvs d7Ht7aIM6RQ unsplash"},{"@type":"BreadcrumbList","@id":"https:\/\/www.lesaubergisteslyonnais.fr\/es\/blog\/una-nueva-direccion-de-coworking-en-lyon\/#breadcrumb","itemListElement":[{"@type":"ListItem","position":1,"name":"Accueil","item":"https:\/\/www.lesaubergisteslyonnais.fr\/es\/"},{"@type":"ListItem","position":2,"name":"Noticias de la colecci\u00f3n","item":"https:\/\/www.lesaubergisteslyonnais.fr\/es\/blog\/noticias-de-la-coleccion\/"},{"@type":"ListItem","position":3,"name":"\u00bfUna nueva direcci\u00f3n de coworking en Lyon?"}]},{"@type":"WebSite","@id":"https:\/\/www.lesaubergisteslyonnais.fr\/es\/#website","url":"https:\/\/www.lesaubergisteslyonnais.fr\/es\/","name":"Globe Cecil","description":"","publisher":{"@id":"https:\/\/www.lesaubergisteslyonnais.fr\/es\/#organization"},"potentialAction":[{"@type":"SearchAction","target":{"@type":"EntryPoint","urlTemplate":"https:\/\/www.lesaubergisteslyonnais.fr\/es\/?s={search_term_string}"},"query-input":{"@type":"PropertyValueSpecification","valueRequired":true,"valueName":"search_term_string"}}],"inLanguage":"es"},{"@type":"Organization","@id":"https:\/\/www.lesaubergisteslyonnais.fr\/es\/#organization","name":"Globe Cecil","url":"https:\/\/www.lesaubergisteslyonnais.fr\/es\/","logo":{"@type":"ImageObject","inLanguage":"es","@id":"https:\/\/www.lesaubergisteslyonnais.fr\/es\/#\/schema\/logo\/image\/","url":"https:\/\/www.lesaubergisteslyonnais.fr\/wp-content\/uploads\/2025\/05\/LOGO-Aubergistes-Lyonnais-White.svg","contentUrl":"https:\/\/www.lesaubergisteslyonnais.fr\/wp-content\/uploads\/2025\/05\/LOGO-Aubergistes-Lyonnais-White.svg","width":558,"height":127,"caption":"Globe Cecil"},"image":{"@id":"https:\/\/www.lesaubergisteslyonnais.fr\/es\/#\/schema\/logo\/image\/"}},{"@type":"Person","@id":"https:\/\/www.lesaubergisteslyonnais.fr\/es\/#\/schema\/person\/e4ac4e9bc69cd2894d15d6ace15a9f68","name":"eluquet","image":{"@type":"ImageObject","inLanguage":"es","@id":"https:\/\/secure.gravatar.com\/avatar\/442dc35ef11b7d2998eb3e3b34cffb58fb8c292b4147875dabe42b2c036c4d84?s=96&d=mm&r=g","url":"https:\/\/secure.gravatar.com\/avatar\/442dc35ef11b7d2998eb3e3b34cffb58fb8c292b4147875dabe42b2c036c4d84?s=96&d=mm&r=g","contentUrl":"https:\/\/secure.gravatar.com\/avatar\/442dc35ef11b7d2998eb3e3b34cffb58fb8c292b4147875dabe42b2c036c4d84?s=96&d=mm&r=g","caption":"eluquet"},"url":"https:\/\/www.lesaubergisteslyonnais.fr\/es\/author\/eluquet69\/"}]}},"_links":{"self":[{"href":"https:\/\/www.lesaubergisteslyonnais.fr\/es\/wp-json\/wp\/v2\/posts\/9132","targetHints":{"allow":["GET"]}}],"collection":[{"href":"https:\/\/www.lesaubergisteslyonnais.fr\/es\/wp-json\/wp\/v2\/posts"}],"about":[{"href":"https:\/\/www.lesaubergisteslyonnais.fr\/es\/wp-json\/wp\/v2\/types\/post"}],"author":[{"embeddable":true,"href":"https:\/\/www.lesaubergisteslyonnais.fr\/es\/wp-json\/wp\/v2\/users\/3"}],"replies":[{"embeddable":true,"href":"https:\/\/www.lesaubergisteslyonnais.fr\/es\/wp-json\/wp\/v2\/comments?post=9132"}],"version-history":[{"count":3,"href":"https:\/\/www.lesaubergisteslyonnais.fr\/es\/wp-json\/wp\/v2\/posts\/9132\/revisions"}],"predecessor-version":[{"id":9818,"href":"https:\/\/www.lesaubergisteslyonnais.fr\/es\/wp-json\/wp\/v2\/posts\/9132\/revisions\/9818"}],"wp:featuredmedia":[{"embeddable":true,"href":"https:\/\/www.lesaubergisteslyonnais.fr\/es\/wp-json\/wp\/v2\/media\/7507"}],"wp:attachment":[{"href":"https:\/\/www.lesaubergisteslyonnais.fr\/es\/wp-json\/wp\/v2\/media?parent=9132"}],"wp:term":[{"taxonomy":"category","embeddable":true,"href":"https:\/\/www.lesaubergisteslyonnais.fr\/es\/wp-json\/wp\/v2\/categories?post=9132"},{"taxonomy":"post_tag","embeddable":true,"href":"https:\/\/www.lesaubergisteslyonnais.fr\/es\/wp-json\/wp\/v2\/tags?post=9132"}],"curies":[{"name":"wp","href":"https:\/\/api.w.org\/{rel}","templated":true}]}}