{"id":8883,"date":"2025-10-06T15:10:44","date_gmt":"2025-10-06T13:10:44","guid":{"rendered":"https:\/\/www.lesaubergisteslyonnais.fr\/pueblo-de-los-bergistas-2025\/"},"modified":"2026-04-17T09:26:04","modified_gmt":"2026-04-17T07:26:04","slug":"pueblo-de-los-bergistas-2025","status":"publish","type":"post","link":"https:\/\/www.lesaubergisteslyonnais.fr\/es\/blog\/pueblo-de-los-bergistas-2025\/","title":{"rendered":"Pueblo de los Bergistas 2025"},"content":{"rendered":"\n<section class=\"heading wp-elements-6ce9e047ca7fd5eaa9b8d0a93d5ec5d0 wp-elements-6ce9e047ca7fd5eaa9b8d0a93d5ec5d0 wp-block-acf-heading has-text-color has-primary-color has-background has-white-100-background-color\">\n\t<div class=\"heading__container\">\n\t\t\t\t\t<div class=\"heading__background-picture\">\n\t\t\t\t<img decoding=\"async\" width=\"1620\" height=\"1080\" src=\"https:\/\/www.lesaubergisteslyonnais.fr\/wp-content\/uploads\/2025\/10\/village-des-aubergistes-lyonnais-1.jpg\" class=\"attachment-full size-full\" alt=\"pueblo de lyonnais posaderos 1\" fetchpriority=\"high\" srcset=\"https:\/\/www.lesaubergisteslyonnais.fr\/wp-content\/uploads\/2025\/10\/village-des-aubergistes-lyonnais-1.jpg 1620w, https:\/\/www.lesaubergisteslyonnais.fr\/wp-content\/uploads\/2025\/10\/village-des-aubergistes-lyonnais-1-600x400.jpg 600w, https:\/\/www.lesaubergisteslyonnais.fr\/wp-content\/uploads\/2025\/10\/village-des-aubergistes-lyonnais-1-1400x933.jpg 1400w, https:\/\/www.lesaubergisteslyonnais.fr\/wp-content\/uploads\/2025\/10\/village-des-aubergistes-lyonnais-1-768x512.jpg 768w, https:\/\/www.lesaubergisteslyonnais.fr\/wp-content\/uploads\/2025\/10\/village-des-aubergistes-lyonnais-1-1536x1024.jpg 1536w\" sizes=\"(max-width: 1620px) 100vw, 1620px\" \/>\t\t\t<\/div>\n\t\t\t\t<div class=\"heading__layout\">\n\t\t\t<div class=\"heading__content-wrapper has-white-100-background-color\">\n\t\t\t\t<div class=\"heading__content has-white-100-background-color\">\n\t\t\t\t\t\t\t\t\t<p id=\"breadcrumbs\"><span><span><a href=\"https:\/\/www.lesaubergisteslyonnais.fr\/es\/\">Accueil<\/a><\/span><\/span><\/p>\t\t\t\t\t\t\t\t\t<div class=\"acf-innerblocks-container\">\n\n<div class=\"wp-block-group heading-content-group is-layout-grid wp-container-core-group-is-layout-96b258e4 wp-block-group-is-layout-grid\">\n<h1 class=\"wp-block-heading has-text-align-left heading__title has-primary-color has-text-color has-xx-large-font-size\"><strong>Pueblo de los Bergistas 2025<\/strong><\/h1>\n<\/div>\n\n<\/div>\n\t\t\t\t<\/div>\n\t\t\t\t\t\t\t<\/div>\n\t\t<\/div>\n\t<\/div>\n<\/section>\n\n\n\t<section\n\t\tstyle=\"padding-top:var(--wp--preset--spacing--theme-default);padding-bottom:var(--wp--preset--spacing--theme-default);\" class=\"block-container align wp-block-acf-block-container has-background has-white-background-color has-global-padding is-layout-constrained wp-container-acf-block-container-is-layout-9fc9711e wp-block-acf-block-container-is-layout-constrained\"\t>\n\n\t\n\n<div class=\"wp-block-group is-layout-flow wp-block-group-is-layout-flow\">\n<h2 class=\"wp-block-heading has-text-align-left\">Vuelve el Village des Aubergistes de Lyon: una noche, cinco sentidos, mil emociones<\/h2>\n\n\n\n<p>Hay algunos acontecimientos que esperas como quien espera las primeras luces de Navidad. En Aubergistes Lyonnais, es el Village. Nuestro momento especial.<br\/>El 6 de noviembre de 2025, te esperamos en el Ph\u00e9nix H\u00f4tel, a partir de las 18.00 horas, para la 5\u00aa edici\u00f3n\u1d49 de esta velada ya de culto: un encuentro a medio camino entre un mini SIRHA y una gran fiesta familiar.  <\/p>\n<\/div>\n\n\n\n<\/section>\n\n\t<section\n\t\tstyle=\"padding-top:0;padding-bottom:0;\" class=\"block-container align wp-block-acf-block-container has-background has-white-background-color has-global-padding is-layout-constrained wp-container-acf-block-container-is-layout-95730b41 wp-block-acf-block-container-is-layout-constrained\"\t>\n\n\t\n\n<div class=\"wp-block-group is-layout-flow wp-block-group-is-layout-flow\">\n<h4 class=\"wp-block-heading\">\u00bfQu\u00e9 es exactamente el pueblo?<\/h4>\n\n\n\n<p>Imagina un animado mercado nocturno en el que nuestros <strong>productores, artesanos y socios<\/strong> instalan sus puestos para ofrecer degustaciones de sus tesoros: vinos, quesos, terrinas, condimentos, licores, aceites, chocolates&#8230; Y entre bocado y bocado, charlamos, brindamos y re\u00edmos.<br\/>Durante toda la velada se sirve un <strong>c\u00f3ctel gourmet<\/strong> a base de productos de nuestros proveedores, con <strong>combinaciones originales<\/strong> y algunas <strong>sorpresas culinarias<\/strong> que a\u00fan mantenemos en secreto (pero que deber\u00edan despertar tus papilas gustativas).<\/p>\n\n\n\n<p>\u00a1Hasta el a\u00f1o que viene!<\/p>\n<\/div>\n\n\n\n<\/section>\n\n\t<section\n\t\tstyle=\"padding-top:var(--wp--preset--spacing--theme-default);padding-bottom:var(--wp--preset--spacing--theme-default);\" class=\"block-container align wp-block-acf-block-container has-background has-white-background-color has-global-padding is-layout-constrained wp-container-acf-block-container-is-layout-9fc9711e wp-block-acf-block-container-is-layout-constrained\"\t>\n\n\t\n\n<div class=\"wp-block-group is-layout-flow wp-block-group-is-layout-flow\">\n<h4 class=\"wp-block-heading\">Una velada gratuita, \u00a1abierta a todos!<\/h4>\n\n\n\n<p>S\u00ed, has le\u00eddo bien: <strong>el Village des Aubergistes Lyonnais es gratuito y est\u00e1 abierto a todos<\/strong>.<br\/>Cada a\u00f1o, nos reunimos con nuestros <strong>fieles clientes<\/strong>, nuestros <strong>equipos<\/strong>, nuestros <strong>proveedores<\/strong>, as\u00ed como con <strong>amigos, periodistas, curiosos<\/strong>, personas influyentes del mundo de la alimentaci\u00f3n e incluso algunas <strong>figuras de la escena lionesa<\/strong>. Unas <strong>200 personas<\/strong> se re\u00fanen bajo el techo abovedado del Ph\u00e9nix para celebrar lo que nos une: el gusto por la <strong>buena comida<\/strong> y la <strong>alegr\u00eda de estar juntos<\/strong>. <\/p>\n<\/div>\n\n\n\n<\/section>\n\n\t<section\n\t\tstyle=\"padding-top:0;padding-bottom:0;\" class=\"block-container align wp-block-acf-block-container has-background has-white-background-color has-global-padding is-layout-constrained wp-container-acf-block-container-is-layout-95730b41 wp-block-acf-block-container-is-layout-constrained\"\t>\n\n\t\n\n<div class=\"wp-block-group is-layout-flow wp-block-group-is-layout-flow\">\n<h4 class=\"wp-block-heading\">Una historia de familia y valores<\/h4>\n\n\n\n<p>Para nosotros, la Aldea es algo m\u00e1s que un evento: es <strong>el hilo conductor de todo el a\u00f1o<\/strong>.<br\/>Es donde nos reunimos con quienes trabajamos codo con codo, quienes nos inspiran, quienes comparten nuestro deseo de dar vida a <strong>una restauraci\u00f3n local, humana y sincera<\/strong>.<br\/>Detr\u00e1s de cada stand, hay una historia, un rostro, un saber hacer.<br\/>Y nos gusta iluminarlos como lo har\u00edamos con un amigo.<\/p>\n<\/div>\n\n\n\n<\/section>\n\n\t<section\n\t\tstyle=\"padding-top:var(--wp--preset--spacing--theme-default);padding-bottom:var(--wp--preset--spacing--theme-default);\" class=\"block-container align wp-block-acf-block-container has-background has-white-background-color has-global-padding is-layout-constrained wp-container-acf-block-container-is-layout-9fc9711e wp-block-acf-block-container-is-layout-constrained\"\t>\n\n\t\n\n<div class=\"wp-block-group is-layout-flow wp-block-group-is-layout-flow\">\n<h4 class=\"wp-block-heading\"><strong><strong>2025: <\/strong>una edici\u00f3n bajo el signo de los cinco sentidos<\/strong><\/h4>\n\n\n\n<p>Este a\u00f1o, el tema de la Aldea juega con nuestras emociones: <strong>los cinco sentidos<\/strong>.<br\/>Prometemos una velada llena de <strong>sabores, sonidos, texturas y sorpresas visuales<\/strong>. Quiz\u00e1 incluso algunas emociones, \u00bfqui\u00e9n sabe? <br\/>Eso es todo lo que decimos, pero prep\u00e1rate para una experiencia que no s\u00f3lo se ve: se siente.<\/p>\n\n\n\n<p>En Aubergistes Lyonnais, no hacemos las cosas a medias. Nos gusta <strong>reunir a la gente<\/strong>, <strong>compartir<\/strong>, <strong>re\u00edr<\/strong> y <strong>contar historias<\/strong> en torno a una buena comida.<br\/>Le Village es exactamente eso: un momento suspendido en el tiempo, un gran banquete moderno al que todo el mundo est\u00e1 invitado. <\/p>\n\n\n\n<p>As\u00ed que <strong>apunta la fecha<\/strong>:<br\/>&#8211; <strong>Mi\u00e9rcoles 6 de noviembre, a partir de las 18.00 h<\/strong><br\/>&#8211; <strong>Ph\u00e9nix H\u00f4tel &#8211; 7 quai de Bondy, Lyon 5\u1d49<\/strong><br\/>&#8211; <strong>Entrada gratuita<\/strong><\/p>\n\n\n\n<p>Ven con los ojos abiertos, las papilas gustativas despiertas y el coraz\u00f3n ligero.<br\/>Nosotros nos ocuparemos del resto.<\/p>\n<\/div>\n\n\n\n<\/section>\n\n<section\n\tstyle=\"padding-top:0;padding-bottom:var(--wp--preset--spacing--theme-default);\" class=\"masonry-grid masonry-grid--texto-arriba-izquierda alignfull wp-block-acf-masonry-grid is-layout-flow wp-block-acf-masonry-grid-is-layout-flow\">\n\t\n\n<div class=\"wp-block-media-text alignwide is-stacked-on-mobile masonry-grid__wrapper\"><figure class=\"wp-block-media-text__media\"><img decoding=\"async\" width=\"1400\" height=\"933\" src=\"https:\/\/www.lesaubergisteslyonnais.fr\/wp-content\/uploads\/2025\/10\/village-des-aubergistes-lyonnais-1-1400x933.jpg\" alt=\"pueblo de lyonnais posaderos 1\" class=\"wp-image-8865 size-full\" srcset=\"https:\/\/www.lesaubergisteslyonnais.fr\/wp-content\/uploads\/2025\/10\/village-des-aubergistes-lyonnais-1-1400x933.jpg 1400w, https:\/\/www.lesaubergisteslyonnais.fr\/wp-content\/uploads\/2025\/10\/village-des-aubergistes-lyonnais-1-600x400.jpg 600w, https:\/\/www.lesaubergisteslyonnais.fr\/wp-content\/uploads\/2025\/10\/village-des-aubergistes-lyonnais-1-768x512.jpg 768w, https:\/\/www.lesaubergisteslyonnais.fr\/wp-content\/uploads\/2025\/10\/village-des-aubergistes-lyonnais-1-1536x1024.jpg 1536w, https:\/\/www.lesaubergisteslyonnais.fr\/wp-content\/uploads\/2025\/10\/village-des-aubergistes-lyonnais-1.jpg 1620w\" sizes=\"(max-width: 1400px) 100vw, 1400px\" \/><\/figure><div class=\"wp-block-media-text__content\">\n<div class=\"wp-block-group masonry-grid__text-container has-secondary-background-color has-background is-vertical is-content-justification-center is-layout-flex wp-container-core-group-is-layout-3e9f99e2 wp-block-group-is-layout-flex\" style=\"padding-top:var(--wp--preset--spacing--theme-xs);padding-right:var(--wp--preset--spacing--theme-xs);padding-bottom:var(--wp--preset--spacing--theme-xs);padding-left:var(--wp--preset--spacing--theme-xs)\">\n<h4 class=\"wp-block-heading has-text-align-center\">Pueblo de los Posaderos<\/h4>\n<\/div>\n\n\n\n<figure class=\"wp-block-image size-medium is-resized\"><img decoding=\"async\" width=\"400\" height=\"600\" src=\"https:\/\/www.lesaubergisteslyonnais.fr\/wp-content\/uploads\/2025\/10\/village-des-aubergistes-lyonnais-3-400x600.jpg\" alt=\"village des aubergistes lyonnais 3\" class=\"wp-image-8869\" style=\"width:100%;height:100%\" srcset=\"https:\/\/www.lesaubergisteslyonnais.fr\/wp-content\/uploads\/2025\/10\/village-des-aubergistes-lyonnais-3-400x600.jpg 400w, https:\/\/www.lesaubergisteslyonnais.fr\/wp-content\/uploads\/2025\/10\/village-des-aubergistes-lyonnais-3.jpg 720w\" sizes=\"(max-width: 400px) 100vw, 400px\" \/><\/figure>\n\n\n\n<figure class=\"wp-block-image size-medium is-resized\"><img decoding=\"async\" width=\"600\" height=\"400\" src=\"https:\/\/www.lesaubergisteslyonnais.fr\/wp-content\/uploads\/2025\/10\/idee-cadeau-noel-a-lyon-600x400.jpg\" alt=\"ideas para regalos de navidad en lyon\" class=\"wp-image-8877\" style=\"width:100%;height:100%\" srcset=\"https:\/\/www.lesaubergisteslyonnais.fr\/wp-content\/uploads\/2025\/10\/idee-cadeau-noel-a-lyon-600x400.jpg 600w, https:\/\/www.lesaubergisteslyonnais.fr\/wp-content\/uploads\/2025\/10\/idee-cadeau-noel-a-lyon-1400x933.jpg 1400w, https:\/\/www.lesaubergisteslyonnais.fr\/wp-content\/uploads\/2025\/10\/idee-cadeau-noel-a-lyon-768x512.jpg 768w, https:\/\/www.lesaubergisteslyonnais.fr\/wp-content\/uploads\/2025\/10\/idee-cadeau-noel-a-lyon-1536x1023.jpg 1536w, https:\/\/www.lesaubergisteslyonnais.fr\/wp-content\/uploads\/2025\/10\/idee-cadeau-noel-a-lyon.jpg 1621w\" sizes=\"(max-width: 600px) 100vw, 600px\" \/><\/figure>\n\n\n\n<figure class=\"wp-block-image size-medium is-resized\"><img decoding=\"async\" width=\"400\" height=\"600\" src=\"https:\/\/www.lesaubergisteslyonnais.fr\/wp-content\/uploads\/2025\/10\/village-des-aubergistes-lyonnais-2-400x600.jpg\" alt=\"village des aubergistes lyonnais 2\" class=\"wp-image-8873\" style=\"width:100%;height:100%\" srcset=\"https:\/\/www.lesaubergisteslyonnais.fr\/wp-content\/uploads\/2025\/10\/village-des-aubergistes-lyonnais-2-400x600.jpg 400w, https:\/\/www.lesaubergisteslyonnais.fr\/wp-content\/uploads\/2025\/10\/village-des-aubergistes-lyonnais-2.jpg 720w\" sizes=\"(max-width: 400px) 100vw, 400px\" \/><\/figure>\n<\/div><\/div>\n\n\n<\/section>\n\n<div class=\"wp-block-group has-white-100-background-color has-background is-content-justification-space-between is-nowrap is-layout-flex wp-container-core-group-is-layout-098ab513 wp-block-group-is-layout-flex\" style=\"padding-top:var(--wp--preset--spacing--theme-m);padding-right:var(--wp--preset--spacing--theme-s);padding-bottom:var(--wp--preset--spacing--theme-m);padding-left:var(--wp--preset--spacing--theme-s)\">\n\n<\/div>\n","protected":false},"excerpt":{"rendered":"<p>\u00a1Es el acontecimiento del a\u00f1o para nuestro ecosistema! Una velada gastron\u00f3mica con mucho de qu\u00e9 hablar, abierta a todos<\/p>\n","protected":false},"author":3,"featured_media":8868,"comment_status":"closed","ping_status":"open","sticky":false,"template":"","format":"standard","meta":{"_acf_changed":false,"inline_featured_image":false,"footnotes":""},"categories":[48,21,38],"tags":[],"class_list":["post-8883","post","type-post","status-publish","format-standard","has-post-thumbnail","hentry","category-noticias-de-la-coleccion","category-sin-categoria","category-vida-nocturna-y-eventos"],"acf":[],"yoast_head":"<!-- This site is optimized with the Yoast SEO plugin v27.4 - https:\/\/yoast.com\/product\/yoast-seo-wordpress\/ -->\n<title>Pueblo de los Bergistas 2025 - Les Aubergistes Lyonnais<\/title>\n<meta name=\"description\" content=\"Les Aubergistes Lyonnais - Pueblo de los Bergistas 2025 . \u00a1Es el acontecimiento del a\u00f1o para nuestro ecosistema! Una velada gastron\u00f3mica con mucho de qu\u00e9 hablar, abierta a todos\" \/>\n<meta name=\"robots\" content=\"index, follow, max-snippet:-1, max-image-preview:large, max-video-preview:-1\" \/>\n<link rel=\"canonical\" href=\"https:\/\/www.lesaubergisteslyonnais.fr\/es\/blog\/pueblo-de-los-bergistas-2025\/\" \/>\n<meta property=\"og:locale\" content=\"es_ES\" \/>\n<meta property=\"og:type\" content=\"article\" \/>\n<meta property=\"og:title\" content=\"Pueblo de los Bergistas 2025 - Les Aubergistes Lyonnais\" \/>\n<meta property=\"og:description\" content=\"Les Aubergistes Lyonnais - Pueblo de los Bergistas 2025 . \u00a1Es el acontecimiento del a\u00f1o para nuestro ecosistema! Una velada gastron\u00f3mica con mucho de qu\u00e9 hablar, abierta a todos\" \/>\n<meta property=\"og:url\" content=\"https:\/\/www.lesaubergisteslyonnais.fr\/es\/blog\/pueblo-de-los-bergistas-2025\/\" \/>\n<meta property=\"og:site_name\" content=\"Les Aubergistes Lyonnais\" \/>\n<meta property=\"article:published_time\" content=\"2025-10-06T13:10:44+00:00\" \/>\n<meta property=\"article:modified_time\" content=\"2026-04-17T07:26:04+00:00\" \/>\n<meta property=\"og:image\" content=\"https:\/\/www.lesaubergisteslyonnais.fr\/wp-content\/uploads\/2025\/10\/village-des-aubergistes-lyonnais-1.jpg\" \/>\n\t<meta property=\"og:image:width\" content=\"1620\" \/>\n\t<meta property=\"og:image:height\" content=\"1080\" \/>\n\t<meta property=\"og:image:type\" content=\"image\/jpeg\" \/>\n<meta name=\"author\" content=\"eluquet\" \/>\n<meta name=\"twitter:card\" content=\"summary_large_image\" \/>\n<meta name=\"twitter:label1\" content=\"Escrito por\" \/>\n\t<meta name=\"twitter:data1\" content=\"eluquet\" \/>\n\t<meta name=\"twitter:label2\" content=\"Tiempo de lectura\" \/>\n\t<meta name=\"twitter:data2\" content=\"2 minuto\" \/>\n<script type=\"application\/ld+json\" class=\"yoast-schema-graph\">{\"@context\":\"https:\\\/\\\/schema.org\",\"@graph\":[{\"@type\":\"Article\",\"@id\":\"https:\\\/\\\/www.lesaubergisteslyonnais.fr\\\/es\\\/blog\\\/pueblo-de-los-bergistas-2025\\\/#article\",\"isPartOf\":{\"@id\":\"https:\\\/\\\/www.lesaubergisteslyonnais.fr\\\/es\\\/blog\\\/pueblo-de-los-bergistas-2025\\\/\"},\"author\":{\"name\":\"eluquet\",\"@id\":\"https:\\\/\\\/www.lesaubergisteslyonnais.fr\\\/es\\\/#\\\/schema\\\/person\\\/e4ac4e9bc69cd2894d15d6ace15a9f68\"},\"headline\":\"Pueblo de los Bergistas 2025\",\"datePublished\":\"2025-10-06T13:10:44+00:00\",\"dateModified\":\"2026-04-17T07:26:04+00:00\",\"mainEntityOfPage\":{\"@id\":\"https:\\\/\\\/www.lesaubergisteslyonnais.fr\\\/es\\\/blog\\\/pueblo-de-los-bergistas-2025\\\/\"},\"wordCount\":502,\"publisher\":{\"@id\":\"https:\\\/\\\/www.lesaubergisteslyonnais.fr\\\/es\\\/#organization\"},\"image\":{\"@id\":\"https:\\\/\\\/www.lesaubergisteslyonnais.fr\\\/es\\\/blog\\\/pueblo-de-los-bergistas-2025\\\/#primaryimage\"},\"thumbnailUrl\":\"https:\\\/\\\/www.lesaubergisteslyonnais.fr\\\/wp-content\\\/uploads\\\/2025\\\/10\\\/village-des-aubergistes-lyonnais-1.jpg\",\"articleSection\":{\"0\":\"Noticias de la colecci\u00f3n\",\"2\":\"Vida nocturna y fiestas\"},\"inLanguage\":\"es\"},{\"@type\":\"WebPage\",\"@id\":\"https:\\\/\\\/www.lesaubergisteslyonnais.fr\\\/es\\\/blog\\\/pueblo-de-los-bergistas-2025\\\/\",\"url\":\"https:\\\/\\\/www.lesaubergisteslyonnais.fr\\\/es\\\/blog\\\/pueblo-de-los-bergistas-2025\\\/\",\"name\":\"Pueblo de los Bergistas 2025 - Les Aubergistes Lyonnais\",\"isPartOf\":{\"@id\":\"https:\\\/\\\/www.lesaubergisteslyonnais.fr\\\/es\\\/#website\"},\"primaryImageOfPage\":{\"@id\":\"https:\\\/\\\/www.lesaubergisteslyonnais.fr\\\/es\\\/blog\\\/pueblo-de-los-bergistas-2025\\\/#primaryimage\"},\"image\":{\"@id\":\"https:\\\/\\\/www.lesaubergisteslyonnais.fr\\\/es\\\/blog\\\/pueblo-de-los-bergistas-2025\\\/#primaryimage\"},\"thumbnailUrl\":\"https:\\\/\\\/www.lesaubergisteslyonnais.fr\\\/wp-content\\\/uploads\\\/2025\\\/10\\\/village-des-aubergistes-lyonnais-1.jpg\",\"datePublished\":\"2025-10-06T13:10:44+00:00\",\"dateModified\":\"2026-04-17T07:26:04+00:00\",\"description\":\"Les Aubergistes Lyonnais - Pueblo de los Bergistas 2025 . \u00a1Es el acontecimiento del a\u00f1o para nuestro ecosistema! Una velada gastron\u00f3mica con mucho de qu\u00e9 hablar, abierta a todos\",\"breadcrumb\":{\"@id\":\"https:\\\/\\\/www.lesaubergisteslyonnais.fr\\\/es\\\/blog\\\/pueblo-de-los-bergistas-2025\\\/#breadcrumb\"},\"inLanguage\":\"es\",\"potentialAction\":[{\"@type\":\"ReadAction\",\"target\":[\"https:\\\/\\\/www.lesaubergisteslyonnais.fr\\\/es\\\/blog\\\/pueblo-de-los-bergistas-2025\\\/\"]}]},{\"@type\":\"ImageObject\",\"inLanguage\":\"es\",\"@id\":\"https:\\\/\\\/www.lesaubergisteslyonnais.fr\\\/es\\\/blog\\\/pueblo-de-los-bergistas-2025\\\/#primaryimage\",\"url\":\"https:\\\/\\\/www.lesaubergisteslyonnais.fr\\\/wp-content\\\/uploads\\\/2025\\\/10\\\/village-des-aubergistes-lyonnais-1.jpg\",\"contentUrl\":\"https:\\\/\\\/www.lesaubergisteslyonnais.fr\\\/wp-content\\\/uploads\\\/2025\\\/10\\\/village-des-aubergistes-lyonnais-1.jpg\",\"width\":1620,\"height\":1080,\"caption\":\"pueblo de lyonnais posaderos 1\"},{\"@type\":\"BreadcrumbList\",\"@id\":\"https:\\\/\\\/www.lesaubergisteslyonnais.fr\\\/es\\\/blog\\\/pueblo-de-los-bergistas-2025\\\/#breadcrumb\",\"itemListElement\":[{\"@type\":\"ListItem\",\"position\":1,\"name\":\"Accueil\",\"item\":\"https:\\\/\\\/www.lesaubergisteslyonnais.fr\\\/es\\\/\"},{\"@type\":\"ListItem\",\"position\":2,\"name\":\"Vida nocturna y fiestas\",\"item\":\"https:\\\/\\\/www.lesaubergisteslyonnais.fr\\\/es\\\/blog\\\/vida-nocturna-y-eventos\\\/\"},{\"@type\":\"ListItem\",\"position\":3,\"name\":\"Pueblo de los Bergistas 2025\"}]},{\"@type\":\"WebSite\",\"@id\":\"https:\\\/\\\/www.lesaubergisteslyonnais.fr\\\/es\\\/#website\",\"url\":\"https:\\\/\\\/www.lesaubergisteslyonnais.fr\\\/es\\\/\",\"name\":\"Globe Cecil\",\"description\":\"\",\"publisher\":{\"@id\":\"https:\\\/\\\/www.lesaubergisteslyonnais.fr\\\/es\\\/#organization\"},\"potentialAction\":[{\"@type\":\"SearchAction\",\"target\":{\"@type\":\"EntryPoint\",\"urlTemplate\":\"https:\\\/\\\/www.lesaubergisteslyonnais.fr\\\/es\\\/?s={search_term_string}\"},\"query-input\":{\"@type\":\"PropertyValueSpecification\",\"valueRequired\":true,\"valueName\":\"search_term_string\"}}],\"inLanguage\":\"es\"},{\"@type\":\"Organization\",\"@id\":\"https:\\\/\\\/www.lesaubergisteslyonnais.fr\\\/es\\\/#organization\",\"name\":\"Globe Cecil\",\"url\":\"https:\\\/\\\/www.lesaubergisteslyonnais.fr\\\/es\\\/\",\"logo\":{\"@type\":\"ImageObject\",\"inLanguage\":\"es\",\"@id\":\"https:\\\/\\\/www.lesaubergisteslyonnais.fr\\\/es\\\/#\\\/schema\\\/logo\\\/image\\\/\",\"url\":\"https:\\\/\\\/www.lesaubergisteslyonnais.fr\\\/wp-content\\\/uploads\\\/2025\\\/05\\\/LOGO-Aubergistes-Lyonnais-White.svg\",\"contentUrl\":\"https:\\\/\\\/www.lesaubergisteslyonnais.fr\\\/wp-content\\\/uploads\\\/2025\\\/05\\\/LOGO-Aubergistes-Lyonnais-White.svg\",\"width\":558,\"height\":127,\"caption\":\"Globe Cecil\"},\"image\":{\"@id\":\"https:\\\/\\\/www.lesaubergisteslyonnais.fr\\\/es\\\/#\\\/schema\\\/logo\\\/image\\\/\"}},{\"@type\":\"Person\",\"@id\":\"https:\\\/\\\/www.lesaubergisteslyonnais.fr\\\/es\\\/#\\\/schema\\\/person\\\/e4ac4e9bc69cd2894d15d6ace15a9f68\",\"name\":\"eluquet\",\"image\":{\"@type\":\"ImageObject\",\"inLanguage\":\"es\",\"@id\":\"https:\\\/\\\/secure.gravatar.com\\\/avatar\\\/442dc35ef11b7d2998eb3e3b34cffb58fb8c292b4147875dabe42b2c036c4d84?s=96&d=mm&r=g\",\"url\":\"https:\\\/\\\/secure.gravatar.com\\\/avatar\\\/442dc35ef11b7d2998eb3e3b34cffb58fb8c292b4147875dabe42b2c036c4d84?s=96&d=mm&r=g\",\"contentUrl\":\"https:\\\/\\\/secure.gravatar.com\\\/avatar\\\/442dc35ef11b7d2998eb3e3b34cffb58fb8c292b4147875dabe42b2c036c4d84?s=96&d=mm&r=g\",\"caption\":\"eluquet\"},\"url\":\"https:\\\/\\\/www.lesaubergisteslyonnais.fr\\\/es\\\/author\\\/eluquet69\\\/\"}]}<\/script>\n<!-- \/ Yoast SEO plugin. -->","yoast_head_json":{"title":"Pueblo de los Bergistas 2025 - Les Aubergistes Lyonnais","description":"Les Aubergistes Lyonnais - Pueblo de los Bergistas 2025 . \u00a1Es el acontecimiento del a\u00f1o para nuestro ecosistema! Una velada gastron\u00f3mica con mucho de qu\u00e9 hablar, abierta a todos","robots":{"index":"index","follow":"follow","max-snippet":"max-snippet:-1","max-image-preview":"max-image-preview:large","max-video-preview":"max-video-preview:-1"},"canonical":"https:\/\/www.lesaubergisteslyonnais.fr\/es\/blog\/pueblo-de-los-bergistas-2025\/","og_locale":"es_ES","og_type":"article","og_title":"Pueblo de los Bergistas 2025 - Les Aubergistes Lyonnais","og_description":"Les Aubergistes Lyonnais - Pueblo de los Bergistas 2025 . \u00a1Es el acontecimiento del a\u00f1o para nuestro ecosistema! Una velada gastron\u00f3mica con mucho de qu\u00e9 hablar, abierta a todos","og_url":"https:\/\/www.lesaubergisteslyonnais.fr\/es\/blog\/pueblo-de-los-bergistas-2025\/","og_site_name":"Les Aubergistes Lyonnais","article_published_time":"2025-10-06T13:10:44+00:00","article_modified_time":"2026-04-17T07:26:04+00:00","og_image":[{"width":1620,"height":1080,"url":"https:\/\/www.lesaubergisteslyonnais.fr\/wp-content\/uploads\/2025\/10\/village-des-aubergistes-lyonnais-1.jpg","type":"image\/jpeg"}],"author":"eluquet","twitter_card":"summary_large_image","twitter_misc":{"Escrito por":"eluquet","Tiempo de lectura":"2 minuto"},"schema":{"@context":"https:\/\/schema.org","@graph":[{"@type":"Article","@id":"https:\/\/www.lesaubergisteslyonnais.fr\/es\/blog\/pueblo-de-los-bergistas-2025\/#article","isPartOf":{"@id":"https:\/\/www.lesaubergisteslyonnais.fr\/es\/blog\/pueblo-de-los-bergistas-2025\/"},"author":{"name":"eluquet","@id":"https:\/\/www.lesaubergisteslyonnais.fr\/es\/#\/schema\/person\/e4ac4e9bc69cd2894d15d6ace15a9f68"},"headline":"Pueblo de los Bergistas 2025","datePublished":"2025-10-06T13:10:44+00:00","dateModified":"2026-04-17T07:26:04+00:00","mainEntityOfPage":{"@id":"https:\/\/www.lesaubergisteslyonnais.fr\/es\/blog\/pueblo-de-los-bergistas-2025\/"},"wordCount":502,"publisher":{"@id":"https:\/\/www.lesaubergisteslyonnais.fr\/es\/#organization"},"image":{"@id":"https:\/\/www.lesaubergisteslyonnais.fr\/es\/blog\/pueblo-de-los-bergistas-2025\/#primaryimage"},"thumbnailUrl":"https:\/\/www.lesaubergisteslyonnais.fr\/wp-content\/uploads\/2025\/10\/village-des-aubergistes-lyonnais-1.jpg","articleSection":{"0":"Noticias de la colecci\u00f3n","2":"Vida nocturna y fiestas"},"inLanguage":"es"},{"@type":"WebPage","@id":"https:\/\/www.lesaubergisteslyonnais.fr\/es\/blog\/pueblo-de-los-bergistas-2025\/","url":"https:\/\/www.lesaubergisteslyonnais.fr\/es\/blog\/pueblo-de-los-bergistas-2025\/","name":"Pueblo de los Bergistas 2025 - Les Aubergistes Lyonnais","isPartOf":{"@id":"https:\/\/www.lesaubergisteslyonnais.fr\/es\/#website"},"primaryImageOfPage":{"@id":"https:\/\/www.lesaubergisteslyonnais.fr\/es\/blog\/pueblo-de-los-bergistas-2025\/#primaryimage"},"image":{"@id":"https:\/\/www.lesaubergisteslyonnais.fr\/es\/blog\/pueblo-de-los-bergistas-2025\/#primaryimage"},"thumbnailUrl":"https:\/\/www.lesaubergisteslyonnais.fr\/wp-content\/uploads\/2025\/10\/village-des-aubergistes-lyonnais-1.jpg","datePublished":"2025-10-06T13:10:44+00:00","dateModified":"2026-04-17T07:26:04+00:00","description":"Les Aubergistes Lyonnais - Pueblo de los Bergistas 2025 . \u00a1Es el acontecimiento del a\u00f1o para nuestro ecosistema! Una velada gastron\u00f3mica con mucho de qu\u00e9 hablar, abierta a todos","breadcrumb":{"@id":"https:\/\/www.lesaubergisteslyonnais.fr\/es\/blog\/pueblo-de-los-bergistas-2025\/#breadcrumb"},"inLanguage":"es","potentialAction":[{"@type":"ReadAction","target":["https:\/\/www.lesaubergisteslyonnais.fr\/es\/blog\/pueblo-de-los-bergistas-2025\/"]}]},{"@type":"ImageObject","inLanguage":"es","@id":"https:\/\/www.lesaubergisteslyonnais.fr\/es\/blog\/pueblo-de-los-bergistas-2025\/#primaryimage","url":"https:\/\/www.lesaubergisteslyonnais.fr\/wp-content\/uploads\/2025\/10\/village-des-aubergistes-lyonnais-1.jpg","contentUrl":"https:\/\/www.lesaubergisteslyonnais.fr\/wp-content\/uploads\/2025\/10\/village-des-aubergistes-lyonnais-1.jpg","width":1620,"height":1080,"caption":"pueblo de lyonnais posaderos 1"},{"@type":"BreadcrumbList","@id":"https:\/\/www.lesaubergisteslyonnais.fr\/es\/blog\/pueblo-de-los-bergistas-2025\/#breadcrumb","itemListElement":[{"@type":"ListItem","position":1,"name":"Accueil","item":"https:\/\/www.lesaubergisteslyonnais.fr\/es\/"},{"@type":"ListItem","position":2,"name":"Vida nocturna y fiestas","item":"https:\/\/www.lesaubergisteslyonnais.fr\/es\/blog\/vida-nocturna-y-eventos\/"},{"@type":"ListItem","position":3,"name":"Pueblo de los Bergistas 2025"}]},{"@type":"WebSite","@id":"https:\/\/www.lesaubergisteslyonnais.fr\/es\/#website","url":"https:\/\/www.lesaubergisteslyonnais.fr\/es\/","name":"Globe Cecil","description":"","publisher":{"@id":"https:\/\/www.lesaubergisteslyonnais.fr\/es\/#organization"},"potentialAction":[{"@type":"SearchAction","target":{"@type":"EntryPoint","urlTemplate":"https:\/\/www.lesaubergisteslyonnais.fr\/es\/?s={search_term_string}"},"query-input":{"@type":"PropertyValueSpecification","valueRequired":true,"valueName":"search_term_string"}}],"inLanguage":"es"},{"@type":"Organization","@id":"https:\/\/www.lesaubergisteslyonnais.fr\/es\/#organization","name":"Globe Cecil","url":"https:\/\/www.lesaubergisteslyonnais.fr\/es\/","logo":{"@type":"ImageObject","inLanguage":"es","@id":"https:\/\/www.lesaubergisteslyonnais.fr\/es\/#\/schema\/logo\/image\/","url":"https:\/\/www.lesaubergisteslyonnais.fr\/wp-content\/uploads\/2025\/05\/LOGO-Aubergistes-Lyonnais-White.svg","contentUrl":"https:\/\/www.lesaubergisteslyonnais.fr\/wp-content\/uploads\/2025\/05\/LOGO-Aubergistes-Lyonnais-White.svg","width":558,"height":127,"caption":"Globe Cecil"},"image":{"@id":"https:\/\/www.lesaubergisteslyonnais.fr\/es\/#\/schema\/logo\/image\/"}},{"@type":"Person","@id":"https:\/\/www.lesaubergisteslyonnais.fr\/es\/#\/schema\/person\/e4ac4e9bc69cd2894d15d6ace15a9f68","name":"eluquet","image":{"@type":"ImageObject","inLanguage":"es","@id":"https:\/\/secure.gravatar.com\/avatar\/442dc35ef11b7d2998eb3e3b34cffb58fb8c292b4147875dabe42b2c036c4d84?s=96&d=mm&r=g","url":"https:\/\/secure.gravatar.com\/avatar\/442dc35ef11b7d2998eb3e3b34cffb58fb8c292b4147875dabe42b2c036c4d84?s=96&d=mm&r=g","contentUrl":"https:\/\/secure.gravatar.com\/avatar\/442dc35ef11b7d2998eb3e3b34cffb58fb8c292b4147875dabe42b2c036c4d84?s=96&d=mm&r=g","caption":"eluquet"},"url":"https:\/\/www.lesaubergisteslyonnais.fr\/es\/author\/eluquet69\/"}]}},"_links":{"self":[{"href":"https:\/\/www.lesaubergisteslyonnais.fr\/es\/wp-json\/wp\/v2\/posts\/8883","targetHints":{"allow":["GET"]}}],"collection":[{"href":"https:\/\/www.lesaubergisteslyonnais.fr\/es\/wp-json\/wp\/v2\/posts"}],"about":[{"href":"https:\/\/www.lesaubergisteslyonnais.fr\/es\/wp-json\/wp\/v2\/types\/post"}],"author":[{"embeddable":true,"href":"https:\/\/www.lesaubergisteslyonnais.fr\/es\/wp-json\/wp\/v2\/users\/3"}],"replies":[{"embeddable":true,"href":"https:\/\/www.lesaubergisteslyonnais.fr\/es\/wp-json\/wp\/v2\/comments?post=8883"}],"version-history":[{"count":7,"href":"https:\/\/www.lesaubergisteslyonnais.fr\/es\/wp-json\/wp\/v2\/posts\/8883\/revisions"}],"predecessor-version":[{"id":9793,"href":"https:\/\/www.lesaubergisteslyonnais.fr\/es\/wp-json\/wp\/v2\/posts\/8883\/revisions\/9793"}],"wp:featuredmedia":[{"embeddable":true,"href":"https:\/\/www.lesaubergisteslyonnais.fr\/es\/wp-json\/wp\/v2\/media\/8868"}],"wp:attachment":[{"href":"https:\/\/www.lesaubergisteslyonnais.fr\/es\/wp-json\/wp\/v2\/media?parent=8883"}],"wp:term":[{"taxonomy":"category","embeddable":true,"href":"https:\/\/www.lesaubergisteslyonnais.fr\/es\/wp-json\/wp\/v2\/categories?post=8883"},{"taxonomy":"post_tag","embeddable":true,"href":"https:\/\/www.lesaubergisteslyonnais.fr\/es\/wp-json\/wp\/v2\/tags?post=8883"}],"curies":[{"name":"wp","href":"https:\/\/api.w.org\/{rel}","templated":true}]}}