{"id":7421,"date":"2025-06-05T10:18:08","date_gmt":"2025-06-05T08:18:08","guid":{"rendered":"https:\/\/www.lesaubergisteslyonnais.fr\/los-10-mejores-restaurantes-de-lyon-segun-aubergistes-lyonnais\/"},"modified":"2026-04-17T09:25:44","modified_gmt":"2026-04-17T07:25:44","slug":"los-10-mejores-restaurantes-de-lyon-segun-aubergistes-lyonnais","status":"publish","type":"post","link":"https:\/\/www.lesaubergisteslyonnais.fr\/es\/blog\/los-10-mejores-restaurantes-de-lyon-segun-aubergistes-lyonnais\/","title":{"rendered":"Los 10 mejores restaurantes de Lyon (seg\u00fan Aubergistes Lyonnais)"},"content":{"rendered":"\n<section class=\"heading wp-elements-7ff67ef07d71b84661216df568923386 wp-elements-7ff67ef07d71b84661216df568923386 wp-block-acf-heading has-text-color has-primary-color has-background has-white-100-background-color\">\n\t<div class=\"heading__container\">\n\t\t\t\t\t<div class=\"heading__background-picture\">\n\t\t\t\t<img decoding=\"async\" width=\"1620\" height=\"1080\" src=\"https:\/\/www.lesaubergisteslyonnais.fr\/wp-content\/uploads\/2025\/05\/meilleurs-restaurants-lyon.jpg\" class=\"attachment-full size-full\" alt=\"meilleurs restaurants lyon\" fetchpriority=\"high\" srcset=\"https:\/\/www.lesaubergisteslyonnais.fr\/wp-content\/uploads\/2025\/05\/meilleurs-restaurants-lyon.jpg 1620w, https:\/\/www.lesaubergisteslyonnais.fr\/wp-content\/uploads\/2025\/05\/meilleurs-restaurants-lyon-600x400.jpg 600w, https:\/\/www.lesaubergisteslyonnais.fr\/wp-content\/uploads\/2025\/05\/meilleurs-restaurants-lyon-1400x933.jpg 1400w, https:\/\/www.lesaubergisteslyonnais.fr\/wp-content\/uploads\/2025\/05\/meilleurs-restaurants-lyon-768x512.jpg 768w, https:\/\/www.lesaubergisteslyonnais.fr\/wp-content\/uploads\/2025\/05\/meilleurs-restaurants-lyon-1536x1024.jpg 1536w\" sizes=\"(max-width: 1620px) 100vw, 1620px\" \/>\t\t\t<\/div>\n\t\t\t\t<div class=\"heading__layout\">\n\t\t\t<div class=\"heading__content-wrapper has-white-100-background-color\">\n\t\t\t\t<div class=\"heading__content has-white-100-background-color\">\n\t\t\t\t\t\t\t\t\t<p id=\"breadcrumbs\"><span><span><a href=\"https:\/\/www.lesaubergisteslyonnais.fr\/es\/\">Accueil<\/a><\/span><\/span><\/p>\t\t\t\t\t\t\t\t\t<div class=\"acf-innerblocks-container\">\n\n<div class=\"wp-block-group heading-content-group is-layout-grid wp-container-core-group-is-layout-96b258e4 wp-block-group-is-layout-grid\">\n<h1 class=\"wp-block-heading has-text-align-left heading__title has-primary-color has-text-color has-xx-large-font-size\">Los 10 mejores restaurantes de Lyon<\/h1>\n<\/div>\n\n<\/div>\n\t\t\t\t<\/div>\n\t\t\t\t\t\t\t<\/div>\n\t\t<\/div>\n\t<\/div>\n<\/section>\n\n\n\t<section\n\t\tstyle=\"padding-top:var(--wp--preset--spacing--theme-default);padding-bottom:var(--wp--preset--spacing--theme-default);\" class=\"block-container align wp-block-acf-block-container has-background has-white-background-color has-global-padding is-layout-constrained wp-block-acf-block-container-is-layout-constrained\"\t>\n\n\t\n\n<div class=\"wp-block-group is-layout-flow wp-block-group-is-layout-flow\">\n<h3 class=\"wp-block-heading\"><strong>Gusto por lo real y pasi\u00f3n por lo bueno<\/strong><\/h3>\n\n\n\n<p>En Lyon, capital mundial de la gastronom\u00eda (lo siento, es as\u00ed), elegir d\u00f3nde comer es un aut\u00e9ntico deporte. As\u00ed que te lo pondremos f\u00e1cil. Aqu\u00ed tienes nuestros 10 restaurantes favoritos de Aubergistes Lyonnais, para todos los gustos y ambientes. Desde la bistronom\u00eda de la casa hasta los bouchons m\u00e1s sinceros y los platos m\u00e1s inventivos de la ciudad.<\/p>\n<\/div>\n\n\n\n<\/section>\n\n\t<section\n\t\tstyle=\"padding-top:var(--wp--preset--spacing--theme-default);padding-bottom:var(--wp--preset--spacing--theme-default);\" class=\"double-columns wp-block-acf-double-columns has-background has-white-100-background-color has-global-padding is-layout-constrained wp-container-acf-double-columns-is-layout-a22d0bdd wp-block-acf-double-columns-is-layout-constrained\"\t>\n\n<div class=\"double-columns__innerblocks\">\n\n<div class=\"wp-block-group is-vertical is-layout-flex wp-container-core-group-is-layout-d6b9ab57 wp-block-group-is-layout-flex\">\n<h2 class=\"wp-block-heading has-text-align-center\">1. Le Comptoir Cecil &#8211; Bistronom\u00eda local y cocina casera<\/h2>\n\n\n\n<p>Lyon 2 &#8211; Bellecour<br\/>En la planta baja del Globe &amp; Cecil, \u00e9ste es nuestro restaurante favorito. Cocina de mercado con un toque creativo, un entorno luminoso y un ambiente sin florituras. <br\/><strong>Precios: <\/strong>aprox. 24-35 \u20ac para el almuerzo, 40-50 \u20ac para la cena<\/p>\n\n\n\n<div class=\"wp-block-buttons is-content-justification-center is-layout-flex wp-container-core-buttons-is-layout-a89b3969 wp-block-buttons-is-layout-flex\">\n<div class=\"wp-block-button is-style-label-button is-style-label-button--1\"><a class=\"wp-block-button__link wp-element-button\" href=\"https:\/\/comptoircecil.com\/\" target=\"_blank\" rel=\"noreferrer noopener\">comptoircecil.com<\/a><\/div>\n<\/div>\n<\/div>\n\n\n\n<div class=\"wp-block-group is-layout-flow wp-block-group-is-layout-flow\">\n<figure class=\"wp-block-image size-full image-is-animate\"><img decoding=\"async\" width=\"720\" height=\"1080\" src=\"https:\/\/www.lesaubergisteslyonnais.fr\/wp-content\/uploads\/2025\/04\/restaurant-Comptoir-Cecil-lyon.jpg\" alt=\"restaurante Comptoir Cecil lyon\" class=\"wp-image-2953\" style=\"aspect-ratio:3\/4;object-fit:cover\" srcset=\"https:\/\/www.lesaubergisteslyonnais.fr\/wp-content\/uploads\/2025\/04\/restaurant-Comptoir-Cecil-lyon.jpg 720w, https:\/\/www.lesaubergisteslyonnais.fr\/wp-content\/uploads\/2025\/04\/restaurant-Comptoir-Cecil-lyon-400x600.jpg 400w\" sizes=\"(max-width: 720px) 100vw, 720px\" \/><\/figure>\n<\/div>\n\n<\/div>\n\n<\/section>\n\n\t<section\n\t\tstyle=\"padding-top:var(--wp--preset--spacing--theme-default);padding-bottom:var(--wp--preset--spacing--theme-default);\" class=\"double-columns double-columns-reverse_colums_mobile wp-block-acf-double-columns has-background has-white-background-color has-global-padding is-layout-constrained wp-container-acf-double-columns-is-layout-a22d0bdd wp-block-acf-double-columns-is-layout-constrained\"\t>\n\n<div class=\"double-columns__innerblocks\">\n\n<div class=\"wp-block-group has-global-padding is-layout-constrained wp-block-group-is-layout-constrained\">\n<figure class=\"wp-block-image size-full image-is-animate\"><img decoding=\"async\" width=\"892\" height=\"1079\" src=\"https:\/\/www.lesaubergisteslyonnais.fr\/wp-content\/uploads\/2025\/05\/Credit_culina.hortus.restaurant_instagram.png\" alt=\"Cr&#xE9;dito instagram culina.hortus.restaurant\" class=\"wp-image-5900\" style=\"aspect-ratio:3\/4;object-fit:cover\" srcset=\"https:\/\/www.lesaubergisteslyonnais.fr\/wp-content\/uploads\/2025\/05\/Credit_culina.hortus.restaurant_instagram.png 892w, https:\/\/www.lesaubergisteslyonnais.fr\/wp-content\/uploads\/2025\/05\/Credit_culina.hortus.restaurant_instagram-496x600.png 496w, https:\/\/www.lesaubergisteslyonnais.fr\/wp-content\/uploads\/2025\/05\/Credit_culina.hortus.restaurant_instagram-768x929.png 768w\" sizes=\"(max-width: 892px) 100vw, 892px\" \/><figcaption class=\"wp-element-caption\">Cr\u00e9dito instagram culina.hortus.restaurant<\/figcaption><\/figure>\n<\/div>\n\n\n\n<div class=\"wp-block-group is-vertical is-layout-flex wp-container-core-group-is-layout-d6b9ab57 wp-block-group-is-layout-flex\">\n<h2 class=\"wp-block-heading has-text-align-center\">2. Culina Hortus &#8211; Cocina vegetariana<\/h2>\n\n\n\n<p>Lyon 1 &#8211; Terreaux<br\/>Un restaurante con estrella Michelin sin carne ni pescado, sino un festival de sabores a base de plantas. Ultra refinado, creativo y totalmente sorprendente. <br\/><strong>Precios: <\/strong>men\u00fas de 39 \u20ac (comida) a 69 \u20ac (cena)<\/p>\n\n\n\n<div class=\"wp-block-buttons is-content-justification-center is-layout-flex wp-container-core-buttons-is-layout-a89b3969 wp-block-buttons-is-layout-flex\">\n<div class=\"wp-block-button is-style-label-button is-style-label-button--2\"><a class=\"wp-block-button__link wp-element-button\" href=\"https:\/\/www.culinahortus.com\/\">culinahortus.com<\/a><\/div>\n<\/div>\n<\/div>\n\n<\/div>\n\n<\/section>\n\n\t<section\n\t\tstyle=\"padding-top:var(--wp--preset--spacing--theme-default);padding-bottom:var(--wp--preset--spacing--theme-default);\" class=\"double-columns wp-block-acf-double-columns has-background has-white-100-background-color has-global-padding is-layout-constrained wp-container-acf-double-columns-is-layout-a22d0bdd wp-block-acf-double-columns-is-layout-constrained\"\t>\n\n<div class=\"double-columns__innerblocks\">\n\n<div class=\"wp-block-group is-vertical is-layout-flex wp-container-core-group-is-layout-d6b9ab57 wp-block-group-is-layout-flex\">\n<h2 class=\"wp-block-heading has-text-align-center\">3. Bouchon Tupin &#8211; Tradici\u00f3n lionesa con delicadeza<\/h2>\n\n\n\n<p>Lyon 2 &#8211; Ainay<br\/>Un bouchon que respeta lo b\u00e1sico sin caer en la caricatura. Servicio c\u00e1lido, buenos productos, platos generosos. <br\/><strong>Precio: <\/strong>a la carta aprox. 25-35<\/p>\n\n\n\n<div class=\"wp-block-buttons is-content-justification-center is-layout-flex wp-container-core-buttons-is-layout-a89b3969 wp-block-buttons-is-layout-flex\">\n<div class=\"wp-block-button is-style-label-button is-style-label-button--3\"><a class=\"wp-block-button__link wp-element-button\" href=\"https:\/\/www.bouchontupin.fr\/\">bouchontupin.FR<\/a><\/div>\n<\/div>\n<\/div>\n\n\n\n<div class=\"wp-block-group is-layout-flow wp-block-group-is-layout-flow\">\n<figure class=\"wp-block-image size-full image-is-animate\"><img decoding=\"async\" width=\"777\" height=\"1080\" src=\"https:\/\/www.lesaubergisteslyonnais.fr\/wp-content\/uploads\/2025\/05\/Credit-bouchon.tupin_instagram.png\" alt=\"Cr&#xE9;dito cork.tupin instagram\" class=\"wp-image-5905\" style=\"aspect-ratio:3\/4;object-fit:cover\" srcset=\"https:\/\/www.lesaubergisteslyonnais.fr\/wp-content\/uploads\/2025\/05\/Credit-bouchon.tupin_instagram.png 777w, https:\/\/www.lesaubergisteslyonnais.fr\/wp-content\/uploads\/2025\/05\/Credit-bouchon.tupin_instagram-432x600.png 432w, https:\/\/www.lesaubergisteslyonnais.fr\/wp-content\/uploads\/2025\/05\/Credit-bouchon.tupin_instagram-768x1067.png 768w\" sizes=\"(max-width: 777px) 100vw, 777px\" \/><figcaption class=\"wp-element-caption\">Cr\u00e9dito cork.tupin instagram<\/figcaption><\/figure>\n<\/div>\n\n<\/div>\n\n<\/section>\n\n\t<section\n\t\tstyle=\"padding-top:var(--wp--preset--spacing--theme-default);padding-bottom:var(--wp--preset--spacing--theme-default);\" class=\"double-columns double-columns-reverse_colums_mobile wp-block-acf-double-columns has-background has-white-background-color has-global-padding is-layout-constrained wp-container-acf-double-columns-is-layout-a22d0bdd wp-block-acf-double-columns-is-layout-constrained\"\t>\n\n<div class=\"double-columns__innerblocks\">\n\n<div class=\"wp-block-group has-global-padding is-layout-constrained wp-block-group-is-layout-constrained\">\n<figure class=\"wp-block-image size-full image-is-animate\"><img decoding=\"async\" width=\"752\" height=\"1079\" src=\"https:\/\/www.lesaubergisteslyonnais.fr\/wp-content\/uploads\/2025\/05\/Credit-noschcantinecomptoir_instagram-.png\" alt=\"Cr&#xE9;dito instagram noschcantinecomptoir\" class=\"wp-image-5911\" style=\"aspect-ratio:3\/4;object-fit:cover\" srcset=\"https:\/\/www.lesaubergisteslyonnais.fr\/wp-content\/uploads\/2025\/05\/Credit-noschcantinecomptoir_instagram-.png 752w, https:\/\/www.lesaubergisteslyonnais.fr\/wp-content\/uploads\/2025\/05\/Credit-noschcantinecomptoir_instagram--418x600.png 418w\" sizes=\"(max-width: 752px) 100vw, 752px\" \/><figcaption class=\"wp-element-caption\">Cr\u00e9dito instagram noschcantinecomptoir<\/figcaption><\/figure>\n<\/div>\n\n\n\n<div class=\"wp-block-group is-vertical is-layout-flex wp-container-core-group-is-layout-d6b9ab57 wp-block-group-is-layout-flex\">\n<h2 class=\"wp-block-heading has-text-align-center\">4. Nosch &#8211; Bistro elegante, ambiente relajado<\/h2>\n\n\n\n<p>Lyon 1 &#8211; Cordeliers<br\/>Comida fresca, r\u00e1pida y sabrosa en un ambiente muy cool. Ideal para comer de tapas o tomar el aperitivo. <br\/><strong>Precios: <\/strong>f\u00f3rmulas al mediod\u00eda unos 18-22 euros, platos para compartir por la noche 6-12 euros<\/p>\n\n\n\n<div class=\"wp-block-buttons is-content-justification-center is-layout-flex wp-container-core-buttons-is-layout-a89b3969 wp-block-buttons-is-layout-flex\">\n<div class=\"wp-block-button is-style-label-button is-style-label-button--4\"><a class=\"wp-block-button__link wp-element-button\" href=\"https:\/\/www.nosch.fr\/\">nosch.fr<\/a><\/div>\n<\/div>\n<\/div>\n\n<\/div>\n\n<\/section>\n\n\t<section\n\t\tstyle=\"padding-top:var(--wp--preset--spacing--theme-default);padding-bottom:var(--wp--preset--spacing--theme-default);\" class=\"double-columns wp-block-acf-double-columns has-background has-white-100-background-color has-global-padding is-layout-constrained wp-container-acf-double-columns-is-layout-a22d0bdd wp-block-acf-double-columns-is-layout-constrained\"\t>\n\n<div class=\"double-columns__innerblocks\">\n\n<div class=\"wp-block-group is-vertical is-layout-flex wp-container-core-group-is-layout-d6b9ab57 wp-block-group-is-layout-flex\">\n<h2 class=\"wp-block-heading has-text-align-center\"><strong>5.<\/strong> Le Caf\u00e9 du Peintre &#8211; Chic y justo<\/h2>\n\n\n\n<p>Lyon 6 &#8211; Foch<br\/>Una direcci\u00f3n s\u00f3lida y discreta, muy apreciada por los asiduos. Cocina cl\u00e1sica lionesa con dominio de la cocci\u00f3n y las salsas. <br\/><strong>Precios: <\/strong>men\u00fas en torno a 30-38<\/p>\n\n\n\n<div class=\"wp-block-buttons is-content-justification-center is-layout-flex wp-container-core-buttons-is-layout-a89b3969 wp-block-buttons-is-layout-flex\">\n<div class=\"wp-block-button is-style-label-button is-style-label-button--5\"><a class=\"wp-block-button__link wp-element-button\" href=\"https:\/\/www.cafedupeintre.fr\/\">cafedupeintre.fr<\/a><\/div>\n<\/div>\n<\/div>\n\n\n\n<div class=\"wp-block-group is-layout-flow wp-block-group-is-layout-flow\">\n<figure class=\"wp-block-image size-full image-is-animate\"><img decoding=\"async\" width=\"752\" height=\"1079\" src=\"https:\/\/www.lesaubergisteslyonnais.fr\/wp-content\/uploads\/2025\/05\/Credit-lecafedupeintre_instagram.png\" alt=\"Cr&#xE9;dito lecafedupeintre instagram\" class=\"wp-image-5917\" style=\"aspect-ratio:3\/4;object-fit:cover\" srcset=\"https:\/\/www.lesaubergisteslyonnais.fr\/wp-content\/uploads\/2025\/05\/Credit-lecafedupeintre_instagram.png 752w, https:\/\/www.lesaubergisteslyonnais.fr\/wp-content\/uploads\/2025\/05\/Credit-lecafedupeintre_instagram-418x600.png 418w\" sizes=\"(max-width: 752px) 100vw, 752px\" \/><figcaption class=\"wp-element-caption\">Cr\u00e9dito lecafedupeintre instagram<\/figcaption><\/figure>\n<\/div>\n\n<\/div>\n\n<\/section>\n\n\t<section\n\t\tstyle=\"padding-top:var(--wp--preset--spacing--theme-default);padding-bottom:var(--wp--preset--spacing--theme-default);\" class=\"double-columns double-columns-reverse_colums_mobile wp-block-acf-double-columns has-background has-white-background-color has-global-padding is-layout-constrained wp-container-acf-double-columns-is-layout-a22d0bdd wp-block-acf-double-columns-is-layout-constrained\"\t>\n\n<div class=\"double-columns__innerblocks\">\n\n<div class=\"wp-block-group has-global-padding is-layout-constrained wp-block-group-is-layout-constrained\">\n<figure class=\"wp-block-image size-full image-is-animate\"><img decoding=\"async\" width=\"863\" height=\"1080\" src=\"https:\/\/www.lesaubergisteslyonnais.fr\/wp-content\/uploads\/2025\/05\/Credit_@alleycat_photograph_prairial.confluence_instagram.png\" alt=\"Cr&#xE9;dito @alleycat fotografia prairial.confluence instagram\" class=\"wp-image-5923\" style=\"aspect-ratio:3\/4;object-fit:cover\" srcset=\"https:\/\/www.lesaubergisteslyonnais.fr\/wp-content\/uploads\/2025\/05\/Credit_@alleycat_photograph_prairial.confluence_instagram.png 863w, https:\/\/www.lesaubergisteslyonnais.fr\/wp-content\/uploads\/2025\/05\/Credit_@alleycat_photograph_prairial.confluence_instagram-479x600.png 479w, https:\/\/www.lesaubergisteslyonnais.fr\/wp-content\/uploads\/2025\/05\/Credit_@alleycat_photograph_prairial.confluence_instagram-768x961.png 768w\" sizes=\"(max-width: 863px) 100vw, 863px\" \/><figcaption class=\"wp-element-caption\">Cr\u00e9dito @alleycat fotografia prairial.confluence instagram<\/figcaption><\/figure>\n<\/div>\n\n\n\n<div class=\"wp-block-group is-vertical is-layout-flex wp-container-core-group-is-layout-d6b9ab57 wp-block-group-is-layout-flex\">\n<h2 class=\"wp-block-heading has-text-align-center\">6. Prairial &#8211; Una estrella natural y creativa<\/h2>\n\n\n\n<p>Lyon 1 &#8211; H\u00f4tel de Ville<br\/>Un restaurante con estrella Michelin donde las plantas son las reinas, con platos elaborados meticulosamente y una carta que cambia seg\u00fan el mercado. Una experiencia sutil. <br\/><strong>Precios:<\/strong> men\u00fas de 55 a 105 euros<\/p>\n\n\n\n<div class=\"wp-block-buttons is-content-justification-center is-layout-flex wp-container-core-buttons-is-layout-a89b3969 wp-block-buttons-is-layout-flex\">\n<div class=\"wp-block-button is-style-label-button is-style-label-button--6\"><a class=\"wp-block-button__link wp-element-button\" href=\"https:\/\/www.prairial-restaurant.com\/\">prairial-restaurant.com<\/a><\/div>\n<\/div>\n<\/div>\n\n<\/div>\n\n<\/section>\n\n\t<section\n\t\tstyle=\"padding-top:var(--wp--preset--spacing--theme-default);padding-bottom:var(--wp--preset--spacing--theme-default);\" class=\"double-columns wp-block-acf-double-columns has-background has-white-100-background-color has-global-padding is-layout-constrained wp-container-acf-double-columns-is-layout-a22d0bdd wp-block-acf-double-columns-is-layout-constrained\"\t>\n\n<div class=\"double-columns__innerblocks\">\n\n<div class=\"wp-block-group is-vertical is-layout-flex wp-container-core-group-is-layout-d6b9ab57 wp-block-group-is-layout-flex\">\n<h2 class=\"wp-block-heading has-text-align-center\">7. Piedra &#8211; Cocina desenfrenada en la Croix-Rousse<\/h2>\n\n\n\n<p>Lyon 1 &#8211; Croix-Rousse<br\/>Platos libres, buena cocina, productos naturales.<br\/><strong>Precio:<\/strong> aprox. 36 &#8211; 50 euros<\/p>\n\n\n\n<div class=\"wp-block-buttons is-content-justification-center is-layout-flex wp-container-core-buttons-is-layout-a89b3969 wp-block-buttons-is-layout-flex\">\n<div class=\"wp-block-button is-style-label-button is-style-label-button--7\"><a class=\"wp-block-button__link wp-element-button\" href=\"https:\/\/www.piedra-restaurant.fr\/\">piedra-restaurant.fr\/<\/a><\/div>\n<\/div>\n<\/div>\n\n\n\n<div class=\"wp-block-group is-layout-flow wp-block-group-is-layout-flow\">\n<figure class=\"wp-block-image size-full image-is-animate\"><img decoding=\"async\" width=\"851\" height=\"1080\" src=\"https:\/\/www.lesaubergisteslyonnais.fr\/wp-content\/uploads\/2025\/05\/Credit_piedra_restaurant_instagram.png\" alt=\"Credit piedra restaurant instagram\" class=\"wp-image-5929\" style=\"aspect-ratio:3\/4;object-fit:cover\" srcset=\"https:\/\/www.lesaubergisteslyonnais.fr\/wp-content\/uploads\/2025\/05\/Credit_piedra_restaurant_instagram.png 851w, https:\/\/www.lesaubergisteslyonnais.fr\/wp-content\/uploads\/2025\/05\/Credit_piedra_restaurant_instagram-473x600.png 473w, https:\/\/www.lesaubergisteslyonnais.fr\/wp-content\/uploads\/2025\/05\/Credit_piedra_restaurant_instagram-768x975.png 768w\" sizes=\"(max-width: 851px) 100vw, 851px\" \/><figcaption class=\"wp-element-caption\">Credit piedra restaurant instagram<\/figcaption><\/figure>\n<\/div>\n\n<\/div>\n\n<\/section>\n\n\t<section\n\t\tstyle=\"padding-top:var(--wp--preset--spacing--theme-default);padding-bottom:var(--wp--preset--spacing--theme-default);\" class=\"double-columns double-columns-reverse_colums_mobile wp-block-acf-double-columns has-background has-white-background-color has-global-padding is-layout-constrained wp-container-acf-double-columns-is-layout-a22d0bdd wp-block-acf-double-columns-is-layout-constrained\"\t>\n\n<div class=\"double-columns__innerblocks\">\n\n<div class=\"wp-block-group has-global-padding is-layout-constrained wp-block-group-is-layout-constrained\">\n<figure class=\"wp-block-image size-full image-is-animate\"><img decoding=\"async\" width=\"848\" height=\"1080\" src=\"https:\/\/www.lesaubergisteslyonnais.fr\/wp-content\/uploads\/2025\/05\/Credit_@@justine.nerini_murmures_restaurant_instagram.png\" alt=\"Cr&#xE9;dito @@justine.nerini murmures restaurant instagram\" class=\"wp-image-5936\" style=\"aspect-ratio:3\/4;object-fit:cover\" srcset=\"https:\/\/www.lesaubergisteslyonnais.fr\/wp-content\/uploads\/2025\/05\/Credit_@@justine.nerini_murmures_restaurant_instagram.png 848w, https:\/\/www.lesaubergisteslyonnais.fr\/wp-content\/uploads\/2025\/05\/Credit_@@justine.nerini_murmures_restaurant_instagram-471x600.png 471w, https:\/\/www.lesaubergisteslyonnais.fr\/wp-content\/uploads\/2025\/05\/Credit_@@justine.nerini_murmures_restaurant_instagram-768x978.png 768w\" sizes=\"(max-width: 848px) 100vw, 848px\" \/><figcaption class=\"wp-element-caption\">Cr\u00e9dito @@justine.nerini murmures restaurant instagram<\/figcaption><\/figure>\n<\/div>\n\n\n\n<div class=\"wp-block-group is-vertical is-layout-flex wp-container-core-group-is-layout-d6b9ab57 wp-block-group-is-layout-flex\">\n<h2 class=\"wp-block-heading has-text-align-center\">8. Murmullos &#8211; restaurante del autor<\/h2>\n\n\n\n<p>Lyon 1 &#8211; H\u00f4tel de Ville<br\/>Ambiente de comedor, cocina sabrosa.<br\/><strong>Precios: <\/strong>men\u00fa unos 30 euros, a la carta 25-40 euros<\/p>\n\n\n\n<div class=\"wp-block-buttons is-content-justification-center is-layout-flex wp-container-core-buttons-is-layout-a89b3969 wp-block-buttons-is-layout-flex\">\n<div class=\"wp-block-button is-style-label-button is-style-label-button--8\"><a class=\"wp-block-button__link wp-element-button\" href=\"https:\/\/www.murmuresrestaurant.com\/\">murmuresrestaurant.com\/<\/a><\/div>\n<\/div>\n<\/div>\n\n<\/div>\n\n<\/section>\n\n\t<section\n\t\tstyle=\"padding-top:var(--wp--preset--spacing--theme-default);padding-bottom:var(--wp--preset--spacing--theme-default);\" class=\"double-columns wp-block-acf-double-columns has-background has-white-100-background-color has-global-padding is-layout-constrained wp-container-acf-double-columns-is-layout-a22d0bdd wp-block-acf-double-columns-is-layout-constrained\"\t>\n\n<div class=\"double-columns__innerblocks\">\n\n<div class=\"wp-block-group is-vertical is-layout-flex wp-container-core-group-is-layout-d6b9ab57 wp-block-group-is-layout-flex\">\n<h2 class=\"wp-block-heading has-text-align-center\">9. La Bijouterie &#8211; Comida fusi\u00f3n y diversi\u00f3n gastro<\/h2>\n\n\n\n<p>Lyon 2 &#8211; Ainay<br\/>Un men\u00fa degustaci\u00f3n inspirado en la cocina del mundo. Ali\u00f1os art\u00edsticos, sabores sencillos, servicio relajado. A veces se come con los dedos.  <br\/><strong>Precio: <\/strong>38-58 euros el men\u00fa degustaci\u00f3n, seg\u00fan la f\u00f3rmula<\/p>\n\n\n\n<div class=\"wp-block-buttons is-content-justification-center is-layout-flex wp-container-core-buttons-is-layout-a89b3969 wp-block-buttons-is-layout-flex\">\n<div class=\"wp-block-button is-style-label-button is-style-label-button--9\"><a class=\"wp-block-button__link wp-element-button\" href=\"https:\/\/www.labijouterie-restaurant.com\/\">labijouterie-restaurant.com<\/a><\/div>\n<\/div>\n<\/div>\n\n\n\n<div class=\"wp-block-group is-layout-flow wp-block-group-is-layout-flow\">\n<figure class=\"wp-block-image size-full image-is-animate\"><img decoding=\"async\" width=\"694\" height=\"1080\" src=\"https:\/\/www.lesaubergisteslyonnais.fr\/wp-content\/uploads\/2025\/05\/Credit-site-la-bijouterie-restaurant.png\" alt=\"Cr&#xE9;dit site la bijouterie restaurant\" class=\"wp-image-5941\" style=\"aspect-ratio:3\/4;object-fit:cover\" srcset=\"https:\/\/www.lesaubergisteslyonnais.fr\/wp-content\/uploads\/2025\/05\/Credit-site-la-bijouterie-restaurant.png 694w, https:\/\/www.lesaubergisteslyonnais.fr\/wp-content\/uploads\/2025\/05\/Credit-site-la-bijouterie-restaurant-386x600.png 386w\" sizes=\"(max-width: 694px) 100vw, 694px\" \/><figcaption class=\"wp-element-caption\">Cr\u00e9dit site la bijouterie restaurant<\/figcaption><\/figure>\n<\/div>\n\n<\/div>\n\n<\/section>\n\n\t<section\n\t\tstyle=\"padding-top:var(--wp--preset--spacing--theme-default);padding-bottom:var(--wp--preset--spacing--theme-default);\" class=\"double-columns double-columns-reverse_colums_mobile wp-block-acf-double-columns has-background has-white-background-color has-global-padding is-layout-constrained wp-container-acf-double-columns-is-layout-a22d0bdd wp-block-acf-double-columns-is-layout-constrained\"\t>\n\n<div class=\"double-columns__innerblocks\">\n\n<div class=\"wp-block-group has-global-padding is-layout-constrained wp-block-group-is-layout-constrained\">\n<figure class=\"wp-block-image size-full image-is-animate\"><img decoding=\"async\" width=\"860\" height=\"1080\" src=\"https:\/\/www.lesaubergisteslyonnais.fr\/wp-content\/uploads\/2025\/05\/Credit_@alleycat_photograph_sapna.restaurantlyon_instagram.png\" alt=\"Cr&#xE9;dito de la fotograf&#xED;a de @alleycat sapna.restaurantlyen instagram\" class=\"wp-image-5947\" style=\"aspect-ratio:3\/4;object-fit:cover\" srcset=\"https:\/\/www.lesaubergisteslyonnais.fr\/wp-content\/uploads\/2025\/05\/Credit_@alleycat_photograph_sapna.restaurantlyon_instagram.png 860w, https:\/\/www.lesaubergisteslyonnais.fr\/wp-content\/uploads\/2025\/05\/Credit_@alleycat_photograph_sapna.restaurantlyon_instagram-478x600.png 478w, https:\/\/www.lesaubergisteslyonnais.fr\/wp-content\/uploads\/2025\/05\/Credit_@alleycat_photograph_sapna.restaurantlyon_instagram-768x964.png 768w\" sizes=\"(max-width: 860px) 100vw, 860px\" \/><figcaption class=\"wp-element-caption\">Cr\u00e9dito de la fotograf\u00eda de @alleycat sapna.restaurantlyen instagram<\/figcaption><\/figure>\n<\/div>\n\n\n\n<div class=\"wp-block-group is-vertical is-layout-flex wp-container-core-group-is-layout-d6b9ab57 wp-block-group-is-layout-flex\">\n<h2 class=\"wp-block-heading has-text-align-center\">10. Sapn\u00e0 &#8211; Tapas de dise\u00f1o y c\u00f3cteles calientes<\/h2>\n\n\n\n<p>Lyon 2 &#8211; Ainay<br\/>La hermana peque\u00f1a de La Bijouterie: formato chill, mesas grandes, platos para compartir y cocina inventiva. Ideal para grupos. <br\/><strong>Precios: <\/strong>tapas 8-16 \u20ac, men\u00fa degustaci\u00f3n 40<\/p>\n\n\n\n<div class=\"wp-block-buttons is-content-justification-center is-layout-flex wp-container-core-buttons-is-layout-a89b3969 wp-block-buttons-is-layout-flex\">\n<div class=\"wp-block-button is-style-label-button is-style-label-button--10\"><a class=\"wp-block-button__link wp-element-button\" href=\"https:\/\/www.sapna-restaurant.com\/\">sapna-restaurant.com<\/a><\/div>\n<\/div>\n<\/div>\n\n<\/div>\n\n<\/section>\n\n\t<section\n\t\tstyle=\"padding-top:var(--wp--preset--spacing--theme-default);padding-bottom:var(--wp--preset--spacing--theme-default);\" class=\"block-container align wp-block-acf-block-container has-background has-white-100-background-color has-global-padding is-layout-constrained wp-block-acf-block-container-is-layout-constrained\"\t>\n\n\t\n\n<div class=\"wp-block-group has-global-padding is-layout-constrained wp-block-group-is-layout-constrained\">\n<h3 class=\"wp-block-heading has-text-align-center\"><strong>\u00bfQu\u00e9 ocurre despu\u00e9s? Nos vamos a casa. <\/strong><\/h3>\n\n\n\n<ul class=\"wp-block-list\">\n<li>Le Simplon: alojamiento sencillo y acogedor en una ubicaci\u00f3n pr\u00e1ctica a un tiro de piedra de Perrache.<\/li>\n\n\n\n<li>Le Globe &amp; Cecil: en Bellecour, para pasear, cenar y dormir bien.<\/li>\n\n\n\n<li>Le Ph\u00e9nix: a orillas del Saona, en el Vieux Lyon, para los amantes de la piedra y el car\u00e1cter.<\/li>\n<\/ul>\n\n\n\n<p class=\"has-text-align-center\">Disfruta de tu comida y de tu estancia con nosotros.<\/p>\n<\/div>\n\n\n\n<\/section>\n\n<div class=\"wp-block-group has-white-background-color has-background is-content-justification-space-between is-nowrap is-layout-flex wp-container-core-group-is-layout-098ab513 wp-block-group-is-layout-flex\" style=\"padding-top:var(--wp--preset--spacing--theme-m);padding-right:var(--wp--preset--spacing--theme-s);padding-bottom:var(--wp--preset--spacing--theme-m);padding-left:var(--wp--preset--spacing--theme-s)\">\n\n<\/div>\n","protected":false},"excerpt":{"rendered":"<p>Nuestra selecci\u00f3n de lo mejor de la gastronom\u00eda lionesa, desde lo tradicional a lo inesperado.<\/p>\n","protected":false},"author":2,"featured_media":6187,"comment_status":"open","ping_status":"open","sticky":false,"template":"","format":"standard","meta":{"_acf_changed":false,"inline_featured_image":false,"footnotes":""},"categories":[37],"tags":[],"class_list":["post-7421","post","type-post","status-publish","format-standard","has-post-thumbnail","hentry","category-gastronomia"],"acf":[],"yoast_head":"<!-- This site is optimized with the Yoast SEO plugin v27.4 - https:\/\/yoast.com\/product\/yoast-seo-wordpress\/ -->\n<title>Los 10 mejores restaurantes de Lyon (seg\u00fan Aubergistes Lyonnais) - Les Aubergistes Lyonnais<\/title>\n<meta name=\"description\" content=\"Les Aubergistes Lyonnais - Los 10 mejores restaurantes de Lyon (seg\u00fan Aubergistes Lyonnais) . Nuestra selecci\u00f3n de lo mejor de la gastronom\u00eda lionesa, desde lo tradicional a lo inesperado.\" \/>\n<meta name=\"robots\" content=\"index, follow, max-snippet:-1, max-image-preview:large, max-video-preview:-1\" \/>\n<link rel=\"canonical\" href=\"https:\/\/www.lesaubergisteslyonnais.fr\/es\/blog\/los-10-mejores-restaurantes-de-lyon-segun-aubergistes-lyonnais\/\" \/>\n<meta property=\"og:locale\" content=\"es_ES\" \/>\n<meta property=\"og:type\" content=\"article\" \/>\n<meta property=\"og:title\" content=\"Los 10 mejores restaurantes de Lyon (seg\u00fan Aubergistes Lyonnais) - Les Aubergistes Lyonnais\" \/>\n<meta property=\"og:description\" content=\"Les Aubergistes Lyonnais - Los 10 mejores restaurantes de Lyon (seg\u00fan Aubergistes Lyonnais) . Nuestra selecci\u00f3n de lo mejor de la gastronom\u00eda lionesa, desde lo tradicional a lo inesperado.\" \/>\n<meta property=\"og:url\" content=\"https:\/\/www.lesaubergisteslyonnais.fr\/es\/blog\/los-10-mejores-restaurantes-de-lyon-segun-aubergistes-lyonnais\/\" \/>\n<meta property=\"og:site_name\" content=\"Les Aubergistes Lyonnais\" \/>\n<meta property=\"article:published_time\" content=\"2025-06-05T08:18:08+00:00\" \/>\n<meta property=\"article:modified_time\" content=\"2026-04-17T07:25:44+00:00\" \/>\n<meta property=\"og:image\" content=\"https:\/\/www.lesaubergisteslyonnais.fr\/wp-content\/uploads\/2025\/04\/restaurant-Comptoir-Cecil-lyon.jpg\" \/>\n\t<meta property=\"og:image:width\" content=\"720\" \/>\n\t<meta property=\"og:image:height\" content=\"1080\" \/>\n\t<meta property=\"og:image:type\" content=\"image\/jpeg\" \/>\n<meta name=\"author\" content=\"flachize\" \/>\n<meta name=\"twitter:card\" content=\"summary_large_image\" \/>\n<meta name=\"twitter:label1\" content=\"Escrito por\" \/>\n\t<meta name=\"twitter:data1\" content=\"flachize\" \/>\n\t<meta name=\"twitter:label2\" content=\"Tiempo de lectura\" \/>\n\t<meta name=\"twitter:data2\" content=\"3 minuto\" \/>\n<script type=\"application\/ld+json\" class=\"yoast-schema-graph\">{\"@context\":\"https:\\\/\\\/schema.org\",\"@graph\":[{\"@type\":\"Article\",\"@id\":\"https:\\\/\\\/www.lesaubergisteslyonnais.fr\\\/es\\\/blog\\\/los-10-mejores-restaurantes-de-lyon-segun-aubergistes-lyonnais\\\/#article\",\"isPartOf\":{\"@id\":\"https:\\\/\\\/www.lesaubergisteslyonnais.fr\\\/es\\\/blog\\\/los-10-mejores-restaurantes-de-lyon-segun-aubergistes-lyonnais\\\/\"},\"author\":{\"name\":\"flachize\",\"@id\":\"https:\\\/\\\/www.lesaubergisteslyonnais.fr\\\/es\\\/#\\\/schema\\\/person\\\/b3c9e279ff8ec8845926b6b9f54fbdb9\"},\"headline\":\"Los 10 mejores restaurantes de Lyon (seg\u00fan Aubergistes Lyonnais)\",\"datePublished\":\"2025-06-05T08:18:08+00:00\",\"dateModified\":\"2026-04-17T07:25:44+00:00\",\"mainEntityOfPage\":{\"@id\":\"https:\\\/\\\/www.lesaubergisteslyonnais.fr\\\/es\\\/blog\\\/los-10-mejores-restaurantes-de-lyon-segun-aubergistes-lyonnais\\\/\"},\"wordCount\":617,\"commentCount\":0,\"publisher\":{\"@id\":\"https:\\\/\\\/www.lesaubergisteslyonnais.fr\\\/es\\\/#organization\"},\"image\":{\"@id\":\"https:\\\/\\\/www.lesaubergisteslyonnais.fr\\\/es\\\/blog\\\/los-10-mejores-restaurantes-de-lyon-segun-aubergistes-lyonnais\\\/#primaryimage\"},\"thumbnailUrl\":\"https:\\\/\\\/www.lesaubergisteslyonnais.fr\\\/wp-content\\\/uploads\\\/2025\\\/04\\\/restaurant-Comptoir-Cecil-lyon.jpg\",\"articleSection\":[\"Gastronom\u00eda\"],\"inLanguage\":\"es\",\"potentialAction\":[{\"@type\":\"CommentAction\",\"name\":\"Comment\",\"target\":[\"https:\\\/\\\/www.lesaubergisteslyonnais.fr\\\/es\\\/blog\\\/los-10-mejores-restaurantes-de-lyon-segun-aubergistes-lyonnais\\\/#respond\"]}]},{\"@type\":\"WebPage\",\"@id\":\"https:\\\/\\\/www.lesaubergisteslyonnais.fr\\\/es\\\/blog\\\/los-10-mejores-restaurantes-de-lyon-segun-aubergistes-lyonnais\\\/\",\"url\":\"https:\\\/\\\/www.lesaubergisteslyonnais.fr\\\/es\\\/blog\\\/los-10-mejores-restaurantes-de-lyon-segun-aubergistes-lyonnais\\\/\",\"name\":\"Los 10 mejores restaurantes de Lyon (seg\u00fan Aubergistes Lyonnais) - Les Aubergistes Lyonnais\",\"isPartOf\":{\"@id\":\"https:\\\/\\\/www.lesaubergisteslyonnais.fr\\\/es\\\/#website\"},\"primaryImageOfPage\":{\"@id\":\"https:\\\/\\\/www.lesaubergisteslyonnais.fr\\\/es\\\/blog\\\/los-10-mejores-restaurantes-de-lyon-segun-aubergistes-lyonnais\\\/#primaryimage\"},\"image\":{\"@id\":\"https:\\\/\\\/www.lesaubergisteslyonnais.fr\\\/es\\\/blog\\\/los-10-mejores-restaurantes-de-lyon-segun-aubergistes-lyonnais\\\/#primaryimage\"},\"thumbnailUrl\":\"https:\\\/\\\/www.lesaubergisteslyonnais.fr\\\/wp-content\\\/uploads\\\/2025\\\/04\\\/restaurant-Comptoir-Cecil-lyon.jpg\",\"datePublished\":\"2025-06-05T08:18:08+00:00\",\"dateModified\":\"2026-04-17T07:25:44+00:00\",\"description\":\"Les Aubergistes Lyonnais - Los 10 mejores restaurantes de Lyon (seg\u00fan Aubergistes Lyonnais) . Nuestra selecci\u00f3n de lo mejor de la gastronom\u00eda lionesa, desde lo tradicional a lo inesperado.\",\"breadcrumb\":{\"@id\":\"https:\\\/\\\/www.lesaubergisteslyonnais.fr\\\/es\\\/blog\\\/los-10-mejores-restaurantes-de-lyon-segun-aubergistes-lyonnais\\\/#breadcrumb\"},\"inLanguage\":\"es\",\"potentialAction\":[{\"@type\":\"ReadAction\",\"target\":[\"https:\\\/\\\/www.lesaubergisteslyonnais.fr\\\/es\\\/blog\\\/los-10-mejores-restaurantes-de-lyon-segun-aubergistes-lyonnais\\\/\"]}]},{\"@type\":\"ImageObject\",\"inLanguage\":\"es\",\"@id\":\"https:\\\/\\\/www.lesaubergisteslyonnais.fr\\\/es\\\/blog\\\/los-10-mejores-restaurantes-de-lyon-segun-aubergistes-lyonnais\\\/#primaryimage\",\"url\":\"https:\\\/\\\/www.lesaubergisteslyonnais.fr\\\/wp-content\\\/uploads\\\/2025\\\/04\\\/restaurant-Comptoir-Cecil-lyon.jpg\",\"contentUrl\":\"https:\\\/\\\/www.lesaubergisteslyonnais.fr\\\/wp-content\\\/uploads\\\/2025\\\/04\\\/restaurant-Comptoir-Cecil-lyon.jpg\",\"width\":720,\"height\":1080,\"caption\":\"restaurante Comptoir Cecil lyon\"},{\"@type\":\"BreadcrumbList\",\"@id\":\"https:\\\/\\\/www.lesaubergisteslyonnais.fr\\\/es\\\/blog\\\/los-10-mejores-restaurantes-de-lyon-segun-aubergistes-lyonnais\\\/#breadcrumb\",\"itemListElement\":[{\"@type\":\"ListItem\",\"position\":1,\"name\":\"Accueil\",\"item\":\"https:\\\/\\\/www.lesaubergisteslyonnais.fr\\\/es\\\/\"},{\"@type\":\"ListItem\",\"position\":2,\"name\":\"Gastronom\u00eda\",\"item\":\"https:\\\/\\\/www.lesaubergisteslyonnais.fr\\\/es\\\/blog\\\/gastronomia\\\/\"},{\"@type\":\"ListItem\",\"position\":3,\"name\":\"Los 10 mejores restaurantes de Lyon (seg\u00fan Aubergistes Lyonnais)\"}]},{\"@type\":\"WebSite\",\"@id\":\"https:\\\/\\\/www.lesaubergisteslyonnais.fr\\\/es\\\/#website\",\"url\":\"https:\\\/\\\/www.lesaubergisteslyonnais.fr\\\/es\\\/\",\"name\":\"Globe Cecil\",\"description\":\"\",\"publisher\":{\"@id\":\"https:\\\/\\\/www.lesaubergisteslyonnais.fr\\\/es\\\/#organization\"},\"potentialAction\":[{\"@type\":\"SearchAction\",\"target\":{\"@type\":\"EntryPoint\",\"urlTemplate\":\"https:\\\/\\\/www.lesaubergisteslyonnais.fr\\\/es\\\/?s={search_term_string}\"},\"query-input\":{\"@type\":\"PropertyValueSpecification\",\"valueRequired\":true,\"valueName\":\"search_term_string\"}}],\"inLanguage\":\"es\"},{\"@type\":\"Organization\",\"@id\":\"https:\\\/\\\/www.lesaubergisteslyonnais.fr\\\/es\\\/#organization\",\"name\":\"Globe Cecil\",\"url\":\"https:\\\/\\\/www.lesaubergisteslyonnais.fr\\\/es\\\/\",\"logo\":{\"@type\":\"ImageObject\",\"inLanguage\":\"es\",\"@id\":\"https:\\\/\\\/www.lesaubergisteslyonnais.fr\\\/es\\\/#\\\/schema\\\/logo\\\/image\\\/\",\"url\":\"https:\\\/\\\/www.lesaubergisteslyonnais.fr\\\/wp-content\\\/uploads\\\/2025\\\/05\\\/LOGO-Aubergistes-Lyonnais-White.svg\",\"contentUrl\":\"https:\\\/\\\/www.lesaubergisteslyonnais.fr\\\/wp-content\\\/uploads\\\/2025\\\/05\\\/LOGO-Aubergistes-Lyonnais-White.svg\",\"width\":558,\"height\":127,\"caption\":\"Globe Cecil\"},\"image\":{\"@id\":\"https:\\\/\\\/www.lesaubergisteslyonnais.fr\\\/es\\\/#\\\/schema\\\/logo\\\/image\\\/\"}},{\"@type\":\"Person\",\"@id\":\"https:\\\/\\\/www.lesaubergisteslyonnais.fr\\\/es\\\/#\\\/schema\\\/person\\\/b3c9e279ff8ec8845926b6b9f54fbdb9\",\"name\":\"flachize\",\"image\":{\"@type\":\"ImageObject\",\"inLanguage\":\"es\",\"@id\":\"https:\\\/\\\/secure.gravatar.com\\\/avatar\\\/24f0361cf67c21d4fae1db71b0897ec099d5f1fe2ef60420e3cd59b175a66e40?s=96&d=mm&r=g\",\"url\":\"https:\\\/\\\/secure.gravatar.com\\\/avatar\\\/24f0361cf67c21d4fae1db71b0897ec099d5f1fe2ef60420e3cd59b175a66e40?s=96&d=mm&r=g\",\"contentUrl\":\"https:\\\/\\\/secure.gravatar.com\\\/avatar\\\/24f0361cf67c21d4fae1db71b0897ec099d5f1fe2ef60420e3cd59b175a66e40?s=96&d=mm&r=g\",\"caption\":\"flachize\"},\"url\":\"https:\\\/\\\/www.lesaubergisteslyonnais.fr\\\/es\\\/author\\\/flachize\\\/\"}]}<\/script>\n<!-- \/ Yoast SEO plugin. -->","yoast_head_json":{"title":"Los 10 mejores restaurantes de Lyon (seg\u00fan Aubergistes Lyonnais) - Les Aubergistes Lyonnais","description":"Les Aubergistes Lyonnais - Los 10 mejores restaurantes de Lyon (seg\u00fan Aubergistes Lyonnais) . Nuestra selecci\u00f3n de lo mejor de la gastronom\u00eda lionesa, desde lo tradicional a lo inesperado.","robots":{"index":"index","follow":"follow","max-snippet":"max-snippet:-1","max-image-preview":"max-image-preview:large","max-video-preview":"max-video-preview:-1"},"canonical":"https:\/\/www.lesaubergisteslyonnais.fr\/es\/blog\/los-10-mejores-restaurantes-de-lyon-segun-aubergistes-lyonnais\/","og_locale":"es_ES","og_type":"article","og_title":"Los 10 mejores restaurantes de Lyon (seg\u00fan Aubergistes Lyonnais) - Les Aubergistes Lyonnais","og_description":"Les Aubergistes Lyonnais - Los 10 mejores restaurantes de Lyon (seg\u00fan Aubergistes Lyonnais) . Nuestra selecci\u00f3n de lo mejor de la gastronom\u00eda lionesa, desde lo tradicional a lo inesperado.","og_url":"https:\/\/www.lesaubergisteslyonnais.fr\/es\/blog\/los-10-mejores-restaurantes-de-lyon-segun-aubergistes-lyonnais\/","og_site_name":"Les Aubergistes Lyonnais","article_published_time":"2025-06-05T08:18:08+00:00","article_modified_time":"2026-04-17T07:25:44+00:00","og_image":[{"width":720,"height":1080,"url":"https:\/\/www.lesaubergisteslyonnais.fr\/wp-content\/uploads\/2025\/04\/restaurant-Comptoir-Cecil-lyon.jpg","type":"image\/jpeg"}],"author":"flachize","twitter_card":"summary_large_image","twitter_misc":{"Escrito por":"flachize","Tiempo de lectura":"3 minuto"},"schema":{"@context":"https:\/\/schema.org","@graph":[{"@type":"Article","@id":"https:\/\/www.lesaubergisteslyonnais.fr\/es\/blog\/los-10-mejores-restaurantes-de-lyon-segun-aubergistes-lyonnais\/#article","isPartOf":{"@id":"https:\/\/www.lesaubergisteslyonnais.fr\/es\/blog\/los-10-mejores-restaurantes-de-lyon-segun-aubergistes-lyonnais\/"},"author":{"name":"flachize","@id":"https:\/\/www.lesaubergisteslyonnais.fr\/es\/#\/schema\/person\/b3c9e279ff8ec8845926b6b9f54fbdb9"},"headline":"Los 10 mejores restaurantes de Lyon (seg\u00fan Aubergistes Lyonnais)","datePublished":"2025-06-05T08:18:08+00:00","dateModified":"2026-04-17T07:25:44+00:00","mainEntityOfPage":{"@id":"https:\/\/www.lesaubergisteslyonnais.fr\/es\/blog\/los-10-mejores-restaurantes-de-lyon-segun-aubergistes-lyonnais\/"},"wordCount":617,"commentCount":0,"publisher":{"@id":"https:\/\/www.lesaubergisteslyonnais.fr\/es\/#organization"},"image":{"@id":"https:\/\/www.lesaubergisteslyonnais.fr\/es\/blog\/los-10-mejores-restaurantes-de-lyon-segun-aubergistes-lyonnais\/#primaryimage"},"thumbnailUrl":"https:\/\/www.lesaubergisteslyonnais.fr\/wp-content\/uploads\/2025\/04\/restaurant-Comptoir-Cecil-lyon.jpg","articleSection":["Gastronom\u00eda"],"inLanguage":"es","potentialAction":[{"@type":"CommentAction","name":"Comment","target":["https:\/\/www.lesaubergisteslyonnais.fr\/es\/blog\/los-10-mejores-restaurantes-de-lyon-segun-aubergistes-lyonnais\/#respond"]}]},{"@type":"WebPage","@id":"https:\/\/www.lesaubergisteslyonnais.fr\/es\/blog\/los-10-mejores-restaurantes-de-lyon-segun-aubergistes-lyonnais\/","url":"https:\/\/www.lesaubergisteslyonnais.fr\/es\/blog\/los-10-mejores-restaurantes-de-lyon-segun-aubergistes-lyonnais\/","name":"Los 10 mejores restaurantes de Lyon (seg\u00fan Aubergistes Lyonnais) - Les Aubergistes Lyonnais","isPartOf":{"@id":"https:\/\/www.lesaubergisteslyonnais.fr\/es\/#website"},"primaryImageOfPage":{"@id":"https:\/\/www.lesaubergisteslyonnais.fr\/es\/blog\/los-10-mejores-restaurantes-de-lyon-segun-aubergistes-lyonnais\/#primaryimage"},"image":{"@id":"https:\/\/www.lesaubergisteslyonnais.fr\/es\/blog\/los-10-mejores-restaurantes-de-lyon-segun-aubergistes-lyonnais\/#primaryimage"},"thumbnailUrl":"https:\/\/www.lesaubergisteslyonnais.fr\/wp-content\/uploads\/2025\/04\/restaurant-Comptoir-Cecil-lyon.jpg","datePublished":"2025-06-05T08:18:08+00:00","dateModified":"2026-04-17T07:25:44+00:00","description":"Les Aubergistes Lyonnais - Los 10 mejores restaurantes de Lyon (seg\u00fan Aubergistes Lyonnais) . Nuestra selecci\u00f3n de lo mejor de la gastronom\u00eda lionesa, desde lo tradicional a lo inesperado.","breadcrumb":{"@id":"https:\/\/www.lesaubergisteslyonnais.fr\/es\/blog\/los-10-mejores-restaurantes-de-lyon-segun-aubergistes-lyonnais\/#breadcrumb"},"inLanguage":"es","potentialAction":[{"@type":"ReadAction","target":["https:\/\/www.lesaubergisteslyonnais.fr\/es\/blog\/los-10-mejores-restaurantes-de-lyon-segun-aubergistes-lyonnais\/"]}]},{"@type":"ImageObject","inLanguage":"es","@id":"https:\/\/www.lesaubergisteslyonnais.fr\/es\/blog\/los-10-mejores-restaurantes-de-lyon-segun-aubergistes-lyonnais\/#primaryimage","url":"https:\/\/www.lesaubergisteslyonnais.fr\/wp-content\/uploads\/2025\/04\/restaurant-Comptoir-Cecil-lyon.jpg","contentUrl":"https:\/\/www.lesaubergisteslyonnais.fr\/wp-content\/uploads\/2025\/04\/restaurant-Comptoir-Cecil-lyon.jpg","width":720,"height":1080,"caption":"restaurante Comptoir Cecil lyon"},{"@type":"BreadcrumbList","@id":"https:\/\/www.lesaubergisteslyonnais.fr\/es\/blog\/los-10-mejores-restaurantes-de-lyon-segun-aubergistes-lyonnais\/#breadcrumb","itemListElement":[{"@type":"ListItem","position":1,"name":"Accueil","item":"https:\/\/www.lesaubergisteslyonnais.fr\/es\/"},{"@type":"ListItem","position":2,"name":"Gastronom\u00eda","item":"https:\/\/www.lesaubergisteslyonnais.fr\/es\/blog\/gastronomia\/"},{"@type":"ListItem","position":3,"name":"Los 10 mejores restaurantes de Lyon (seg\u00fan Aubergistes Lyonnais)"}]},{"@type":"WebSite","@id":"https:\/\/www.lesaubergisteslyonnais.fr\/es\/#website","url":"https:\/\/www.lesaubergisteslyonnais.fr\/es\/","name":"Globe Cecil","description":"","publisher":{"@id":"https:\/\/www.lesaubergisteslyonnais.fr\/es\/#organization"},"potentialAction":[{"@type":"SearchAction","target":{"@type":"EntryPoint","urlTemplate":"https:\/\/www.lesaubergisteslyonnais.fr\/es\/?s={search_term_string}"},"query-input":{"@type":"PropertyValueSpecification","valueRequired":true,"valueName":"search_term_string"}}],"inLanguage":"es"},{"@type":"Organization","@id":"https:\/\/www.lesaubergisteslyonnais.fr\/es\/#organization","name":"Globe Cecil","url":"https:\/\/www.lesaubergisteslyonnais.fr\/es\/","logo":{"@type":"ImageObject","inLanguage":"es","@id":"https:\/\/www.lesaubergisteslyonnais.fr\/es\/#\/schema\/logo\/image\/","url":"https:\/\/www.lesaubergisteslyonnais.fr\/wp-content\/uploads\/2025\/05\/LOGO-Aubergistes-Lyonnais-White.svg","contentUrl":"https:\/\/www.lesaubergisteslyonnais.fr\/wp-content\/uploads\/2025\/05\/LOGO-Aubergistes-Lyonnais-White.svg","width":558,"height":127,"caption":"Globe Cecil"},"image":{"@id":"https:\/\/www.lesaubergisteslyonnais.fr\/es\/#\/schema\/logo\/image\/"}},{"@type":"Person","@id":"https:\/\/www.lesaubergisteslyonnais.fr\/es\/#\/schema\/person\/b3c9e279ff8ec8845926b6b9f54fbdb9","name":"flachize","image":{"@type":"ImageObject","inLanguage":"es","@id":"https:\/\/secure.gravatar.com\/avatar\/24f0361cf67c21d4fae1db71b0897ec099d5f1fe2ef60420e3cd59b175a66e40?s=96&d=mm&r=g","url":"https:\/\/secure.gravatar.com\/avatar\/24f0361cf67c21d4fae1db71b0897ec099d5f1fe2ef60420e3cd59b175a66e40?s=96&d=mm&r=g","contentUrl":"https:\/\/secure.gravatar.com\/avatar\/24f0361cf67c21d4fae1db71b0897ec099d5f1fe2ef60420e3cd59b175a66e40?s=96&d=mm&r=g","caption":"flachize"},"url":"https:\/\/www.lesaubergisteslyonnais.fr\/es\/author\/flachize\/"}]}},"_links":{"self":[{"href":"https:\/\/www.lesaubergisteslyonnais.fr\/es\/wp-json\/wp\/v2\/posts\/7421","targetHints":{"allow":["GET"]}}],"collection":[{"href":"https:\/\/www.lesaubergisteslyonnais.fr\/es\/wp-json\/wp\/v2\/posts"}],"about":[{"href":"https:\/\/www.lesaubergisteslyonnais.fr\/es\/wp-json\/wp\/v2\/types\/post"}],"author":[{"embeddable":true,"href":"https:\/\/www.lesaubergisteslyonnais.fr\/es\/wp-json\/wp\/v2\/users\/2"}],"replies":[{"embeddable":true,"href":"https:\/\/www.lesaubergisteslyonnais.fr\/es\/wp-json\/wp\/v2\/comments?post=7421"}],"version-history":[{"count":5,"href":"https:\/\/www.lesaubergisteslyonnais.fr\/es\/wp-json\/wp\/v2\/posts\/7421\/revisions"}],"predecessor-version":[{"id":9785,"href":"https:\/\/www.lesaubergisteslyonnais.fr\/es\/wp-json\/wp\/v2\/posts\/7421\/revisions\/9785"}],"wp:featuredmedia":[{"embeddable":true,"href":"https:\/\/www.lesaubergisteslyonnais.fr\/es\/wp-json\/wp\/v2\/media\/6187"}],"wp:attachment":[{"href":"https:\/\/www.lesaubergisteslyonnais.fr\/es\/wp-json\/wp\/v2\/media?parent=7421"}],"wp:term":[{"taxonomy":"category","embeddable":true,"href":"https:\/\/www.lesaubergisteslyonnais.fr\/es\/wp-json\/wp\/v2\/categories?post=7421"},{"taxonomy":"post_tag","embeddable":true,"href":"https:\/\/www.lesaubergisteslyonnais.fr\/es\/wp-json\/wp\/v2\/tags?post=7421"}],"curies":[{"name":"wp","href":"https:\/\/api.w.org\/{rel}","templated":true}]}}