{"id":7414,"date":"2025-06-05T17:11:22","date_gmt":"2025-06-05T15:11:22","guid":{"rendered":"https:\/\/www.lesaubergisteslyonnais.fr\/las-mejores-terrazas-y-azoteas-de-lyon-en-verano\/"},"modified":"2026-04-17T09:26:04","modified_gmt":"2026-04-17T07:26:04","slug":"las-mejores-terrazas-y-azoteas-de-lyon-en-verano","status":"publish","type":"post","link":"https:\/\/www.lesaubergisteslyonnais.fr\/es\/blog\/las-mejores-terrazas-y-azoteas-de-lyon-en-verano\/","title":{"rendered":"Las mejores terrazas y azoteas de Lyon en verano"},"content":{"rendered":"\n<section class=\"heading wp-elements-4220174f97ce7347a4c37b101c9b2519 wp-elements-4220174f97ce7347a4c37b101c9b2519 wp-block-acf-heading has-text-color has-primary-color has-background has-white-100-background-color\">\n\t<div class=\"heading__container\">\n\t\t\t\t\t<div class=\"heading__background-picture\">\n\t\t\t\t<img decoding=\"async\" width=\"1920\" height=\"915\" src=\"https:\/\/www.lesaubergisteslyonnais.fr\/wp-content\/uploads\/2025\/06\/plus-belles-terrasses-de-lyon.jpg\" class=\"attachment-full size-full\" alt=\"las terrazas m\u00e1s bonitas de lyon\" fetchpriority=\"high\" srcset=\"https:\/\/www.lesaubergisteslyonnais.fr\/wp-content\/uploads\/2025\/06\/plus-belles-terrasses-de-lyon.jpg 1920w, https:\/\/www.lesaubergisteslyonnais.fr\/wp-content\/uploads\/2025\/06\/plus-belles-terrasses-de-lyon-600x286.jpg 600w, https:\/\/www.lesaubergisteslyonnais.fr\/wp-content\/uploads\/2025\/06\/plus-belles-terrasses-de-lyon-1400x667.jpg 1400w, https:\/\/www.lesaubergisteslyonnais.fr\/wp-content\/uploads\/2025\/06\/plus-belles-terrasses-de-lyon-768x366.jpg 768w, https:\/\/www.lesaubergisteslyonnais.fr\/wp-content\/uploads\/2025\/06\/plus-belles-terrasses-de-lyon-1536x732.jpg 1536w\" sizes=\"(max-width: 1920px) 100vw, 1920px\" \/>\t\t\t<\/div>\n\t\t\t\t<div class=\"heading__layout\">\n\t\t\t<div class=\"heading__content-wrapper has-white-100-background-color\">\n\t\t\t\t<div class=\"heading__content has-white-100-background-color\">\n\t\t\t\t\t\t\t\t\t<p id=\"breadcrumbs\"><span><span><a href=\"https:\/\/www.lesaubergisteslyonnais.fr\/es\/\">Accueil<\/a><\/span><\/span><\/p>\t\t\t\t\t\t\t\t\t<div class=\"acf-innerblocks-container\">\n\n<div class=\"wp-block-group heading-content-group is-layout-grid wp-container-core-group-is-layout-96b258e4 wp-block-group-is-layout-grid\">\n<h1 class=\"wp-block-heading has-text-align-left heading__title has-primary-color has-text-color has-xx-large-font-size\"><strong>Las mejores terrazas y azoteas de Lyon en verano<\/strong><\/h1>\n<\/div>\n\n<\/div>\n\t\t\t\t<\/div>\n\t\t\t\t\t\t\t<\/div>\n\t\t<\/div>\n\t<\/div>\n<\/section>\n\n\n\t<section\n\t\tstyle=\"padding-top:var(--wp--preset--spacing--theme-default);padding-bottom:var(--wp--preset--spacing--theme-default);\" class=\"double-columns wp-block-acf-double-columns has-background has-white-background-color has-global-padding is-layout-constrained wp-container-acf-double-columns-is-layout-a22d0bdd wp-block-acf-double-columns-is-layout-constrained\"\t>\n\n<div class=\"double-columns__innerblocks\">\n\n<div class=\"wp-block-group is-vertical is-layout-flex wp-container-core-group-is-layout-d6b9ab57 wp-block-group-is-layout-flex\">\n<h2 class=\"wp-block-heading has-text-align-center\">1. Les Terrasses Saint-Pierre &#8211; Un remanso de paz en el coraz\u00f3n de la ciudad<\/h2>\n\n\n\n<p>Enclavadas en el patio interior del Museo de Bellas Artes, estas terrazas ofrecen un entorno verde y tranquilo, perfecto para una tranquila comida o una pausa para el caf\u00e9.<\/p>\n\n\n\n<p><strong>Acceso<\/strong>: 20 Place des Terreaux, 69001 Lyon.<\/p>\n\n\n\n<p><strong>Mejor momento<\/strong>: Entre semana, a \u00faltima hora de la ma\u00f1ana o primera de la tarde, para evitar las aglomeraciones.<\/p>\n<\/div>\n\n\n\n<div class=\"wp-block-group is-layout-flow wp-block-group-is-layout-flow\">\n<figure class=\"wp-block-image size-full image-is-animate\"><img decoding=\"async\" width=\"444\" height=\"499\" src=\"https:\/\/www.lesaubergisteslyonnais.fr\/wp-content\/uploads\/2025\/06\/Credit-Blandine-Soulage.png\" alt=\"Cr&#xE9;dito Blandine Soulage\" class=\"wp-image-7452\" style=\"aspect-ratio:3\/4;object-fit:cover\"\/><figcaption class=\"wp-element-caption\">Cr\u00e9dito: Blandine Soulage<\/figcaption><\/figure>\n<\/div>\n\n<\/div>\n\n<\/section>\n\n\t<section\n\t\tstyle=\"padding-top:var(--wp--preset--spacing--theme-default);padding-bottom:var(--wp--preset--spacing--theme-default);\" class=\"double-columns double-columns-reverse_colums_mobile wp-block-acf-double-columns has-background has-white-100-background-color has-global-padding is-layout-constrained wp-container-acf-double-columns-is-layout-a22d0bdd wp-block-acf-double-columns-is-layout-constrained\"\t>\n\n<div class=\"double-columns__innerblocks\">\n\n<div class=\"wp-block-group has-global-padding is-layout-constrained wp-block-group-is-layout-constrained\">\n<figure class=\"wp-block-image size-full image-is-animate\"><img decoding=\"async\" width=\"484\" height=\"596\" src=\"https:\/\/www.lesaubergisteslyonnais.fr\/wp-content\/uploads\/2025\/06\/Credit-site-internet-Cafe-Gardagne.png\" alt=\"P&#xE1;gina web de cr&#xE9;dito Caf&#xE9; Gardagne\" class=\"wp-image-7456\" style=\"aspect-ratio:3\/4;object-fit:cover\"\/><figcaption class=\"wp-element-caption\">Cr\u00e9dito: Sitio web del Caf\u00e9 Gardagne<\/figcaption><\/figure>\n<\/div>\n\n\n\n<div class=\"wp-block-group is-vertical is-layout-flex wp-container-core-group-is-layout-d6b9ab57 wp-block-group-is-layout-flex\">\n<h2 class=\"wp-block-heading has-text-align-center\">2. Caf\u00e9 Gadagne &#8211; Un jard\u00edn colgante en lo alto del Vieux Lyon<\/h2>\n\n\n\n<p>Encaramado en lo alto del Museo Gadagne, este caf\u00e9-jard\u00edn ofrece una vista impresionante sobre los tejados del Vieux Lyon. Un lugar ideal para disfrutar de una bebida o una comida ligera en un entorno hist\u00f3rico.  <\/p>\n\n\n\n<p><strong>Acceso<\/strong>: 1 Place du Petit Coll\u00e8ge, 69005 Lyon.<\/p>\n\n\n\n<p><strong>Mejor hora<\/strong>: A \u00faltima hora de la tarde, para disfrutar de la luz dorada sobre los tejados.<\/p>\n<\/div>\n\n<\/div>\n\n<\/section>\n\n\t<section\n\t\tstyle=\"padding-top:var(--wp--preset--spacing--theme-default);padding-bottom:var(--wp--preset--spacing--theme-default);\" class=\"double-columns wp-block-acf-double-columns has-background has-white-background-color has-global-padding is-layout-constrained wp-container-acf-double-columns-is-layout-a22d0bdd wp-block-acf-double-columns-is-layout-constrained\"\t>\n\n<div class=\"double-columns__innerblocks\">\n\n<div class=\"wp-block-group is-vertical is-layout-flex wp-container-core-group-is-layout-d6b9ab57 wp-block-group-is-layout-flex\">\n<h2 class=\"wp-block-heading has-text-align-center\">3. Maison N\u00f4 &#8211; Una vista impresionante de la ciudad<\/h2>\n\n\n\n<p>Situada en el coraz\u00f3n de la Presqu&#8217;\u00eele, la azotea de la Maison N\u00f4 ofrece una vista panor\u00e1mica excepcional sobre Lyon. Un marco elegante para c\u00f3cteles y platos refinados.  <\/p>\n\n\n\n<p><strong>Acceso<\/strong>: 11 Rue du B\u00e2t-d&#8217;Argent, 69001 Lyon.  <\/p>\n\n\n\n<p><strong>Mejor momento<\/strong>: Al atardecer, para un ambiente rom\u00e1ntico.<\/p>\n<\/div>\n\n\n\n<div class=\"wp-block-group is-layout-flow wp-block-group-is-layout-flow\">\n<figure class=\"wp-block-image size-full image-is-animate\"><img decoding=\"async\" width=\"478\" height=\"571\" src=\"https:\/\/www.lesaubergisteslyonnais.fr\/wp-content\/uploads\/2025\/06\/Credit-Maison_No-instagram.png\" alt=\"Cr&#xE9;dito de la casa No instagram\" class=\"wp-image-7460\" style=\"aspect-ratio:3\/4;object-fit:cover\"\/><figcaption class=\"wp-element-caption\">Cr\u00e9dito: Maison_No &#8211; Instagram<\/figcaption><\/figure>\n<\/div>\n\n<\/div>\n\n<\/section>\n\n\t<section\n\t\tstyle=\"padding-top:var(--wp--preset--spacing--theme-default);padding-bottom:var(--wp--preset--spacing--theme-default);\" class=\"double-columns double-columns-reverse_colums_mobile wp-block-acf-double-columns has-background has-white-100-background-color has-global-padding is-layout-constrained wp-container-acf-double-columns-is-layout-a22d0bdd wp-block-acf-double-columns-is-layout-constrained\"\t>\n\n<div class=\"double-columns__innerblocks\">\n\n<div class=\"wp-block-group has-global-padding is-layout-constrained wp-block-group-is-layout-constrained\">\n<figure class=\"wp-block-image size-full image-is-animate\"><img decoding=\"async\" width=\"364\" height=\"495\" src=\"https:\/\/www.lesaubergisteslyonnais.fr\/wp-content\/uploads\/2025\/06\/Credit-lesucrelyon-@gpclyon-@juliettevlr_Instagram.png\" alt=\"Cr&#xE9;dito lesucrelyon @gpclyon @juliettevlr Instagram\" class=\"wp-image-7465\" style=\"aspect-ratio:3\/4;object-fit:cover\"\/><figcaption class=\"wp-element-caption\">Cr\u00e9dito: lesucrelyon @gpclyon @juliettevlr Instagram<\/figcaption><\/figure>\n<\/div>\n\n\n\n<div class=\"wp-block-group is-vertical is-layout-flex wp-container-core-group-is-layout-d6b9ab57 wp-block-group-is-layout-flex\">\n<h2 class=\"wp-block-heading has-text-align-center\">4. Le Sucre &#8211; La azotea festiva en Confluencia<\/h2>\n\n\n\n<p>En lo alto de la Sucri\u00e8re, esta azotea es el lugar ideal para disfrutar de animadas veladas con vistas al Saona, con conciertos, sesiones de DJ y actos culturales durante todo el a\u00f1o.<\/p>\n\n\n\n<p><strong>Acceso<\/strong>: 50 Quai Rambaud, 69002 Lyon.  <\/p>\n\n\n\n<p><strong>El mejor momento<\/strong>: Los fines de semana, para disfrutar del ambiente festivo.<\/p>\n<\/div>\n\n<\/div>\n\n<\/section>\n\n\t<section\n\t\tstyle=\"padding-top:var(--wp--preset--spacing--theme-default);padding-bottom:var(--wp--preset--spacing--theme-default);\" class=\"double-columns wp-block-acf-double-columns has-background has-white-background-color has-global-padding is-layout-constrained wp-container-acf-double-columns-is-layout-a22d0bdd wp-block-acf-double-columns-is-layout-constrained\"\t>\n\n<div class=\"double-columns__innerblocks\">\n\n<div class=\"wp-block-group is-vertical is-layout-flex wp-container-core-group-is-layout-d6b9ab57 wp-block-group-is-layout-flex\">\n<h2 class=\"wp-block-heading has-text-align-center\"><strong>5.<\/strong> T\u00eatedoie &#8211; Gastronom\u00eda estrellada con vistas<\/h2>\n\n\n\n<p>El chef Christian T\u00eatedoie ofrece una experiencia culinaria excepcional en las alturas de Lyon, con una terraza que ofrece unas vistas impresionantes de la ciudad.  <\/p>\n\n\n\n<p><strong>Acceso<\/strong>: 4 Rue Pierre Marion, 69005 Lyon.  <\/p>\n\n\n\n<p><strong>Mejor momento<\/strong>: Por la noche, para cenar bajo las estrellas.<\/p>\n<\/div>\n\n\n\n<div class=\"wp-block-group is-layout-flow wp-block-group-is-layout-flow\">\n<figure class=\"wp-block-image size-full image-is-animate\"><img decoding=\"async\" width=\"442\" height=\"594\" src=\"https:\/\/www.lesaubergisteslyonnais.fr\/wp-content\/uploads\/2025\/06\/Credit-rooftop_tetedoie-Instagram.png\" alt=\"Cr&#xE9;dito azotea tetedoie Instagram\" class=\"wp-image-7470\" style=\"aspect-ratio:3\/4;object-fit:cover\"\/><figcaption class=\"wp-element-caption\">Cr\u00e9dito: azotea tetedoie Instagram<\/figcaption><\/figure>\n<\/div>\n\n<\/div>\n\n<\/section>\n\n\t<section\n\t\tstyle=\"padding-top:var(--wp--preset--spacing--theme-default);padding-bottom:var(--wp--preset--spacing--theme-default);\" class=\"double-columns double-columns-reverse_colums_mobile wp-block-acf-double-columns has-background has-white-100-background-color has-global-padding is-layout-constrained wp-container-acf-double-columns-is-layout-a22d0bdd wp-block-acf-double-columns-is-layout-constrained\"\t>\n\n<div class=\"double-columns__innerblocks\">\n\n<div class=\"wp-block-group has-global-padding is-layout-constrained wp-block-group-is-layout-constrained\">\n<figure class=\"wp-block-image size-full image-is-animate\"><img decoding=\"async\" width=\"475\" height=\"598\" src=\"https:\/\/www.lesaubergisteslyonnais.fr\/wp-content\/uploads\/2025\/06\/Credit-selcius_confluence-@fred_foodphoto-Instagram.png\" alt=\"Cr&#xE9;dito selcius confluence @fred foodphoto Instagram\" class=\"wp-image-7474\" style=\"aspect-ratio:3\/4;object-fit:cover\"\/><figcaption class=\"wp-element-caption\">Cr\u00e9dito: selcius_confluence @fred foodphoto-Instagram<\/figcaption><\/figure>\n<\/div>\n\n\n\n<div class=\"wp-block-group is-vertical is-layout-flex wp-container-core-group-is-layout-d6b9ab57 wp-block-group-is-layout-flex\">\n<h2 class=\"wp-block-heading has-text-align-center\">6. Selcius &#8211; Una escala mediterr\u00e1nea a orillas del Saona<\/h2>\n\n\n\n<p>Con su amplia terraza y su decoraci\u00f3n de inspiraci\u00f3n mediterr\u00e1nea, el Selcius es el lugar ideal para un almuerzo soleado o una cena con amigos.<\/p>\n\n\n\n<p><strong>Acceso<\/strong>: 43 Quai Rambaud, 69002 Lyon.  <\/p>\n\n\n\n<p><strong>Mejor momento<\/strong>: El brunch del domingo.<\/p>\n<\/div>\n\n<\/div>\n\n<\/section>\n\n\t<section\n\t\tstyle=\"padding-top:var(--wp--preset--spacing--theme-default);padding-bottom:var(--wp--preset--spacing--theme-default);\" class=\"double-columns wp-block-acf-double-columns has-background has-white-background-color has-global-padding is-layout-constrained wp-container-acf-double-columns-is-layout-a22d0bdd wp-block-acf-double-columns-is-layout-constrained\"\t>\n\n<div class=\"double-columns__innerblocks\">\n\n<div class=\"wp-block-group is-vertical is-layout-flex wp-container-core-group-is-layout-d6b9ab57 wp-block-group-is-layout-flex\">\n<h2 class=\"wp-block-heading has-text-align-center\">7. La Maison &#8211; Guinguette chic y relajada<\/h2>\n\n\n\n<p>Situada en el distrito 7, La Maison cuenta con una gran terraza bordeada de pl\u00e1tanos, perfecta para las tardes de verano con amigos, con pistas de petanca y un ambiente festivo.  <\/p>\n\n\n\n<p><strong>Acceso<\/strong>: 4 Rue Jonas Salk, 69007 Lyon.<\/p>\n\n\n\n<p><strong>Mejor momento<\/strong>: Al final del d\u00eda, para un aperitivo al aire libre.<\/p>\n<\/div>\n\n\n\n<div class=\"wp-block-group is-layout-flow wp-block-group-is-layout-flow\">\n<figure class=\"wp-block-image size-full image-is-animate\"><img decoding=\"async\" width=\"524\" height=\"594\" src=\"https:\/\/www.lesaubergisteslyonnais.fr\/wp-content\/uploads\/2025\/06\/Credit-lamaisonrestaurant.lyon-@fred_foodphoto-Instagram.png\" alt=\"Cr&#xE9;dito lamaisonrestaurant.lyon @fred foodphoto Instagram\" class=\"wp-image-7479\" style=\"aspect-ratio:3\/4;object-fit:cover\"\/><figcaption class=\"wp-element-caption\">Cr\u00e9dito: lamaisonrestaurant.lyon @fred foodphoto-Instagram<\/figcaption><\/figure>\n<\/div>\n\n<\/div>\n\n<\/section>\n\n\t<section\n\t\tstyle=\"padding-top:var(--wp--preset--spacing--theme-default);padding-bottom:var(--wp--preset--spacing--theme-default);\" class=\"double-columns double-columns-reverse_colums_mobile wp-block-acf-double-columns has-background has-white-100-background-color has-global-padding is-layout-constrained wp-container-acf-double-columns-is-layout-a22d0bdd wp-block-acf-double-columns-is-layout-constrained\"\t>\n\n<div class=\"double-columns__innerblocks\">\n\n<div class=\"wp-block-group has-global-padding is-layout-constrained wp-block-group-is-layout-constrained\">\n<figure class=\"wp-block-image size-full image-is-animate\"><img decoding=\"async\" width=\"720\" height=\"1080\" src=\"https:\/\/www.lesaubergisteslyonnais.fr\/wp-content\/uploads\/2025\/06\/plus-belles-terrasse-de-lyon-centre.jpg\" alt=\"las terrazas m&#xE1;s bonitas del centro de lyon\" class=\"wp-image-7485\" style=\"aspect-ratio:3\/4;object-fit:cover\" srcset=\"https:\/\/www.lesaubergisteslyonnais.fr\/wp-content\/uploads\/2025\/06\/plus-belles-terrasse-de-lyon-centre.jpg 720w, https:\/\/www.lesaubergisteslyonnais.fr\/wp-content\/uploads\/2025\/06\/plus-belles-terrasse-de-lyon-centre-400x600.jpg 400w\" sizes=\"(max-width: 720px) 100vw, 720px\" \/><\/figure>\n<\/div>\n\n\n\n<div class=\"wp-block-group is-vertical is-layout-flex wp-container-core-group-is-layout-d6b9ab57 wp-block-group-is-layout-flex\">\n<h2 class=\"wp-block-heading has-text-align-center\">8. Le Comptoir Cecil &#8211; Terraza escondida en el coraz\u00f3n de la Presqu&#8217;\u00eele<\/h2>\n\n\n\n<p>Enclavada a dos pasos de Bellecour, la terraza del Comptoir Cecil es una burbuja de calma en medio del bullicio lion\u00e9s. A la sombra de los muros hist\u00f3ricos del Hotel Globe y Cecil, puedes disfrutar de un almuerzo, la hora del t\u00e9 o un aperitivo en un ambiente elegante y relajado. Un verdadero consejo de iniciados, lejos de las abarrotadas terrazas de la Presqu&#8217;\u00eele.<\/p>\n\n\n\n<p><strong>Acceso<\/strong>: 21 Rue Gasparin, 69002 Lyon<\/p>\n\n\n\n<p><strong>Mejor momento<\/strong>: Entre semana, a la hora de comer o como aperitivo, para disfrutar del encanto tranquilo y discreto del entorno.<\/p>\n<\/div>\n\n<\/div>\n\n<\/section>\n\n\t<section\n\t\tstyle=\"padding-top:var(--wp--preset--spacing--theme-default);padding-bottom:var(--wp--preset--spacing--theme-default);\" class=\"block-container align wp-block-acf-block-container has-background has-white-background-color has-global-padding is-layout-constrained wp-block-acf-block-container-is-layout-constrained\"\t>\n\n\t\n\n<div class=\"wp-block-group has-global-padding is-layout-constrained wp-block-group-is-layout-constrained\">\n<h3 class=\"wp-block-heading has-text-align-center\"><strong>\u00bfQu\u00e9 ocurre despu\u00e9s? Nos vamos a casa. <\/strong><\/h3>\n\n\n\n<ul class=\"wp-block-list\">\n<li>Le Simplon: alojamiento sencillo y acogedor en una ubicaci\u00f3n pr\u00e1ctica a un tiro de piedra de Perrache.<\/li>\n\n\n\n<li>Le Globe &amp; Cecil: en Bellecour, para pasear, cenar y dormir bien.<\/li>\n\n\n\n<li>Le Ph\u00e9nix: a orillas del Saona, en el Vieux Lyon, para los amantes de la piedra y el car\u00e1cter.<\/li>\n<\/ul>\n\n\n\n<p class=\"has-text-align-center\">Disfruta de tu comida y de tu estancia con nosotros.<\/p>\n<\/div>\n\n\n\n<\/section>\n\n<div class=\"wp-block-group has-white-100-background-color has-background is-content-justification-space-between is-nowrap is-layout-flex wp-container-core-group-is-layout-098ab513 wp-block-group-is-layout-flex\" style=\"padding-top:var(--wp--preset--spacing--theme-m);padding-right:var(--wp--preset--spacing--theme-s);padding-bottom:var(--wp--preset--spacing--theme-m);padding-left:var(--wp--preset--spacing--theme-s)\">\n\n<\/div>\n","protected":false},"excerpt":{"rendered":"<p>Aprovecha al m\u00e1ximo el sol de Lyon: vistas impresionantes, c\u00f3cteles y un ambiente veraniego en las mejores terrazas de la ciudad.<\/p>\n","protected":false},"author":2,"featured_media":7450,"comment_status":"open","ping_status":"open","sticky":false,"template":"","format":"standard","meta":{"_acf_changed":false,"inline_featured_image":false,"footnotes":""},"categories":[38],"tags":[],"class_list":["post-7414","post","type-post","status-publish","format-standard","has-post-thumbnail","hentry","category-vida-nocturna-y-eventos"],"acf":[],"yoast_head":"<!-- This site is optimized with the Yoast SEO plugin v27.4 - https:\/\/yoast.com\/product\/yoast-seo-wordpress\/ -->\n<title>Las mejores terrazas y azoteas de Lyon en verano - Les Aubergistes Lyonnais<\/title>\n<meta name=\"description\" content=\"Les Aubergistes Lyonnais - Las mejores terrazas y azoteas de Lyon en verano . Aprovecha al m\u00e1ximo el sol de Lyon: vistas impresionantes, c\u00f3cteles y un ambiente veraniego en las mejores terrazas de la ciudad.\" \/>\n<meta name=\"robots\" content=\"index, follow, max-snippet:-1, max-image-preview:large, max-video-preview:-1\" \/>\n<link rel=\"canonical\" href=\"https:\/\/www.lesaubergisteslyonnais.fr\/es\/blog\/las-mejores-terrazas-y-azoteas-de-lyon-en-verano\/\" \/>\n<meta property=\"og:locale\" content=\"es_ES\" \/>\n<meta property=\"og:type\" content=\"article\" \/>\n<meta property=\"og:title\" content=\"Las mejores terrazas y azoteas de Lyon en verano - Les Aubergistes Lyonnais\" \/>\n<meta property=\"og:description\" content=\"Les Aubergistes Lyonnais - Las mejores terrazas y azoteas de Lyon en verano . Aprovecha al m\u00e1ximo el sol de Lyon: vistas impresionantes, c\u00f3cteles y un ambiente veraniego en las mejores terrazas de la ciudad.\" \/>\n<meta property=\"og:url\" content=\"https:\/\/www.lesaubergisteslyonnais.fr\/es\/blog\/las-mejores-terrazas-y-azoteas-de-lyon-en-verano\/\" \/>\n<meta property=\"og:site_name\" content=\"Les Aubergistes Lyonnais\" \/>\n<meta property=\"article:published_time\" content=\"2025-06-05T15:11:22+00:00\" \/>\n<meta property=\"article:modified_time\" content=\"2026-04-17T07:26:04+00:00\" \/>\n<meta property=\"og:image\" content=\"https:\/\/www.lesaubergisteslyonnais.fr\/wp-content\/uploads\/2025\/06\/plus-belles-terrasses-de-lyon.jpg\" \/>\n\t<meta property=\"og:image:width\" content=\"1920\" \/>\n\t<meta property=\"og:image:height\" content=\"915\" \/>\n\t<meta property=\"og:image:type\" content=\"image\/jpeg\" \/>\n<meta name=\"author\" content=\"flachize\" \/>\n<meta name=\"twitter:card\" content=\"summary_large_image\" \/>\n<meta name=\"twitter:label1\" content=\"Escrito por\" \/>\n\t<meta name=\"twitter:data1\" content=\"flachize\" \/>\n\t<meta name=\"twitter:label2\" content=\"Tiempo de lectura\" \/>\n\t<meta name=\"twitter:data2\" content=\"3 minuto\" \/>\n<script type=\"application\/ld+json\" class=\"yoast-schema-graph\">{\"@context\":\"https:\\\/\\\/schema.org\",\"@graph\":[{\"@type\":\"Article\",\"@id\":\"https:\\\/\\\/www.lesaubergisteslyonnais.fr\\\/es\\\/blog\\\/las-mejores-terrazas-y-azoteas-de-lyon-en-verano\\\/#article\",\"isPartOf\":{\"@id\":\"https:\\\/\\\/www.lesaubergisteslyonnais.fr\\\/es\\\/blog\\\/las-mejores-terrazas-y-azoteas-de-lyon-en-verano\\\/\"},\"author\":{\"name\":\"flachize\",\"@id\":\"https:\\\/\\\/www.lesaubergisteslyonnais.fr\\\/es\\\/#\\\/schema\\\/person\\\/b3c9e279ff8ec8845926b6b9f54fbdb9\"},\"headline\":\"Las mejores terrazas y azoteas de Lyon en verano\",\"datePublished\":\"2025-06-05T15:11:22+00:00\",\"dateModified\":\"2026-04-17T07:26:04+00:00\",\"mainEntityOfPage\":{\"@id\":\"https:\\\/\\\/www.lesaubergisteslyonnais.fr\\\/es\\\/blog\\\/las-mejores-terrazas-y-azoteas-de-lyon-en-verano\\\/\"},\"wordCount\":647,\"commentCount\":0,\"publisher\":{\"@id\":\"https:\\\/\\\/www.lesaubergisteslyonnais.fr\\\/es\\\/#organization\"},\"image\":{\"@id\":\"https:\\\/\\\/www.lesaubergisteslyonnais.fr\\\/es\\\/blog\\\/las-mejores-terrazas-y-azoteas-de-lyon-en-verano\\\/#primaryimage\"},\"thumbnailUrl\":\"https:\\\/\\\/www.lesaubergisteslyonnais.fr\\\/wp-content\\\/uploads\\\/2025\\\/06\\\/plus-belles-terrasses-de-lyon.jpg\",\"articleSection\":[\"Vida nocturna y fiestas\"],\"inLanguage\":\"es\",\"potentialAction\":[{\"@type\":\"CommentAction\",\"name\":\"Comment\",\"target\":[\"https:\\\/\\\/www.lesaubergisteslyonnais.fr\\\/es\\\/blog\\\/las-mejores-terrazas-y-azoteas-de-lyon-en-verano\\\/#respond\"]}]},{\"@type\":\"WebPage\",\"@id\":\"https:\\\/\\\/www.lesaubergisteslyonnais.fr\\\/es\\\/blog\\\/las-mejores-terrazas-y-azoteas-de-lyon-en-verano\\\/\",\"url\":\"https:\\\/\\\/www.lesaubergisteslyonnais.fr\\\/es\\\/blog\\\/las-mejores-terrazas-y-azoteas-de-lyon-en-verano\\\/\",\"name\":\"Las mejores terrazas y azoteas de Lyon en verano - Les Aubergistes Lyonnais\",\"isPartOf\":{\"@id\":\"https:\\\/\\\/www.lesaubergisteslyonnais.fr\\\/es\\\/#website\"},\"primaryImageOfPage\":{\"@id\":\"https:\\\/\\\/www.lesaubergisteslyonnais.fr\\\/es\\\/blog\\\/las-mejores-terrazas-y-azoteas-de-lyon-en-verano\\\/#primaryimage\"},\"image\":{\"@id\":\"https:\\\/\\\/www.lesaubergisteslyonnais.fr\\\/es\\\/blog\\\/las-mejores-terrazas-y-azoteas-de-lyon-en-verano\\\/#primaryimage\"},\"thumbnailUrl\":\"https:\\\/\\\/www.lesaubergisteslyonnais.fr\\\/wp-content\\\/uploads\\\/2025\\\/06\\\/plus-belles-terrasses-de-lyon.jpg\",\"datePublished\":\"2025-06-05T15:11:22+00:00\",\"dateModified\":\"2026-04-17T07:26:04+00:00\",\"description\":\"Les Aubergistes Lyonnais - Las mejores terrazas y azoteas de Lyon en verano . Aprovecha al m\u00e1ximo el sol de Lyon: vistas impresionantes, c\u00f3cteles y un ambiente veraniego en las mejores terrazas de la ciudad.\",\"breadcrumb\":{\"@id\":\"https:\\\/\\\/www.lesaubergisteslyonnais.fr\\\/es\\\/blog\\\/las-mejores-terrazas-y-azoteas-de-lyon-en-verano\\\/#breadcrumb\"},\"inLanguage\":\"es\",\"potentialAction\":[{\"@type\":\"ReadAction\",\"target\":[\"https:\\\/\\\/www.lesaubergisteslyonnais.fr\\\/es\\\/blog\\\/las-mejores-terrazas-y-azoteas-de-lyon-en-verano\\\/\"]}]},{\"@type\":\"ImageObject\",\"inLanguage\":\"es\",\"@id\":\"https:\\\/\\\/www.lesaubergisteslyonnais.fr\\\/es\\\/blog\\\/las-mejores-terrazas-y-azoteas-de-lyon-en-verano\\\/#primaryimage\",\"url\":\"https:\\\/\\\/www.lesaubergisteslyonnais.fr\\\/wp-content\\\/uploads\\\/2025\\\/06\\\/plus-belles-terrasses-de-lyon.jpg\",\"contentUrl\":\"https:\\\/\\\/www.lesaubergisteslyonnais.fr\\\/wp-content\\\/uploads\\\/2025\\\/06\\\/plus-belles-terrasses-de-lyon.jpg\",\"width\":1920,\"height\":915,\"caption\":\"las terrazas m\u00e1s bonitas de lyon\"},{\"@type\":\"BreadcrumbList\",\"@id\":\"https:\\\/\\\/www.lesaubergisteslyonnais.fr\\\/es\\\/blog\\\/las-mejores-terrazas-y-azoteas-de-lyon-en-verano\\\/#breadcrumb\",\"itemListElement\":[{\"@type\":\"ListItem\",\"position\":1,\"name\":\"Accueil\",\"item\":\"https:\\\/\\\/www.lesaubergisteslyonnais.fr\\\/es\\\/\"},{\"@type\":\"ListItem\",\"position\":2,\"name\":\"Vida nocturna y fiestas\",\"item\":\"https:\\\/\\\/www.lesaubergisteslyonnais.fr\\\/es\\\/blog\\\/vida-nocturna-y-eventos\\\/\"},{\"@type\":\"ListItem\",\"position\":3,\"name\":\"Las mejores terrazas y azoteas de Lyon en verano\"}]},{\"@type\":\"WebSite\",\"@id\":\"https:\\\/\\\/www.lesaubergisteslyonnais.fr\\\/es\\\/#website\",\"url\":\"https:\\\/\\\/www.lesaubergisteslyonnais.fr\\\/es\\\/\",\"name\":\"Globe Cecil\",\"description\":\"\",\"publisher\":{\"@id\":\"https:\\\/\\\/www.lesaubergisteslyonnais.fr\\\/es\\\/#organization\"},\"potentialAction\":[{\"@type\":\"SearchAction\",\"target\":{\"@type\":\"EntryPoint\",\"urlTemplate\":\"https:\\\/\\\/www.lesaubergisteslyonnais.fr\\\/es\\\/?s={search_term_string}\"},\"query-input\":{\"@type\":\"PropertyValueSpecification\",\"valueRequired\":true,\"valueName\":\"search_term_string\"}}],\"inLanguage\":\"es\"},{\"@type\":\"Organization\",\"@id\":\"https:\\\/\\\/www.lesaubergisteslyonnais.fr\\\/es\\\/#organization\",\"name\":\"Globe Cecil\",\"url\":\"https:\\\/\\\/www.lesaubergisteslyonnais.fr\\\/es\\\/\",\"logo\":{\"@type\":\"ImageObject\",\"inLanguage\":\"es\",\"@id\":\"https:\\\/\\\/www.lesaubergisteslyonnais.fr\\\/es\\\/#\\\/schema\\\/logo\\\/image\\\/\",\"url\":\"https:\\\/\\\/www.lesaubergisteslyonnais.fr\\\/wp-content\\\/uploads\\\/2025\\\/05\\\/LOGO-Aubergistes-Lyonnais-White.svg\",\"contentUrl\":\"https:\\\/\\\/www.lesaubergisteslyonnais.fr\\\/wp-content\\\/uploads\\\/2025\\\/05\\\/LOGO-Aubergistes-Lyonnais-White.svg\",\"width\":558,\"height\":127,\"caption\":\"Globe Cecil\"},\"image\":{\"@id\":\"https:\\\/\\\/www.lesaubergisteslyonnais.fr\\\/es\\\/#\\\/schema\\\/logo\\\/image\\\/\"}},{\"@type\":\"Person\",\"@id\":\"https:\\\/\\\/www.lesaubergisteslyonnais.fr\\\/es\\\/#\\\/schema\\\/person\\\/b3c9e279ff8ec8845926b6b9f54fbdb9\",\"name\":\"flachize\",\"image\":{\"@type\":\"ImageObject\",\"inLanguage\":\"es\",\"@id\":\"https:\\\/\\\/secure.gravatar.com\\\/avatar\\\/24f0361cf67c21d4fae1db71b0897ec099d5f1fe2ef60420e3cd59b175a66e40?s=96&d=mm&r=g\",\"url\":\"https:\\\/\\\/secure.gravatar.com\\\/avatar\\\/24f0361cf67c21d4fae1db71b0897ec099d5f1fe2ef60420e3cd59b175a66e40?s=96&d=mm&r=g\",\"contentUrl\":\"https:\\\/\\\/secure.gravatar.com\\\/avatar\\\/24f0361cf67c21d4fae1db71b0897ec099d5f1fe2ef60420e3cd59b175a66e40?s=96&d=mm&r=g\",\"caption\":\"flachize\"},\"url\":\"https:\\\/\\\/www.lesaubergisteslyonnais.fr\\\/es\\\/author\\\/flachize\\\/\"}]}<\/script>\n<!-- \/ Yoast SEO plugin. -->","yoast_head_json":{"title":"Las mejores terrazas y azoteas de Lyon en verano - Les Aubergistes Lyonnais","description":"Les Aubergistes Lyonnais - Las mejores terrazas y azoteas de Lyon en verano . Aprovecha al m\u00e1ximo el sol de Lyon: vistas impresionantes, c\u00f3cteles y un ambiente veraniego en las mejores terrazas de la ciudad.","robots":{"index":"index","follow":"follow","max-snippet":"max-snippet:-1","max-image-preview":"max-image-preview:large","max-video-preview":"max-video-preview:-1"},"canonical":"https:\/\/www.lesaubergisteslyonnais.fr\/es\/blog\/las-mejores-terrazas-y-azoteas-de-lyon-en-verano\/","og_locale":"es_ES","og_type":"article","og_title":"Las mejores terrazas y azoteas de Lyon en verano - Les Aubergistes Lyonnais","og_description":"Les Aubergistes Lyonnais - Las mejores terrazas y azoteas de Lyon en verano . Aprovecha al m\u00e1ximo el sol de Lyon: vistas impresionantes, c\u00f3cteles y un ambiente veraniego en las mejores terrazas de la ciudad.","og_url":"https:\/\/www.lesaubergisteslyonnais.fr\/es\/blog\/las-mejores-terrazas-y-azoteas-de-lyon-en-verano\/","og_site_name":"Les Aubergistes Lyonnais","article_published_time":"2025-06-05T15:11:22+00:00","article_modified_time":"2026-04-17T07:26:04+00:00","og_image":[{"width":1920,"height":915,"url":"https:\/\/www.lesaubergisteslyonnais.fr\/wp-content\/uploads\/2025\/06\/plus-belles-terrasses-de-lyon.jpg","type":"image\/jpeg"}],"author":"flachize","twitter_card":"summary_large_image","twitter_misc":{"Escrito por":"flachize","Tiempo de lectura":"3 minuto"},"schema":{"@context":"https:\/\/schema.org","@graph":[{"@type":"Article","@id":"https:\/\/www.lesaubergisteslyonnais.fr\/es\/blog\/las-mejores-terrazas-y-azoteas-de-lyon-en-verano\/#article","isPartOf":{"@id":"https:\/\/www.lesaubergisteslyonnais.fr\/es\/blog\/las-mejores-terrazas-y-azoteas-de-lyon-en-verano\/"},"author":{"name":"flachize","@id":"https:\/\/www.lesaubergisteslyonnais.fr\/es\/#\/schema\/person\/b3c9e279ff8ec8845926b6b9f54fbdb9"},"headline":"Las mejores terrazas y azoteas de Lyon en verano","datePublished":"2025-06-05T15:11:22+00:00","dateModified":"2026-04-17T07:26:04+00:00","mainEntityOfPage":{"@id":"https:\/\/www.lesaubergisteslyonnais.fr\/es\/blog\/las-mejores-terrazas-y-azoteas-de-lyon-en-verano\/"},"wordCount":647,"commentCount":0,"publisher":{"@id":"https:\/\/www.lesaubergisteslyonnais.fr\/es\/#organization"},"image":{"@id":"https:\/\/www.lesaubergisteslyonnais.fr\/es\/blog\/las-mejores-terrazas-y-azoteas-de-lyon-en-verano\/#primaryimage"},"thumbnailUrl":"https:\/\/www.lesaubergisteslyonnais.fr\/wp-content\/uploads\/2025\/06\/plus-belles-terrasses-de-lyon.jpg","articleSection":["Vida nocturna y fiestas"],"inLanguage":"es","potentialAction":[{"@type":"CommentAction","name":"Comment","target":["https:\/\/www.lesaubergisteslyonnais.fr\/es\/blog\/las-mejores-terrazas-y-azoteas-de-lyon-en-verano\/#respond"]}]},{"@type":"WebPage","@id":"https:\/\/www.lesaubergisteslyonnais.fr\/es\/blog\/las-mejores-terrazas-y-azoteas-de-lyon-en-verano\/","url":"https:\/\/www.lesaubergisteslyonnais.fr\/es\/blog\/las-mejores-terrazas-y-azoteas-de-lyon-en-verano\/","name":"Las mejores terrazas y azoteas de Lyon en verano - Les Aubergistes Lyonnais","isPartOf":{"@id":"https:\/\/www.lesaubergisteslyonnais.fr\/es\/#website"},"primaryImageOfPage":{"@id":"https:\/\/www.lesaubergisteslyonnais.fr\/es\/blog\/las-mejores-terrazas-y-azoteas-de-lyon-en-verano\/#primaryimage"},"image":{"@id":"https:\/\/www.lesaubergisteslyonnais.fr\/es\/blog\/las-mejores-terrazas-y-azoteas-de-lyon-en-verano\/#primaryimage"},"thumbnailUrl":"https:\/\/www.lesaubergisteslyonnais.fr\/wp-content\/uploads\/2025\/06\/plus-belles-terrasses-de-lyon.jpg","datePublished":"2025-06-05T15:11:22+00:00","dateModified":"2026-04-17T07:26:04+00:00","description":"Les Aubergistes Lyonnais - Las mejores terrazas y azoteas de Lyon en verano . Aprovecha al m\u00e1ximo el sol de Lyon: vistas impresionantes, c\u00f3cteles y un ambiente veraniego en las mejores terrazas de la ciudad.","breadcrumb":{"@id":"https:\/\/www.lesaubergisteslyonnais.fr\/es\/blog\/las-mejores-terrazas-y-azoteas-de-lyon-en-verano\/#breadcrumb"},"inLanguage":"es","potentialAction":[{"@type":"ReadAction","target":["https:\/\/www.lesaubergisteslyonnais.fr\/es\/blog\/las-mejores-terrazas-y-azoteas-de-lyon-en-verano\/"]}]},{"@type":"ImageObject","inLanguage":"es","@id":"https:\/\/www.lesaubergisteslyonnais.fr\/es\/blog\/las-mejores-terrazas-y-azoteas-de-lyon-en-verano\/#primaryimage","url":"https:\/\/www.lesaubergisteslyonnais.fr\/wp-content\/uploads\/2025\/06\/plus-belles-terrasses-de-lyon.jpg","contentUrl":"https:\/\/www.lesaubergisteslyonnais.fr\/wp-content\/uploads\/2025\/06\/plus-belles-terrasses-de-lyon.jpg","width":1920,"height":915,"caption":"las terrazas m\u00e1s bonitas de lyon"},{"@type":"BreadcrumbList","@id":"https:\/\/www.lesaubergisteslyonnais.fr\/es\/blog\/las-mejores-terrazas-y-azoteas-de-lyon-en-verano\/#breadcrumb","itemListElement":[{"@type":"ListItem","position":1,"name":"Accueil","item":"https:\/\/www.lesaubergisteslyonnais.fr\/es\/"},{"@type":"ListItem","position":2,"name":"Vida nocturna y fiestas","item":"https:\/\/www.lesaubergisteslyonnais.fr\/es\/blog\/vida-nocturna-y-eventos\/"},{"@type":"ListItem","position":3,"name":"Las mejores terrazas y azoteas de Lyon en verano"}]},{"@type":"WebSite","@id":"https:\/\/www.lesaubergisteslyonnais.fr\/es\/#website","url":"https:\/\/www.lesaubergisteslyonnais.fr\/es\/","name":"Globe Cecil","description":"","publisher":{"@id":"https:\/\/www.lesaubergisteslyonnais.fr\/es\/#organization"},"potentialAction":[{"@type":"SearchAction","target":{"@type":"EntryPoint","urlTemplate":"https:\/\/www.lesaubergisteslyonnais.fr\/es\/?s={search_term_string}"},"query-input":{"@type":"PropertyValueSpecification","valueRequired":true,"valueName":"search_term_string"}}],"inLanguage":"es"},{"@type":"Organization","@id":"https:\/\/www.lesaubergisteslyonnais.fr\/es\/#organization","name":"Globe Cecil","url":"https:\/\/www.lesaubergisteslyonnais.fr\/es\/","logo":{"@type":"ImageObject","inLanguage":"es","@id":"https:\/\/www.lesaubergisteslyonnais.fr\/es\/#\/schema\/logo\/image\/","url":"https:\/\/www.lesaubergisteslyonnais.fr\/wp-content\/uploads\/2025\/05\/LOGO-Aubergistes-Lyonnais-White.svg","contentUrl":"https:\/\/www.lesaubergisteslyonnais.fr\/wp-content\/uploads\/2025\/05\/LOGO-Aubergistes-Lyonnais-White.svg","width":558,"height":127,"caption":"Globe Cecil"},"image":{"@id":"https:\/\/www.lesaubergisteslyonnais.fr\/es\/#\/schema\/logo\/image\/"}},{"@type":"Person","@id":"https:\/\/www.lesaubergisteslyonnais.fr\/es\/#\/schema\/person\/b3c9e279ff8ec8845926b6b9f54fbdb9","name":"flachize","image":{"@type":"ImageObject","inLanguage":"es","@id":"https:\/\/secure.gravatar.com\/avatar\/24f0361cf67c21d4fae1db71b0897ec099d5f1fe2ef60420e3cd59b175a66e40?s=96&d=mm&r=g","url":"https:\/\/secure.gravatar.com\/avatar\/24f0361cf67c21d4fae1db71b0897ec099d5f1fe2ef60420e3cd59b175a66e40?s=96&d=mm&r=g","contentUrl":"https:\/\/secure.gravatar.com\/avatar\/24f0361cf67c21d4fae1db71b0897ec099d5f1fe2ef60420e3cd59b175a66e40?s=96&d=mm&r=g","caption":"flachize"},"url":"https:\/\/www.lesaubergisteslyonnais.fr\/es\/author\/flachize\/"}]}},"_links":{"self":[{"href":"https:\/\/www.lesaubergisteslyonnais.fr\/es\/wp-json\/wp\/v2\/posts\/7414","targetHints":{"allow":["GET"]}}],"collection":[{"href":"https:\/\/www.lesaubergisteslyonnais.fr\/es\/wp-json\/wp\/v2\/posts"}],"about":[{"href":"https:\/\/www.lesaubergisteslyonnais.fr\/es\/wp-json\/wp\/v2\/types\/post"}],"author":[{"embeddable":true,"href":"https:\/\/www.lesaubergisteslyonnais.fr\/es\/wp-json\/wp\/v2\/users\/2"}],"replies":[{"embeddable":true,"href":"https:\/\/www.lesaubergisteslyonnais.fr\/es\/wp-json\/wp\/v2\/comments?post=7414"}],"version-history":[{"count":4,"href":"https:\/\/www.lesaubergisteslyonnais.fr\/es\/wp-json\/wp\/v2\/posts\/7414\/revisions"}],"predecessor-version":[{"id":9799,"href":"https:\/\/www.lesaubergisteslyonnais.fr\/es\/wp-json\/wp\/v2\/posts\/7414\/revisions\/9799"}],"wp:featuredmedia":[{"embeddable":true,"href":"https:\/\/www.lesaubergisteslyonnais.fr\/es\/wp-json\/wp\/v2\/media\/7450"}],"wp:attachment":[{"href":"https:\/\/www.lesaubergisteslyonnais.fr\/es\/wp-json\/wp\/v2\/media?parent=7414"}],"wp:term":[{"taxonomy":"category","embeddable":true,"href":"https:\/\/www.lesaubergisteslyonnais.fr\/es\/wp-json\/wp\/v2\/categories?post=7414"},{"taxonomy":"post_tag","embeddable":true,"href":"https:\/\/www.lesaubergisteslyonnais.fr\/es\/wp-json\/wp\/v2\/tags?post=7414"}],"curies":[{"name":"wp","href":"https:\/\/api.w.org\/{rel}","templated":true}]}}