{"id":6780,"date":"2025-05-15T12:54:26","date_gmt":"2025-05-15T10:54:26","guid":{"rendered":"https:\/\/www.lesaubergisteslyonnais.fr\/5-direcciones-de-compras-made-in-lyon\/"},"modified":"2026-04-17T09:25:09","modified_gmt":"2026-04-17T07:25:09","slug":"5-direcciones-de-compras-made-in-lyon","status":"publish","type":"post","link":"https:\/\/www.lesaubergisteslyonnais.fr\/es\/blog\/5-direcciones-de-compras-made-in-lyon\/","title":{"rendered":"5 direcciones de compras made in Lyon"},"content":{"rendered":"\n<section class=\"heading wp-elements-349ff0036b54cda0121e737334acb76e wp-elements-349ff0036b54cda0121e737334acb76e wp-block-acf-heading has-text-color has-primary-color has-background has-white-100-background-color\">\n\t<div class=\"heading__container\">\n\t\t\t\t\t<div class=\"heading__background-picture\">\n\t\t\t\t<img decoding=\"async\" width=\"1440\" height=\"1080\" src=\"https:\/\/www.lesaubergisteslyonnais.fr\/wp-content\/uploads\/2025\/05\/arthur-franklin-EIuqUQddc3Q-unsplash-1.jpg\" class=\"attachment-full size-full\" alt=\"arthur franklin EIuqUQddc3Q unsplash 1\" fetchpriority=\"high\" srcset=\"https:\/\/www.lesaubergisteslyonnais.fr\/wp-content\/uploads\/2025\/05\/arthur-franklin-EIuqUQddc3Q-unsplash-1.jpg 1440w, https:\/\/www.lesaubergisteslyonnais.fr\/wp-content\/uploads\/2025\/05\/arthur-franklin-EIuqUQddc3Q-unsplash-1-600x450.jpg 600w, https:\/\/www.lesaubergisteslyonnais.fr\/wp-content\/uploads\/2025\/05\/arthur-franklin-EIuqUQddc3Q-unsplash-1-1400x1050.jpg 1400w, https:\/\/www.lesaubergisteslyonnais.fr\/wp-content\/uploads\/2025\/05\/arthur-franklin-EIuqUQddc3Q-unsplash-1-768x576.jpg 768w\" sizes=\"(max-width: 1440px) 100vw, 1440px\" \/>\t\t\t<\/div>\n\t\t\t\t<div class=\"heading__layout\">\n\t\t\t<div class=\"heading__content-wrapper has-white-100-background-color\">\n\t\t\t\t<div class=\"heading__content has-white-100-background-color\">\n\t\t\t\t\t\t\t\t\t<p id=\"breadcrumbs\"><span><span><a href=\"https:\/\/www.lesaubergisteslyonnais.fr\/es\/\">Accueil<\/a><\/span><\/span><\/p>\t\t\t\t\t\t\t\t\t<div class=\"acf-innerblocks-container\">\n\n<div class=\"wp-block-group heading-content-group is-layout-grid wp-container-core-group-is-layout-96b258e4 wp-block-group-is-layout-grid\">\n<h1 class=\"wp-block-heading has-text-align-left heading__title has-primary-color has-text-color has-xx-large-font-size\"><strong>5 direcciones de compras made in Lyon<\/strong><\/h1>\n<\/div>\n\n<\/div>\n\t\t\t\t<\/div>\n\t\t\t\t\t\t\t<\/div>\n\t\t<\/div>\n\t<\/div>\n<\/section>\n\n\n\t<section\n\t\tstyle=\"padding-top:var(--wp--preset--spacing--theme-default);padding-bottom:var(--wp--preset--spacing--theme-default);\" class=\"double-columns wp-block-acf-double-columns has-background has-white-background-color has-global-padding is-layout-constrained wp-container-acf-double-columns-is-layout-a22d0bdd wp-block-acf-double-columns-is-layout-constrained\"\t>\n\n<div class=\"double-columns__innerblocks\">\n\n<div class=\"wp-block-group is-vertical is-layout-flex wp-container-core-group-is-layout-d6b9ab57 wp-block-group-is-layout-flex\">\n<h2 class=\"wp-block-heading has-text-align-center has-primary-color has-text-color has-link-color wp-elements-4ca8241cab85f26192b966c153c9b7be\">Auguste et <mark class=\"has-inline-color has-primary-color\">Cocotte<\/mark>: refinadas joyas bohemias<\/h2>\n\n\n\n<p><strong>\ud83d\udccd<\/strong><strong> Direcci\u00f3n: 10 Rue Fran\u00e7ois Dauphin, 69002 Lyon<\/strong><\/p>\n\n\n\n<p>Esta peque\u00f1a joyer\u00eda enclavada en el coraz\u00f3n del barrio de Ainay es un aut\u00e9ntico joyero. <strong>Auguste et Cocotte<\/strong> ofrece delicadas creaciones con influencias bohemias y contempor\u00e1neas. Desde collares minimalistas hasta anillos con textura y pendientes atrevidos, cada pieza cuenta una historia. Es un placer explorar esta boutique luminosa y despejada.  <\/p>\n\n\n\n<p><strong>Por qu\u00e9 nos encanta<\/strong>: La mayor\u00eda de las colecciones proceden de artesanos locales o franceses, toda una oda al saber hacer.<\/p>\n<\/div>\n\n\n\n<div class=\"wp-block-group is-layout-flow wp-block-group-is-layout-flow\">\n<figure class=\"wp-block-image size-full image-is-animate\"><img decoding=\"async\" width=\"720\" height=\"1079\" src=\"https:\/\/www.lesaubergisteslyonnais.fr\/wp-content\/uploads\/2025\/05\/natali-hordiiuk-fC3ZnfvdTxA-unsplash-1.jpg\" alt=\"natali hordiiuk fC3ZnfvdTxA unsplash (1)\" class=\"wp-image-7279\" style=\"aspect-ratio:3\/4;object-fit:cover\" srcset=\"https:\/\/www.lesaubergisteslyonnais.fr\/wp-content\/uploads\/2025\/05\/natali-hordiiuk-fC3ZnfvdTxA-unsplash-1.jpg 720w, https:\/\/www.lesaubergisteslyonnais.fr\/wp-content\/uploads\/2025\/05\/natali-hordiiuk-fC3ZnfvdTxA-unsplash-1-400x600.jpg 400w\" sizes=\"(max-width: 720px) 100vw, 720px\" \/><\/figure>\n<\/div>\n\n<\/div>\n\n<\/section>\n\n\t<section\n\t\tstyle=\"padding-top:var(--wp--preset--spacing--theme-default);padding-bottom:var(--wp--preset--spacing--theme-default);\" class=\"double-columns double-columns-reverse_colums_mobile wp-block-acf-double-columns has-background has-white-100-background-color has-global-padding is-layout-constrained wp-container-acf-double-columns-is-layout-a22d0bdd wp-block-acf-double-columns-is-layout-constrained\"\t>\n\n<div class=\"double-columns__innerblocks\">\n\n<div class=\"wp-block-group has-global-padding is-layout-constrained wp-block-group-is-layout-constrained\">\n<figure class=\"wp-block-image size-full image-is-animate\"><img decoding=\"async\" width=\"1108\" height=\"1380\" src=\"https:\/\/www.lesaubergisteslyonnais.fr\/wp-content\/uploads\/2025\/05\/Capture-decran-2025-06-05-a-13.55.12.png\" alt=\"Captura de pantalla 2025 06 05 a las 13.55.12\" class=\"wp-image-7283\" style=\"aspect-ratio:3\/4;object-fit:cover\" srcset=\"https:\/\/www.lesaubergisteslyonnais.fr\/wp-content\/uploads\/2025\/05\/Capture-decran-2025-06-05-a-13.55.12.png 1108w, https:\/\/www.lesaubergisteslyonnais.fr\/wp-content\/uploads\/2025\/05\/Capture-decran-2025-06-05-a-13.55.12-482x600.png 482w, https:\/\/www.lesaubergisteslyonnais.fr\/wp-content\/uploads\/2025\/05\/Capture-decran-2025-06-05-a-13.55.12-768x957.png 768w\" sizes=\"(max-width: 1108px) 100vw, 1108px\" \/><\/figure>\n<\/div>\n\n\n\n<div class=\"wp-block-group is-vertical is-layout-flex wp-container-core-group-is-layout-d6b9ab57 wp-block-group-is-layout-flex\">\n<h2 class=\"wp-block-heading has-text-align-center has-primary-color has-text-color has-link-color wp-elements-b6a8b2a3c899627eaabfa0f275fed7aa\">L&#8217;exception: <mark class=\"has-inline-color has-primary-color\">Moda<\/mark> y \u00e9tica en el punto de mira<\/h2>\n\n\n\n<p><strong>\ud83d\udccd<\/strong><strong> Direcci\u00f3n: 4 Rue Confort, 69002 Lyon<\/strong><\/p>\n\n\n\n<p>Esta concept store de pr\u00eat-\u00e0-porter es sin\u00f3nimo de calidad y sostenibilidad. <strong>L&#8217;Exception<\/strong> selecciona marcas francesas y europeas comprometidas, con piezas a la vez elegantes y responsables. Vestidos de tejidos org\u00e1nicos, chaquetas de lana reciclada, bolsos hechos a mano: el estilo se une a los valores. <\/p>\n\n\n\n<p><strong>Por qu\u00e9 nos encanta<\/strong>: Una selecci\u00f3n vanguardista que combina moda y conciencia ecol\u00f3gica.<\/p>\n<\/div>\n\n<\/div>\n\n<\/section>\n\n\t<section\n\t\tstyle=\"padding-top:var(--wp--preset--spacing--theme-default);padding-bottom:var(--wp--preset--spacing--theme-default);\" class=\"double-columns wp-block-acf-double-columns has-background has-white-background-color has-global-padding is-layout-constrained wp-container-acf-double-columns-is-layout-a22d0bdd wp-block-acf-double-columns-is-layout-constrained\"\t>\n\n<div class=\"double-columns__innerblocks\">\n\n<div class=\"wp-block-group is-vertical is-layout-flex wp-container-core-group-is-layout-d6b9ab57 wp-block-group-is-layout-flex\">\n<h2 class=\"wp-block-heading has-text-align-center has-primary-color has-text-color has-link-color wp-elements-11b8e98208b0a09da9d3d867d7d70272\">Marroquiner\u00eda <mark class=\"has-inline-color has-primary-color\">francesa<\/mark>: la elegancia del cuero<\/h2>\n\n\n\n<p><strong>\ud83d\udccd<\/strong><strong> Direcci\u00f3n: 11 Rue Gasparin, 69002 Lyon<\/strong><\/p>\n\n\n\n<p>Para los amantes de los art\u00edculos de cuero excepcionales, \u00e9ste es el lugar al que acudir. <strong>La Maroquinerie Fran\u00e7aise<\/strong> ofrece bolsos, carteras y cinturones fabricados en talleres franceses. Las piezas, atemporales y de gran calidad, combinan la est\u00e9tica pura con la funcionalidad. <\/p>\n\n\n\n<p><strong>Por qu\u00e9 nos encanta<\/strong>: Su cuero de plena flor, suave al tacto, y la posibilidad de personalizar algunos modelos.<\/p>\n<\/div>\n\n\n\n<div class=\"wp-block-group is-layout-flow wp-block-group-is-layout-flow\">\n<figure class=\"wp-block-image size-full image-is-animate\"><img decoding=\"async\" width=\"720\" height=\"1080\" src=\"https:\/\/www.lesaubergisteslyonnais.fr\/wp-content\/uploads\/2025\/05\/logan-weaver-lgnwvr-On4VVUCw4jM-unsplash-1.jpg\" alt=\"logan weaver lgnwvr On4VVUCw4jM unsplash (1)\" class=\"wp-image-7287\" style=\"aspect-ratio:3\/4;object-fit:cover\" srcset=\"https:\/\/www.lesaubergisteslyonnais.fr\/wp-content\/uploads\/2025\/05\/logan-weaver-lgnwvr-On4VVUCw4jM-unsplash-1.jpg 720w, https:\/\/www.lesaubergisteslyonnais.fr\/wp-content\/uploads\/2025\/05\/logan-weaver-lgnwvr-On4VVUCw4jM-unsplash-1-400x600.jpg 400w\" sizes=\"(max-width: 720px) 100vw, 720px\" \/><figcaption class=\"wp-element-caption\">Cr\u00e9dito: logan weaver<\/figcaption><\/figure>\n<\/div>\n\n<\/div>\n\n<\/section>\n\n\t<section\n\t\tstyle=\"padding-top:var(--wp--preset--spacing--theme-default);padding-bottom:var(--wp--preset--spacing--theme-default);\" class=\"double-columns double-columns-reverse_colums_mobile wp-block-acf-double-columns has-background has-white-100-background-color has-global-padding is-layout-constrained wp-container-acf-double-columns-is-layout-a22d0bdd wp-block-acf-double-columns-is-layout-constrained\"\t>\n\n<div class=\"double-columns__innerblocks\">\n\n<div class=\"wp-block-group has-global-padding is-layout-constrained wp-block-group-is-layout-constrained\">\n<figure class=\"wp-block-image size-full image-is-animate\"><img decoding=\"async\" width=\"794\" height=\"1158\" src=\"https:\/\/www.lesaubergisteslyonnais.fr\/wp-content\/uploads\/2025\/05\/Capture-decran-2025-06-05-a-13.45.57.png\" alt=\"Captura de pantalla 2025 06 05 a las 13.45.57\" class=\"wp-image-7291\" style=\"aspect-ratio:3\/4;object-fit:cover\" srcset=\"https:\/\/www.lesaubergisteslyonnais.fr\/wp-content\/uploads\/2025\/05\/Capture-decran-2025-06-05-a-13.45.57.png 794w, https:\/\/www.lesaubergisteslyonnais.fr\/wp-content\/uploads\/2025\/05\/Capture-decran-2025-06-05-a-13.45.57-411x600.png 411w, https:\/\/www.lesaubergisteslyonnais.fr\/wp-content\/uploads\/2025\/05\/Capture-decran-2025-06-05-a-13.45.57-768x1120.png 768w\" sizes=\"(max-width: 794px) 100vw, 794px\" \/><figcaption class=\"wp-element-caption\">Cr\u00e9dito: Maison Mathuvu_Instagram<\/figcaption><\/figure>\n<\/div>\n\n\n\n<div class=\"wp-block-group is-vertical is-layout-flex wp-container-core-group-is-layout-d6b9ab57 wp-block-group-is-layout-flex\">\n<h2 class=\"wp-block-heading has-text-align-center has-primary-color has-text-color has-link-color wp-elements-4bba8381ef4425f6a6da8761fe8099ab\">Maison <mark class=\"has-inline-color has-primary-color\">Math\u00fbv\u00fb<\/mark>: interiorismo y estilo de vida con un toque lyonnais<\/h2>\n\n\n\n<p><strong>\ud83d\udccd<\/strong><strong> Direcci\u00f3n: 43 Rue de la Charit\u00e9, 69002 Lyon<\/strong><\/p>\n\n\n\n<p>El ambiente acogedor de esta boutique es una mezcla perfecta de decoraci\u00f3n y arte de vivir. <strong>La Maison Math\u00fbv\u00fb<\/strong> ofrece una selecci\u00f3n de objetos refinados: cer\u00e1mica hecha a mano, cojines bordados, papeler\u00eda elegante y velas perfumadas. Tambi\u00e9n encontrar\u00e1s regalos \u00fanicos, perfectos para los amantes de lo bello y lo ins\u00f3lito. <\/p>\n\n\n\n<p><strong>Por qu\u00e9 nos encanta<\/strong>: Un ambiente c\u00e1lido y creaciones a menudo de dise\u00f1adores locales.<\/p>\n<\/div>\n\n<\/div>\n\n<\/section>\n\n\t<section\n\t\tstyle=\"padding-top:var(--wp--preset--spacing--theme-default);padding-bottom:var(--wp--preset--spacing--theme-default);\" class=\"double-columns wp-block-acf-double-columns has-background has-white-background-color has-global-padding is-layout-constrained wp-container-acf-double-columns-is-layout-a22d0bdd wp-block-acf-double-columns-is-layout-constrained\"\t>\n\n<div class=\"double-columns__innerblocks\">\n\n<div class=\"wp-block-group is-vertical is-layout-flex wp-container-core-group-is-layout-d6b9ab57 wp-block-group-is-layout-flex\">\n<h2 class=\"wp-block-heading has-text-align-center has-primary-color has-text-color has-link-color wp-elements-0b5a379ea31c4bc29c557aac86e04f4c\">Les Pentes \u00e0 <mark class=\"has-inline-color has-primary-color\">Porter<\/mark>: moda lyonesa arty<br\/><\/h2>\n\n\n\n<p><strong>\ud83d\udccd<\/strong><strong> Direcci\u00f3n: 6 Rue Romarin, 69001 Lyon<\/strong><\/p>\n\n\n\n<p>Situada en las laderas de la Croix-Rousse, esta boutique presenta dise\u00f1adores de Lyon y Francia. <strong>Les Pentes \u00e0 Porter<\/strong> ofrece ropa y accesorios a la vanguardia de la moda: piezas gr\u00e1ficas, cortes atrevidos y estampados originales. Una direcci\u00f3n perfecta para los art\u00edsticos y atrevidos. <\/p>\n\n\n\n<p><strong>Por qu\u00e9 nos encanta<\/strong>: El local es tambi\u00e9n una galer\u00eda de arte, con exposiciones que cambian regularmente y que ofrecen una experiencia \u00fanica en cada visita.<\/p>\n<\/div>\n\n\n\n<div class=\"wp-block-group is-layout-flow wp-block-group-is-layout-flow\">\n<figure class=\"wp-block-image size-full image-is-animate\"><img decoding=\"async\" width=\"1152\" height=\"2048\" src=\"https:\/\/www.lesaubergisteslyonnais.fr\/wp-content\/uploads\/2025\/05\/pexels-ercan-evcimen-626365917-32134683-scaled.jpg\" alt=\"pexels ercan evcimen 626365917 32134683\" class=\"wp-image-7295\" style=\"aspect-ratio:3\/4;object-fit:cover\" srcset=\"https:\/\/www.lesaubergisteslyonnais.fr\/wp-content\/uploads\/2025\/05\/pexels-ercan-evcimen-626365917-32134683-scaled.jpg 1152w, https:\/\/www.lesaubergisteslyonnais.fr\/wp-content\/uploads\/2025\/05\/pexels-ercan-evcimen-626365917-32134683-338x600.jpg 338w, https:\/\/www.lesaubergisteslyonnais.fr\/wp-content\/uploads\/2025\/05\/pexels-ercan-evcimen-626365917-32134683-788x1400.jpg 788w, https:\/\/www.lesaubergisteslyonnais.fr\/wp-content\/uploads\/2025\/05\/pexels-ercan-evcimen-626365917-32134683-768x1365.jpg 768w, https:\/\/www.lesaubergisteslyonnais.fr\/wp-content\/uploads\/2025\/05\/pexels-ercan-evcimen-626365917-32134683-864x1536.jpg 864w\" sizes=\"(max-width: 1152px) 100vw, 1152px\" \/><figcaption class=\"wp-element-caption\">Cr\u00e9dito: ercan evcimen<\/figcaption><\/figure>\n<\/div>\n\n<\/div>\n\n<\/section>\n\n\t<section\n\t\tstyle=\"padding-top:var(--wp--preset--spacing--theme-default);padding-bottom:var(--wp--preset--spacing--theme-default);\" class=\"block-container align wp-block-acf-block-container has-background has-white-100-background-color has-global-padding is-layout-constrained wp-container-acf-block-container-is-layout-89fc666d wp-block-acf-block-container-is-layout-constrained\"\t>\n\n\t\n\n<h3 class=\"wp-block-heading has-text-align-center\">\u00bfTe gustar\u00eda visitar otras partes de Lyon? Lee nuestros distintos blogs sobre los barrios de Lyon<\/h3>\n\n\n\n<div class=\"wp-block-buttons is-content-justification-center is-layout-flex wp-container-core-buttons-is-layout-a89b3969 wp-block-buttons-is-layout-flex\">\n<div class=\"wp-block-button is-style-label-button is-style-label-button--1\"><a class=\"wp-block-button__link wp-element-button\" href=\"https:\/\/globeetcecilhotel.com\/le-quartier-bellecour\/\" target=\"_blank\" rel=\"noreferrer noopener\">Barrio de Lyon Bellecour<\/a><\/div>\n<\/div>\n\n\n\n<div class=\"wp-block-buttons is-content-justification-center is-layout-flex wp-container-core-buttons-is-layout-a89b3969 wp-block-buttons-is-layout-flex\">\n<div class=\"wp-block-button is-style-label-button is-style-label-button--2\"><a class=\"wp-block-button__link wp-element-button\" href=\"https:\/\/www.hotel-phenix-lyon.fr\/le-quartier-vieux-lyon\/\" target=\"_blank\" rel=\"noreferrer noopener\">Barrio del Viejo Lyon<\/a><\/div>\n<\/div>\n\n\n\n<div class=\"wp-block-buttons is-content-justification-center is-layout-flex wp-container-core-buttons-is-layout-a89b3969 wp-block-buttons-is-layout-flex\">\n<div class=\"wp-block-button is-style-label-button is-style-label-button--3\"><a class=\"wp-block-button__link wp-element-button\" href=\"https:\/\/www.hotel-simplon-lyon.com\/le-quartier-lyon-perrache\/\" target=\"_blank\" rel=\"noreferrer noopener\">Barrio de Lyon Perrache<\/a><\/div>\n<\/div>\n\n\n\n<\/section>\n\n<div class=\"wp-block-group has-white-background-color has-background is-content-justification-space-between is-nowrap is-layout-flex wp-container-core-group-is-layout-098ab513 wp-block-group-is-layout-flex\" style=\"padding-top:var(--wp--preset--spacing--theme-m);padding-right:var(--wp--preset--spacing--theme-s);padding-bottom:var(--wp--preset--spacing--theme-m);padding-left:var(--wp--preset--spacing--theme-s)\">\n\n<\/div>\n","protected":false},"excerpt":{"rendered":"<p>Moda, decoraci\u00f3n, artesan\u00eda: nuestra selecci\u00f3n de direcciones 100% lionesas para hacer compras originales y locales.<\/p>\n","protected":false},"author":2,"featured_media":7294,"comment_status":"open","ping_status":"open","sticky":false,"template":"","format":"standard","meta":{"_acf_changed":false,"inline_featured_image":false,"footnotes":""},"categories":[38],"tags":[],"class_list":["post-6780","post","type-post","status-publish","format-standard","has-post-thumbnail","hentry","category-vida-nocturna-y-eventos"],"acf":[],"yoast_head":"<!-- This site is optimized with the Yoast SEO plugin v27.4 - https:\/\/yoast.com\/product\/yoast-seo-wordpress\/ -->\n<title>5 direcciones de compras made in Lyon - Les Aubergistes Lyonnais<\/title>\n<meta name=\"description\" content=\"Les Aubergistes Lyonnais - 5 direcciones de compras made in Lyon . Moda, decoraci\u00f3n, artesan\u00eda: nuestra selecci\u00f3n de direcciones 100% lionesas para hacer compras originales y locales.\" \/>\n<meta name=\"robots\" content=\"index, follow, max-snippet:-1, max-image-preview:large, max-video-preview:-1\" \/>\n<link rel=\"canonical\" href=\"https:\/\/www.lesaubergisteslyonnais.fr\/es\/blog\/5-direcciones-de-compras-made-in-lyon\/\" \/>\n<meta property=\"og:locale\" content=\"es_ES\" \/>\n<meta property=\"og:type\" content=\"article\" \/>\n<meta property=\"og:title\" content=\"5 direcciones de compras made in Lyon - Les Aubergistes Lyonnais\" \/>\n<meta property=\"og:description\" content=\"Les Aubergistes Lyonnais - 5 direcciones de compras made in Lyon . Moda, decoraci\u00f3n, artesan\u00eda: nuestra selecci\u00f3n de direcciones 100% lionesas para hacer compras originales y locales.\" \/>\n<meta property=\"og:url\" content=\"https:\/\/www.lesaubergisteslyonnais.fr\/es\/blog\/5-direcciones-de-compras-made-in-lyon\/\" \/>\n<meta property=\"og:site_name\" content=\"Les Aubergistes Lyonnais\" \/>\n<meta property=\"article:published_time\" content=\"2025-05-15T10:54:26+00:00\" \/>\n<meta property=\"article:modified_time\" content=\"2026-04-17T07:25:09+00:00\" \/>\n<meta property=\"og:image\" content=\"https:\/\/www.lesaubergisteslyonnais.fr\/wp-content\/uploads\/2025\/05\/Capture-decran-2025-06-05-a-13.45.57.png\" \/>\n\t<meta property=\"og:image:width\" content=\"794\" \/>\n\t<meta property=\"og:image:height\" content=\"1158\" \/>\n\t<meta property=\"og:image:type\" content=\"image\/png\" \/>\n<meta name=\"author\" content=\"flachize\" \/>\n<meta name=\"twitter:card\" content=\"summary_large_image\" \/>\n<meta name=\"twitter:label1\" content=\"Escrito por\" \/>\n\t<meta name=\"twitter:data1\" content=\"flachize\" \/>\n\t<meta name=\"twitter:label2\" content=\"Tiempo de lectura\" \/>\n\t<meta name=\"twitter:data2\" content=\"2 minuto\" \/>\n<script type=\"application\/ld+json\" class=\"yoast-schema-graph\">{\"@context\":\"https:\\\/\\\/schema.org\",\"@graph\":[{\"@type\":\"Article\",\"@id\":\"https:\\\/\\\/www.lesaubergisteslyonnais.fr\\\/es\\\/blog\\\/5-direcciones-de-compras-made-in-lyon\\\/#article\",\"isPartOf\":{\"@id\":\"https:\\\/\\\/www.lesaubergisteslyonnais.fr\\\/es\\\/blog\\\/5-direcciones-de-compras-made-in-lyon\\\/\"},\"author\":{\"name\":\"flachize\",\"@id\":\"https:\\\/\\\/www.lesaubergisteslyonnais.fr\\\/es\\\/#\\\/schema\\\/person\\\/b3c9e279ff8ec8845926b6b9f54fbdb9\"},\"headline\":\"5 direcciones de compras made in Lyon\",\"datePublished\":\"2025-05-15T10:54:26+00:00\",\"dateModified\":\"2026-04-17T07:25:09+00:00\",\"mainEntityOfPage\":{\"@id\":\"https:\\\/\\\/www.lesaubergisteslyonnais.fr\\\/es\\\/blog\\\/5-direcciones-de-compras-made-in-lyon\\\/\"},\"wordCount\":479,\"commentCount\":0,\"publisher\":{\"@id\":\"https:\\\/\\\/www.lesaubergisteslyonnais.fr\\\/es\\\/#organization\"},\"image\":{\"@id\":\"https:\\\/\\\/www.lesaubergisteslyonnais.fr\\\/es\\\/blog\\\/5-direcciones-de-compras-made-in-lyon\\\/#primaryimage\"},\"thumbnailUrl\":\"https:\\\/\\\/www.lesaubergisteslyonnais.fr\\\/wp-content\\\/uploads\\\/2025\\\/05\\\/Capture-decran-2025-06-05-a-13.45.57.png\",\"articleSection\":[\"Vida nocturna y fiestas\"],\"inLanguage\":\"es\",\"potentialAction\":[{\"@type\":\"CommentAction\",\"name\":\"Comment\",\"target\":[\"https:\\\/\\\/www.lesaubergisteslyonnais.fr\\\/es\\\/blog\\\/5-direcciones-de-compras-made-in-lyon\\\/#respond\"]}]},{\"@type\":\"WebPage\",\"@id\":\"https:\\\/\\\/www.lesaubergisteslyonnais.fr\\\/es\\\/blog\\\/5-direcciones-de-compras-made-in-lyon\\\/\",\"url\":\"https:\\\/\\\/www.lesaubergisteslyonnais.fr\\\/es\\\/blog\\\/5-direcciones-de-compras-made-in-lyon\\\/\",\"name\":\"5 direcciones de compras made in Lyon - Les Aubergistes Lyonnais\",\"isPartOf\":{\"@id\":\"https:\\\/\\\/www.lesaubergisteslyonnais.fr\\\/es\\\/#website\"},\"primaryImageOfPage\":{\"@id\":\"https:\\\/\\\/www.lesaubergisteslyonnais.fr\\\/es\\\/blog\\\/5-direcciones-de-compras-made-in-lyon\\\/#primaryimage\"},\"image\":{\"@id\":\"https:\\\/\\\/www.lesaubergisteslyonnais.fr\\\/es\\\/blog\\\/5-direcciones-de-compras-made-in-lyon\\\/#primaryimage\"},\"thumbnailUrl\":\"https:\\\/\\\/www.lesaubergisteslyonnais.fr\\\/wp-content\\\/uploads\\\/2025\\\/05\\\/Capture-decran-2025-06-05-a-13.45.57.png\",\"datePublished\":\"2025-05-15T10:54:26+00:00\",\"dateModified\":\"2026-04-17T07:25:09+00:00\",\"description\":\"Les Aubergistes Lyonnais - 5 direcciones de compras made in Lyon . Moda, decoraci\u00f3n, artesan\u00eda: nuestra selecci\u00f3n de direcciones 100% lionesas para hacer compras originales y locales.\",\"breadcrumb\":{\"@id\":\"https:\\\/\\\/www.lesaubergisteslyonnais.fr\\\/es\\\/blog\\\/5-direcciones-de-compras-made-in-lyon\\\/#breadcrumb\"},\"inLanguage\":\"es\",\"potentialAction\":[{\"@type\":\"ReadAction\",\"target\":[\"https:\\\/\\\/www.lesaubergisteslyonnais.fr\\\/es\\\/blog\\\/5-direcciones-de-compras-made-in-lyon\\\/\"]}]},{\"@type\":\"ImageObject\",\"inLanguage\":\"es\",\"@id\":\"https:\\\/\\\/www.lesaubergisteslyonnais.fr\\\/es\\\/blog\\\/5-direcciones-de-compras-made-in-lyon\\\/#primaryimage\",\"url\":\"https:\\\/\\\/www.lesaubergisteslyonnais.fr\\\/wp-content\\\/uploads\\\/2025\\\/05\\\/Capture-decran-2025-06-05-a-13.45.57.png\",\"contentUrl\":\"https:\\\/\\\/www.lesaubergisteslyonnais.fr\\\/wp-content\\\/uploads\\\/2025\\\/05\\\/Capture-decran-2025-06-05-a-13.45.57.png\",\"width\":794,\"height\":1158,\"caption\":\"Captura de pantalla 2025 06 05 a las 13.45.57\"},{\"@type\":\"BreadcrumbList\",\"@id\":\"https:\\\/\\\/www.lesaubergisteslyonnais.fr\\\/es\\\/blog\\\/5-direcciones-de-compras-made-in-lyon\\\/#breadcrumb\",\"itemListElement\":[{\"@type\":\"ListItem\",\"position\":1,\"name\":\"Accueil\",\"item\":\"https:\\\/\\\/www.lesaubergisteslyonnais.fr\\\/es\\\/\"},{\"@type\":\"ListItem\",\"position\":2,\"name\":\"Vida nocturna y fiestas\",\"item\":\"https:\\\/\\\/www.lesaubergisteslyonnais.fr\\\/es\\\/blog\\\/vida-nocturna-y-eventos\\\/\"},{\"@type\":\"ListItem\",\"position\":3,\"name\":\"5 direcciones de compras made in Lyon\"}]},{\"@type\":\"WebSite\",\"@id\":\"https:\\\/\\\/www.lesaubergisteslyonnais.fr\\\/es\\\/#website\",\"url\":\"https:\\\/\\\/www.lesaubergisteslyonnais.fr\\\/es\\\/\",\"name\":\"Globe Cecil\",\"description\":\"\",\"publisher\":{\"@id\":\"https:\\\/\\\/www.lesaubergisteslyonnais.fr\\\/es\\\/#organization\"},\"potentialAction\":[{\"@type\":\"SearchAction\",\"target\":{\"@type\":\"EntryPoint\",\"urlTemplate\":\"https:\\\/\\\/www.lesaubergisteslyonnais.fr\\\/es\\\/?s={search_term_string}\"},\"query-input\":{\"@type\":\"PropertyValueSpecification\",\"valueRequired\":true,\"valueName\":\"search_term_string\"}}],\"inLanguage\":\"es\"},{\"@type\":\"Organization\",\"@id\":\"https:\\\/\\\/www.lesaubergisteslyonnais.fr\\\/es\\\/#organization\",\"name\":\"Globe Cecil\",\"url\":\"https:\\\/\\\/www.lesaubergisteslyonnais.fr\\\/es\\\/\",\"logo\":{\"@type\":\"ImageObject\",\"inLanguage\":\"es\",\"@id\":\"https:\\\/\\\/www.lesaubergisteslyonnais.fr\\\/es\\\/#\\\/schema\\\/logo\\\/image\\\/\",\"url\":\"https:\\\/\\\/www.lesaubergisteslyonnais.fr\\\/wp-content\\\/uploads\\\/2025\\\/05\\\/LOGO-Aubergistes-Lyonnais-White.svg\",\"contentUrl\":\"https:\\\/\\\/www.lesaubergisteslyonnais.fr\\\/wp-content\\\/uploads\\\/2025\\\/05\\\/LOGO-Aubergistes-Lyonnais-White.svg\",\"width\":558,\"height\":127,\"caption\":\"Globe Cecil\"},\"image\":{\"@id\":\"https:\\\/\\\/www.lesaubergisteslyonnais.fr\\\/es\\\/#\\\/schema\\\/logo\\\/image\\\/\"}},{\"@type\":\"Person\",\"@id\":\"https:\\\/\\\/www.lesaubergisteslyonnais.fr\\\/es\\\/#\\\/schema\\\/person\\\/b3c9e279ff8ec8845926b6b9f54fbdb9\",\"name\":\"flachize\",\"image\":{\"@type\":\"ImageObject\",\"inLanguage\":\"es\",\"@id\":\"https:\\\/\\\/secure.gravatar.com\\\/avatar\\\/24f0361cf67c21d4fae1db71b0897ec099d5f1fe2ef60420e3cd59b175a66e40?s=96&d=mm&r=g\",\"url\":\"https:\\\/\\\/secure.gravatar.com\\\/avatar\\\/24f0361cf67c21d4fae1db71b0897ec099d5f1fe2ef60420e3cd59b175a66e40?s=96&d=mm&r=g\",\"contentUrl\":\"https:\\\/\\\/secure.gravatar.com\\\/avatar\\\/24f0361cf67c21d4fae1db71b0897ec099d5f1fe2ef60420e3cd59b175a66e40?s=96&d=mm&r=g\",\"caption\":\"flachize\"},\"url\":\"https:\\\/\\\/www.lesaubergisteslyonnais.fr\\\/es\\\/author\\\/flachize\\\/\"}]}<\/script>\n<!-- \/ Yoast SEO plugin. -->","yoast_head_json":{"title":"5 direcciones de compras made in Lyon - Les Aubergistes Lyonnais","description":"Les Aubergistes Lyonnais - 5 direcciones de compras made in Lyon . Moda, decoraci\u00f3n, artesan\u00eda: nuestra selecci\u00f3n de direcciones 100% lionesas para hacer compras originales y locales.","robots":{"index":"index","follow":"follow","max-snippet":"max-snippet:-1","max-image-preview":"max-image-preview:large","max-video-preview":"max-video-preview:-1"},"canonical":"https:\/\/www.lesaubergisteslyonnais.fr\/es\/blog\/5-direcciones-de-compras-made-in-lyon\/","og_locale":"es_ES","og_type":"article","og_title":"5 direcciones de compras made in Lyon - Les Aubergistes Lyonnais","og_description":"Les Aubergistes Lyonnais - 5 direcciones de compras made in Lyon . Moda, decoraci\u00f3n, artesan\u00eda: nuestra selecci\u00f3n de direcciones 100% lionesas para hacer compras originales y locales.","og_url":"https:\/\/www.lesaubergisteslyonnais.fr\/es\/blog\/5-direcciones-de-compras-made-in-lyon\/","og_site_name":"Les Aubergistes Lyonnais","article_published_time":"2025-05-15T10:54:26+00:00","article_modified_time":"2026-04-17T07:25:09+00:00","og_image":[{"width":794,"height":1158,"url":"https:\/\/www.lesaubergisteslyonnais.fr\/wp-content\/uploads\/2025\/05\/Capture-decran-2025-06-05-a-13.45.57.png","type":"image\/png"}],"author":"flachize","twitter_card":"summary_large_image","twitter_misc":{"Escrito por":"flachize","Tiempo de lectura":"2 minuto"},"schema":{"@context":"https:\/\/schema.org","@graph":[{"@type":"Article","@id":"https:\/\/www.lesaubergisteslyonnais.fr\/es\/blog\/5-direcciones-de-compras-made-in-lyon\/#article","isPartOf":{"@id":"https:\/\/www.lesaubergisteslyonnais.fr\/es\/blog\/5-direcciones-de-compras-made-in-lyon\/"},"author":{"name":"flachize","@id":"https:\/\/www.lesaubergisteslyonnais.fr\/es\/#\/schema\/person\/b3c9e279ff8ec8845926b6b9f54fbdb9"},"headline":"5 direcciones de compras made in Lyon","datePublished":"2025-05-15T10:54:26+00:00","dateModified":"2026-04-17T07:25:09+00:00","mainEntityOfPage":{"@id":"https:\/\/www.lesaubergisteslyonnais.fr\/es\/blog\/5-direcciones-de-compras-made-in-lyon\/"},"wordCount":479,"commentCount":0,"publisher":{"@id":"https:\/\/www.lesaubergisteslyonnais.fr\/es\/#organization"},"image":{"@id":"https:\/\/www.lesaubergisteslyonnais.fr\/es\/blog\/5-direcciones-de-compras-made-in-lyon\/#primaryimage"},"thumbnailUrl":"https:\/\/www.lesaubergisteslyonnais.fr\/wp-content\/uploads\/2025\/05\/Capture-decran-2025-06-05-a-13.45.57.png","articleSection":["Vida nocturna y fiestas"],"inLanguage":"es","potentialAction":[{"@type":"CommentAction","name":"Comment","target":["https:\/\/www.lesaubergisteslyonnais.fr\/es\/blog\/5-direcciones-de-compras-made-in-lyon\/#respond"]}]},{"@type":"WebPage","@id":"https:\/\/www.lesaubergisteslyonnais.fr\/es\/blog\/5-direcciones-de-compras-made-in-lyon\/","url":"https:\/\/www.lesaubergisteslyonnais.fr\/es\/blog\/5-direcciones-de-compras-made-in-lyon\/","name":"5 direcciones de compras made in Lyon - Les Aubergistes Lyonnais","isPartOf":{"@id":"https:\/\/www.lesaubergisteslyonnais.fr\/es\/#website"},"primaryImageOfPage":{"@id":"https:\/\/www.lesaubergisteslyonnais.fr\/es\/blog\/5-direcciones-de-compras-made-in-lyon\/#primaryimage"},"image":{"@id":"https:\/\/www.lesaubergisteslyonnais.fr\/es\/blog\/5-direcciones-de-compras-made-in-lyon\/#primaryimage"},"thumbnailUrl":"https:\/\/www.lesaubergisteslyonnais.fr\/wp-content\/uploads\/2025\/05\/Capture-decran-2025-06-05-a-13.45.57.png","datePublished":"2025-05-15T10:54:26+00:00","dateModified":"2026-04-17T07:25:09+00:00","description":"Les Aubergistes Lyonnais - 5 direcciones de compras made in Lyon . Moda, decoraci\u00f3n, artesan\u00eda: nuestra selecci\u00f3n de direcciones 100% lionesas para hacer compras originales y locales.","breadcrumb":{"@id":"https:\/\/www.lesaubergisteslyonnais.fr\/es\/blog\/5-direcciones-de-compras-made-in-lyon\/#breadcrumb"},"inLanguage":"es","potentialAction":[{"@type":"ReadAction","target":["https:\/\/www.lesaubergisteslyonnais.fr\/es\/blog\/5-direcciones-de-compras-made-in-lyon\/"]}]},{"@type":"ImageObject","inLanguage":"es","@id":"https:\/\/www.lesaubergisteslyonnais.fr\/es\/blog\/5-direcciones-de-compras-made-in-lyon\/#primaryimage","url":"https:\/\/www.lesaubergisteslyonnais.fr\/wp-content\/uploads\/2025\/05\/Capture-decran-2025-06-05-a-13.45.57.png","contentUrl":"https:\/\/www.lesaubergisteslyonnais.fr\/wp-content\/uploads\/2025\/05\/Capture-decran-2025-06-05-a-13.45.57.png","width":794,"height":1158,"caption":"Captura de pantalla 2025 06 05 a las 13.45.57"},{"@type":"BreadcrumbList","@id":"https:\/\/www.lesaubergisteslyonnais.fr\/es\/blog\/5-direcciones-de-compras-made-in-lyon\/#breadcrumb","itemListElement":[{"@type":"ListItem","position":1,"name":"Accueil","item":"https:\/\/www.lesaubergisteslyonnais.fr\/es\/"},{"@type":"ListItem","position":2,"name":"Vida nocturna y fiestas","item":"https:\/\/www.lesaubergisteslyonnais.fr\/es\/blog\/vida-nocturna-y-eventos\/"},{"@type":"ListItem","position":3,"name":"5 direcciones de compras made in Lyon"}]},{"@type":"WebSite","@id":"https:\/\/www.lesaubergisteslyonnais.fr\/es\/#website","url":"https:\/\/www.lesaubergisteslyonnais.fr\/es\/","name":"Globe Cecil","description":"","publisher":{"@id":"https:\/\/www.lesaubergisteslyonnais.fr\/es\/#organization"},"potentialAction":[{"@type":"SearchAction","target":{"@type":"EntryPoint","urlTemplate":"https:\/\/www.lesaubergisteslyonnais.fr\/es\/?s={search_term_string}"},"query-input":{"@type":"PropertyValueSpecification","valueRequired":true,"valueName":"search_term_string"}}],"inLanguage":"es"},{"@type":"Organization","@id":"https:\/\/www.lesaubergisteslyonnais.fr\/es\/#organization","name":"Globe Cecil","url":"https:\/\/www.lesaubergisteslyonnais.fr\/es\/","logo":{"@type":"ImageObject","inLanguage":"es","@id":"https:\/\/www.lesaubergisteslyonnais.fr\/es\/#\/schema\/logo\/image\/","url":"https:\/\/www.lesaubergisteslyonnais.fr\/wp-content\/uploads\/2025\/05\/LOGO-Aubergistes-Lyonnais-White.svg","contentUrl":"https:\/\/www.lesaubergisteslyonnais.fr\/wp-content\/uploads\/2025\/05\/LOGO-Aubergistes-Lyonnais-White.svg","width":558,"height":127,"caption":"Globe Cecil"},"image":{"@id":"https:\/\/www.lesaubergisteslyonnais.fr\/es\/#\/schema\/logo\/image\/"}},{"@type":"Person","@id":"https:\/\/www.lesaubergisteslyonnais.fr\/es\/#\/schema\/person\/b3c9e279ff8ec8845926b6b9f54fbdb9","name":"flachize","image":{"@type":"ImageObject","inLanguage":"es","@id":"https:\/\/secure.gravatar.com\/avatar\/24f0361cf67c21d4fae1db71b0897ec099d5f1fe2ef60420e3cd59b175a66e40?s=96&d=mm&r=g","url":"https:\/\/secure.gravatar.com\/avatar\/24f0361cf67c21d4fae1db71b0897ec099d5f1fe2ef60420e3cd59b175a66e40?s=96&d=mm&r=g","contentUrl":"https:\/\/secure.gravatar.com\/avatar\/24f0361cf67c21d4fae1db71b0897ec099d5f1fe2ef60420e3cd59b175a66e40?s=96&d=mm&r=g","caption":"flachize"},"url":"https:\/\/www.lesaubergisteslyonnais.fr\/es\/author\/flachize\/"}]}},"_links":{"self":[{"href":"https:\/\/www.lesaubergisteslyonnais.fr\/es\/wp-json\/wp\/v2\/posts\/6780","targetHints":{"allow":["GET"]}}],"collection":[{"href":"https:\/\/www.lesaubergisteslyonnais.fr\/es\/wp-json\/wp\/v2\/posts"}],"about":[{"href":"https:\/\/www.lesaubergisteslyonnais.fr\/es\/wp-json\/wp\/v2\/types\/post"}],"author":[{"embeddable":true,"href":"https:\/\/www.lesaubergisteslyonnais.fr\/es\/wp-json\/wp\/v2\/users\/2"}],"replies":[{"embeddable":true,"href":"https:\/\/www.lesaubergisteslyonnais.fr\/es\/wp-json\/wp\/v2\/comments?post=6780"}],"version-history":[{"count":5,"href":"https:\/\/www.lesaubergisteslyonnais.fr\/es\/wp-json\/wp\/v2\/posts\/6780\/revisions"}],"predecessor-version":[{"id":9769,"href":"https:\/\/www.lesaubergisteslyonnais.fr\/es\/wp-json\/wp\/v2\/posts\/6780\/revisions\/9769"}],"wp:featuredmedia":[{"embeddable":true,"href":"https:\/\/www.lesaubergisteslyonnais.fr\/es\/wp-json\/wp\/v2\/media\/7294"}],"wp:attachment":[{"href":"https:\/\/www.lesaubergisteslyonnais.fr\/es\/wp-json\/wp\/v2\/media?parent=6780"}],"wp:term":[{"taxonomy":"category","embeddable":true,"href":"https:\/\/www.lesaubergisteslyonnais.fr\/es\/wp-json\/wp\/v2\/categories?post=6780"},{"taxonomy":"post_tag","embeddable":true,"href":"https:\/\/www.lesaubergisteslyonnais.fr\/es\/wp-json\/wp\/v2\/tags?post=6780"}],"curies":[{"name":"wp","href":"https:\/\/api.w.org\/{rel}","templated":true}]}}