{"id":9848,"date":"2026-04-29T13:12:42","date_gmt":"2026-04-29T11:12:42","guid":{"rendered":"https:\/\/www.lesaubergisteslyonnais.fr\/?p=9848"},"modified":"2026-04-29T13:13:05","modified_gmt":"2026-04-29T11:13:05","slug":"natexpo-2026-in-lyon-where-to-stay-for-the-natexpo-show-on-september-28-and-29-2026","status":"publish","type":"post","link":"https:\/\/www.lesaubergisteslyonnais.fr\/en\/blog\/natexpo-2026-in-lyon-where-to-stay-for-the-natexpo-show-on-september-28-and-29-2026\/","title":{"rendered":"Natexpo 2026 in Lyon: where to stay for the Natexpo show on September 28 and 29, 2026?"},"content":{"rendered":"\n<section class=\"heading wp-elements-2f8bcb4fc876573e306c19b8a7c15ed0 wp-elements-2f8bcb4fc876573e306c19b8a7c15ed0 wp-block-acf-heading has-text-color has-primary-color has-background has-white-100-background-color\">\n\t<div class=\"heading__container\">\n\t\t\t\t\t<div class=\"heading__background-picture\">\n\t\t\t\t<img decoding=\"async\" width=\"1816\" height=\"1211\" src=\"https:\/\/www.lesaubergisteslyonnais.fr\/wp-content\/uploads\/2026\/04\/Logement-Natexpo-2026-Lyon.jpg\" class=\"attachment-full size-full\" alt=\"Accommodation Natexpo 2026 Lyon\" fetchpriority=\"high\" srcset=\"https:\/\/www.lesaubergisteslyonnais.fr\/wp-content\/uploads\/2026\/04\/Logement-Natexpo-2026-Lyon.jpg 1816w, https:\/\/www.lesaubergisteslyonnais.fr\/wp-content\/uploads\/2026\/04\/Logement-Natexpo-2026-Lyon-600x400.jpg 600w, https:\/\/www.lesaubergisteslyonnais.fr\/wp-content\/uploads\/2026\/04\/Logement-Natexpo-2026-Lyon-1400x934.jpg 1400w, https:\/\/www.lesaubergisteslyonnais.fr\/wp-content\/uploads\/2026\/04\/Logement-Natexpo-2026-Lyon-768x512.jpg 768w, https:\/\/www.lesaubergisteslyonnais.fr\/wp-content\/uploads\/2026\/04\/Logement-Natexpo-2026-Lyon-1536x1024.jpg 1536w\" sizes=\"(max-width: 1816px) 100vw, 1816px\" \/>\t\t\t<\/div>\n\t\t\t\t<div class=\"heading__layout\">\n\t\t\t<div class=\"heading__content-wrapper has-white-100-background-color\">\n\t\t\t\t<div class=\"heading__content has-white-100-background-color\">\n\t\t\t\t\t\t\t\t\t<p id=\"breadcrumbs\"><span><span><a href=\"https:\/\/www.lesaubergisteslyonnais.fr\/en\/\">Home<\/a><\/span><\/span><\/p>\t\t\t\t\t\t\t\t\t<div class=\"acf-innerblocks-container\">\n\n<div class=\"wp-block-group heading-content-group is-layout-grid wp-container-core-group-is-layout-96b258e4 wp-block-group-is-layout-grid\">\n<h1 class=\"wp-block-heading has-text-align-left heading__title has-primary-color has-text-color has-xx-large-font-size wp-container-content-32a3e683\"><strong>Natexpo 2026 in sight at Lyon<\/strong> Eurexpo<\/h1>\n<\/div>\n\n<\/div>\n\t\t\t\t<\/div>\n\t\t\t\t\t\t\t<\/div>\n\t\t<\/div>\n\t<\/div>\n<\/section>\n\n\n<div class=\"wp-block-group has-global-padding is-content-justification-center is-layout-constrained wp-container-core-group-is-layout-b69c3d3e wp-block-group-is-layout-constrained\" style=\"padding-top:var(--wp--preset--spacing--theme-default);padding-bottom:var(--wp--preset--spacing--theme-default)\">\n<h3 class=\"wp-block-heading has-text-align-center\"><strong>Where to stay for Natexpo 2026 in Lyon?<\/strong><\/h3>\n\n\n\n<p>Natexpo 2026 will be held at <strong>Eurexpo Lyon on September 28 and 29, 2026<\/strong>. A must-attend event for organic produce professionals, Natexpo brings together exhibitors, visitors, partners and all those involved in the organic sector. <\/p>\n\n\n\n<p class=\"has-text-align-left\">If you&#8217;re looking for a hotel for Natexpo in Lyon, it&#8217;s best to choose a place that&#8217;s practical, comfortable and pleasant to stay. At <strong>Les Aubergistes Lyonnais<\/strong>, we welcome travelers in warm, welcoming homes, rooted in the city and true to a spirit of sincere hospitality. <\/p>\n\n\n\n<figure class=\"wp-block-image aligncenter size-full is-resized\"><img decoding=\"async\" width=\"724\" height=\"1024\" src=\"https:\/\/www.lesaubergisteslyonnais.fr\/wp-content\/uploads\/2026\/04\/Hotel-Natexpo-Lyon-2026.png\" alt=\"Hotel Natexpo Lyon 2026\" class=\"wp-image-9757\" style=\"aspect-ratio:0.7070331229981396;width:318px;height:auto\" srcset=\"https:\/\/www.lesaubergisteslyonnais.fr\/wp-content\/uploads\/2026\/04\/Hotel-Natexpo-Lyon-2026.png 724w, https:\/\/www.lesaubergisteslyonnais.fr\/wp-content\/uploads\/2026\/04\/Hotel-Natexpo-Lyon-2026-424x600.png 424w\" sizes=\"(max-width: 724px) 100vw, 724px\" \/><\/figure>\n<\/div>\n\n<div class=\"wp-block-group has-secondary-background-color has-background has-global-padding is-layout-constrained wp-container-core-group-is-layout-14055b84 wp-block-group-is-layout-constrained\" style=\"padding-top:var(--wp--preset--spacing--theme-default);padding-right:var(--wp--preset--spacing--theme-default);padding-bottom:var(--wp--preset--spacing--theme-default);padding-left:var(--wp--preset--spacing--theme-default)\">\n<h3 class=\"wp-block-heading has-text-align-center\">Choosing a <mark class=\"has-inline-color has-primary-color\">downtown<\/mark> hotel for Natexpo means enjoying :<\/h3>\n\n\n\n<ul class=\"wp-block-list\">\n<li>a central location<\/li>\n\n\n\n<li>a real break after the show<\/li>\n\n\n\n<li>restaurants and good addresses nearby<\/li>\n\n\n\n<li>a warmer atmosphere than a simple transient accommodation<\/li>\n<\/ul>\n\n\n\n<ul class=\"wp-block-list\">\n<li>easy access to Eurexpo by public transport or cab:<\/li>\n<\/ul>\n\n\n\n<p>Metro D -&gt; Tram T5 -&gt; Eurexpo<\/p>\n\n\n\n<p>Streetcar T2 -&gt; Tram T5 -&gt; Eurexpo<\/p>\n\n\n\n<p>And only about 30 &#8211; 40 minutes!<\/p>\n\n\n\n<ul class=\"wp-block-list\"><\/ul>\n\n\n\n<p>Our teams are always available to guide you!<\/p>\n\n\n\n<div class=\"wp-block-group is-layout-flow wp-block-group-is-layout-flow\">\n<figure class=\"wp-block-image size-full has-custom-border is-style-default wp-duotone-unset-1\"><img decoding=\"async\" width=\"890\" height=\"668\" src=\"https:\/\/www.lesaubergisteslyonnais.fr\/wp-content\/uploads\/2025\/12\/Logement-Eurexpo-edited.png\" alt=\"Eurexpo accommodation\" class=\"wp-image-9447\" style=\"border-style:none;border-width:0px;border-top-left-radius:0px;border-top-right-radius:0px;border-bottom-left-radius:0px;border-bottom-right-radius:0px;aspect-ratio:4\/3;object-fit:cover\" srcset=\"https:\/\/www.lesaubergisteslyonnais.fr\/wp-content\/uploads\/2025\/12\/Logement-Eurexpo-edited.png 890w, https:\/\/www.lesaubergisteslyonnais.fr\/wp-content\/uploads\/2025\/12\/Logement-Eurexpo-edited-600x450.png 600w, https:\/\/www.lesaubergisteslyonnais.fr\/wp-content\/uploads\/2025\/12\/Logement-Eurexpo-edited-768x576.png 768w\" sizes=\"(max-width: 890px) 100vw, 890px\" \/><\/figure>\n<\/div>\n<\/div>\n\n<div class=\"wp-block-group has-global-padding is-content-justification-center is-layout-constrained wp-container-core-group-is-layout-b69c3d3e wp-block-group-is-layout-constrained\" style=\"padding-top:var(--wp--preset--spacing--theme-default);padding-bottom:var(--wp--preset--spacing--theme-default)\">\n<h3 class=\"wp-block-heading has-text-align-center\"><strong>Why choose a <mark class=\"has-inline-color has-primary-color\">Les Aubergistes Lyonnais<\/mark> hotel? <\/strong><\/h3>\n\n\n\n<p>Les Aubergistes Lyonnais are hotels designed as places to live, with a particular focus on hospitality, the local area and the simplicity of beautiful things, in direct line with the values and commitments of the show. As a<strong>Company with a Mission<\/strong>, it&#8217;s this spirit that many of the travelers who come to Natexpo Lyon are looking for. <\/p>\n<\/div>\n\n<div class=\"wp-block-group has-secondary-background-color has-background has-global-padding is-layout-constrained wp-container-core-group-is-layout-14055b84 wp-block-group-is-layout-constrained\" style=\"padding-top:var(--wp--preset--spacing--theme-default);padding-right:var(--wp--preset--spacing--theme-default);padding-bottom:var(--wp--preset--spacing--theme-default);padding-left:var(--wp--preset--spacing--theme-default)\">\n<h3 class=\"wp-block-heading has-text-align-center\"><strong>Why book a hotel for Natexpo 2026 in advance?<\/strong><\/h3>\n\n\n\n<p class=\"has-text-align-left\">The dates for Natexpo 2026 are already known: September 28 and 29, 2026 at Eurexpo Lyon. To find a hotel in Lyon for Natexpo, in a pleasant area and with real comfort, it&#8217;s best to book in advance. The show is professional, the days are busy, and good accommodation often makes all the difference.  <\/p>\n\n\n\n<div class=\"wp-block-group is-layout-flow wp-block-group-is-layout-flow\" style=\"padding-top:0;padding-bottom:0\">\n<div class=\"wp-block-buttons is-content-justification-center is-layout-flex wp-container-core-buttons-is-layout-a89b3969 wp-block-buttons-is-layout-flex\">\n<div class=\"wp-block-button is-style-label-button is-style-label-button--2\"><a class=\"wp-block-button__link wp-element-button\" href=\"https:\/\/www.lesaubergisteslyonnais.fr\/en\/contact\/\" style=\"border-style:none;border-width:0px\" target=\"_blank\" rel=\"noreferrer noopener\">Booking<\/a><\/div>\n<\/div>\n<\/div>\n<\/div>\n\n<p class=\"has-secondary-background-color has-background\"><em>Photo credit: Natexpo<\/em><\/p>\n\n<div class=\"wp-block-group has-white-background-color has-background is-content-justification-space-between is-nowrap is-layout-flex wp-container-core-group-is-layout-098ab513 wp-block-group-is-layout-flex\" style=\"padding-top:var(--wp--preset--spacing--theme-m);padding-right:var(--wp--preset--spacing--theme-s);padding-bottom:var(--wp--preset--spacing--theme-m);padding-left:var(--wp--preset--spacing--theme-s)\">\n\n<\/div>\n","protected":false},"excerpt":{"rendered":"<p>Natexpo 2026 in Lyon: a benchmark trade show, and the ideal opportunity to stay in a warm, well-located hotel, committed to and designed for professionals.<\/p>\n","protected":false},"author":10,"featured_media":9849,"comment_status":"closed","ping_status":"open","sticky":false,"template":"","format":"standard","meta":{"_acf_changed":false,"inline_featured_image":false,"footnotes":""},"categories":[54],"tags":[],"class_list":["post-9848","post","type-post","status-publish","format-standard","has-post-thumbnail","hentry","category-events-in-lyon"],"acf":[],"yoast_head":"<!-- This site is optimized with the Yoast SEO plugin v27.4 - https:\/\/yoast.com\/product\/yoast-seo-wordpress\/ -->\n<title>Natexpo 2026 in Lyon: where to stay for the Natexpo show on September 28 and 29, 2026? - Les Aubergistes Lyonnais<\/title>\n<meta name=\"description\" content=\"Les Aubergistes Lyonnais - Natexpo 2026 in Lyon: where to stay for the Natexpo show on September 28 and 29, 2026? . Natexpo 2026 in Lyon: a benchmark trade show, and the ideal opportunity to stay in a warm, well-located hotel, committed to and designed for professionals.\" \/>\n<meta name=\"robots\" content=\"index, follow, max-snippet:-1, max-image-preview:large, max-video-preview:-1\" \/>\n<link rel=\"canonical\" href=\"https:\/\/www.lesaubergisteslyonnais.fr\/en\/blog\/natexpo-2026-in-lyon-where-to-stay-for-the-natexpo-show-on-september-28-and-29-2026\/\" \/>\n<meta property=\"og:locale\" content=\"en_US\" \/>\n<meta property=\"og:type\" content=\"article\" \/>\n<meta property=\"og:title\" content=\"Natexpo 2026 in Lyon: where to stay for the Natexpo show on September 28 and 29, 2026? - Les Aubergistes Lyonnais\" \/>\n<meta property=\"og:description\" content=\"Les Aubergistes Lyonnais - Natexpo 2026 in Lyon: where to stay for the Natexpo show on September 28 and 29, 2026? . Natexpo 2026 in Lyon: a benchmark trade show, and the ideal opportunity to stay in a warm, well-located hotel, committed to and designed for professionals.\" \/>\n<meta property=\"og:url\" content=\"https:\/\/www.lesaubergisteslyonnais.fr\/en\/blog\/natexpo-2026-in-lyon-where-to-stay-for-the-natexpo-show-on-september-28-and-29-2026\/\" \/>\n<meta property=\"og:site_name\" content=\"Les Aubergistes Lyonnais\" \/>\n<meta property=\"article:published_time\" content=\"2026-04-29T11:12:42+00:00\" \/>\n<meta property=\"article:modified_time\" content=\"2026-04-29T11:13:05+00:00\" \/>\n<meta property=\"og:image\" content=\"https:\/\/www.lesaubergisteslyonnais.fr\/wp-content\/uploads\/2026\/04\/Logement-Natexpo-2026-Lyon.jpg\" \/>\n\t<meta property=\"og:image:width\" content=\"1816\" \/>\n\t<meta property=\"og:image:height\" content=\"1211\" \/>\n\t<meta property=\"og:image:type\" content=\"image\/jpeg\" \/>\n<meta name=\"author\" content=\"mhanne\" \/>\n<meta name=\"twitter:card\" content=\"summary_large_image\" \/>\n<meta name=\"twitter:label1\" content=\"Written by\" \/>\n\t<meta name=\"twitter:data1\" content=\"mhanne\" \/>\n\t<meta name=\"twitter:label2\" content=\"Est. reading time\" \/>\n\t<meta name=\"twitter:data2\" content=\"1 minute\" \/>\n<script type=\"application\/ld+json\" class=\"yoast-schema-graph\">{\"@context\":\"https:\\\/\\\/schema.org\",\"@graph\":[{\"@type\":\"Article\",\"@id\":\"https:\\\/\\\/www.lesaubergisteslyonnais.fr\\\/en\\\/blog\\\/natexpo-2026-in-lyon-where-to-stay-for-the-natexpo-show-on-september-28-and-29-2026\\\/#article\",\"isPartOf\":{\"@id\":\"https:\\\/\\\/www.lesaubergisteslyonnais.fr\\\/en\\\/blog\\\/natexpo-2026-in-lyon-where-to-stay-for-the-natexpo-show-on-september-28-and-29-2026\\\/\"},\"author\":{\"name\":\"mhanne\",\"@id\":\"https:\\\/\\\/www.lesaubergisteslyonnais.fr\\\/en\\\/#\\\/schema\\\/person\\\/c9ad8aaa310cf3773c44da9346226d73\"},\"headline\":\"Natexpo 2026 in Lyon: where to stay for the Natexpo show on September 28 and 29, 2026?\",\"datePublished\":\"2026-04-29T11:12:42+00:00\",\"dateModified\":\"2026-04-29T11:13:05+00:00\",\"mainEntityOfPage\":{\"@id\":\"https:\\\/\\\/www.lesaubergisteslyonnais.fr\\\/en\\\/blog\\\/natexpo-2026-in-lyon-where-to-stay-for-the-natexpo-show-on-september-28-and-29-2026\\\/\"},\"wordCount\":304,\"publisher\":{\"@id\":\"https:\\\/\\\/www.lesaubergisteslyonnais.fr\\\/en\\\/#organization\"},\"image\":{\"@id\":\"https:\\\/\\\/www.lesaubergisteslyonnais.fr\\\/en\\\/blog\\\/natexpo-2026-in-lyon-where-to-stay-for-the-natexpo-show-on-september-28-and-29-2026\\\/#primaryimage\"},\"thumbnailUrl\":\"https:\\\/\\\/www.lesaubergisteslyonnais.fr\\\/wp-content\\\/uploads\\\/2026\\\/04\\\/Logement-Natexpo-2026-Lyon.jpg\",\"articleSection\":[\"Events in Lyon\"],\"inLanguage\":\"en-US\"},{\"@type\":\"WebPage\",\"@id\":\"https:\\\/\\\/www.lesaubergisteslyonnais.fr\\\/en\\\/blog\\\/natexpo-2026-in-lyon-where-to-stay-for-the-natexpo-show-on-september-28-and-29-2026\\\/\",\"url\":\"https:\\\/\\\/www.lesaubergisteslyonnais.fr\\\/en\\\/blog\\\/natexpo-2026-in-lyon-where-to-stay-for-the-natexpo-show-on-september-28-and-29-2026\\\/\",\"name\":\"Natexpo 2026 in Lyon: where to stay for the Natexpo show on September 28 and 29, 2026? - Les Aubergistes Lyonnais\",\"isPartOf\":{\"@id\":\"https:\\\/\\\/www.lesaubergisteslyonnais.fr\\\/en\\\/#website\"},\"primaryImageOfPage\":{\"@id\":\"https:\\\/\\\/www.lesaubergisteslyonnais.fr\\\/en\\\/blog\\\/natexpo-2026-in-lyon-where-to-stay-for-the-natexpo-show-on-september-28-and-29-2026\\\/#primaryimage\"},\"image\":{\"@id\":\"https:\\\/\\\/www.lesaubergisteslyonnais.fr\\\/en\\\/blog\\\/natexpo-2026-in-lyon-where-to-stay-for-the-natexpo-show-on-september-28-and-29-2026\\\/#primaryimage\"},\"thumbnailUrl\":\"https:\\\/\\\/www.lesaubergisteslyonnais.fr\\\/wp-content\\\/uploads\\\/2026\\\/04\\\/Logement-Natexpo-2026-Lyon.jpg\",\"datePublished\":\"2026-04-29T11:12:42+00:00\",\"dateModified\":\"2026-04-29T11:13:05+00:00\",\"description\":\"Les Aubergistes Lyonnais - Natexpo 2026 in Lyon: where to stay for the Natexpo show on September 28 and 29, 2026? . Natexpo 2026 in Lyon: a benchmark trade show, and the ideal opportunity to stay in a warm, well-located hotel, committed to and designed for professionals.\",\"breadcrumb\":{\"@id\":\"https:\\\/\\\/www.lesaubergisteslyonnais.fr\\\/en\\\/blog\\\/natexpo-2026-in-lyon-where-to-stay-for-the-natexpo-show-on-september-28-and-29-2026\\\/#breadcrumb\"},\"inLanguage\":\"en-US\",\"potentialAction\":[{\"@type\":\"ReadAction\",\"target\":[\"https:\\\/\\\/www.lesaubergisteslyonnais.fr\\\/en\\\/blog\\\/natexpo-2026-in-lyon-where-to-stay-for-the-natexpo-show-on-september-28-and-29-2026\\\/\"]}]},{\"@type\":\"ImageObject\",\"inLanguage\":\"en-US\",\"@id\":\"https:\\\/\\\/www.lesaubergisteslyonnais.fr\\\/en\\\/blog\\\/natexpo-2026-in-lyon-where-to-stay-for-the-natexpo-show-on-september-28-and-29-2026\\\/#primaryimage\",\"url\":\"https:\\\/\\\/www.lesaubergisteslyonnais.fr\\\/wp-content\\\/uploads\\\/2026\\\/04\\\/Logement-Natexpo-2026-Lyon.jpg\",\"contentUrl\":\"https:\\\/\\\/www.lesaubergisteslyonnais.fr\\\/wp-content\\\/uploads\\\/2026\\\/04\\\/Logement-Natexpo-2026-Lyon.jpg\",\"width\":1816,\"height\":1211,\"caption\":\"Accommodation Natexpo 2026 Lyon\"},{\"@type\":\"BreadcrumbList\",\"@id\":\"https:\\\/\\\/www.lesaubergisteslyonnais.fr\\\/en\\\/blog\\\/natexpo-2026-in-lyon-where-to-stay-for-the-natexpo-show-on-september-28-and-29-2026\\\/#breadcrumb\",\"itemListElement\":[{\"@type\":\"ListItem\",\"position\":1,\"name\":\"Home\",\"item\":\"https:\\\/\\\/www.lesaubergisteslyonnais.fr\\\/en\\\/\"},{\"@type\":\"ListItem\",\"position\":2,\"name\":\"Events in Lyon\",\"item\":\"https:\\\/\\\/www.lesaubergisteslyonnais.fr\\\/en\\\/blog\\\/events-in-lyon\\\/\"},{\"@type\":\"ListItem\",\"position\":3,\"name\":\"Natexpo 2026 in Lyon: where to stay for the Natexpo show on September 28 and 29, 2026?\"}]},{\"@type\":\"WebSite\",\"@id\":\"https:\\\/\\\/www.lesaubergisteslyonnais.fr\\\/en\\\/#website\",\"url\":\"https:\\\/\\\/www.lesaubergisteslyonnais.fr\\\/en\\\/\",\"name\":\"Globe Cecil\",\"description\":\"H\u00f4tel 4 \u00e9toiles \u00e0 Lyon\",\"publisher\":{\"@id\":\"https:\\\/\\\/www.lesaubergisteslyonnais.fr\\\/en\\\/#organization\"},\"potentialAction\":[{\"@type\":\"SearchAction\",\"target\":{\"@type\":\"EntryPoint\",\"urlTemplate\":\"https:\\\/\\\/www.lesaubergisteslyonnais.fr\\\/en\\\/?s={search_term_string}\"},\"query-input\":{\"@type\":\"PropertyValueSpecification\",\"valueRequired\":true,\"valueName\":\"search_term_string\"}}],\"inLanguage\":\"en-US\"},{\"@type\":\"Organization\",\"@id\":\"https:\\\/\\\/www.lesaubergisteslyonnais.fr\\\/en\\\/#organization\",\"name\":\"Globe Cecil\",\"url\":\"https:\\\/\\\/www.lesaubergisteslyonnais.fr\\\/en\\\/\",\"logo\":{\"@type\":\"ImageObject\",\"inLanguage\":\"en-US\",\"@id\":\"https:\\\/\\\/www.lesaubergisteslyonnais.fr\\\/en\\\/#\\\/schema\\\/logo\\\/image\\\/\",\"url\":\"https:\\\/\\\/www.lesaubergisteslyonnais.fr\\\/wp-content\\\/uploads\\\/2025\\\/05\\\/LOGO-Aubergistes-Lyonnais-White.svg\",\"contentUrl\":\"https:\\\/\\\/www.lesaubergisteslyonnais.fr\\\/wp-content\\\/uploads\\\/2025\\\/05\\\/LOGO-Aubergistes-Lyonnais-White.svg\",\"width\":558,\"height\":127,\"caption\":\"Globe Cecil\"},\"image\":{\"@id\":\"https:\\\/\\\/www.lesaubergisteslyonnais.fr\\\/en\\\/#\\\/schema\\\/logo\\\/image\\\/\"}},{\"@type\":\"Person\",\"@id\":\"https:\\\/\\\/www.lesaubergisteslyonnais.fr\\\/en\\\/#\\\/schema\\\/person\\\/c9ad8aaa310cf3773c44da9346226d73\",\"name\":\"mhanne\",\"image\":{\"@type\":\"ImageObject\",\"inLanguage\":\"en-US\",\"@id\":\"https:\\\/\\\/secure.gravatar.com\\\/avatar\\\/72d879656aed35d1f15c5fe69b9505b2eab1441915934792d3707a84506bc76a?s=96&d=mm&r=g\",\"url\":\"https:\\\/\\\/secure.gravatar.com\\\/avatar\\\/72d879656aed35d1f15c5fe69b9505b2eab1441915934792d3707a84506bc76a?s=96&d=mm&r=g\",\"contentUrl\":\"https:\\\/\\\/secure.gravatar.com\\\/avatar\\\/72d879656aed35d1f15c5fe69b9505b2eab1441915934792d3707a84506bc76a?s=96&d=mm&r=g\",\"caption\":\"mhanne\"},\"url\":\"https:\\\/\\\/www.lesaubergisteslyonnais.fr\\\/en\\\/author\\\/mhanne\\\/\"}]}<\/script>\n<!-- \/ Yoast SEO plugin. -->","yoast_head_json":{"title":"Natexpo 2026 in Lyon: where to stay for the Natexpo show on September 28 and 29, 2026? - Les Aubergistes Lyonnais","description":"Les Aubergistes Lyonnais - Natexpo 2026 in Lyon: where to stay for the Natexpo show on September 28 and 29, 2026? . Natexpo 2026 in Lyon: a benchmark trade show, and the ideal opportunity to stay in a warm, well-located hotel, committed to and designed for professionals.","robots":{"index":"index","follow":"follow","max-snippet":"max-snippet:-1","max-image-preview":"max-image-preview:large","max-video-preview":"max-video-preview:-1"},"canonical":"https:\/\/www.lesaubergisteslyonnais.fr\/en\/blog\/natexpo-2026-in-lyon-where-to-stay-for-the-natexpo-show-on-september-28-and-29-2026\/","og_locale":"en_US","og_type":"article","og_title":"Natexpo 2026 in Lyon: where to stay for the Natexpo show on September 28 and 29, 2026? - Les Aubergistes Lyonnais","og_description":"Les Aubergistes Lyonnais - Natexpo 2026 in Lyon: where to stay for the Natexpo show on September 28 and 29, 2026? . Natexpo 2026 in Lyon: a benchmark trade show, and the ideal opportunity to stay in a warm, well-located hotel, committed to and designed for professionals.","og_url":"https:\/\/www.lesaubergisteslyonnais.fr\/en\/blog\/natexpo-2026-in-lyon-where-to-stay-for-the-natexpo-show-on-september-28-and-29-2026\/","og_site_name":"Les Aubergistes Lyonnais","article_published_time":"2026-04-29T11:12:42+00:00","article_modified_time":"2026-04-29T11:13:05+00:00","og_image":[{"width":1816,"height":1211,"url":"https:\/\/www.lesaubergisteslyonnais.fr\/wp-content\/uploads\/2026\/04\/Logement-Natexpo-2026-Lyon.jpg","type":"image\/jpeg"}],"author":"mhanne","twitter_card":"summary_large_image","twitter_misc":{"Written by":"mhanne","Est. reading time":"1 minute"},"schema":{"@context":"https:\/\/schema.org","@graph":[{"@type":"Article","@id":"https:\/\/www.lesaubergisteslyonnais.fr\/en\/blog\/natexpo-2026-in-lyon-where-to-stay-for-the-natexpo-show-on-september-28-and-29-2026\/#article","isPartOf":{"@id":"https:\/\/www.lesaubergisteslyonnais.fr\/en\/blog\/natexpo-2026-in-lyon-where-to-stay-for-the-natexpo-show-on-september-28-and-29-2026\/"},"author":{"name":"mhanne","@id":"https:\/\/www.lesaubergisteslyonnais.fr\/en\/#\/schema\/person\/c9ad8aaa310cf3773c44da9346226d73"},"headline":"Natexpo 2026 in Lyon: where to stay for the Natexpo show on September 28 and 29, 2026?","datePublished":"2026-04-29T11:12:42+00:00","dateModified":"2026-04-29T11:13:05+00:00","mainEntityOfPage":{"@id":"https:\/\/www.lesaubergisteslyonnais.fr\/en\/blog\/natexpo-2026-in-lyon-where-to-stay-for-the-natexpo-show-on-september-28-and-29-2026\/"},"wordCount":304,"publisher":{"@id":"https:\/\/www.lesaubergisteslyonnais.fr\/en\/#organization"},"image":{"@id":"https:\/\/www.lesaubergisteslyonnais.fr\/en\/blog\/natexpo-2026-in-lyon-where-to-stay-for-the-natexpo-show-on-september-28-and-29-2026\/#primaryimage"},"thumbnailUrl":"https:\/\/www.lesaubergisteslyonnais.fr\/wp-content\/uploads\/2026\/04\/Logement-Natexpo-2026-Lyon.jpg","articleSection":["Events in Lyon"],"inLanguage":"en-US"},{"@type":"WebPage","@id":"https:\/\/www.lesaubergisteslyonnais.fr\/en\/blog\/natexpo-2026-in-lyon-where-to-stay-for-the-natexpo-show-on-september-28-and-29-2026\/","url":"https:\/\/www.lesaubergisteslyonnais.fr\/en\/blog\/natexpo-2026-in-lyon-where-to-stay-for-the-natexpo-show-on-september-28-and-29-2026\/","name":"Natexpo 2026 in Lyon: where to stay for the Natexpo show on September 28 and 29, 2026? - Les Aubergistes Lyonnais","isPartOf":{"@id":"https:\/\/www.lesaubergisteslyonnais.fr\/en\/#website"},"primaryImageOfPage":{"@id":"https:\/\/www.lesaubergisteslyonnais.fr\/en\/blog\/natexpo-2026-in-lyon-where-to-stay-for-the-natexpo-show-on-september-28-and-29-2026\/#primaryimage"},"image":{"@id":"https:\/\/www.lesaubergisteslyonnais.fr\/en\/blog\/natexpo-2026-in-lyon-where-to-stay-for-the-natexpo-show-on-september-28-and-29-2026\/#primaryimage"},"thumbnailUrl":"https:\/\/www.lesaubergisteslyonnais.fr\/wp-content\/uploads\/2026\/04\/Logement-Natexpo-2026-Lyon.jpg","datePublished":"2026-04-29T11:12:42+00:00","dateModified":"2026-04-29T11:13:05+00:00","description":"Les Aubergistes Lyonnais - Natexpo 2026 in Lyon: where to stay for the Natexpo show on September 28 and 29, 2026? . Natexpo 2026 in Lyon: a benchmark trade show, and the ideal opportunity to stay in a warm, well-located hotel, committed to and designed for professionals.","breadcrumb":{"@id":"https:\/\/www.lesaubergisteslyonnais.fr\/en\/blog\/natexpo-2026-in-lyon-where-to-stay-for-the-natexpo-show-on-september-28-and-29-2026\/#breadcrumb"},"inLanguage":"en-US","potentialAction":[{"@type":"ReadAction","target":["https:\/\/www.lesaubergisteslyonnais.fr\/en\/blog\/natexpo-2026-in-lyon-where-to-stay-for-the-natexpo-show-on-september-28-and-29-2026\/"]}]},{"@type":"ImageObject","inLanguage":"en-US","@id":"https:\/\/www.lesaubergisteslyonnais.fr\/en\/blog\/natexpo-2026-in-lyon-where-to-stay-for-the-natexpo-show-on-september-28-and-29-2026\/#primaryimage","url":"https:\/\/www.lesaubergisteslyonnais.fr\/wp-content\/uploads\/2026\/04\/Logement-Natexpo-2026-Lyon.jpg","contentUrl":"https:\/\/www.lesaubergisteslyonnais.fr\/wp-content\/uploads\/2026\/04\/Logement-Natexpo-2026-Lyon.jpg","width":1816,"height":1211,"caption":"Accommodation Natexpo 2026 Lyon"},{"@type":"BreadcrumbList","@id":"https:\/\/www.lesaubergisteslyonnais.fr\/en\/blog\/natexpo-2026-in-lyon-where-to-stay-for-the-natexpo-show-on-september-28-and-29-2026\/#breadcrumb","itemListElement":[{"@type":"ListItem","position":1,"name":"Home","item":"https:\/\/www.lesaubergisteslyonnais.fr\/en\/"},{"@type":"ListItem","position":2,"name":"Events in Lyon","item":"https:\/\/www.lesaubergisteslyonnais.fr\/en\/blog\/events-in-lyon\/"},{"@type":"ListItem","position":3,"name":"Natexpo 2026 in Lyon: where to stay for the Natexpo show on September 28 and 29, 2026?"}]},{"@type":"WebSite","@id":"https:\/\/www.lesaubergisteslyonnais.fr\/en\/#website","url":"https:\/\/www.lesaubergisteslyonnais.fr\/en\/","name":"Globe Cecil","description":"H\u00f4tel 4 \u00e9toiles \u00e0 Lyon","publisher":{"@id":"https:\/\/www.lesaubergisteslyonnais.fr\/en\/#organization"},"potentialAction":[{"@type":"SearchAction","target":{"@type":"EntryPoint","urlTemplate":"https:\/\/www.lesaubergisteslyonnais.fr\/en\/?s={search_term_string}"},"query-input":{"@type":"PropertyValueSpecification","valueRequired":true,"valueName":"search_term_string"}}],"inLanguage":"en-US"},{"@type":"Organization","@id":"https:\/\/www.lesaubergisteslyonnais.fr\/en\/#organization","name":"Globe Cecil","url":"https:\/\/www.lesaubergisteslyonnais.fr\/en\/","logo":{"@type":"ImageObject","inLanguage":"en-US","@id":"https:\/\/www.lesaubergisteslyonnais.fr\/en\/#\/schema\/logo\/image\/","url":"https:\/\/www.lesaubergisteslyonnais.fr\/wp-content\/uploads\/2025\/05\/LOGO-Aubergistes-Lyonnais-White.svg","contentUrl":"https:\/\/www.lesaubergisteslyonnais.fr\/wp-content\/uploads\/2025\/05\/LOGO-Aubergistes-Lyonnais-White.svg","width":558,"height":127,"caption":"Globe Cecil"},"image":{"@id":"https:\/\/www.lesaubergisteslyonnais.fr\/en\/#\/schema\/logo\/image\/"}},{"@type":"Person","@id":"https:\/\/www.lesaubergisteslyonnais.fr\/en\/#\/schema\/person\/c9ad8aaa310cf3773c44da9346226d73","name":"mhanne","image":{"@type":"ImageObject","inLanguage":"en-US","@id":"https:\/\/secure.gravatar.com\/avatar\/72d879656aed35d1f15c5fe69b9505b2eab1441915934792d3707a84506bc76a?s=96&d=mm&r=g","url":"https:\/\/secure.gravatar.com\/avatar\/72d879656aed35d1f15c5fe69b9505b2eab1441915934792d3707a84506bc76a?s=96&d=mm&r=g","contentUrl":"https:\/\/secure.gravatar.com\/avatar\/72d879656aed35d1f15c5fe69b9505b2eab1441915934792d3707a84506bc76a?s=96&d=mm&r=g","caption":"mhanne"},"url":"https:\/\/www.lesaubergisteslyonnais.fr\/en\/author\/mhanne\/"}]}},"_links":{"self":[{"href":"https:\/\/www.lesaubergisteslyonnais.fr\/en\/wp-json\/wp\/v2\/posts\/9848","targetHints":{"allow":["GET"]}}],"collection":[{"href":"https:\/\/www.lesaubergisteslyonnais.fr\/en\/wp-json\/wp\/v2\/posts"}],"about":[{"href":"https:\/\/www.lesaubergisteslyonnais.fr\/en\/wp-json\/wp\/v2\/types\/post"}],"author":[{"embeddable":true,"href":"https:\/\/www.lesaubergisteslyonnais.fr\/en\/wp-json\/wp\/v2\/users\/10"}],"replies":[{"embeddable":true,"href":"https:\/\/www.lesaubergisteslyonnais.fr\/en\/wp-json\/wp\/v2\/comments?post=9848"}],"version-history":[{"count":2,"href":"https:\/\/www.lesaubergisteslyonnais.fr\/en\/wp-json\/wp\/v2\/posts\/9848\/revisions"}],"predecessor-version":[{"id":9939,"href":"https:\/\/www.lesaubergisteslyonnais.fr\/en\/wp-json\/wp\/v2\/posts\/9848\/revisions\/9939"}],"wp:featuredmedia":[{"embeddable":true,"href":"https:\/\/www.lesaubergisteslyonnais.fr\/en\/wp-json\/wp\/v2\/media\/9849"}],"wp:attachment":[{"href":"https:\/\/www.lesaubergisteslyonnais.fr\/en\/wp-json\/wp\/v2\/media?parent=9848"}],"wp:term":[{"taxonomy":"category","embeddable":true,"href":"https:\/\/www.lesaubergisteslyonnais.fr\/en\/wp-json\/wp\/v2\/categories?post=9848"},{"taxonomy":"post_tag","embeddable":true,"href":"https:\/\/www.lesaubergisteslyonnais.fr\/en\/wp-json\/wp\/v2\/tags?post=9848"}],"curies":[{"name":"wp","href":"https:\/\/api.w.org\/{rel}","templated":true}]}}