{"id":9672,"date":"2026-02-25T13:40:10","date_gmt":"2026-02-25T12:40:10","guid":{"rendered":"https:\/\/www.lesaubergisteslyonnais.fr\/lyon-urban-trail-march-29-2026\/"},"modified":"2026-04-17T09:26:52","modified_gmt":"2026-04-17T07:26:52","slug":"lyon-urban-trail-march-29-2026","status":"publish","type":"post","link":"https:\/\/www.lesaubergisteslyonnais.fr\/en\/blog\/lyon-urban-trail-march-29-2026\/","title":{"rendered":"Lyon Urban Trail March 29, 2026"},"content":{"rendered":"\n<section class=\"heading wp-elements-827011e4c522d7586fd07f86b405efe9 wp-elements-827011e4c522d7586fd07f86b405efe9 wp-block-acf-heading has-text-color has-primary-color has-background has-white-100-background-color\">\n\t<div class=\"heading__container\">\n\t\t\t\t\t<div class=\"heading__background-picture\">\n\t\t\t\t<img decoding=\"async\" width=\"2048\" height=\"1360\" src=\"https:\/\/www.lesaubergisteslyonnais.fr\/wp-content\/uploads\/2026\/02\/urban-vintage-8TJbrQGKFyU-unsplash-scaled.jpg\" class=\"attachment-full size-full\" alt=\"lyon urban trail\" fetchpriority=\"high\" srcset=\"https:\/\/www.lesaubergisteslyonnais.fr\/wp-content\/uploads\/2026\/02\/urban-vintage-8TJbrQGKFyU-unsplash-scaled.jpg 2048w, https:\/\/www.lesaubergisteslyonnais.fr\/wp-content\/uploads\/2026\/02\/urban-vintage-8TJbrQGKFyU-unsplash-600x398.jpg 600w, https:\/\/www.lesaubergisteslyonnais.fr\/wp-content\/uploads\/2026\/02\/urban-vintage-8TJbrQGKFyU-unsplash-1400x930.jpg 1400w, https:\/\/www.lesaubergisteslyonnais.fr\/wp-content\/uploads\/2026\/02\/urban-vintage-8TJbrQGKFyU-unsplash-768x510.jpg 768w, https:\/\/www.lesaubergisteslyonnais.fr\/wp-content\/uploads\/2026\/02\/urban-vintage-8TJbrQGKFyU-unsplash-1536x1020.jpg 1536w\" sizes=\"(max-width: 2048px) 100vw, 2048px\" \/>\t\t\t<\/div>\n\t\t\t\t<div class=\"heading__layout\">\n\t\t\t<div class=\"heading__content-wrapper has-white-100-background-color\">\n\t\t\t\t<div class=\"heading__content has-white-100-background-color\">\n\t\t\t\t\t\t\t\t\t<p id=\"breadcrumbs\"><span><span><a href=\"https:\/\/www.lesaubergisteslyonnais.fr\/en\/\">Home<\/a><\/span><\/span><\/p>\t\t\t\t\t\t\t\t\t<div class=\"acf-innerblocks-container\">\n\n<div class=\"wp-block-group heading-content-group is-layout-grid wp-container-core-group-is-layout-96b258e4 wp-block-group-is-layout-grid\">\n<h1 class=\"wp-block-heading has-text-align-left heading__title has-primary-color has-text-color has-xx-large-font-size wp-container-content-32a3e683\"><strong>Lyon Urban Trail March 29, 2026<\/strong><\/h1>\n<\/div>\n\n<\/div>\n\t\t\t\t<\/div>\n\t\t\t\t\t\t\t<\/div>\n\t\t<\/div>\n\t<\/div>\n<\/section>\n\n\n<div class=\"wp-block-group has-global-padding is-layout-constrained wp-container-core-group-is-layout-afcd3024 wp-block-group-is-layout-constrained\" style=\"padding-top:var(--wp--preset--spacing--theme-default);padding-bottom:var(--wp--preset--spacing--theme-default)\">\n<h3 class=\"wp-block-heading has-text-align-center\"><strong>What is the Lyon Urban Trail?<\/strong><\/h3>\n\n\n\n<p>On March 29, Lyon is transformed into an adventure playground. The Lyon Urban Trail is a race like no other: here, you cross a living, vertical city, sometimes demanding, always spectacular. Endless staircases, cobbled alleyways, secret passages, straightforward climbs and breathtaking panoramas&#8230; Each stride tells the story of a piece of the city.  <\/p>\n\n\n\n<p>Whether you register for a short or long format in autumn or winter, one thing is certain: the LUT (for those in the know) is prepared differently from a classic 10 km.<\/p>\n<\/div>\n\n<div class=\"wp-block-group has-secondary-background-color has-background has-global-padding is-layout-constrained wp-container-core-group-is-layout-14055b84 wp-block-group-is-layout-constrained\" style=\"padding-top:var(--wp--preset--spacing--theme-default);padding-right:var(--wp--preset--spacing--theme-default);padding-bottom:var(--wp--preset--spacing--theme-default);padding-left:var(--wp--preset--spacing--theme-default)\">\n<h3 class=\"wp-block-heading has-text-align-center\"><strong><strong><strong>A <mark class=\"has-inline-color has-primary-color\">unique<\/mark> route: between heritage and slopes<\/strong><\/strong><\/strong><\/h3>\n\n\n\n<p>The route takes in emblematic places: the slopes of the Croix-Rousse, the dizzying staircases linking the quays to the heights, the traboules of Vieux Lyon, the passages in the heart of Vieux Lyon, a UNESCO World Heritage site, places usually closed to the public (e.g. the inside of a school) and the climbs up to Fourvi\u00e8re.<\/p>\n\n\n\n<p>Charm is part of the challenge. Relaunches are frequent, the ground changes (cobblestones, asphalt, stairs), and the gradient is sometimes surprising. Here, you don&#8217;t &#8220;run a stopwatch&#8221; like elsewhere: you live an experience.<\/p>\n\n\n\n<div class=\"wp-block-group is-layout-flow wp-block-group-is-layout-flow\">\n<figure class=\"wp-block-image size-full has-custom-border is-style-default wp-duotone-unset-1\"><img decoding=\"async\" width=\"390\" height=\"259\" src=\"https:\/\/www.lesaubergisteslyonnais.fr\/wp-content\/uploads\/2026\/02\/Capture-decran-2026-02-25-a-13.28.06.png\" alt=\"Screenshot 2026 02 25 at 13.28.06\" class=\"wp-image-9652\" style=\"border-style:none;border-width:0px;border-top-left-radius:0px;border-top-right-radius:0px;border-bottom-left-radius:0px;border-bottom-right-radius:0px;aspect-ratio:4\/3;object-fit:cover\"\/><figcaption class=\"wp-element-caption\">Photo from the official Lyon Urban Trail website.<\/figcaption><\/figure>\n<\/div>\n<\/div>\n\n<div class=\"wp-block-group has-white-background-color has-background has-global-padding is-layout-constrained wp-container-core-group-is-layout-14055b84 wp-block-group-is-layout-constrained\" style=\"padding-top:var(--wp--preset--spacing--theme-default);padding-right:var(--wp--preset--spacing--theme-default);padding-bottom:var(--wp--preset--spacing--theme-default);padding-left:var(--wp--preset--spacing--theme-default)\">\n<h3 class=\"wp-block-heading has-text-align-center\"><strong><strong><strong>Tips for a successful Lyon Urban Trail<\/strong> <\/strong><\/strong><\/h3>\n\n\n\n<p><strong>1. Work on the gradient beforehand<\/strong><br\/>Include sessions with short, intense staircases or climbs. The Lyonnais course is particularly hard on the quadriceps, especially on the downhill sections. <\/p>\n\n\n\n<p><strong>2. Manage your climbs intelligently<\/strong><br\/>There&#8217;s no need to run everything. On long flights of stairs, alternate running and brisk walking to save energy. <\/p>\n\n\n\n<p><strong>3. Choose your shoes carefully<\/strong><br\/>A good compromise between grip and dynamism is essential. Cobblestones can be slippery, especially in wet conditions. <\/p>\n\n\n\n<p><strong>4. Anticipate the logistics<\/strong><br\/>Arrive early, find the access points and plan an extra layer for waiting at the start. Late March mornings in Lyon can be chilly. <\/p>\n\n\n\n<p><strong>5. Recover as soon as you arrive<\/strong><br\/>Hydration, light stretching, active walking: the succession of downhill sections puts a lot of strain on the muscles.<\/p>\n\n\n\n<div class=\"wp-block-group is-layout-flow wp-block-group-is-layout-flow\" style=\"padding-top:0;padding-bottom:0\">\n<figure class=\"wp-block-image size-full\"><img decoding=\"async\" width=\"311\" height=\"466\" src=\"https:\/\/www.lesaubergisteslyonnais.fr\/wp-content\/uploads\/2026\/02\/Capture-decran-2026-02-25-a-13.28.32.png\" alt=\"Screenshot 2026 02 25 at 13.28.32\" class=\"wp-image-9654\"\/><figcaption class=\"wp-element-caption\">Photo from the official Lyon Urban Trail website.<\/figcaption><\/figure>\n<\/div>\n<\/div>\n\n<p><\/p>\n\n<p><\/p>\n\n<div class=\"wp-block-group has-secondary-background-color has-background has-global-padding is-layout-constrained wp-container-core-group-is-layout-14055b84 wp-block-group-is-layout-constrained\" style=\"padding-top:var(--wp--preset--spacing--theme-default);padding-right:var(--wp--preset--spacing--theme-default);padding-bottom:var(--wp--preset--spacing--theme-default);padding-left:var(--wp--preset--spacing--theme-default)\">\n<h3 class=\"wp-block-heading has-text-align-center\"><strong><strong><strong><strong>An inspiring weekend of <mark class=\"has-inline-color has-primary-color\">sport<\/mark> <\/strong><\/strong><\/strong><\/strong><\/h3>\n\n\n\n<p>Every year, the Lyon Urban Trail attracts runners from all over France and beyond. Many choose to make a complete weekend of it: sports on Saturday or Sunday, discovering the city, sharing time with friends or family.<\/p>\n\n\n\n<p>Running in Lyon also means looking up, crossing neighborhoods steeped in history, feeling the energy of a city that can&#8217;t be seen in a single glance. Pssst: for your information, the night race, which takes place in autumn, has been suffering from a rainy curse for some years now&#8230; If you&#8217;re waterproof, you&#8217;re fine!<\/p>\n\n\n\n<p>At Aubergistes Lyonnais, we&#8217;re particularly fond of this late March effervescence: passionate sportsmen and women, routes commented on at the table, tales of heroic climbs to Fourvi\u00e8re. We may not all be running on March 29, but we&#8217;re happy to share the enthusiasm.<\/p>\n\n\n\n<p>So, are you ready to take up the challenge of the Lyon Urban Trail 2026?<br\/>See you at the starting line, at the hotel, at the table and in the streets of Lyon.<\/p>\n\n\n\n<div class=\"wp-block-group is-layout-flow wp-block-group-is-layout-flow\">\n<figure class=\"wp-block-image size-full has-custom-border is-style-default wp-duotone-unset-2\"><img decoding=\"async\" width=\"390\" height=\"260\" src=\"https:\/\/www.lesaubergisteslyonnais.fr\/wp-content\/uploads\/2026\/02\/Capture-decran-2026-02-25-a-13.28.20.png\" alt=\"Screenshot 2026 02 25 at 13.28.20\" class=\"wp-image-9656\" style=\"border-style:none;border-width:0px;border-top-left-radius:0px;border-top-right-radius:0px;border-bottom-left-radius:0px;border-bottom-right-radius:0px;aspect-ratio:4\/3;object-fit:cover\"\/><figcaption class=\"wp-element-caption\">Photo from the official Lyon Urban Trail website.<\/figcaption><\/figure>\n\n\n\n<div class=\"wp-block-group has-global-padding is-layout-constrained wp-container-core-group-is-layout-afcd3024 wp-block-group-is-layout-constrained\" style=\"padding-top:var(--wp--preset--spacing--theme-default);padding-bottom:var(--wp--preset--spacing--theme-default)\">\n<h3 class=\"wp-block-heading has-text-align-center\"><strong>Where to stay during the Lyon Urban Trail?<\/strong><\/h3>\n\n\n\n<p>In our 3 city-center hotels, you can easily reach the departure areas while enjoying a warm and friendly environment. Our rooms combine comfort and tranquillity, ideal for a restful night&#8217;s sleep before the race. The right breakfast, logistical advice, flexible hours on the weekend of the event: we know that every detail counts when you&#8217;ve got a race number to hang up.<\/p>\n\n\n\n<p><strong>Live bookings on our websites: https: <\/strong><a href=\"https:\/\/globeetcecilhotel.com\">\/\/globeetcecilhotel.com<\/a>; <a href=\"https:\/\/www.hotel-phenix-lyon.fr\">https:\/\/www.hotel-phenix-lyon.fr<\/a>; <a href=\"https:\/\/www.hotel-simplon-lyon.com\">https:\/\/www.hotel-simplon-lyon.com.<\/a><\/p>\n\n\n\n<p><strong>Or write to us for a customized quote: reservations@lesaubergisteslyonnais.fr<\/strong><\/p>\n<\/div>\n<\/div>\n<\/div>\n\n<div class=\"wp-block-buttons is-content-justification-center is-layout-flex wp-container-core-buttons-is-layout-a89b3969 wp-block-buttons-is-layout-flex\">\n<div class=\"wp-block-button\"><a class=\"wp-block-button__link wp-element-button\" href=\"https:\/\/lyonurbantrail.com\/\">Official Lyon Urban Trail website<\/a><\/div>\n<\/div>\n\n<div class=\"wp-block-group has-white-background-color has-background is-content-justification-space-between is-nowrap is-layout-flex wp-container-core-group-is-layout-098ab513 wp-block-group-is-layout-flex\" style=\"padding-top:var(--wp--preset--spacing--theme-m);padding-right:var(--wp--preset--spacing--theme-s);padding-bottom:var(--wp--preset--spacing--theme-m);padding-left:var(--wp--preset--spacing--theme-s)\">\n\n<\/div>\n","protected":false},"excerpt":{"rendered":"<p>The Lyon Urban Trail returns on March 29 to transform Lyon into a huge open-air playground. Much more than just a race, this emblematic event combines sporting challenge and heritage discovery, with dizzying staircases, secret traboules and spectacular panoramas. A must for running enthusiasts looking for an urban experience as demanding as it is inspiring.<\/p>\n","protected":false},"author":3,"featured_media":9665,"comment_status":"closed","ping_status":"open","sticky":false,"template":"","format":"standard","meta":{"_acf_changed":false,"inline_featured_image":false,"footnotes":""},"categories":[54],"tags":[],"class_list":["post-9672","post","type-post","status-publish","format-standard","has-post-thumbnail","hentry","category-events-in-lyon"],"acf":[],"yoast_head":"<!-- This site is optimized with the Yoast SEO plugin v27.4 - https:\/\/yoast.com\/product\/yoast-seo-wordpress\/ -->\n<title>Lyon Urban Trail March 29, 2026 - Les Aubergistes Lyonnais<\/title>\n<meta name=\"description\" content=\"Les Aubergistes Lyonnais - Lyon Urban Trail March 29, 2026 . The Lyon Urban Trail returns on March 29 to transform Lyon into a huge open-air playground. Much more than just a race, this emblematic event combines sporting challenge and heritage discovery, with dizzying staircases, secret traboules and spectacular panoramas. A must for running enthusiasts looking for an urban experience as demanding as it is inspiring.\" \/>\n<meta name=\"robots\" content=\"index, follow, max-snippet:-1, max-image-preview:large, max-video-preview:-1\" \/>\n<link rel=\"canonical\" href=\"https:\/\/www.lesaubergisteslyonnais.fr\/en\/blog\/lyon-urban-trail-march-29-2026\/\" \/>\n<meta property=\"og:locale\" content=\"en_US\" \/>\n<meta property=\"og:type\" content=\"article\" \/>\n<meta property=\"og:title\" content=\"Lyon Urban Trail March 29, 2026 - Les Aubergistes Lyonnais\" \/>\n<meta property=\"og:description\" content=\"Les Aubergistes Lyonnais - Lyon Urban Trail March 29, 2026 . The Lyon Urban Trail returns on March 29 to transform Lyon into a huge open-air playground. Much more than just a race, this emblematic event combines sporting challenge and heritage discovery, with dizzying staircases, secret traboules and spectacular panoramas. A must for running enthusiasts looking for an urban experience as demanding as it is inspiring.\" \/>\n<meta property=\"og:url\" content=\"https:\/\/www.lesaubergisteslyonnais.fr\/en\/blog\/lyon-urban-trail-march-29-2026\/\" \/>\n<meta property=\"og:site_name\" content=\"Les Aubergistes Lyonnais\" \/>\n<meta property=\"article:published_time\" content=\"2026-02-25T12:40:10+00:00\" \/>\n<meta property=\"article:modified_time\" content=\"2026-04-17T07:26:52+00:00\" \/>\n<meta property=\"og:image\" content=\"https:\/\/www.lesaubergisteslyonnais.fr\/wp-content\/uploads\/2026\/02\/urban-vintage-8TJbrQGKFyU-unsplash-scaled.jpg\" \/>\n\t<meta property=\"og:image:width\" content=\"2048\" \/>\n\t<meta property=\"og:image:height\" content=\"1360\" \/>\n\t<meta property=\"og:image:type\" content=\"image\/jpeg\" \/>\n<meta name=\"author\" content=\"eluquet\" \/>\n<meta name=\"twitter:card\" content=\"summary_large_image\" \/>\n<meta name=\"twitter:label1\" content=\"Written by\" \/>\n\t<meta name=\"twitter:data1\" content=\"eluquet\" \/>\n\t<meta name=\"twitter:label2\" content=\"Est. reading time\" \/>\n\t<meta name=\"twitter:data2\" content=\"3 minutes\" \/>\n<script type=\"application\/ld+json\" class=\"yoast-schema-graph\">{\"@context\":\"https:\\\/\\\/schema.org\",\"@graph\":[{\"@type\":\"Article\",\"@id\":\"https:\\\/\\\/www.lesaubergisteslyonnais.fr\\\/en\\\/blog\\\/lyon-urban-trail-march-29-2026\\\/#article\",\"isPartOf\":{\"@id\":\"https:\\\/\\\/www.lesaubergisteslyonnais.fr\\\/en\\\/blog\\\/lyon-urban-trail-march-29-2026\\\/\"},\"author\":{\"name\":\"eluquet\",\"@id\":\"https:\\\/\\\/www.lesaubergisteslyonnais.fr\\\/en\\\/#\\\/schema\\\/person\\\/e4ac4e9bc69cd2894d15d6ace15a9f68\"},\"headline\":\"Lyon Urban Trail March 29, 2026\",\"datePublished\":\"2026-02-25T12:40:10+00:00\",\"dateModified\":\"2026-04-17T07:26:52+00:00\",\"mainEntityOfPage\":{\"@id\":\"https:\\\/\\\/www.lesaubergisteslyonnais.fr\\\/en\\\/blog\\\/lyon-urban-trail-march-29-2026\\\/\"},\"wordCount\":629,\"publisher\":{\"@id\":\"https:\\\/\\\/www.lesaubergisteslyonnais.fr\\\/en\\\/#organization\"},\"image\":{\"@id\":\"https:\\\/\\\/www.lesaubergisteslyonnais.fr\\\/en\\\/blog\\\/lyon-urban-trail-march-29-2026\\\/#primaryimage\"},\"thumbnailUrl\":\"https:\\\/\\\/www.lesaubergisteslyonnais.fr\\\/wp-content\\\/uploads\\\/2026\\\/02\\\/urban-vintage-8TJbrQGKFyU-unsplash-scaled.jpg\",\"articleSection\":[\"Events in Lyon\"],\"inLanguage\":\"en-US\"},{\"@type\":\"WebPage\",\"@id\":\"https:\\\/\\\/www.lesaubergisteslyonnais.fr\\\/en\\\/blog\\\/lyon-urban-trail-march-29-2026\\\/\",\"url\":\"https:\\\/\\\/www.lesaubergisteslyonnais.fr\\\/en\\\/blog\\\/lyon-urban-trail-march-29-2026\\\/\",\"name\":\"Lyon Urban Trail March 29, 2026 - Les Aubergistes Lyonnais\",\"isPartOf\":{\"@id\":\"https:\\\/\\\/www.lesaubergisteslyonnais.fr\\\/en\\\/#website\"},\"primaryImageOfPage\":{\"@id\":\"https:\\\/\\\/www.lesaubergisteslyonnais.fr\\\/en\\\/blog\\\/lyon-urban-trail-march-29-2026\\\/#primaryimage\"},\"image\":{\"@id\":\"https:\\\/\\\/www.lesaubergisteslyonnais.fr\\\/en\\\/blog\\\/lyon-urban-trail-march-29-2026\\\/#primaryimage\"},\"thumbnailUrl\":\"https:\\\/\\\/www.lesaubergisteslyonnais.fr\\\/wp-content\\\/uploads\\\/2026\\\/02\\\/urban-vintage-8TJbrQGKFyU-unsplash-scaled.jpg\",\"datePublished\":\"2026-02-25T12:40:10+00:00\",\"dateModified\":\"2026-04-17T07:26:52+00:00\",\"description\":\"Les Aubergistes Lyonnais - Lyon Urban Trail March 29, 2026 . The Lyon Urban Trail returns on March 29 to transform Lyon into a huge open-air playground. Much more than just a race, this emblematic event combines sporting challenge and heritage discovery, with dizzying staircases, secret traboules and spectacular panoramas. A must for running enthusiasts looking for an urban experience as demanding as it is inspiring.\",\"breadcrumb\":{\"@id\":\"https:\\\/\\\/www.lesaubergisteslyonnais.fr\\\/en\\\/blog\\\/lyon-urban-trail-march-29-2026\\\/#breadcrumb\"},\"inLanguage\":\"en-US\",\"potentialAction\":[{\"@type\":\"ReadAction\",\"target\":[\"https:\\\/\\\/www.lesaubergisteslyonnais.fr\\\/en\\\/blog\\\/lyon-urban-trail-march-29-2026\\\/\"]}]},{\"@type\":\"ImageObject\",\"inLanguage\":\"en-US\",\"@id\":\"https:\\\/\\\/www.lesaubergisteslyonnais.fr\\\/en\\\/blog\\\/lyon-urban-trail-march-29-2026\\\/#primaryimage\",\"url\":\"https:\\\/\\\/www.lesaubergisteslyonnais.fr\\\/wp-content\\\/uploads\\\/2026\\\/02\\\/urban-vintage-8TJbrQGKFyU-unsplash-scaled.jpg\",\"contentUrl\":\"https:\\\/\\\/www.lesaubergisteslyonnais.fr\\\/wp-content\\\/uploads\\\/2026\\\/02\\\/urban-vintage-8TJbrQGKFyU-unsplash-scaled.jpg\",\"width\":2048,\"height\":1360,\"caption\":\"lyon urban trail\"},{\"@type\":\"BreadcrumbList\",\"@id\":\"https:\\\/\\\/www.lesaubergisteslyonnais.fr\\\/en\\\/blog\\\/lyon-urban-trail-march-29-2026\\\/#breadcrumb\",\"itemListElement\":[{\"@type\":\"ListItem\",\"position\":1,\"name\":\"Home\",\"item\":\"https:\\\/\\\/www.lesaubergisteslyonnais.fr\\\/en\\\/\"},{\"@type\":\"ListItem\",\"position\":2,\"name\":\"Events in Lyon\",\"item\":\"https:\\\/\\\/www.lesaubergisteslyonnais.fr\\\/en\\\/blog\\\/events-in-lyon\\\/\"},{\"@type\":\"ListItem\",\"position\":3,\"name\":\"Lyon Urban Trail March 29, 2026\"}]},{\"@type\":\"WebSite\",\"@id\":\"https:\\\/\\\/www.lesaubergisteslyonnais.fr\\\/en\\\/#website\",\"url\":\"https:\\\/\\\/www.lesaubergisteslyonnais.fr\\\/en\\\/\",\"name\":\"Globe Cecil\",\"description\":\"H\u00f4tel 4 \u00e9toiles \u00e0 Lyon\",\"publisher\":{\"@id\":\"https:\\\/\\\/www.lesaubergisteslyonnais.fr\\\/en\\\/#organization\"},\"potentialAction\":[{\"@type\":\"SearchAction\",\"target\":{\"@type\":\"EntryPoint\",\"urlTemplate\":\"https:\\\/\\\/www.lesaubergisteslyonnais.fr\\\/en\\\/?s={search_term_string}\"},\"query-input\":{\"@type\":\"PropertyValueSpecification\",\"valueRequired\":true,\"valueName\":\"search_term_string\"}}],\"inLanguage\":\"en-US\"},{\"@type\":\"Organization\",\"@id\":\"https:\\\/\\\/www.lesaubergisteslyonnais.fr\\\/en\\\/#organization\",\"name\":\"Globe Cecil\",\"url\":\"https:\\\/\\\/www.lesaubergisteslyonnais.fr\\\/en\\\/\",\"logo\":{\"@type\":\"ImageObject\",\"inLanguage\":\"en-US\",\"@id\":\"https:\\\/\\\/www.lesaubergisteslyonnais.fr\\\/en\\\/#\\\/schema\\\/logo\\\/image\\\/\",\"url\":\"https:\\\/\\\/www.lesaubergisteslyonnais.fr\\\/wp-content\\\/uploads\\\/2025\\\/05\\\/LOGO-Aubergistes-Lyonnais-White.svg\",\"contentUrl\":\"https:\\\/\\\/www.lesaubergisteslyonnais.fr\\\/wp-content\\\/uploads\\\/2025\\\/05\\\/LOGO-Aubergistes-Lyonnais-White.svg\",\"width\":558,\"height\":127,\"caption\":\"Globe Cecil\"},\"image\":{\"@id\":\"https:\\\/\\\/www.lesaubergisteslyonnais.fr\\\/en\\\/#\\\/schema\\\/logo\\\/image\\\/\"}},{\"@type\":\"Person\",\"@id\":\"https:\\\/\\\/www.lesaubergisteslyonnais.fr\\\/en\\\/#\\\/schema\\\/person\\\/e4ac4e9bc69cd2894d15d6ace15a9f68\",\"name\":\"eluquet\",\"image\":{\"@type\":\"ImageObject\",\"inLanguage\":\"en-US\",\"@id\":\"https:\\\/\\\/secure.gravatar.com\\\/avatar\\\/442dc35ef11b7d2998eb3e3b34cffb58fb8c292b4147875dabe42b2c036c4d84?s=96&d=mm&r=g\",\"url\":\"https:\\\/\\\/secure.gravatar.com\\\/avatar\\\/442dc35ef11b7d2998eb3e3b34cffb58fb8c292b4147875dabe42b2c036c4d84?s=96&d=mm&r=g\",\"contentUrl\":\"https:\\\/\\\/secure.gravatar.com\\\/avatar\\\/442dc35ef11b7d2998eb3e3b34cffb58fb8c292b4147875dabe42b2c036c4d84?s=96&d=mm&r=g\",\"caption\":\"eluquet\"},\"url\":\"https:\\\/\\\/www.lesaubergisteslyonnais.fr\\\/en\\\/author\\\/eluquet69\\\/\"}]}<\/script>\n<!-- \/ Yoast SEO plugin. -->","yoast_head_json":{"title":"Lyon Urban Trail March 29, 2026 - Les Aubergistes Lyonnais","description":"Les Aubergistes Lyonnais - Lyon Urban Trail March 29, 2026 . The Lyon Urban Trail returns on March 29 to transform Lyon into a huge open-air playground. Much more than just a race, this emblematic event combines sporting challenge and heritage discovery, with dizzying staircases, secret traboules and spectacular panoramas. A must for running enthusiasts looking for an urban experience as demanding as it is inspiring.","robots":{"index":"index","follow":"follow","max-snippet":"max-snippet:-1","max-image-preview":"max-image-preview:large","max-video-preview":"max-video-preview:-1"},"canonical":"https:\/\/www.lesaubergisteslyonnais.fr\/en\/blog\/lyon-urban-trail-march-29-2026\/","og_locale":"en_US","og_type":"article","og_title":"Lyon Urban Trail March 29, 2026 - Les Aubergistes Lyonnais","og_description":"Les Aubergistes Lyonnais - Lyon Urban Trail March 29, 2026 . The Lyon Urban Trail returns on March 29 to transform Lyon into a huge open-air playground. Much more than just a race, this emblematic event combines sporting challenge and heritage discovery, with dizzying staircases, secret traboules and spectacular panoramas. A must for running enthusiasts looking for an urban experience as demanding as it is inspiring.","og_url":"https:\/\/www.lesaubergisteslyonnais.fr\/en\/blog\/lyon-urban-trail-march-29-2026\/","og_site_name":"Les Aubergistes Lyonnais","article_published_time":"2026-02-25T12:40:10+00:00","article_modified_time":"2026-04-17T07:26:52+00:00","og_image":[{"width":2048,"height":1360,"url":"https:\/\/www.lesaubergisteslyonnais.fr\/wp-content\/uploads\/2026\/02\/urban-vintage-8TJbrQGKFyU-unsplash-scaled.jpg","type":"image\/jpeg"}],"author":"eluquet","twitter_card":"summary_large_image","twitter_misc":{"Written by":"eluquet","Est. reading time":"3 minutes"},"schema":{"@context":"https:\/\/schema.org","@graph":[{"@type":"Article","@id":"https:\/\/www.lesaubergisteslyonnais.fr\/en\/blog\/lyon-urban-trail-march-29-2026\/#article","isPartOf":{"@id":"https:\/\/www.lesaubergisteslyonnais.fr\/en\/blog\/lyon-urban-trail-march-29-2026\/"},"author":{"name":"eluquet","@id":"https:\/\/www.lesaubergisteslyonnais.fr\/en\/#\/schema\/person\/e4ac4e9bc69cd2894d15d6ace15a9f68"},"headline":"Lyon Urban Trail March 29, 2026","datePublished":"2026-02-25T12:40:10+00:00","dateModified":"2026-04-17T07:26:52+00:00","mainEntityOfPage":{"@id":"https:\/\/www.lesaubergisteslyonnais.fr\/en\/blog\/lyon-urban-trail-march-29-2026\/"},"wordCount":629,"publisher":{"@id":"https:\/\/www.lesaubergisteslyonnais.fr\/en\/#organization"},"image":{"@id":"https:\/\/www.lesaubergisteslyonnais.fr\/en\/blog\/lyon-urban-trail-march-29-2026\/#primaryimage"},"thumbnailUrl":"https:\/\/www.lesaubergisteslyonnais.fr\/wp-content\/uploads\/2026\/02\/urban-vintage-8TJbrQGKFyU-unsplash-scaled.jpg","articleSection":["Events in Lyon"],"inLanguage":"en-US"},{"@type":"WebPage","@id":"https:\/\/www.lesaubergisteslyonnais.fr\/en\/blog\/lyon-urban-trail-march-29-2026\/","url":"https:\/\/www.lesaubergisteslyonnais.fr\/en\/blog\/lyon-urban-trail-march-29-2026\/","name":"Lyon Urban Trail March 29, 2026 - Les Aubergistes Lyonnais","isPartOf":{"@id":"https:\/\/www.lesaubergisteslyonnais.fr\/en\/#website"},"primaryImageOfPage":{"@id":"https:\/\/www.lesaubergisteslyonnais.fr\/en\/blog\/lyon-urban-trail-march-29-2026\/#primaryimage"},"image":{"@id":"https:\/\/www.lesaubergisteslyonnais.fr\/en\/blog\/lyon-urban-trail-march-29-2026\/#primaryimage"},"thumbnailUrl":"https:\/\/www.lesaubergisteslyonnais.fr\/wp-content\/uploads\/2026\/02\/urban-vintage-8TJbrQGKFyU-unsplash-scaled.jpg","datePublished":"2026-02-25T12:40:10+00:00","dateModified":"2026-04-17T07:26:52+00:00","description":"Les Aubergistes Lyonnais - Lyon Urban Trail March 29, 2026 . The Lyon Urban Trail returns on March 29 to transform Lyon into a huge open-air playground. Much more than just a race, this emblematic event combines sporting challenge and heritage discovery, with dizzying staircases, secret traboules and spectacular panoramas. A must for running enthusiasts looking for an urban experience as demanding as it is inspiring.","breadcrumb":{"@id":"https:\/\/www.lesaubergisteslyonnais.fr\/en\/blog\/lyon-urban-trail-march-29-2026\/#breadcrumb"},"inLanguage":"en-US","potentialAction":[{"@type":"ReadAction","target":["https:\/\/www.lesaubergisteslyonnais.fr\/en\/blog\/lyon-urban-trail-march-29-2026\/"]}]},{"@type":"ImageObject","inLanguage":"en-US","@id":"https:\/\/www.lesaubergisteslyonnais.fr\/en\/blog\/lyon-urban-trail-march-29-2026\/#primaryimage","url":"https:\/\/www.lesaubergisteslyonnais.fr\/wp-content\/uploads\/2026\/02\/urban-vintage-8TJbrQGKFyU-unsplash-scaled.jpg","contentUrl":"https:\/\/www.lesaubergisteslyonnais.fr\/wp-content\/uploads\/2026\/02\/urban-vintage-8TJbrQGKFyU-unsplash-scaled.jpg","width":2048,"height":1360,"caption":"lyon urban trail"},{"@type":"BreadcrumbList","@id":"https:\/\/www.lesaubergisteslyonnais.fr\/en\/blog\/lyon-urban-trail-march-29-2026\/#breadcrumb","itemListElement":[{"@type":"ListItem","position":1,"name":"Home","item":"https:\/\/www.lesaubergisteslyonnais.fr\/en\/"},{"@type":"ListItem","position":2,"name":"Events in Lyon","item":"https:\/\/www.lesaubergisteslyonnais.fr\/en\/blog\/events-in-lyon\/"},{"@type":"ListItem","position":3,"name":"Lyon Urban Trail March 29, 2026"}]},{"@type":"WebSite","@id":"https:\/\/www.lesaubergisteslyonnais.fr\/en\/#website","url":"https:\/\/www.lesaubergisteslyonnais.fr\/en\/","name":"Globe Cecil","description":"H\u00f4tel 4 \u00e9toiles \u00e0 Lyon","publisher":{"@id":"https:\/\/www.lesaubergisteslyonnais.fr\/en\/#organization"},"potentialAction":[{"@type":"SearchAction","target":{"@type":"EntryPoint","urlTemplate":"https:\/\/www.lesaubergisteslyonnais.fr\/en\/?s={search_term_string}"},"query-input":{"@type":"PropertyValueSpecification","valueRequired":true,"valueName":"search_term_string"}}],"inLanguage":"en-US"},{"@type":"Organization","@id":"https:\/\/www.lesaubergisteslyonnais.fr\/en\/#organization","name":"Globe Cecil","url":"https:\/\/www.lesaubergisteslyonnais.fr\/en\/","logo":{"@type":"ImageObject","inLanguage":"en-US","@id":"https:\/\/www.lesaubergisteslyonnais.fr\/en\/#\/schema\/logo\/image\/","url":"https:\/\/www.lesaubergisteslyonnais.fr\/wp-content\/uploads\/2025\/05\/LOGO-Aubergistes-Lyonnais-White.svg","contentUrl":"https:\/\/www.lesaubergisteslyonnais.fr\/wp-content\/uploads\/2025\/05\/LOGO-Aubergistes-Lyonnais-White.svg","width":558,"height":127,"caption":"Globe Cecil"},"image":{"@id":"https:\/\/www.lesaubergisteslyonnais.fr\/en\/#\/schema\/logo\/image\/"}},{"@type":"Person","@id":"https:\/\/www.lesaubergisteslyonnais.fr\/en\/#\/schema\/person\/e4ac4e9bc69cd2894d15d6ace15a9f68","name":"eluquet","image":{"@type":"ImageObject","inLanguage":"en-US","@id":"https:\/\/secure.gravatar.com\/avatar\/442dc35ef11b7d2998eb3e3b34cffb58fb8c292b4147875dabe42b2c036c4d84?s=96&d=mm&r=g","url":"https:\/\/secure.gravatar.com\/avatar\/442dc35ef11b7d2998eb3e3b34cffb58fb8c292b4147875dabe42b2c036c4d84?s=96&d=mm&r=g","contentUrl":"https:\/\/secure.gravatar.com\/avatar\/442dc35ef11b7d2998eb3e3b34cffb58fb8c292b4147875dabe42b2c036c4d84?s=96&d=mm&r=g","caption":"eluquet"},"url":"https:\/\/www.lesaubergisteslyonnais.fr\/en\/author\/eluquet69\/"}]}},"_links":{"self":[{"href":"https:\/\/www.lesaubergisteslyonnais.fr\/en\/wp-json\/wp\/v2\/posts\/9672","targetHints":{"allow":["GET"]}}],"collection":[{"href":"https:\/\/www.lesaubergisteslyonnais.fr\/en\/wp-json\/wp\/v2\/posts"}],"about":[{"href":"https:\/\/www.lesaubergisteslyonnais.fr\/en\/wp-json\/wp\/v2\/types\/post"}],"author":[{"embeddable":true,"href":"https:\/\/www.lesaubergisteslyonnais.fr\/en\/wp-json\/wp\/v2\/users\/3"}],"replies":[{"embeddable":true,"href":"https:\/\/www.lesaubergisteslyonnais.fr\/en\/wp-json\/wp\/v2\/comments?post=9672"}],"version-history":[{"count":5,"href":"https:\/\/www.lesaubergisteslyonnais.fr\/en\/wp-json\/wp\/v2\/posts\/9672\/revisions"}],"predecessor-version":[{"id":9834,"href":"https:\/\/www.lesaubergisteslyonnais.fr\/en\/wp-json\/wp\/v2\/posts\/9672\/revisions\/9834"}],"wp:featuredmedia":[{"embeddable":true,"href":"https:\/\/www.lesaubergisteslyonnais.fr\/en\/wp-json\/wp\/v2\/media\/9665"}],"wp:attachment":[{"href":"https:\/\/www.lesaubergisteslyonnais.fr\/en\/wp-json\/wp\/v2\/media?parent=9672"}],"wp:term":[{"taxonomy":"category","embeddable":true,"href":"https:\/\/www.lesaubergisteslyonnais.fr\/en\/wp-json\/wp\/v2\/categories?post=9672"},{"taxonomy":"post_tag","embeddable":true,"href":"https:\/\/www.lesaubergisteslyonnais.fr\/en\/wp-json\/wp\/v2\/tags?post=9672"}],"curies":[{"name":"wp","href":"https:\/\/api.w.org\/{rel}","templated":true}]}}