{"id":9491,"date":"2026-01-08T17:15:17","date_gmt":"2026-01-08T16:15:17","guid":{"rendered":"https:\/\/www.lesaubergisteslyonnais.fr\/eurobois-2026-in-lyon-where-to-stay-during-eurobois-from-february-3-to-6\/"},"modified":"2026-04-17T09:26:37","modified_gmt":"2026-04-17T07:26:37","slug":"eurobois-2026-in-lyon-where-to-stay-during-eurobois-from-february-3-to-6","status":"publish","type":"post","link":"https:\/\/www.lesaubergisteslyonnais.fr\/en\/blog\/eurobois-2026-in-lyon-where-to-stay-during-eurobois-from-february-3-to-6\/","title":{"rendered":"Eurobois 2026 in Lyon: where to stay during Eurobois from February 3 to 6?"},"content":{"rendered":"\n<section class=\"heading wp-elements-c946c310bc66498ee5491629bfc31c9a wp-elements-c946c310bc66498ee5491629bfc31c9a wp-block-acf-heading has-text-color has-primary-color has-background has-white-100-background-color\">\n\t<div class=\"heading__container\">\n\t\t\t\t\t<div class=\"heading__background-picture\">\n\t\t\t\t<img decoding=\"async\" width=\"1200\" height=\"611\" src=\"https:\/\/www.lesaubergisteslyonnais.fr\/wp-content\/uploads\/2025\/12\/EurexpoLyon\u00a9IngridMoya_HD_3.jpg\" class=\"attachment-full size-full\" alt=\"CTCO and C!Print Lyon 2026 trade shows\" fetchpriority=\"high\" srcset=\"https:\/\/www.lesaubergisteslyonnais.fr\/wp-content\/uploads\/2025\/12\/EurexpoLyon\u00a9IngridMoya_HD_3.jpg 1200w, https:\/\/www.lesaubergisteslyonnais.fr\/wp-content\/uploads\/2025\/12\/EurexpoLyon\u00a9IngridMoya_HD_3-600x306.jpg 600w, https:\/\/www.lesaubergisteslyonnais.fr\/wp-content\/uploads\/2025\/12\/EurexpoLyon\u00a9IngridMoya_HD_3-768x391.jpg 768w\" sizes=\"(max-width: 1200px) 100vw, 1200px\" \/>\t\t\t<\/div>\n\t\t\t\t<div class=\"heading__layout\">\n\t\t\t<div class=\"heading__content-wrapper has-white-100-background-color\">\n\t\t\t\t<div class=\"heading__content has-white-100-background-color\">\n\t\t\t\t\t\t\t\t\t<p id=\"breadcrumbs\"><span><span><a href=\"https:\/\/www.lesaubergisteslyonnais.fr\/en\/\">Home<\/a><\/span><\/span><\/p>\t\t\t\t\t\t\t\t\t<div class=\"acf-innerblocks-container\">\n\n<div class=\"wp-block-group heading-content-group is-layout-grid wp-container-core-group-is-layout-96b258e4 wp-block-group-is-layout-grid\">\n<h1 class=\"wp-block-heading has-text-align-left heading__title has-primary-color has-text-color has-xx-large-font-size wp-container-content-32a3e683\"><strong>Eurobois 2026 in sight in Lyon<\/strong><\/h1>\n<\/div>\n\n<\/div>\n\t\t\t\t<\/div>\n\t\t\t\t\t\t\t<\/div>\n\t\t<\/div>\n\t<\/div>\n<\/section>\n\n\n<div class=\"wp-block-group has-global-padding is-layout-constrained wp-container-core-group-is-layout-afcd3024 wp-block-group-is-layout-constrained\" style=\"padding-top:var(--wp--preset--spacing--theme-default);padding-bottom:var(--wp--preset--spacing--theme-default)\">\n<h3 class=\"wp-block-heading has-text-align-center\"><strong>Where to stay during Eurobois from February 3 to 6?<\/strong><\/h3>\n\n\n\n<p>The <strong>Eurobois 2026<\/strong> trade show will be held at <strong>Lyon Eurexpo<\/strong> from <strong>February 3 to 6, 2026<\/strong>.<br\/>A benchmark event for professionals in the woodworking, joinery, fittings, timber construction and processing industries, the Eurobois show attracts thousands of exhibitors and visitors from all over France and Europe.<\/p>\n\n\n\n<p>If you&#8217;re attending the Eurobois trade show in Lyon, choosing the right accommodation is essential for an efficient and enjoyable stay.<br\/>At <strong>Les Aubergistes Lyonnais<\/strong>, we welcome business travelers to warm, comfortable hotels ideally located in the heart of Lyon.<\/p>\n<\/div>\n\n<div class=\"wp-block-group has-secondary-background-color has-background has-global-padding is-layout-constrained wp-container-core-group-is-layout-14055b84 wp-block-group-is-layout-constrained\" style=\"padding-top:var(--wp--preset--spacing--theme-default);padding-right:var(--wp--preset--spacing--theme-default);padding-bottom:var(--wp--preset--spacing--theme-default);padding-left:var(--wp--preset--spacing--theme-default)\">\n<h3 class=\"wp-block-heading has-text-align-center\"><strong><strong>Why stay <mark class=\"has-inline-color has-primary-color\">downtown<\/mark> during Eurobois?<\/strong><\/strong><\/h3>\n\n\n\n<p>Even though Eurobois takes place at Eurexpo, sleeping in the center of Lyon allows you to reconcile efficiency and comfort:<\/p>\n\n\n\n<ul class=\"wp-block-list\">\n<li>easy access to Eurexpo by public transport or cab:<\/li>\n<\/ul>\n\n\n\n<p>Metro D -&gt; Tram T5 -&gt; Eurexpo<\/p>\n\n\n\n<p>Streetcar T2 -&gt; Tram T5 -&gt; Eurexpo<\/p>\n\n\n\n<p>And only about 30 &#8211; 40 minutes!<\/p>\n\n\n\n<ul class=\"wp-block-list\">\n<li>a return to calm after the exhibition days,<\/li>\n\n\n\n<li>close proximity to restaurants and lively neighborhoods.<\/li>\n<\/ul>\n\n\n\n<p>Our teams are always available to guide you!<\/p>\n\n\n\n<p>A real plus to turn your Eurobois Lyon stay into a &#8220;coup de coeur&#8221;.<\/p>\n\n\n\n<div class=\"wp-block-group is-layout-flow wp-block-group-is-layout-flow\">\n<figure class=\"wp-block-image size-full has-custom-border is-style-default wp-duotone-unset-1\"><img decoding=\"async\" width=\"890\" height=\"668\" src=\"https:\/\/www.lesaubergisteslyonnais.fr\/wp-content\/uploads\/2025\/12\/Logement-Eurexpo-edited.png\" alt=\"Eurexpo accommodation\" class=\"wp-image-9447\" style=\"border-style:none;border-width:0px;border-top-left-radius:0px;border-top-right-radius:0px;border-bottom-left-radius:0px;border-bottom-right-radius:0px;aspect-ratio:4\/3;object-fit:cover\" srcset=\"https:\/\/www.lesaubergisteslyonnais.fr\/wp-content\/uploads\/2025\/12\/Logement-Eurexpo-edited.png 890w, https:\/\/www.lesaubergisteslyonnais.fr\/wp-content\/uploads\/2025\/12\/Logement-Eurexpo-edited-600x450.png 600w, https:\/\/www.lesaubergisteslyonnais.fr\/wp-content\/uploads\/2025\/12\/Logement-Eurexpo-edited-768x576.png 768w\" sizes=\"(max-width: 890px) 100vw, 890px\" \/><\/figure>\n<\/div>\n<\/div>\n\n<div class=\"wp-block-group has-white-background-color has-background has-global-padding is-layout-constrained wp-container-core-group-is-layout-14055b84 wp-block-group-is-layout-constrained\" style=\"padding-top:var(--wp--preset--spacing--theme-default);padding-right:var(--wp--preset--spacing--theme-default);padding-bottom:var(--wp--preset--spacing--theme-default);padding-left:var(--wp--preset--spacing--theme-default)\">\n<h3 class=\"wp-block-heading has-text-align-center\"><strong><strong>Book your hotel for the Eurobois show in Lyon  <\/strong><\/strong><\/h3>\n\n\n\n<p>The <strong>Eurobois 2026<\/strong> trade show attracts a large number of professionals, and hotels fill up quickly during this period.<br\/>Anticipate your stay and take advantage of warm, central accommodation.<\/p>\n\n\n\n<div class=\"wp-block-group is-layout-flow wp-block-group-is-layout-flow\" style=\"padding-top:0;padding-bottom:0\">\n<div class=\"wp-block-buttons is-content-justification-center is-layout-flex wp-container-core-buttons-is-layout-a89b3969 wp-block-buttons-is-layout-flex\">\n<div class=\"wp-block-button is-style-label-button is-style-label-button--2\"><a class=\"wp-block-button__link wp-element-button\" href=\"https:\/\/www.lesaubergisteslyonnais.fr\/en\/contact\/\" style=\"border-style:none;border-width:0px\" target=\"_blank\" rel=\"noreferrer noopener\">Booking<\/a><\/div>\n<\/div>\n<\/div>\n<\/div>\n\n<p><em>Photo credit: GL events<\/em><\/p>\n\n<div class=\"wp-block-group has-white-100-background-color has-background is-content-justification-space-between is-nowrap is-layout-flex wp-container-core-group-is-layout-098ab513 wp-block-group-is-layout-flex\" style=\"padding-top:var(--wp--preset--spacing--theme-m);padding-right:var(--wp--preset--spacing--theme-s);padding-bottom:var(--wp--preset--spacing--theme-m);padding-left:var(--wp--preset--spacing--theme-s)\">\n\n<\/div>\n","protected":false},"excerpt":{"rendered":"<p>Eurobois in Lyon: a benchmark trade show, and the ideal opportunity to stay in a warm, well-located hotel designed for professionals.<\/p>\n","protected":false},"author":3,"featured_media":9590,"comment_status":"closed","ping_status":"open","sticky":false,"template":"","format":"standard","meta":{"_acf_changed":false,"inline_featured_image":false,"footnotes":""},"categories":[54],"tags":[],"class_list":["post-9491","post","type-post","status-publish","format-standard","has-post-thumbnail","hentry","category-events-in-lyon"],"acf":[],"yoast_head":"<!-- This site is optimized with the Yoast SEO plugin v27.4 - https:\/\/yoast.com\/product\/yoast-seo-wordpress\/ -->\n<title>Eurobois 2026 in Lyon: where to stay during Eurobois from February 3 to 6? - Les Aubergistes Lyonnais<\/title>\n<meta name=\"description\" content=\"Les Aubergistes Lyonnais - Eurobois 2026 in Lyon: where to stay during Eurobois from February 3 to 6? . Eurobois in Lyon: a benchmark trade show, and the ideal opportunity to stay in a warm, well-located hotel designed for professionals.\" \/>\n<meta name=\"robots\" content=\"index, follow, max-snippet:-1, max-image-preview:large, max-video-preview:-1\" \/>\n<link rel=\"canonical\" href=\"https:\/\/www.lesaubergisteslyonnais.fr\/en\/blog\/eurobois-2026-in-lyon-where-to-stay-during-eurobois-from-february-3-to-6\/\" \/>\n<meta property=\"og:locale\" content=\"en_US\" \/>\n<meta property=\"og:type\" content=\"article\" \/>\n<meta property=\"og:title\" content=\"Eurobois 2026 in Lyon: where to stay during Eurobois from February 3 to 6? - Les Aubergistes Lyonnais\" \/>\n<meta property=\"og:description\" content=\"Les Aubergistes Lyonnais - Eurobois 2026 in Lyon: where to stay during Eurobois from February 3 to 6? . Eurobois in Lyon: a benchmark trade show, and the ideal opportunity to stay in a warm, well-located hotel designed for professionals.\" \/>\n<meta property=\"og:url\" content=\"https:\/\/www.lesaubergisteslyonnais.fr\/en\/blog\/eurobois-2026-in-lyon-where-to-stay-during-eurobois-from-february-3-to-6\/\" \/>\n<meta property=\"og:site_name\" content=\"Les Aubergistes Lyonnais\" \/>\n<meta property=\"article:published_time\" content=\"2026-01-08T16:15:17+00:00\" \/>\n<meta property=\"article:modified_time\" content=\"2026-04-17T07:26:37+00:00\" \/>\n<meta property=\"og:image\" content=\"https:\/\/www.lesaubergisteslyonnais.fr\/wp-content\/uploads\/2026\/01\/EUROBOIS-2026-Les-Aubergistes-Lyonnais.jpg\" \/>\n\t<meta property=\"og:image:width\" content=\"1920\" \/>\n\t<meta property=\"og:image:height\" content=\"1080\" \/>\n\t<meta property=\"og:image:type\" content=\"image\/jpeg\" \/>\n<meta name=\"author\" content=\"eluquet\" \/>\n<meta name=\"twitter:card\" content=\"summary_large_image\" \/>\n<meta name=\"twitter:label1\" content=\"Written by\" \/>\n\t<meta name=\"twitter:data1\" content=\"eluquet\" \/>\n\t<meta name=\"twitter:label2\" content=\"Est. reading time\" \/>\n\t<meta name=\"twitter:data2\" content=\"1 minute\" \/>\n<script type=\"application\/ld+json\" class=\"yoast-schema-graph\">{\"@context\":\"https:\\\/\\\/schema.org\",\"@graph\":[{\"@type\":\"Article\",\"@id\":\"https:\\\/\\\/www.lesaubergisteslyonnais.fr\\\/en\\\/blog\\\/eurobois-2026-in-lyon-where-to-stay-during-eurobois-from-february-3-to-6\\\/#article\",\"isPartOf\":{\"@id\":\"https:\\\/\\\/www.lesaubergisteslyonnais.fr\\\/en\\\/blog\\\/eurobois-2026-in-lyon-where-to-stay-during-eurobois-from-february-3-to-6\\\/\"},\"author\":{\"name\":\"eluquet\",\"@id\":\"https:\\\/\\\/www.lesaubergisteslyonnais.fr\\\/en\\\/#\\\/schema\\\/person\\\/e4ac4e9bc69cd2894d15d6ace15a9f68\"},\"headline\":\"Eurobois 2026 in Lyon: where to stay during Eurobois from February 3 to 6?\",\"datePublished\":\"2026-01-08T16:15:17+00:00\",\"dateModified\":\"2026-04-17T07:26:37+00:00\",\"mainEntityOfPage\":{\"@id\":\"https:\\\/\\\/www.lesaubergisteslyonnais.fr\\\/en\\\/blog\\\/eurobois-2026-in-lyon-where-to-stay-during-eurobois-from-february-3-to-6\\\/\"},\"wordCount\":244,\"publisher\":{\"@id\":\"https:\\\/\\\/www.lesaubergisteslyonnais.fr\\\/en\\\/#organization\"},\"image\":{\"@id\":\"https:\\\/\\\/www.lesaubergisteslyonnais.fr\\\/en\\\/blog\\\/eurobois-2026-in-lyon-where-to-stay-during-eurobois-from-february-3-to-6\\\/#primaryimage\"},\"thumbnailUrl\":\"https:\\\/\\\/www.lesaubergisteslyonnais.fr\\\/wp-content\\\/uploads\\\/2026\\\/01\\\/EUROBOIS-2026-Les-Aubergistes-Lyonnais.jpg\",\"articleSection\":[\"Events in Lyon\"],\"inLanguage\":\"en-US\"},{\"@type\":\"WebPage\",\"@id\":\"https:\\\/\\\/www.lesaubergisteslyonnais.fr\\\/en\\\/blog\\\/eurobois-2026-in-lyon-where-to-stay-during-eurobois-from-february-3-to-6\\\/\",\"url\":\"https:\\\/\\\/www.lesaubergisteslyonnais.fr\\\/en\\\/blog\\\/eurobois-2026-in-lyon-where-to-stay-during-eurobois-from-february-3-to-6\\\/\",\"name\":\"Eurobois 2026 in Lyon: where to stay during Eurobois from February 3 to 6? - Les Aubergistes Lyonnais\",\"isPartOf\":{\"@id\":\"https:\\\/\\\/www.lesaubergisteslyonnais.fr\\\/en\\\/#website\"},\"primaryImageOfPage\":{\"@id\":\"https:\\\/\\\/www.lesaubergisteslyonnais.fr\\\/en\\\/blog\\\/eurobois-2026-in-lyon-where-to-stay-during-eurobois-from-february-3-to-6\\\/#primaryimage\"},\"image\":{\"@id\":\"https:\\\/\\\/www.lesaubergisteslyonnais.fr\\\/en\\\/blog\\\/eurobois-2026-in-lyon-where-to-stay-during-eurobois-from-february-3-to-6\\\/#primaryimage\"},\"thumbnailUrl\":\"https:\\\/\\\/www.lesaubergisteslyonnais.fr\\\/wp-content\\\/uploads\\\/2026\\\/01\\\/EUROBOIS-2026-Les-Aubergistes-Lyonnais.jpg\",\"datePublished\":\"2026-01-08T16:15:17+00:00\",\"dateModified\":\"2026-04-17T07:26:37+00:00\",\"description\":\"Les Aubergistes Lyonnais - Eurobois 2026 in Lyon: where to stay during Eurobois from February 3 to 6? . Eurobois in Lyon: a benchmark trade show, and the ideal opportunity to stay in a warm, well-located hotel designed for professionals.\",\"breadcrumb\":{\"@id\":\"https:\\\/\\\/www.lesaubergisteslyonnais.fr\\\/en\\\/blog\\\/eurobois-2026-in-lyon-where-to-stay-during-eurobois-from-february-3-to-6\\\/#breadcrumb\"},\"inLanguage\":\"en-US\",\"potentialAction\":[{\"@type\":\"ReadAction\",\"target\":[\"https:\\\/\\\/www.lesaubergisteslyonnais.fr\\\/en\\\/blog\\\/eurobois-2026-in-lyon-where-to-stay-during-eurobois-from-february-3-to-6\\\/\"]}]},{\"@type\":\"ImageObject\",\"inLanguage\":\"en-US\",\"@id\":\"https:\\\/\\\/www.lesaubergisteslyonnais.fr\\\/en\\\/blog\\\/eurobois-2026-in-lyon-where-to-stay-during-eurobois-from-february-3-to-6\\\/#primaryimage\",\"url\":\"https:\\\/\\\/www.lesaubergisteslyonnais.fr\\\/wp-content\\\/uploads\\\/2026\\\/01\\\/EUROBOIS-2026-Les-Aubergistes-Lyonnais.jpg\",\"contentUrl\":\"https:\\\/\\\/www.lesaubergisteslyonnais.fr\\\/wp-content\\\/uploads\\\/2026\\\/01\\\/EUROBOIS-2026-Les-Aubergistes-Lyonnais.jpg\",\"width\":1920,\"height\":1080,\"caption\":\"EUROBOIS 2026 Les Aubergistes Lyonnais\"},{\"@type\":\"BreadcrumbList\",\"@id\":\"https:\\\/\\\/www.lesaubergisteslyonnais.fr\\\/en\\\/blog\\\/eurobois-2026-in-lyon-where-to-stay-during-eurobois-from-february-3-to-6\\\/#breadcrumb\",\"itemListElement\":[{\"@type\":\"ListItem\",\"position\":1,\"name\":\"Home\",\"item\":\"https:\\\/\\\/www.lesaubergisteslyonnais.fr\\\/en\\\/\"},{\"@type\":\"ListItem\",\"position\":2,\"name\":\"Events in Lyon\",\"item\":\"https:\\\/\\\/www.lesaubergisteslyonnais.fr\\\/en\\\/blog\\\/events-in-lyon\\\/\"},{\"@type\":\"ListItem\",\"position\":3,\"name\":\"Eurobois 2026 in Lyon: where to stay during Eurobois from February 3 to 6?\"}]},{\"@type\":\"WebSite\",\"@id\":\"https:\\\/\\\/www.lesaubergisteslyonnais.fr\\\/en\\\/#website\",\"url\":\"https:\\\/\\\/www.lesaubergisteslyonnais.fr\\\/en\\\/\",\"name\":\"Globe Cecil\",\"description\":\"H\u00f4tel 4 \u00e9toiles \u00e0 Lyon\",\"publisher\":{\"@id\":\"https:\\\/\\\/www.lesaubergisteslyonnais.fr\\\/en\\\/#organization\"},\"potentialAction\":[{\"@type\":\"SearchAction\",\"target\":{\"@type\":\"EntryPoint\",\"urlTemplate\":\"https:\\\/\\\/www.lesaubergisteslyonnais.fr\\\/en\\\/?s={search_term_string}\"},\"query-input\":{\"@type\":\"PropertyValueSpecification\",\"valueRequired\":true,\"valueName\":\"search_term_string\"}}],\"inLanguage\":\"en-US\"},{\"@type\":\"Organization\",\"@id\":\"https:\\\/\\\/www.lesaubergisteslyonnais.fr\\\/en\\\/#organization\",\"name\":\"Globe Cecil\",\"url\":\"https:\\\/\\\/www.lesaubergisteslyonnais.fr\\\/en\\\/\",\"logo\":{\"@type\":\"ImageObject\",\"inLanguage\":\"en-US\",\"@id\":\"https:\\\/\\\/www.lesaubergisteslyonnais.fr\\\/en\\\/#\\\/schema\\\/logo\\\/image\\\/\",\"url\":\"https:\\\/\\\/www.lesaubergisteslyonnais.fr\\\/wp-content\\\/uploads\\\/2025\\\/05\\\/LOGO-Aubergistes-Lyonnais-White.svg\",\"contentUrl\":\"https:\\\/\\\/www.lesaubergisteslyonnais.fr\\\/wp-content\\\/uploads\\\/2025\\\/05\\\/LOGO-Aubergistes-Lyonnais-White.svg\",\"width\":558,\"height\":127,\"caption\":\"Globe Cecil\"},\"image\":{\"@id\":\"https:\\\/\\\/www.lesaubergisteslyonnais.fr\\\/en\\\/#\\\/schema\\\/logo\\\/image\\\/\"}},{\"@type\":\"Person\",\"@id\":\"https:\\\/\\\/www.lesaubergisteslyonnais.fr\\\/en\\\/#\\\/schema\\\/person\\\/e4ac4e9bc69cd2894d15d6ace15a9f68\",\"name\":\"eluquet\",\"image\":{\"@type\":\"ImageObject\",\"inLanguage\":\"en-US\",\"@id\":\"https:\\\/\\\/secure.gravatar.com\\\/avatar\\\/442dc35ef11b7d2998eb3e3b34cffb58fb8c292b4147875dabe42b2c036c4d84?s=96&d=mm&r=g\",\"url\":\"https:\\\/\\\/secure.gravatar.com\\\/avatar\\\/442dc35ef11b7d2998eb3e3b34cffb58fb8c292b4147875dabe42b2c036c4d84?s=96&d=mm&r=g\",\"contentUrl\":\"https:\\\/\\\/secure.gravatar.com\\\/avatar\\\/442dc35ef11b7d2998eb3e3b34cffb58fb8c292b4147875dabe42b2c036c4d84?s=96&d=mm&r=g\",\"caption\":\"eluquet\"},\"url\":\"https:\\\/\\\/www.lesaubergisteslyonnais.fr\\\/en\\\/author\\\/eluquet69\\\/\"}]}<\/script>\n<!-- \/ Yoast SEO plugin. -->","yoast_head_json":{"title":"Eurobois 2026 in Lyon: where to stay during Eurobois from February 3 to 6? - Les Aubergistes Lyonnais","description":"Les Aubergistes Lyonnais - Eurobois 2026 in Lyon: where to stay during Eurobois from February 3 to 6? . Eurobois in Lyon: a benchmark trade show, and the ideal opportunity to stay in a warm, well-located hotel designed for professionals.","robots":{"index":"index","follow":"follow","max-snippet":"max-snippet:-1","max-image-preview":"max-image-preview:large","max-video-preview":"max-video-preview:-1"},"canonical":"https:\/\/www.lesaubergisteslyonnais.fr\/en\/blog\/eurobois-2026-in-lyon-where-to-stay-during-eurobois-from-february-3-to-6\/","og_locale":"en_US","og_type":"article","og_title":"Eurobois 2026 in Lyon: where to stay during Eurobois from February 3 to 6? - Les Aubergistes Lyonnais","og_description":"Les Aubergistes Lyonnais - Eurobois 2026 in Lyon: where to stay during Eurobois from February 3 to 6? . Eurobois in Lyon: a benchmark trade show, and the ideal opportunity to stay in a warm, well-located hotel designed for professionals.","og_url":"https:\/\/www.lesaubergisteslyonnais.fr\/en\/blog\/eurobois-2026-in-lyon-where-to-stay-during-eurobois-from-february-3-to-6\/","og_site_name":"Les Aubergistes Lyonnais","article_published_time":"2026-01-08T16:15:17+00:00","article_modified_time":"2026-04-17T07:26:37+00:00","og_image":[{"width":1920,"height":1080,"url":"https:\/\/www.lesaubergisteslyonnais.fr\/wp-content\/uploads\/2026\/01\/EUROBOIS-2026-Les-Aubergistes-Lyonnais.jpg","type":"image\/jpeg"}],"author":"eluquet","twitter_card":"summary_large_image","twitter_misc":{"Written by":"eluquet","Est. reading time":"1 minute"},"schema":{"@context":"https:\/\/schema.org","@graph":[{"@type":"Article","@id":"https:\/\/www.lesaubergisteslyonnais.fr\/en\/blog\/eurobois-2026-in-lyon-where-to-stay-during-eurobois-from-february-3-to-6\/#article","isPartOf":{"@id":"https:\/\/www.lesaubergisteslyonnais.fr\/en\/blog\/eurobois-2026-in-lyon-where-to-stay-during-eurobois-from-february-3-to-6\/"},"author":{"name":"eluquet","@id":"https:\/\/www.lesaubergisteslyonnais.fr\/en\/#\/schema\/person\/e4ac4e9bc69cd2894d15d6ace15a9f68"},"headline":"Eurobois 2026 in Lyon: where to stay during Eurobois from February 3 to 6?","datePublished":"2026-01-08T16:15:17+00:00","dateModified":"2026-04-17T07:26:37+00:00","mainEntityOfPage":{"@id":"https:\/\/www.lesaubergisteslyonnais.fr\/en\/blog\/eurobois-2026-in-lyon-where-to-stay-during-eurobois-from-february-3-to-6\/"},"wordCount":244,"publisher":{"@id":"https:\/\/www.lesaubergisteslyonnais.fr\/en\/#organization"},"image":{"@id":"https:\/\/www.lesaubergisteslyonnais.fr\/en\/blog\/eurobois-2026-in-lyon-where-to-stay-during-eurobois-from-february-3-to-6\/#primaryimage"},"thumbnailUrl":"https:\/\/www.lesaubergisteslyonnais.fr\/wp-content\/uploads\/2026\/01\/EUROBOIS-2026-Les-Aubergistes-Lyonnais.jpg","articleSection":["Events in Lyon"],"inLanguage":"en-US"},{"@type":"WebPage","@id":"https:\/\/www.lesaubergisteslyonnais.fr\/en\/blog\/eurobois-2026-in-lyon-where-to-stay-during-eurobois-from-february-3-to-6\/","url":"https:\/\/www.lesaubergisteslyonnais.fr\/en\/blog\/eurobois-2026-in-lyon-where-to-stay-during-eurobois-from-february-3-to-6\/","name":"Eurobois 2026 in Lyon: where to stay during Eurobois from February 3 to 6? - Les Aubergistes Lyonnais","isPartOf":{"@id":"https:\/\/www.lesaubergisteslyonnais.fr\/en\/#website"},"primaryImageOfPage":{"@id":"https:\/\/www.lesaubergisteslyonnais.fr\/en\/blog\/eurobois-2026-in-lyon-where-to-stay-during-eurobois-from-february-3-to-6\/#primaryimage"},"image":{"@id":"https:\/\/www.lesaubergisteslyonnais.fr\/en\/blog\/eurobois-2026-in-lyon-where-to-stay-during-eurobois-from-february-3-to-6\/#primaryimage"},"thumbnailUrl":"https:\/\/www.lesaubergisteslyonnais.fr\/wp-content\/uploads\/2026\/01\/EUROBOIS-2026-Les-Aubergistes-Lyonnais.jpg","datePublished":"2026-01-08T16:15:17+00:00","dateModified":"2026-04-17T07:26:37+00:00","description":"Les Aubergistes Lyonnais - Eurobois 2026 in Lyon: where to stay during Eurobois from February 3 to 6? . Eurobois in Lyon: a benchmark trade show, and the ideal opportunity to stay in a warm, well-located hotel designed for professionals.","breadcrumb":{"@id":"https:\/\/www.lesaubergisteslyonnais.fr\/en\/blog\/eurobois-2026-in-lyon-where-to-stay-during-eurobois-from-february-3-to-6\/#breadcrumb"},"inLanguage":"en-US","potentialAction":[{"@type":"ReadAction","target":["https:\/\/www.lesaubergisteslyonnais.fr\/en\/blog\/eurobois-2026-in-lyon-where-to-stay-during-eurobois-from-february-3-to-6\/"]}]},{"@type":"ImageObject","inLanguage":"en-US","@id":"https:\/\/www.lesaubergisteslyonnais.fr\/en\/blog\/eurobois-2026-in-lyon-where-to-stay-during-eurobois-from-february-3-to-6\/#primaryimage","url":"https:\/\/www.lesaubergisteslyonnais.fr\/wp-content\/uploads\/2026\/01\/EUROBOIS-2026-Les-Aubergistes-Lyonnais.jpg","contentUrl":"https:\/\/www.lesaubergisteslyonnais.fr\/wp-content\/uploads\/2026\/01\/EUROBOIS-2026-Les-Aubergistes-Lyonnais.jpg","width":1920,"height":1080,"caption":"EUROBOIS 2026 Les Aubergistes Lyonnais"},{"@type":"BreadcrumbList","@id":"https:\/\/www.lesaubergisteslyonnais.fr\/en\/blog\/eurobois-2026-in-lyon-where-to-stay-during-eurobois-from-february-3-to-6\/#breadcrumb","itemListElement":[{"@type":"ListItem","position":1,"name":"Home","item":"https:\/\/www.lesaubergisteslyonnais.fr\/en\/"},{"@type":"ListItem","position":2,"name":"Events in Lyon","item":"https:\/\/www.lesaubergisteslyonnais.fr\/en\/blog\/events-in-lyon\/"},{"@type":"ListItem","position":3,"name":"Eurobois 2026 in Lyon: where to stay during Eurobois from February 3 to 6?"}]},{"@type":"WebSite","@id":"https:\/\/www.lesaubergisteslyonnais.fr\/en\/#website","url":"https:\/\/www.lesaubergisteslyonnais.fr\/en\/","name":"Globe Cecil","description":"H\u00f4tel 4 \u00e9toiles \u00e0 Lyon","publisher":{"@id":"https:\/\/www.lesaubergisteslyonnais.fr\/en\/#organization"},"potentialAction":[{"@type":"SearchAction","target":{"@type":"EntryPoint","urlTemplate":"https:\/\/www.lesaubergisteslyonnais.fr\/en\/?s={search_term_string}"},"query-input":{"@type":"PropertyValueSpecification","valueRequired":true,"valueName":"search_term_string"}}],"inLanguage":"en-US"},{"@type":"Organization","@id":"https:\/\/www.lesaubergisteslyonnais.fr\/en\/#organization","name":"Globe Cecil","url":"https:\/\/www.lesaubergisteslyonnais.fr\/en\/","logo":{"@type":"ImageObject","inLanguage":"en-US","@id":"https:\/\/www.lesaubergisteslyonnais.fr\/en\/#\/schema\/logo\/image\/","url":"https:\/\/www.lesaubergisteslyonnais.fr\/wp-content\/uploads\/2025\/05\/LOGO-Aubergistes-Lyonnais-White.svg","contentUrl":"https:\/\/www.lesaubergisteslyonnais.fr\/wp-content\/uploads\/2025\/05\/LOGO-Aubergistes-Lyonnais-White.svg","width":558,"height":127,"caption":"Globe Cecil"},"image":{"@id":"https:\/\/www.lesaubergisteslyonnais.fr\/en\/#\/schema\/logo\/image\/"}},{"@type":"Person","@id":"https:\/\/www.lesaubergisteslyonnais.fr\/en\/#\/schema\/person\/e4ac4e9bc69cd2894d15d6ace15a9f68","name":"eluquet","image":{"@type":"ImageObject","inLanguage":"en-US","@id":"https:\/\/secure.gravatar.com\/avatar\/442dc35ef11b7d2998eb3e3b34cffb58fb8c292b4147875dabe42b2c036c4d84?s=96&d=mm&r=g","url":"https:\/\/secure.gravatar.com\/avatar\/442dc35ef11b7d2998eb3e3b34cffb58fb8c292b4147875dabe42b2c036c4d84?s=96&d=mm&r=g","contentUrl":"https:\/\/secure.gravatar.com\/avatar\/442dc35ef11b7d2998eb3e3b34cffb58fb8c292b4147875dabe42b2c036c4d84?s=96&d=mm&r=g","caption":"eluquet"},"url":"https:\/\/www.lesaubergisteslyonnais.fr\/en\/author\/eluquet69\/"}]}},"_links":{"self":[{"href":"https:\/\/www.lesaubergisteslyonnais.fr\/en\/wp-json\/wp\/v2\/posts\/9491","targetHints":{"allow":["GET"]}}],"collection":[{"href":"https:\/\/www.lesaubergisteslyonnais.fr\/en\/wp-json\/wp\/v2\/posts"}],"about":[{"href":"https:\/\/www.lesaubergisteslyonnais.fr\/en\/wp-json\/wp\/v2\/types\/post"}],"author":[{"embeddable":true,"href":"https:\/\/www.lesaubergisteslyonnais.fr\/en\/wp-json\/wp\/v2\/users\/3"}],"replies":[{"embeddable":true,"href":"https:\/\/www.lesaubergisteslyonnais.fr\/en\/wp-json\/wp\/v2\/comments?post=9491"}],"version-history":[{"count":9,"href":"https:\/\/www.lesaubergisteslyonnais.fr\/en\/wp-json\/wp\/v2\/posts\/9491\/revisions"}],"predecessor-version":[{"id":9821,"href":"https:\/\/www.lesaubergisteslyonnais.fr\/en\/wp-json\/wp\/v2\/posts\/9491\/revisions\/9821"}],"wp:featuredmedia":[{"embeddable":true,"href":"https:\/\/www.lesaubergisteslyonnais.fr\/en\/wp-json\/wp\/v2\/media\/9590"}],"wp:attachment":[{"href":"https:\/\/www.lesaubergisteslyonnais.fr\/en\/wp-json\/wp\/v2\/media?parent=9491"}],"wp:term":[{"taxonomy":"category","embeddable":true,"href":"https:\/\/www.lesaubergisteslyonnais.fr\/en\/wp-json\/wp\/v2\/categories?post=9491"},{"taxonomy":"post_tag","embeddable":true,"href":"https:\/\/www.lesaubergisteslyonnais.fr\/en\/wp-json\/wp\/v2\/tags?post=9491"}],"curies":[{"name":"wp","href":"https:\/\/api.w.org\/{rel}","templated":true}]}}