{"id":9473,"date":"2026-01-05T17:34:19","date_gmt":"2026-01-05T16:34:19","guid":{"rendered":"https:\/\/www.lesaubergisteslyonnais.fr\/ctco-cprint-2026-in-lyon\/"},"modified":"2026-04-17T09:26:23","modified_gmt":"2026-04-17T07:26:23","slug":"ctco-cprint-2026-in-lyon","status":"publish","type":"post","link":"https:\/\/www.lesaubergisteslyonnais.fr\/en\/blog\/ctco-cprint-2026-in-lyon\/","title":{"rendered":"CTCO &amp; C!Print 2026 in Lyon"},"content":{"rendered":"\n<section class=\"heading wp-elements-3c8f8d2a35e1927089485ab00d980180 wp-elements-3c8f8d2a35e1927089485ab00d980180 wp-block-acf-heading has-text-color has-primary-color has-background has-white-100-background-color\">\n\t<div class=\"heading__container\">\n\t\t\t\t\t<div class=\"heading__background-picture\">\n\t\t\t\t<img decoding=\"async\" width=\"1200\" height=\"611\" src=\"https:\/\/www.lesaubergisteslyonnais.fr\/wp-content\/uploads\/2025\/12\/EurexpoLyon\u00a9IngridMoya_HD_3.jpg\" class=\"attachment-full size-full\" alt=\"CTCO and C!Print Lyon 2026 trade shows\" fetchpriority=\"high\" srcset=\"https:\/\/www.lesaubergisteslyonnais.fr\/wp-content\/uploads\/2025\/12\/EurexpoLyon\u00a9IngridMoya_HD_3.jpg 1200w, https:\/\/www.lesaubergisteslyonnais.fr\/wp-content\/uploads\/2025\/12\/EurexpoLyon\u00a9IngridMoya_HD_3-600x306.jpg 600w, https:\/\/www.lesaubergisteslyonnais.fr\/wp-content\/uploads\/2025\/12\/EurexpoLyon\u00a9IngridMoya_HD_3-768x391.jpg 768w\" sizes=\"(max-width: 1200px) 100vw, 1200px\" \/>\t\t\t<\/div>\n\t\t\t\t<div class=\"heading__layout\">\n\t\t\t<div class=\"heading__content-wrapper has-white-100-background-color\">\n\t\t\t\t<div class=\"heading__content has-white-100-background-color\">\n\t\t\t\t\t\t\t\t\t<p id=\"breadcrumbs\"><span><span><a href=\"https:\/\/www.lesaubergisteslyonnais.fr\/en\/\">Home<\/a><\/span><\/span><\/p>\t\t\t\t\t\t\t\t\t<div class=\"acf-innerblocks-container\">\n\n<div class=\"wp-block-group heading-content-group is-layout-grid wp-container-core-group-is-layout-96b258e4 wp-block-group-is-layout-grid\">\n<h1 class=\"wp-block-heading has-text-align-left heading__title has-primary-color has-text-color has-xx-large-font-size wp-container-content-32a3e683\"><strong>Where to stay for CTCO &amp; C!Print 2026 in Lyon?<\/strong><\/h1>\n<\/div>\n\n<\/div>\n\t\t\t\t<\/div>\n\t\t\t\t\t\t\t<\/div>\n\t\t<\/div>\n\t<\/div>\n<\/section>\n\n\n<div class=\"wp-block-group has-global-padding is-layout-constrained wp-container-core-group-is-layout-afcd3024 wp-block-group-is-layout-constrained\" style=\"padding-top:var(--wp--preset--spacing--theme-default);padding-bottom:var(--wp--preset--spacing--theme-default)\">\n<h3 class=\"wp-block-heading has-text-align-center\"><strong>Your cosy pied-\u00e0-terre with Les Aubergistes Lyonnais<\/strong><\/h3>\n\n\n\n<p>Every year in Lyon, the <strong>CTCO &amp; C!Print<\/strong> trade shows prove to be major events for printing, signage, visual communication and promotional textiles. For the 2026 edition, they will be held from <strong>February 3 to 5<\/strong> at <strong>Eurexpo<\/strong>. Professionals, exhibitors, agencies, printers, visitors or partners: now&#8217;s the time to plan your stay.  <\/p>\n\n\n\n<p>At <strong>Les Aubergistes Lyonnais<\/strong>, we believe that accommodation should not only be practical, but also warm, authentic and true to the spirit of Lyon. If you&#8217;re looking for a pied-\u00e0-terre that&#8217;s central, welcoming and comfortable, you&#8217;ve come to the right place. <\/p>\n<\/div>\n\n<div class=\"wp-block-group has-secondary-background-color has-background has-global-padding is-layout-constrained wp-container-core-group-is-layout-14055b84 wp-block-group-is-layout-constrained\" style=\"padding-top:var(--wp--preset--spacing--theme-default);padding-right:var(--wp--preset--spacing--theme-default);padding-bottom:var(--wp--preset--spacing--theme-default);padding-left:var(--wp--preset--spacing--theme-default)\">\n<h3 class=\"wp-block-heading has-text-align-center\"><strong><strong>Why stay <mark class=\"has-inline-color has-primary-color\">downtown<\/mark> when the show is at Eurexpo?<\/strong><\/strong><\/h3>\n\n\n\n<p>Even if Eurexpo is hosting the event, staying in the center of Lyon offers several significant advantages:<\/p>\n\n\n\n<ul class=\"wp-block-list\">\n<li><strong>Simple journeys <\/strong>: from our facilities, public transport (streetcar, metro and bus) or a cab \/ VTC journey will take you quickly and easily to Eurexpo, without stress.<\/li>\n\n\n\n<li>Metro D -&gt; Tram T5 -&gt; Eurexpo<\/li>\n\n\n\n<li>Streetcar T2 -&gt; Tram T5 -&gt; Eurexpo<\/li>\n\n\n\n<li>And only about 30 &#8211; 40 minutes!<\/li>\n\n\n\n<li><strong>Urban break after the show <\/strong>: after a busy day of meetings, you can take advantage of the lively Presqu&#8217;\u00eele, stroll through the narrow streets, have a drink, dine in one of Lyon&#8217;s &#8220;bouchon&#8221;&#8230; An opportunity to mix business with pleasure.<\/li>\n\n\n\n<li><strong>A return to calm and hospitality<\/strong>: our hotels embody the <mark class=\"has-inline-color has-primary-color\">&#8220;home away from home&#8221;<\/mark> spirit <mark class=\"has-inline-color has-primary-color\">,<\/mark> with comfortable rooms, a warm welcome, sober, elegant decor and a real sense of conviviality, so you can recharge your batteries before the next day.<\/li>\n<\/ul>\n\n\n\n<div class=\"wp-block-group is-layout-flow wp-block-group-is-layout-flow\">\n<figure class=\"wp-block-image size-full has-custom-border is-style-default wp-duotone-unset-1\"><img decoding=\"async\" width=\"890\" height=\"668\" src=\"https:\/\/www.lesaubergisteslyonnais.fr\/wp-content\/uploads\/2025\/12\/Logement-Eurexpo-edited.png\" alt=\"Eurexpo accommodation\" class=\"wp-image-9447\" style=\"border-style:none;border-width:0px;border-top-left-radius:0px;border-top-right-radius:0px;border-bottom-left-radius:0px;border-bottom-right-radius:0px;aspect-ratio:4\/3;object-fit:cover\" srcset=\"https:\/\/www.lesaubergisteslyonnais.fr\/wp-content\/uploads\/2025\/12\/Logement-Eurexpo-edited.png 890w, https:\/\/www.lesaubergisteslyonnais.fr\/wp-content\/uploads\/2025\/12\/Logement-Eurexpo-edited-600x450.png 600w, https:\/\/www.lesaubergisteslyonnais.fr\/wp-content\/uploads\/2025\/12\/Logement-Eurexpo-edited-768x576.png 768w\" sizes=\"(max-width: 890px) 100vw, 890px\" \/><\/figure>\n<\/div>\n<\/div>\n\n<div class=\"wp-block-group has-white-background-color has-background has-global-padding is-layout-constrained wp-container-core-group-is-layout-14055b84 wp-block-group-is-layout-constrained\" style=\"padding-top:var(--wp--preset--spacing--theme-default);padding-right:var(--wp--preset--spacing--theme-default);padding-bottom:var(--wp--preset--spacing--theme-default);padding-left:var(--wp--preset--spacing--theme-default)\">\n<h3 class=\"wp-block-heading has-text-align-center\"><strong>Lyon after the show: relaxation, <mark class=\"has-inline-color has-primary-color\">gastronomy<\/mark> &amp; discoveries<\/strong><\/h3>\n\n\n\n<p>Because in Lyon, work doesn&#8217;t rhyme with pressure but with sharing, your stay can be extended around good addresses:<\/p>\n\n\n\n<ul class=\"wp-block-list\">\n<li>Bistronomic dinners, typical restaurants, Lyon cuisine or local street-food.<\/li>\n\n\n\n<li>Stroll through the iconic districts of the Presqu&#8217;\u00eele and Vieux Lyon to take a breather, discover the soul of the city, stroll or simply enjoy.<\/li>\n\n\n\n<li>Relax in a bar, caf\u00e9 or cosy setting to debrief or chat after a busy day.<\/li>\n<\/ul>\n\n\n\n<p>So your visit to Lyon for <strong>CTCO &amp; C!Print<\/strong> also becomes a moment to (re)connect with the city, and with yourself.<\/p>\n\n\n\n<figure class=\"wp-block-image size-full\"><img decoding=\"async\" width=\"1620\" height=\"1080\" src=\"https:\/\/www.lesaubergisteslyonnais.fr\/wp-content\/uploads\/2025\/06\/hotel-de-charme-3-etoiles-lyon69002.jpg\" alt=\"charming 3-star hotel lyon69002\" class=\"wp-image-7919\" style=\"aspect-ratio:1;object-fit:cover\" srcset=\"https:\/\/www.lesaubergisteslyonnais.fr\/wp-content\/uploads\/2025\/06\/hotel-de-charme-3-etoiles-lyon69002.jpg 1620w, https:\/\/www.lesaubergisteslyonnais.fr\/wp-content\/uploads\/2025\/06\/hotel-de-charme-3-etoiles-lyon69002-600x400.jpg 600w, https:\/\/www.lesaubergisteslyonnais.fr\/wp-content\/uploads\/2025\/06\/hotel-de-charme-3-etoiles-lyon69002-1400x933.jpg 1400w, https:\/\/www.lesaubergisteslyonnais.fr\/wp-content\/uploads\/2025\/06\/hotel-de-charme-3-etoiles-lyon69002-768x512.jpg 768w, https:\/\/www.lesaubergisteslyonnais.fr\/wp-content\/uploads\/2025\/06\/hotel-de-charme-3-etoiles-lyon69002-1536x1024.jpg 1536w\" sizes=\"(max-width: 1620px) 100vw, 1620px\" \/><\/figure>\n<\/div>\n\n<div class=\"wp-block-group has-secondary-background-color has-background has-global-padding is-layout-constrained wp-container-core-group-is-layout-5d959ef6 wp-block-group-is-layout-constrained\" style=\"padding-top:var(--wp--preset--spacing--theme-default);padding-right:var(--wp--preset--spacing--theme-default);padding-bottom:var(--wp--preset--spacing--theme-default);padding-left:var(--wp--preset--spacing--theme-default)\">\n<h3 class=\"wp-block-heading has-text-align-center\"><strong>Book your stay for CTCO &amp; C!Print 2026 with <mark class=\"has-inline-color has-primary-color\">Les Aubergistes Lyonnais<\/mark><\/strong><\/h3>\n\n\n\n<p>Trade shows attract many professionals and visitors: rooms can fill up fast. To guarantee your comfort, peace of mind and a good accommodation plan, book now!<\/p>\n\n\n\n<div class=\"wp-block-group is-layout-flow wp-block-group-is-layout-flow\" style=\"padding-top:0;padding-bottom:0\">\n<div class=\"wp-block-buttons is-content-justification-center is-layout-flex wp-container-core-buttons-is-layout-a89b3969 wp-block-buttons-is-layout-flex\">\n<div class=\"wp-block-button is-style-label-button is-style-label-button--2\"><a class=\"wp-block-button__link wp-element-button\" href=\"https:\/\/www.lesaubergisteslyonnais.fr\/en\/contact\/\" style=\"border-style:none;border-width:0px\" target=\"_blank\" rel=\"noreferrer noopener\">Booking<\/a><\/div>\n<\/div>\n<\/div>\n<\/div>\n\n<p><em>Photo credit: GL events<\/em><\/p>\n\n<div class=\"wp-block-group has-white-background-color has-background is-content-justification-space-between is-nowrap is-layout-flex wp-container-core-group-is-layout-098ab513 wp-block-group-is-layout-flex\" style=\"padding-top:var(--wp--preset--spacing--theme-m);padding-right:var(--wp--preset--spacing--theme-s);padding-bottom:var(--wp--preset--spacing--theme-m);padding-left:var(--wp--preset--spacing--theme-s)\">\n\n<\/div>\n","protected":false},"excerpt":{"rendered":"<p>After an intense day at the CTCO and C!Print trade shows, what could be better than to return to the calm, comfort and lifestyle of Lyon by staying in the city center?<\/p>\n","protected":false},"author":3,"featured_media":9595,"comment_status":"closed","ping_status":"open","sticky":false,"template":"","format":"standard","meta":{"_acf_changed":false,"inline_featured_image":false,"footnotes":""},"categories":[54],"tags":[],"class_list":["post-9473","post","type-post","status-publish","format-standard","has-post-thumbnail","hentry","category-events-in-lyon"],"acf":[],"yoast_head":"<!-- This site is optimized with the Yoast SEO plugin v27.4 - https:\/\/yoast.com\/product\/yoast-seo-wordpress\/ -->\n<title>CTCO &amp; C!Print 2026 in Lyon - Les Aubergistes Lyonnais<\/title>\n<meta name=\"description\" content=\"Les Aubergistes Lyonnais - CTCO &amp; C!Print 2026 in Lyon . After an intense day at the CTCO and C!Print trade shows, what could be better than to return to the calm, comfort and lifestyle of Lyon by staying in the city center?\" \/>\n<meta name=\"robots\" content=\"index, follow, max-snippet:-1, max-image-preview:large, max-video-preview:-1\" \/>\n<link rel=\"canonical\" href=\"https:\/\/www.lesaubergisteslyonnais.fr\/en\/blog\/ctco-cprint-2026-in-lyon\/\" \/>\n<meta property=\"og:locale\" content=\"en_US\" \/>\n<meta property=\"og:type\" content=\"article\" \/>\n<meta property=\"og:title\" content=\"CTCO &amp; C!Print 2026 in Lyon - Les Aubergistes Lyonnais\" \/>\n<meta property=\"og:description\" content=\"Les Aubergistes Lyonnais - CTCO &amp; C!Print 2026 in Lyon . After an intense day at the CTCO and C!Print trade shows, what could be better than to return to the calm, comfort and lifestyle of Lyon by staying in the city center?\" \/>\n<meta property=\"og:url\" content=\"https:\/\/www.lesaubergisteslyonnais.fr\/en\/blog\/ctco-cprint-2026-in-lyon\/\" \/>\n<meta property=\"og:site_name\" content=\"Les Aubergistes Lyonnais\" \/>\n<meta property=\"article:published_time\" content=\"2026-01-05T16:34:19+00:00\" \/>\n<meta property=\"article:modified_time\" content=\"2026-04-17T07:26:23+00:00\" \/>\n<meta property=\"og:image\" content=\"https:\/\/www.lesaubergisteslyonnais.fr\/wp-content\/uploads\/2026\/01\/CTCO-CPRINT-2026-Les-Aubergistes-Lyonnais.jpg\" \/>\n\t<meta property=\"og:image:width\" content=\"1920\" \/>\n\t<meta property=\"og:image:height\" content=\"1080\" \/>\n\t<meta property=\"og:image:type\" content=\"image\/jpeg\" \/>\n<meta name=\"author\" content=\"eluquet\" \/>\n<meta name=\"twitter:card\" content=\"summary_large_image\" \/>\n<meta name=\"twitter:label1\" content=\"Written by\" \/>\n\t<meta name=\"twitter:data1\" content=\"eluquet\" \/>\n\t<meta name=\"twitter:label2\" content=\"Est. reading time\" \/>\n\t<meta name=\"twitter:data2\" content=\"2 minutes\" \/>\n<script type=\"application\/ld+json\" class=\"yoast-schema-graph\">{\"@context\":\"https:\\\/\\\/schema.org\",\"@graph\":[{\"@type\":\"Article\",\"@id\":\"https:\\\/\\\/www.lesaubergisteslyonnais.fr\\\/en\\\/blog\\\/ctco-cprint-2026-in-lyon\\\/#article\",\"isPartOf\":{\"@id\":\"https:\\\/\\\/www.lesaubergisteslyonnais.fr\\\/en\\\/blog\\\/ctco-cprint-2026-in-lyon\\\/\"},\"author\":{\"name\":\"eluquet\",\"@id\":\"https:\\\/\\\/www.lesaubergisteslyonnais.fr\\\/en\\\/#\\\/schema\\\/person\\\/e4ac4e9bc69cd2894d15d6ace15a9f68\"},\"headline\":\"CTCO &amp; C!Print 2026 in Lyon\",\"datePublished\":\"2026-01-05T16:34:19+00:00\",\"dateModified\":\"2026-04-17T07:26:23+00:00\",\"mainEntityOfPage\":{\"@id\":\"https:\\\/\\\/www.lesaubergisteslyonnais.fr\\\/en\\\/blog\\\/ctco-cprint-2026-in-lyon\\\/\"},\"wordCount\":422,\"publisher\":{\"@id\":\"https:\\\/\\\/www.lesaubergisteslyonnais.fr\\\/en\\\/#organization\"},\"image\":{\"@id\":\"https:\\\/\\\/www.lesaubergisteslyonnais.fr\\\/en\\\/blog\\\/ctco-cprint-2026-in-lyon\\\/#primaryimage\"},\"thumbnailUrl\":\"https:\\\/\\\/www.lesaubergisteslyonnais.fr\\\/wp-content\\\/uploads\\\/2026\\\/01\\\/CTCO-CPRINT-2026-Les-Aubergistes-Lyonnais.jpg\",\"articleSection\":[\"Events in Lyon\"],\"inLanguage\":\"en-US\"},{\"@type\":\"WebPage\",\"@id\":\"https:\\\/\\\/www.lesaubergisteslyonnais.fr\\\/en\\\/blog\\\/ctco-cprint-2026-in-lyon\\\/\",\"url\":\"https:\\\/\\\/www.lesaubergisteslyonnais.fr\\\/en\\\/blog\\\/ctco-cprint-2026-in-lyon\\\/\",\"name\":\"CTCO &amp; C!Print 2026 in Lyon - Les Aubergistes Lyonnais\",\"isPartOf\":{\"@id\":\"https:\\\/\\\/www.lesaubergisteslyonnais.fr\\\/en\\\/#website\"},\"primaryImageOfPage\":{\"@id\":\"https:\\\/\\\/www.lesaubergisteslyonnais.fr\\\/en\\\/blog\\\/ctco-cprint-2026-in-lyon\\\/#primaryimage\"},\"image\":{\"@id\":\"https:\\\/\\\/www.lesaubergisteslyonnais.fr\\\/en\\\/blog\\\/ctco-cprint-2026-in-lyon\\\/#primaryimage\"},\"thumbnailUrl\":\"https:\\\/\\\/www.lesaubergisteslyonnais.fr\\\/wp-content\\\/uploads\\\/2026\\\/01\\\/CTCO-CPRINT-2026-Les-Aubergistes-Lyonnais.jpg\",\"datePublished\":\"2026-01-05T16:34:19+00:00\",\"dateModified\":\"2026-04-17T07:26:23+00:00\",\"description\":\"Les Aubergistes Lyonnais - CTCO &amp; C!Print 2026 in Lyon . After an intense day at the CTCO and C!Print trade shows, what could be better than to return to the calm, comfort and lifestyle of Lyon by staying in the city center?\",\"breadcrumb\":{\"@id\":\"https:\\\/\\\/www.lesaubergisteslyonnais.fr\\\/en\\\/blog\\\/ctco-cprint-2026-in-lyon\\\/#breadcrumb\"},\"inLanguage\":\"en-US\",\"potentialAction\":[{\"@type\":\"ReadAction\",\"target\":[\"https:\\\/\\\/www.lesaubergisteslyonnais.fr\\\/en\\\/blog\\\/ctco-cprint-2026-in-lyon\\\/\"]}]},{\"@type\":\"ImageObject\",\"inLanguage\":\"en-US\",\"@id\":\"https:\\\/\\\/www.lesaubergisteslyonnais.fr\\\/en\\\/blog\\\/ctco-cprint-2026-in-lyon\\\/#primaryimage\",\"url\":\"https:\\\/\\\/www.lesaubergisteslyonnais.fr\\\/wp-content\\\/uploads\\\/2026\\\/01\\\/CTCO-CPRINT-2026-Les-Aubergistes-Lyonnais.jpg\",\"contentUrl\":\"https:\\\/\\\/www.lesaubergisteslyonnais.fr\\\/wp-content\\\/uploads\\\/2026\\\/01\\\/CTCO-CPRINT-2026-Les-Aubergistes-Lyonnais.jpg\",\"width\":1920,\"height\":1080,\"caption\":\"CTCO &amp; C!PRINT 2026 Les Aubergistes Lyonnais\"},{\"@type\":\"BreadcrumbList\",\"@id\":\"https:\\\/\\\/www.lesaubergisteslyonnais.fr\\\/en\\\/blog\\\/ctco-cprint-2026-in-lyon\\\/#breadcrumb\",\"itemListElement\":[{\"@type\":\"ListItem\",\"position\":1,\"name\":\"Home\",\"item\":\"https:\\\/\\\/www.lesaubergisteslyonnais.fr\\\/en\\\/\"},{\"@type\":\"ListItem\",\"position\":2,\"name\":\"Events in Lyon\",\"item\":\"https:\\\/\\\/www.lesaubergisteslyonnais.fr\\\/en\\\/blog\\\/events-in-lyon\\\/\"},{\"@type\":\"ListItem\",\"position\":3,\"name\":\"CTCO &amp; C!Print 2026 in Lyon\"}]},{\"@type\":\"WebSite\",\"@id\":\"https:\\\/\\\/www.lesaubergisteslyonnais.fr\\\/en\\\/#website\",\"url\":\"https:\\\/\\\/www.lesaubergisteslyonnais.fr\\\/en\\\/\",\"name\":\"Globe Cecil\",\"description\":\"H\u00f4tel 4 \u00e9toiles \u00e0 Lyon\",\"publisher\":{\"@id\":\"https:\\\/\\\/www.lesaubergisteslyonnais.fr\\\/en\\\/#organization\"},\"potentialAction\":[{\"@type\":\"SearchAction\",\"target\":{\"@type\":\"EntryPoint\",\"urlTemplate\":\"https:\\\/\\\/www.lesaubergisteslyonnais.fr\\\/en\\\/?s={search_term_string}\"},\"query-input\":{\"@type\":\"PropertyValueSpecification\",\"valueRequired\":true,\"valueName\":\"search_term_string\"}}],\"inLanguage\":\"en-US\"},{\"@type\":\"Organization\",\"@id\":\"https:\\\/\\\/www.lesaubergisteslyonnais.fr\\\/en\\\/#organization\",\"name\":\"Globe Cecil\",\"url\":\"https:\\\/\\\/www.lesaubergisteslyonnais.fr\\\/en\\\/\",\"logo\":{\"@type\":\"ImageObject\",\"inLanguage\":\"en-US\",\"@id\":\"https:\\\/\\\/www.lesaubergisteslyonnais.fr\\\/en\\\/#\\\/schema\\\/logo\\\/image\\\/\",\"url\":\"https:\\\/\\\/www.lesaubergisteslyonnais.fr\\\/wp-content\\\/uploads\\\/2025\\\/05\\\/LOGO-Aubergistes-Lyonnais-White.svg\",\"contentUrl\":\"https:\\\/\\\/www.lesaubergisteslyonnais.fr\\\/wp-content\\\/uploads\\\/2025\\\/05\\\/LOGO-Aubergistes-Lyonnais-White.svg\",\"width\":558,\"height\":127,\"caption\":\"Globe Cecil\"},\"image\":{\"@id\":\"https:\\\/\\\/www.lesaubergisteslyonnais.fr\\\/en\\\/#\\\/schema\\\/logo\\\/image\\\/\"}},{\"@type\":\"Person\",\"@id\":\"https:\\\/\\\/www.lesaubergisteslyonnais.fr\\\/en\\\/#\\\/schema\\\/person\\\/e4ac4e9bc69cd2894d15d6ace15a9f68\",\"name\":\"eluquet\",\"image\":{\"@type\":\"ImageObject\",\"inLanguage\":\"en-US\",\"@id\":\"https:\\\/\\\/secure.gravatar.com\\\/avatar\\\/442dc35ef11b7d2998eb3e3b34cffb58fb8c292b4147875dabe42b2c036c4d84?s=96&d=mm&r=g\",\"url\":\"https:\\\/\\\/secure.gravatar.com\\\/avatar\\\/442dc35ef11b7d2998eb3e3b34cffb58fb8c292b4147875dabe42b2c036c4d84?s=96&d=mm&r=g\",\"contentUrl\":\"https:\\\/\\\/secure.gravatar.com\\\/avatar\\\/442dc35ef11b7d2998eb3e3b34cffb58fb8c292b4147875dabe42b2c036c4d84?s=96&d=mm&r=g\",\"caption\":\"eluquet\"},\"url\":\"https:\\\/\\\/www.lesaubergisteslyonnais.fr\\\/en\\\/author\\\/eluquet69\\\/\"}]}<\/script>\n<!-- \/ Yoast SEO plugin. -->","yoast_head_json":{"title":"CTCO &amp; C!Print 2026 in Lyon - Les Aubergistes Lyonnais","description":"Les Aubergistes Lyonnais - CTCO &amp; C!Print 2026 in Lyon . After an intense day at the CTCO and C!Print trade shows, what could be better than to return to the calm, comfort and lifestyle of Lyon by staying in the city center?","robots":{"index":"index","follow":"follow","max-snippet":"max-snippet:-1","max-image-preview":"max-image-preview:large","max-video-preview":"max-video-preview:-1"},"canonical":"https:\/\/www.lesaubergisteslyonnais.fr\/en\/blog\/ctco-cprint-2026-in-lyon\/","og_locale":"en_US","og_type":"article","og_title":"CTCO &amp; C!Print 2026 in Lyon - Les Aubergistes Lyonnais","og_description":"Les Aubergistes Lyonnais - CTCO &amp; C!Print 2026 in Lyon . After an intense day at the CTCO and C!Print trade shows, what could be better than to return to the calm, comfort and lifestyle of Lyon by staying in the city center?","og_url":"https:\/\/www.lesaubergisteslyonnais.fr\/en\/blog\/ctco-cprint-2026-in-lyon\/","og_site_name":"Les Aubergistes Lyonnais","article_published_time":"2026-01-05T16:34:19+00:00","article_modified_time":"2026-04-17T07:26:23+00:00","og_image":[{"width":1920,"height":1080,"url":"https:\/\/www.lesaubergisteslyonnais.fr\/wp-content\/uploads\/2026\/01\/CTCO-CPRINT-2026-Les-Aubergistes-Lyonnais.jpg","type":"image\/jpeg"}],"author":"eluquet","twitter_card":"summary_large_image","twitter_misc":{"Written by":"eluquet","Est. reading time":"2 minutes"},"schema":{"@context":"https:\/\/schema.org","@graph":[{"@type":"Article","@id":"https:\/\/www.lesaubergisteslyonnais.fr\/en\/blog\/ctco-cprint-2026-in-lyon\/#article","isPartOf":{"@id":"https:\/\/www.lesaubergisteslyonnais.fr\/en\/blog\/ctco-cprint-2026-in-lyon\/"},"author":{"name":"eluquet","@id":"https:\/\/www.lesaubergisteslyonnais.fr\/en\/#\/schema\/person\/e4ac4e9bc69cd2894d15d6ace15a9f68"},"headline":"CTCO &amp; C!Print 2026 in Lyon","datePublished":"2026-01-05T16:34:19+00:00","dateModified":"2026-04-17T07:26:23+00:00","mainEntityOfPage":{"@id":"https:\/\/www.lesaubergisteslyonnais.fr\/en\/blog\/ctco-cprint-2026-in-lyon\/"},"wordCount":422,"publisher":{"@id":"https:\/\/www.lesaubergisteslyonnais.fr\/en\/#organization"},"image":{"@id":"https:\/\/www.lesaubergisteslyonnais.fr\/en\/blog\/ctco-cprint-2026-in-lyon\/#primaryimage"},"thumbnailUrl":"https:\/\/www.lesaubergisteslyonnais.fr\/wp-content\/uploads\/2026\/01\/CTCO-CPRINT-2026-Les-Aubergistes-Lyonnais.jpg","articleSection":["Events in Lyon"],"inLanguage":"en-US"},{"@type":"WebPage","@id":"https:\/\/www.lesaubergisteslyonnais.fr\/en\/blog\/ctco-cprint-2026-in-lyon\/","url":"https:\/\/www.lesaubergisteslyonnais.fr\/en\/blog\/ctco-cprint-2026-in-lyon\/","name":"CTCO &amp; C!Print 2026 in Lyon - Les Aubergistes Lyonnais","isPartOf":{"@id":"https:\/\/www.lesaubergisteslyonnais.fr\/en\/#website"},"primaryImageOfPage":{"@id":"https:\/\/www.lesaubergisteslyonnais.fr\/en\/blog\/ctco-cprint-2026-in-lyon\/#primaryimage"},"image":{"@id":"https:\/\/www.lesaubergisteslyonnais.fr\/en\/blog\/ctco-cprint-2026-in-lyon\/#primaryimage"},"thumbnailUrl":"https:\/\/www.lesaubergisteslyonnais.fr\/wp-content\/uploads\/2026\/01\/CTCO-CPRINT-2026-Les-Aubergistes-Lyonnais.jpg","datePublished":"2026-01-05T16:34:19+00:00","dateModified":"2026-04-17T07:26:23+00:00","description":"Les Aubergistes Lyonnais - CTCO &amp; C!Print 2026 in Lyon . After an intense day at the CTCO and C!Print trade shows, what could be better than to return to the calm, comfort and lifestyle of Lyon by staying in the city center?","breadcrumb":{"@id":"https:\/\/www.lesaubergisteslyonnais.fr\/en\/blog\/ctco-cprint-2026-in-lyon\/#breadcrumb"},"inLanguage":"en-US","potentialAction":[{"@type":"ReadAction","target":["https:\/\/www.lesaubergisteslyonnais.fr\/en\/blog\/ctco-cprint-2026-in-lyon\/"]}]},{"@type":"ImageObject","inLanguage":"en-US","@id":"https:\/\/www.lesaubergisteslyonnais.fr\/en\/blog\/ctco-cprint-2026-in-lyon\/#primaryimage","url":"https:\/\/www.lesaubergisteslyonnais.fr\/wp-content\/uploads\/2026\/01\/CTCO-CPRINT-2026-Les-Aubergistes-Lyonnais.jpg","contentUrl":"https:\/\/www.lesaubergisteslyonnais.fr\/wp-content\/uploads\/2026\/01\/CTCO-CPRINT-2026-Les-Aubergistes-Lyonnais.jpg","width":1920,"height":1080,"caption":"CTCO &amp; C!PRINT 2026 Les Aubergistes Lyonnais"},{"@type":"BreadcrumbList","@id":"https:\/\/www.lesaubergisteslyonnais.fr\/en\/blog\/ctco-cprint-2026-in-lyon\/#breadcrumb","itemListElement":[{"@type":"ListItem","position":1,"name":"Home","item":"https:\/\/www.lesaubergisteslyonnais.fr\/en\/"},{"@type":"ListItem","position":2,"name":"Events in Lyon","item":"https:\/\/www.lesaubergisteslyonnais.fr\/en\/blog\/events-in-lyon\/"},{"@type":"ListItem","position":3,"name":"CTCO &amp; C!Print 2026 in Lyon"}]},{"@type":"WebSite","@id":"https:\/\/www.lesaubergisteslyonnais.fr\/en\/#website","url":"https:\/\/www.lesaubergisteslyonnais.fr\/en\/","name":"Globe Cecil","description":"H\u00f4tel 4 \u00e9toiles \u00e0 Lyon","publisher":{"@id":"https:\/\/www.lesaubergisteslyonnais.fr\/en\/#organization"},"potentialAction":[{"@type":"SearchAction","target":{"@type":"EntryPoint","urlTemplate":"https:\/\/www.lesaubergisteslyonnais.fr\/en\/?s={search_term_string}"},"query-input":{"@type":"PropertyValueSpecification","valueRequired":true,"valueName":"search_term_string"}}],"inLanguage":"en-US"},{"@type":"Organization","@id":"https:\/\/www.lesaubergisteslyonnais.fr\/en\/#organization","name":"Globe Cecil","url":"https:\/\/www.lesaubergisteslyonnais.fr\/en\/","logo":{"@type":"ImageObject","inLanguage":"en-US","@id":"https:\/\/www.lesaubergisteslyonnais.fr\/en\/#\/schema\/logo\/image\/","url":"https:\/\/www.lesaubergisteslyonnais.fr\/wp-content\/uploads\/2025\/05\/LOGO-Aubergistes-Lyonnais-White.svg","contentUrl":"https:\/\/www.lesaubergisteslyonnais.fr\/wp-content\/uploads\/2025\/05\/LOGO-Aubergistes-Lyonnais-White.svg","width":558,"height":127,"caption":"Globe Cecil"},"image":{"@id":"https:\/\/www.lesaubergisteslyonnais.fr\/en\/#\/schema\/logo\/image\/"}},{"@type":"Person","@id":"https:\/\/www.lesaubergisteslyonnais.fr\/en\/#\/schema\/person\/e4ac4e9bc69cd2894d15d6ace15a9f68","name":"eluquet","image":{"@type":"ImageObject","inLanguage":"en-US","@id":"https:\/\/secure.gravatar.com\/avatar\/442dc35ef11b7d2998eb3e3b34cffb58fb8c292b4147875dabe42b2c036c4d84?s=96&d=mm&r=g","url":"https:\/\/secure.gravatar.com\/avatar\/442dc35ef11b7d2998eb3e3b34cffb58fb8c292b4147875dabe42b2c036c4d84?s=96&d=mm&r=g","contentUrl":"https:\/\/secure.gravatar.com\/avatar\/442dc35ef11b7d2998eb3e3b34cffb58fb8c292b4147875dabe42b2c036c4d84?s=96&d=mm&r=g","caption":"eluquet"},"url":"https:\/\/www.lesaubergisteslyonnais.fr\/en\/author\/eluquet69\/"}]}},"_links":{"self":[{"href":"https:\/\/www.lesaubergisteslyonnais.fr\/en\/wp-json\/wp\/v2\/posts\/9473","targetHints":{"allow":["GET"]}}],"collection":[{"href":"https:\/\/www.lesaubergisteslyonnais.fr\/en\/wp-json\/wp\/v2\/posts"}],"about":[{"href":"https:\/\/www.lesaubergisteslyonnais.fr\/en\/wp-json\/wp\/v2\/types\/post"}],"author":[{"embeddable":true,"href":"https:\/\/www.lesaubergisteslyonnais.fr\/en\/wp-json\/wp\/v2\/users\/3"}],"replies":[{"embeddable":true,"href":"https:\/\/www.lesaubergisteslyonnais.fr\/en\/wp-json\/wp\/v2\/comments?post=9473"}],"version-history":[{"count":10,"href":"https:\/\/www.lesaubergisteslyonnais.fr\/en\/wp-json\/wp\/v2\/posts\/9473\/revisions"}],"predecessor-version":[{"id":9809,"href":"https:\/\/www.lesaubergisteslyonnais.fr\/en\/wp-json\/wp\/v2\/posts\/9473\/revisions\/9809"}],"wp:featuredmedia":[{"embeddable":true,"href":"https:\/\/www.lesaubergisteslyonnais.fr\/en\/wp-json\/wp\/v2\/media\/9595"}],"wp:attachment":[{"href":"https:\/\/www.lesaubergisteslyonnais.fr\/en\/wp-json\/wp\/v2\/media?parent=9473"}],"wp:term":[{"taxonomy":"category","embeddable":true,"href":"https:\/\/www.lesaubergisteslyonnais.fr\/en\/wp-json\/wp\/v2\/categories?post=9473"},{"taxonomy":"post_tag","embeddable":true,"href":"https:\/\/www.lesaubergisteslyonnais.fr\/en\/wp-json\/wp\/v2\/tags?post=9473"}],"curies":[{"name":"wp","href":"https:\/\/api.w.org\/{rel}","templated":true}]}}