{"id":9165,"date":"2025-10-27T16:42:13","date_gmt":"2025-10-27T15:42:13","guid":{"rendered":"https:\/\/www.lesaubergisteslyonnais.fr\/the-3-best-coworking-spaces-in-lyon\/"},"modified":"2026-04-17T09:26:23","modified_gmt":"2026-04-17T07:26:23","slug":"the-3-best-coworking-spaces-in-lyon","status":"publish","type":"post","link":"https:\/\/www.lesaubergisteslyonnais.fr\/en\/blog\/the-3-best-coworking-spaces-in-lyon\/","title":{"rendered":"The 3 best coworking spaces in Lyon"},"content":{"rendered":"\n<section class=\"heading wp-elements-0693c5622302fb1e9f6e988048453a55 wp-elements-0693c5622302fb1e9f6e988048453a55 wp-block-acf-heading has-text-color has-primary-color has-background has-white-100-background-color\">\n\t<div class=\"heading__container\">\n\t\t\t\t\t<div class=\"heading__background-picture\">\n\t\t\t\t<img decoding=\"async\" width=\"1620\" height=\"1080\" src=\"https:\/\/www.lesaubergisteslyonnais.fr\/wp-content\/uploads\/2025\/10\/coworking-lyon2.jpg\" class=\"attachment-full size-full\" alt=\"coworking lyon2\" fetchpriority=\"high\" srcset=\"https:\/\/www.lesaubergisteslyonnais.fr\/wp-content\/uploads\/2025\/10\/coworking-lyon2.jpg 1620w, https:\/\/www.lesaubergisteslyonnais.fr\/wp-content\/uploads\/2025\/10\/coworking-lyon2-600x400.jpg 600w, https:\/\/www.lesaubergisteslyonnais.fr\/wp-content\/uploads\/2025\/10\/coworking-lyon2-1400x933.jpg 1400w, https:\/\/www.lesaubergisteslyonnais.fr\/wp-content\/uploads\/2025\/10\/coworking-lyon2-768x512.jpg 768w, https:\/\/www.lesaubergisteslyonnais.fr\/wp-content\/uploads\/2025\/10\/coworking-lyon2-1536x1024.jpg 1536w\" sizes=\"(max-width: 1620px) 100vw, 1620px\" \/>\t\t\t<\/div>\n\t\t\t\t<div class=\"heading__layout\">\n\t\t\t<div class=\"heading__content-wrapper has-white-100-background-color\">\n\t\t\t\t<div class=\"heading__content has-white-100-background-color\">\n\t\t\t\t\t\t\t\t\t<p id=\"breadcrumbs\"><span><span><a href=\"https:\/\/www.lesaubergisteslyonnais.fr\/en\/\">Home<\/a><\/span><\/span><\/p>\t\t\t\t\t\t\t\t\t<div class=\"acf-innerblocks-container\">\n\n<div class=\"wp-block-group heading-content-group is-layout-grid wp-container-core-group-is-layout-96b258e4 wp-block-group-is-layout-grid\">\n<h1 class=\"wp-block-heading has-text-align-left heading__title has-primary-color has-text-color has-xx-large-font-size\"><strong>The 3 best coworking spaces in Lyon<\/strong><\/h1>\n<\/div>\n\n<\/div>\n\t\t\t\t<\/div>\n\t\t\t\t\t\t\t<\/div>\n\t\t<\/div>\n\t<\/div>\n<\/section>\n\n\n<div class=\"wp-block-group has-global-padding is-layout-constrained wp-block-group-is-layout-constrained\" style=\"padding-top:var(--wp--preset--spacing--theme-default);padding-bottom:var(--wp--preset--spacing--theme-default)\">\n<h3 class=\"wp-block-heading has-text-align-center\"><strong>According to the Innkeepers&#8230;<\/strong><\/h3>\n\n\n\n<p>In Lyon, we like to cowork&#8230; but not just anywhere.<br\/>Here, coffee is part of the decor, conviviality is sacred, and even an e-mail session can turn into a pleasant moment (especially with a good croissant on hand).<\/p>\n\n\n\n<p>So, for all those looking for an <strong>urban refuge where they can work in peace and quiet without losing their zest for life<\/strong>, here is our selection of <strong>3 inspiring places<\/strong>.<\/p>\n<\/div>\n\n<div class=\"wp-block-group has-secondary-background-color has-background has-global-padding is-layout-constrained wp-container-core-group-is-layout-439938c2 wp-block-group-is-layout-constrained\" style=\"padding-top:var(--wp--preset--spacing--theme-default);padding-right:var(--wp--preset--spacing--theme-default);padding-bottom:var(--wp--preset--spacing--theme-default);padding-left:var(--wp--preset--spacing--theme-default)\">\n<h3 class=\"wp-block-heading has-text-align-center\"><strong><strong>Le Comptoir Ph\u00e9nix: the modern refuge on the banks of the Sa\u00f4ne<\/strong><\/strong><\/h3>\n\n\n\n<p>Located on the first floor of the <strong>Ph\u00e9nix H\u00f4tel<\/strong>, right in the heart of Vieux-Lyon, the <strong>Comptoir Ph\u00e9nix<\/strong> is much more than a caf\u00e9 and restaurant: it&#8217;s a <strong>place to live<\/strong>.<br\/>You can come here to work in the quiet of the morning, enjoy the breakfast buffet, lunch on the terrace or finish off a file with a homemade pastry.<\/p>\n\n\n\n<p><br\/><mark style=\"background-color:rgba(0, 0, 0, 0)\" class=\"has-inline-color has-primary-color\"><strong>What we like<\/strong><br\/><\/mark><strong>A modern refuge atmosphere<\/strong>: light wood, natural light, mosaic floor tiles, large bay windows and skylights<br\/><strong>An all-day offer<\/strong>: buffet breakfast, seasonal lunch (\u20ac21 E+P+D + coffee), gourmet snacks and hot drinks from 10 a.m. to 6 p.m.<br\/><strong>A true &#8220;innkeeper&#8217;s&#8221; welcome<\/strong>: we take care of you just like at home.<\/p>\n\n\n\n<p><br\/><mark style=\"background-color:rgba(0, 0, 0, 0)\" class=\"has-inline-color has-primary-color\"><strong>The spirit of the place<\/strong><br\/><\/mark>In a way, this is our <strong>coworking at heart<\/strong>: here, no badges or fixed rates, just smiles, wifi, plugs and plenty of food for your projects and your appetite.<br\/>A latte, a home-made pastry, and you&#8217;re all set for a productive morning.<\/p>\n\n\n\n<p><br\/>&#8211; <strong>Open every day<\/strong> &#8211; 7 a.m. to 6 p.m.<br\/>&#8211; <strong>No &#8220;coworking&#8221; formula<\/strong>: free consumption, card on site.<br\/>&#8211; <strong>7 quai de Bondy, 69005 Lyon<\/strong><\/p>\n\n\n\n<p>So, for all those looking for an <strong>urban refuge where they can work in peace and quiet without losing their zest for life<\/strong>, here is our selection of <strong>3 inspiring places<\/strong>.<\/p>\n\n\n\n<div class=\"wp-block-group is-layout-flow wp-block-group-is-layout-flow\">\n<figure class=\"wp-block-image size-full\"><img decoding=\"async\" width=\"1620\" height=\"1080\" src=\"https:\/\/www.lesaubergisteslyonnais.fr\/wp-content\/uploads\/2025\/10\/coworking-lyon1.jpg\" alt=\"coworking lyon1\" class=\"wp-image-9067\" style=\"aspect-ratio:3\/2;object-fit:cover\" srcset=\"https:\/\/www.lesaubergisteslyonnais.fr\/wp-content\/uploads\/2025\/10\/coworking-lyon1.jpg 1620w, https:\/\/www.lesaubergisteslyonnais.fr\/wp-content\/uploads\/2025\/10\/coworking-lyon1-600x400.jpg 600w, https:\/\/www.lesaubergisteslyonnais.fr\/wp-content\/uploads\/2025\/10\/coworking-lyon1-1400x933.jpg 1400w, https:\/\/www.lesaubergisteslyonnais.fr\/wp-content\/uploads\/2025\/10\/coworking-lyon1-768x512.jpg 768w, https:\/\/www.lesaubergisteslyonnais.fr\/wp-content\/uploads\/2025\/10\/coworking-lyon1-1536x1024.jpg 1536w\" sizes=\"(max-width: 1620px) 100vw, 1620px\" \/><\/figure>\n<\/div>\n<\/div>\n\n<div class=\"wp-block-group has-white-background-color has-background has-global-padding is-layout-constrained wp-container-core-group-is-layout-439938c2 wp-block-group-is-layout-constrained\" style=\"padding-top:var(--wp--preset--spacing--theme-default);padding-right:var(--wp--preset--spacing--theme-default);padding-bottom:var(--wp--preset--spacing--theme-default);padding-left:var(--wp--preset--spacing--theme-default)\">\n<h3 class=\"wp-block-heading has-text-align-center\"><strong><strong><strong>Anticaf\u00e9 Lyon: the pioneer of caf\u00e9-coworking<\/strong><\/strong><\/strong><\/h3>\n\n\n\n<p>L&#8217;Anticaf\u00e9 is the big brother of all creative caf\u00e9s.<br\/>Here, you don&#8217;t pay for what you consume, but <strong>for the time you spend<\/strong>. In exchange: coffee, tea, cookies, wifi, plugs and a studious but cool atmosphere. <\/p>\n\n\n\n<p><strong><mark style=\"background-color:rgba(0, 0, 0, 0)\" class=\"has-inline-color has-primary-color\">What we like<\/mark><\/strong><\/p>\n\n\n\n<ul class=\"wp-block-list\">\n<li><strong>Relaxed community spirit<\/strong>, perfect for freelancers and students.<\/li>\n\n\n\n<li><strong>Drinks and snacks included<\/strong><\/li>\n\n\n\n<li><strong>Warm decor<\/strong>, halfway between neighborhood caf\u00e9 and artist&#8217;s studio.<\/li>\n<\/ul>\n\n\n\n<p><\/p>\n\n\n\n<p><strong>Opening hours<\/strong><br\/>Monday to Friday: 8:30am &#8211; 8pm \/ Weekends: 10am &#8211; 6pm<br\/><strong>Rates<\/strong>: approx. \u20ac6\/hour, \u20ac25\/day, or subscription ~\u20ac300\/month.<br\/> 9<strong>rue du B\u00e2t d&#8217;Argent, 69001 Lyon<\/strong><br\/><\/p>\n\n\n\n<div class=\"wp-block-group is-layout-flow wp-block-group-is-layout-flow\">\n<figure class=\"wp-block-image size-full\"><img decoding=\"async\" width=\"606\" height=\"380\" src=\"https:\/\/www.lesaubergisteslyonnais.fr\/wp-content\/uploads\/2025\/10\/coworking-lyon-centre.jpg\" alt=\"coworking lyon center\" class=\"wp-image-9150\" style=\"aspect-ratio:3\/2;object-fit:cover\" srcset=\"https:\/\/www.lesaubergisteslyonnais.fr\/wp-content\/uploads\/2025\/10\/coworking-lyon-centre.jpg 606w, https:\/\/www.lesaubergisteslyonnais.fr\/wp-content\/uploads\/2025\/10\/coworking-lyon-centre-600x376.jpg 600w\" sizes=\"(max-width: 606px) 100vw, 606px\" \/><\/figure>\n<\/div>\n<\/div>\n\n<div class=\"wp-block-group has-secondary-background-color has-background has-global-padding is-layout-constrained wp-container-core-group-is-layout-439938c2 wp-block-group-is-layout-constrained\" style=\"padding-top:var(--wp--preset--spacing--theme-default);padding-right:var(--wp--preset--spacing--theme-default);padding-bottom:var(--wp--preset--spacing--theme-default);padding-left:var(--wp--preset--spacing--theme-default)\">\n<h3 class=\"wp-block-heading has-text-align-center\"><strong><strong><strong><strong>Dojocrea Lyon, the Zen version of coworking<\/strong><\/strong><\/strong><\/strong><\/h3>\n\n\n\n<p>Nestled on the banks of the Rh\u00f4ne, <strong>Dojocrea<\/strong> is a discreet and soothing place, designed for working in calm and light.<br\/>Here, we talk more about <strong>creation than performance<\/strong>, and we come across architects as well as graphic designers and curious entrepreneurs.<\/p>\n\n\n\n<p><strong><mark style=\"background-color:rgba(0, 0, 0, 0)\" class=\"has-inline-color has-primary-color\">What we like<\/mark><\/strong><\/p>\n\n\n\n<ul class=\"wp-block-list\">\n<li><strong>Refined, authentic setting<\/strong> with stone walls, large glass roofs, wooden furniture and green plants.<\/li>\n\n\n\n<li><strong>A studious but friendly atmosphere<\/strong>, ideal for refocusing.<\/li>\n\n\n\n<li><strong>Smaller community<\/strong>, conducive to in-depth exchanges rather than noisy open spaces.<\/li>\n<\/ul>\n\n\n\n<p><strong>Opening hours<\/strong><br\/>Monday to Friday: 9am &#8211; 7pm<br\/><strong>Landline from \u20ac230 excl. VAT\/month<\/strong><br\/> 9<strong>quai Jules Courmont, 69002 Lyon<\/strong><br\/><br\/><\/p>\n\n\n\n<div class=\"wp-block-group is-layout-flow wp-block-group-is-layout-flow\">\n<figure class=\"wp-block-image size-full\"><img decoding=\"async\" width=\"908\" height=\"604\" src=\"https:\/\/www.lesaubergisteslyonnais.fr\/wp-content\/uploads\/2025\/10\/coworking-lyon.png\" alt=\"coworking lyon\" class=\"wp-image-9155\" style=\"aspect-ratio:3\/2;object-fit:cover\" srcset=\"https:\/\/www.lesaubergisteslyonnais.fr\/wp-content\/uploads\/2025\/10\/coworking-lyon.png 908w, https:\/\/www.lesaubergisteslyonnais.fr\/wp-content\/uploads\/2025\/10\/coworking-lyon-600x399.png 600w, https:\/\/www.lesaubergisteslyonnais.fr\/wp-content\/uploads\/2025\/10\/coworking-lyon-768x511.png 768w\" sizes=\"(max-width: 908px) 100vw, 908px\" \/><\/figure>\n<\/div>\n<\/div>\n\n<div class=\"wp-block-group has-white-background-color has-background is-content-justification-space-between is-nowrap is-layout-flex wp-container-core-group-is-layout-098ab513 wp-block-group-is-layout-flex\" style=\"padding-top:var(--wp--preset--spacing--theme-m);padding-right:var(--wp--preset--spacing--theme-s);padding-bottom:var(--wp--preset--spacing--theme-m);padding-left:var(--wp--preset--spacing--theme-s)\">\n\n<\/div>\n","protected":false},"excerpt":{"rendered":"<p>If you&#8217;re going to work, you might as well do it in the best possible conditions&#8230; Here are our top coworking addresses in Lyon.<\/p>\n","protected":false},"author":3,"featured_media":9151,"comment_status":"open","ping_status":"open","sticky":false,"template":"","format":"standard","meta":{"_acf_changed":false,"inline_featured_image":false,"footnotes":""},"categories":[20],"tags":[],"class_list":["post-9165","post","type-post","status-publish","format-standard","has-post-thumbnail","hentry","category-cultural-visits"],"acf":[],"yoast_head":"<!-- This site is optimized with the Yoast SEO plugin v27.4 - https:\/\/yoast.com\/product\/yoast-seo-wordpress\/ -->\n<title>The 3 best coworking spaces in Lyon - Les Aubergistes Lyonnais<\/title>\n<meta name=\"description\" content=\"Les Aubergistes Lyonnais - The 3 best coworking spaces in Lyon . If you&#039;re going to work, you might as well do it in the best possible conditions... Here are our top coworking addresses in Lyon.\" \/>\n<meta name=\"robots\" content=\"index, follow, max-snippet:-1, max-image-preview:large, max-video-preview:-1\" \/>\n<link rel=\"canonical\" href=\"https:\/\/www.lesaubergisteslyonnais.fr\/en\/blog\/the-3-best-coworking-spaces-in-lyon\/\" \/>\n<meta property=\"og:locale\" content=\"en_US\" \/>\n<meta property=\"og:type\" content=\"article\" \/>\n<meta property=\"og:title\" content=\"The 3 best coworking spaces in Lyon - Les Aubergistes Lyonnais\" \/>\n<meta property=\"og:description\" content=\"Les Aubergistes Lyonnais - The 3 best coworking spaces in Lyon . If you&#039;re going to work, you might as well do it in the best possible conditions... Here are our top coworking addresses in Lyon.\" \/>\n<meta property=\"og:url\" content=\"https:\/\/www.lesaubergisteslyonnais.fr\/en\/blog\/the-3-best-coworking-spaces-in-lyon\/\" \/>\n<meta property=\"og:site_name\" content=\"Les Aubergistes Lyonnais\" \/>\n<meta property=\"article:published_time\" content=\"2025-10-27T15:42:13+00:00\" \/>\n<meta property=\"article:modified_time\" content=\"2026-04-17T07:26:23+00:00\" \/>\n<meta property=\"og:image\" content=\"https:\/\/www.lesaubergisteslyonnais.fr\/wp-content\/uploads\/2025\/10\/coworking-lyon-centre.jpg\" \/>\n\t<meta property=\"og:image:width\" content=\"606\" \/>\n\t<meta property=\"og:image:height\" content=\"380\" \/>\n\t<meta property=\"og:image:type\" content=\"image\/jpeg\" \/>\n<meta name=\"author\" content=\"eluquet\" \/>\n<meta name=\"twitter:card\" content=\"summary_large_image\" \/>\n<meta name=\"twitter:label1\" content=\"Written by\" \/>\n\t<meta name=\"twitter:data1\" content=\"eluquet\" \/>\n\t<meta name=\"twitter:label2\" content=\"Est. reading time\" \/>\n\t<meta name=\"twitter:data2\" content=\"2 minutes\" \/>\n<script type=\"application\/ld+json\" class=\"yoast-schema-graph\">{\"@context\":\"https:\\\/\\\/schema.org\",\"@graph\":[{\"@type\":\"Article\",\"@id\":\"https:\\\/\\\/www.lesaubergisteslyonnais.fr\\\/en\\\/blog\\\/the-3-best-coworking-spaces-in-lyon\\\/#article\",\"isPartOf\":{\"@id\":\"https:\\\/\\\/www.lesaubergisteslyonnais.fr\\\/en\\\/blog\\\/the-3-best-coworking-spaces-in-lyon\\\/\"},\"author\":{\"name\":\"eluquet\",\"@id\":\"https:\\\/\\\/www.lesaubergisteslyonnais.fr\\\/en\\\/#\\\/schema\\\/person\\\/e4ac4e9bc69cd2894d15d6ace15a9f68\"},\"headline\":\"The 3 best coworking spaces in Lyon\",\"datePublished\":\"2025-10-27T15:42:13+00:00\",\"dateModified\":\"2026-04-17T07:26:23+00:00\",\"mainEntityOfPage\":{\"@id\":\"https:\\\/\\\/www.lesaubergisteslyonnais.fr\\\/en\\\/blog\\\/the-3-best-coworking-spaces-in-lyon\\\/\"},\"wordCount\":519,\"commentCount\":0,\"publisher\":{\"@id\":\"https:\\\/\\\/www.lesaubergisteslyonnais.fr\\\/en\\\/#organization\"},\"image\":{\"@id\":\"https:\\\/\\\/www.lesaubergisteslyonnais.fr\\\/en\\\/blog\\\/the-3-best-coworking-spaces-in-lyon\\\/#primaryimage\"},\"thumbnailUrl\":\"https:\\\/\\\/www.lesaubergisteslyonnais.fr\\\/wp-content\\\/uploads\\\/2025\\\/10\\\/coworking-lyon-centre.jpg\",\"articleSection\":[\"Visite culturelle\"],\"inLanguage\":\"en-US\",\"potentialAction\":[{\"@type\":\"CommentAction\",\"name\":\"Comment\",\"target\":[\"https:\\\/\\\/www.lesaubergisteslyonnais.fr\\\/en\\\/blog\\\/the-3-best-coworking-spaces-in-lyon\\\/#respond\"]}]},{\"@type\":\"WebPage\",\"@id\":\"https:\\\/\\\/www.lesaubergisteslyonnais.fr\\\/en\\\/blog\\\/the-3-best-coworking-spaces-in-lyon\\\/\",\"url\":\"https:\\\/\\\/www.lesaubergisteslyonnais.fr\\\/en\\\/blog\\\/the-3-best-coworking-spaces-in-lyon\\\/\",\"name\":\"The 3 best coworking spaces in Lyon - Les Aubergistes Lyonnais\",\"isPartOf\":{\"@id\":\"https:\\\/\\\/www.lesaubergisteslyonnais.fr\\\/en\\\/#website\"},\"primaryImageOfPage\":{\"@id\":\"https:\\\/\\\/www.lesaubergisteslyonnais.fr\\\/en\\\/blog\\\/the-3-best-coworking-spaces-in-lyon\\\/#primaryimage\"},\"image\":{\"@id\":\"https:\\\/\\\/www.lesaubergisteslyonnais.fr\\\/en\\\/blog\\\/the-3-best-coworking-spaces-in-lyon\\\/#primaryimage\"},\"thumbnailUrl\":\"https:\\\/\\\/www.lesaubergisteslyonnais.fr\\\/wp-content\\\/uploads\\\/2025\\\/10\\\/coworking-lyon-centre.jpg\",\"datePublished\":\"2025-10-27T15:42:13+00:00\",\"dateModified\":\"2026-04-17T07:26:23+00:00\",\"description\":\"Les Aubergistes Lyonnais - The 3 best coworking spaces in Lyon . If you're going to work, you might as well do it in the best possible conditions... Here are our top coworking addresses in Lyon.\",\"breadcrumb\":{\"@id\":\"https:\\\/\\\/www.lesaubergisteslyonnais.fr\\\/en\\\/blog\\\/the-3-best-coworking-spaces-in-lyon\\\/#breadcrumb\"},\"inLanguage\":\"en-US\",\"potentialAction\":[{\"@type\":\"ReadAction\",\"target\":[\"https:\\\/\\\/www.lesaubergisteslyonnais.fr\\\/en\\\/blog\\\/the-3-best-coworking-spaces-in-lyon\\\/\"]}]},{\"@type\":\"ImageObject\",\"inLanguage\":\"en-US\",\"@id\":\"https:\\\/\\\/www.lesaubergisteslyonnais.fr\\\/en\\\/blog\\\/the-3-best-coworking-spaces-in-lyon\\\/#primaryimage\",\"url\":\"https:\\\/\\\/www.lesaubergisteslyonnais.fr\\\/wp-content\\\/uploads\\\/2025\\\/10\\\/coworking-lyon-centre.jpg\",\"contentUrl\":\"https:\\\/\\\/www.lesaubergisteslyonnais.fr\\\/wp-content\\\/uploads\\\/2025\\\/10\\\/coworking-lyon-centre.jpg\",\"width\":606,\"height\":380,\"caption\":\"coworking lyon center\"},{\"@type\":\"BreadcrumbList\",\"@id\":\"https:\\\/\\\/www.lesaubergisteslyonnais.fr\\\/en\\\/blog\\\/the-3-best-coworking-spaces-in-lyon\\\/#breadcrumb\",\"itemListElement\":[{\"@type\":\"ListItem\",\"position\":1,\"name\":\"Home\",\"item\":\"https:\\\/\\\/www.lesaubergisteslyonnais.fr\\\/en\\\/\"},{\"@type\":\"ListItem\",\"position\":2,\"name\":\"Visite culturelle\",\"item\":\"https:\\\/\\\/www.lesaubergisteslyonnais.fr\\\/en\\\/blog\\\/cultural-visits\\\/\"},{\"@type\":\"ListItem\",\"position\":3,\"name\":\"The 3 best coworking spaces in Lyon\"}]},{\"@type\":\"WebSite\",\"@id\":\"https:\\\/\\\/www.lesaubergisteslyonnais.fr\\\/en\\\/#website\",\"url\":\"https:\\\/\\\/www.lesaubergisteslyonnais.fr\\\/en\\\/\",\"name\":\"Globe Cecil\",\"description\":\"H\u00f4tel 4 \u00e9toiles \u00e0 Lyon\",\"publisher\":{\"@id\":\"https:\\\/\\\/www.lesaubergisteslyonnais.fr\\\/en\\\/#organization\"},\"potentialAction\":[{\"@type\":\"SearchAction\",\"target\":{\"@type\":\"EntryPoint\",\"urlTemplate\":\"https:\\\/\\\/www.lesaubergisteslyonnais.fr\\\/en\\\/?s={search_term_string}\"},\"query-input\":{\"@type\":\"PropertyValueSpecification\",\"valueRequired\":true,\"valueName\":\"search_term_string\"}}],\"inLanguage\":\"en-US\"},{\"@type\":\"Organization\",\"@id\":\"https:\\\/\\\/www.lesaubergisteslyonnais.fr\\\/en\\\/#organization\",\"name\":\"Globe Cecil\",\"url\":\"https:\\\/\\\/www.lesaubergisteslyonnais.fr\\\/en\\\/\",\"logo\":{\"@type\":\"ImageObject\",\"inLanguage\":\"en-US\",\"@id\":\"https:\\\/\\\/www.lesaubergisteslyonnais.fr\\\/en\\\/#\\\/schema\\\/logo\\\/image\\\/\",\"url\":\"https:\\\/\\\/www.lesaubergisteslyonnais.fr\\\/wp-content\\\/uploads\\\/2025\\\/05\\\/LOGO-Aubergistes-Lyonnais-White.svg\",\"contentUrl\":\"https:\\\/\\\/www.lesaubergisteslyonnais.fr\\\/wp-content\\\/uploads\\\/2025\\\/05\\\/LOGO-Aubergistes-Lyonnais-White.svg\",\"width\":558,\"height\":127,\"caption\":\"Globe Cecil\"},\"image\":{\"@id\":\"https:\\\/\\\/www.lesaubergisteslyonnais.fr\\\/en\\\/#\\\/schema\\\/logo\\\/image\\\/\"}},{\"@type\":\"Person\",\"@id\":\"https:\\\/\\\/www.lesaubergisteslyonnais.fr\\\/en\\\/#\\\/schema\\\/person\\\/e4ac4e9bc69cd2894d15d6ace15a9f68\",\"name\":\"eluquet\",\"image\":{\"@type\":\"ImageObject\",\"inLanguage\":\"en-US\",\"@id\":\"https:\\\/\\\/secure.gravatar.com\\\/avatar\\\/442dc35ef11b7d2998eb3e3b34cffb58fb8c292b4147875dabe42b2c036c4d84?s=96&d=mm&r=g\",\"url\":\"https:\\\/\\\/secure.gravatar.com\\\/avatar\\\/442dc35ef11b7d2998eb3e3b34cffb58fb8c292b4147875dabe42b2c036c4d84?s=96&d=mm&r=g\",\"contentUrl\":\"https:\\\/\\\/secure.gravatar.com\\\/avatar\\\/442dc35ef11b7d2998eb3e3b34cffb58fb8c292b4147875dabe42b2c036c4d84?s=96&d=mm&r=g\",\"caption\":\"eluquet\"},\"url\":\"https:\\\/\\\/www.lesaubergisteslyonnais.fr\\\/en\\\/author\\\/eluquet69\\\/\"}]}<\/script>\n<!-- \/ Yoast SEO plugin. -->","yoast_head_json":{"title":"The 3 best coworking spaces in Lyon - Les Aubergistes Lyonnais","description":"Les Aubergistes Lyonnais - The 3 best coworking spaces in Lyon . If you're going to work, you might as well do it in the best possible conditions... Here are our top coworking addresses in Lyon.","robots":{"index":"index","follow":"follow","max-snippet":"max-snippet:-1","max-image-preview":"max-image-preview:large","max-video-preview":"max-video-preview:-1"},"canonical":"https:\/\/www.lesaubergisteslyonnais.fr\/en\/blog\/the-3-best-coworking-spaces-in-lyon\/","og_locale":"en_US","og_type":"article","og_title":"The 3 best coworking spaces in Lyon - Les Aubergistes Lyonnais","og_description":"Les Aubergistes Lyonnais - The 3 best coworking spaces in Lyon . If you're going to work, you might as well do it in the best possible conditions... Here are our top coworking addresses in Lyon.","og_url":"https:\/\/www.lesaubergisteslyonnais.fr\/en\/blog\/the-3-best-coworking-spaces-in-lyon\/","og_site_name":"Les Aubergistes Lyonnais","article_published_time":"2025-10-27T15:42:13+00:00","article_modified_time":"2026-04-17T07:26:23+00:00","og_image":[{"width":606,"height":380,"url":"https:\/\/www.lesaubergisteslyonnais.fr\/wp-content\/uploads\/2025\/10\/coworking-lyon-centre.jpg","type":"image\/jpeg"}],"author":"eluquet","twitter_card":"summary_large_image","twitter_misc":{"Written by":"eluquet","Est. reading time":"2 minutes"},"schema":{"@context":"https:\/\/schema.org","@graph":[{"@type":"Article","@id":"https:\/\/www.lesaubergisteslyonnais.fr\/en\/blog\/the-3-best-coworking-spaces-in-lyon\/#article","isPartOf":{"@id":"https:\/\/www.lesaubergisteslyonnais.fr\/en\/blog\/the-3-best-coworking-spaces-in-lyon\/"},"author":{"name":"eluquet","@id":"https:\/\/www.lesaubergisteslyonnais.fr\/en\/#\/schema\/person\/e4ac4e9bc69cd2894d15d6ace15a9f68"},"headline":"The 3 best coworking spaces in Lyon","datePublished":"2025-10-27T15:42:13+00:00","dateModified":"2026-04-17T07:26:23+00:00","mainEntityOfPage":{"@id":"https:\/\/www.lesaubergisteslyonnais.fr\/en\/blog\/the-3-best-coworking-spaces-in-lyon\/"},"wordCount":519,"commentCount":0,"publisher":{"@id":"https:\/\/www.lesaubergisteslyonnais.fr\/en\/#organization"},"image":{"@id":"https:\/\/www.lesaubergisteslyonnais.fr\/en\/blog\/the-3-best-coworking-spaces-in-lyon\/#primaryimage"},"thumbnailUrl":"https:\/\/www.lesaubergisteslyonnais.fr\/wp-content\/uploads\/2025\/10\/coworking-lyon-centre.jpg","articleSection":["Visite culturelle"],"inLanguage":"en-US","potentialAction":[{"@type":"CommentAction","name":"Comment","target":["https:\/\/www.lesaubergisteslyonnais.fr\/en\/blog\/the-3-best-coworking-spaces-in-lyon\/#respond"]}]},{"@type":"WebPage","@id":"https:\/\/www.lesaubergisteslyonnais.fr\/en\/blog\/the-3-best-coworking-spaces-in-lyon\/","url":"https:\/\/www.lesaubergisteslyonnais.fr\/en\/blog\/the-3-best-coworking-spaces-in-lyon\/","name":"The 3 best coworking spaces in Lyon - Les Aubergistes Lyonnais","isPartOf":{"@id":"https:\/\/www.lesaubergisteslyonnais.fr\/en\/#website"},"primaryImageOfPage":{"@id":"https:\/\/www.lesaubergisteslyonnais.fr\/en\/blog\/the-3-best-coworking-spaces-in-lyon\/#primaryimage"},"image":{"@id":"https:\/\/www.lesaubergisteslyonnais.fr\/en\/blog\/the-3-best-coworking-spaces-in-lyon\/#primaryimage"},"thumbnailUrl":"https:\/\/www.lesaubergisteslyonnais.fr\/wp-content\/uploads\/2025\/10\/coworking-lyon-centre.jpg","datePublished":"2025-10-27T15:42:13+00:00","dateModified":"2026-04-17T07:26:23+00:00","description":"Les Aubergistes Lyonnais - The 3 best coworking spaces in Lyon . If you're going to work, you might as well do it in the best possible conditions... Here are our top coworking addresses in Lyon.","breadcrumb":{"@id":"https:\/\/www.lesaubergisteslyonnais.fr\/en\/blog\/the-3-best-coworking-spaces-in-lyon\/#breadcrumb"},"inLanguage":"en-US","potentialAction":[{"@type":"ReadAction","target":["https:\/\/www.lesaubergisteslyonnais.fr\/en\/blog\/the-3-best-coworking-spaces-in-lyon\/"]}]},{"@type":"ImageObject","inLanguage":"en-US","@id":"https:\/\/www.lesaubergisteslyonnais.fr\/en\/blog\/the-3-best-coworking-spaces-in-lyon\/#primaryimage","url":"https:\/\/www.lesaubergisteslyonnais.fr\/wp-content\/uploads\/2025\/10\/coworking-lyon-centre.jpg","contentUrl":"https:\/\/www.lesaubergisteslyonnais.fr\/wp-content\/uploads\/2025\/10\/coworking-lyon-centre.jpg","width":606,"height":380,"caption":"coworking lyon center"},{"@type":"BreadcrumbList","@id":"https:\/\/www.lesaubergisteslyonnais.fr\/en\/blog\/the-3-best-coworking-spaces-in-lyon\/#breadcrumb","itemListElement":[{"@type":"ListItem","position":1,"name":"Home","item":"https:\/\/www.lesaubergisteslyonnais.fr\/en\/"},{"@type":"ListItem","position":2,"name":"Visite culturelle","item":"https:\/\/www.lesaubergisteslyonnais.fr\/en\/blog\/cultural-visits\/"},{"@type":"ListItem","position":3,"name":"The 3 best coworking spaces in Lyon"}]},{"@type":"WebSite","@id":"https:\/\/www.lesaubergisteslyonnais.fr\/en\/#website","url":"https:\/\/www.lesaubergisteslyonnais.fr\/en\/","name":"Globe Cecil","description":"H\u00f4tel 4 \u00e9toiles \u00e0 Lyon","publisher":{"@id":"https:\/\/www.lesaubergisteslyonnais.fr\/en\/#organization"},"potentialAction":[{"@type":"SearchAction","target":{"@type":"EntryPoint","urlTemplate":"https:\/\/www.lesaubergisteslyonnais.fr\/en\/?s={search_term_string}"},"query-input":{"@type":"PropertyValueSpecification","valueRequired":true,"valueName":"search_term_string"}}],"inLanguage":"en-US"},{"@type":"Organization","@id":"https:\/\/www.lesaubergisteslyonnais.fr\/en\/#organization","name":"Globe Cecil","url":"https:\/\/www.lesaubergisteslyonnais.fr\/en\/","logo":{"@type":"ImageObject","inLanguage":"en-US","@id":"https:\/\/www.lesaubergisteslyonnais.fr\/en\/#\/schema\/logo\/image\/","url":"https:\/\/www.lesaubergisteslyonnais.fr\/wp-content\/uploads\/2025\/05\/LOGO-Aubergistes-Lyonnais-White.svg","contentUrl":"https:\/\/www.lesaubergisteslyonnais.fr\/wp-content\/uploads\/2025\/05\/LOGO-Aubergistes-Lyonnais-White.svg","width":558,"height":127,"caption":"Globe Cecil"},"image":{"@id":"https:\/\/www.lesaubergisteslyonnais.fr\/en\/#\/schema\/logo\/image\/"}},{"@type":"Person","@id":"https:\/\/www.lesaubergisteslyonnais.fr\/en\/#\/schema\/person\/e4ac4e9bc69cd2894d15d6ace15a9f68","name":"eluquet","image":{"@type":"ImageObject","inLanguage":"en-US","@id":"https:\/\/secure.gravatar.com\/avatar\/442dc35ef11b7d2998eb3e3b34cffb58fb8c292b4147875dabe42b2c036c4d84?s=96&d=mm&r=g","url":"https:\/\/secure.gravatar.com\/avatar\/442dc35ef11b7d2998eb3e3b34cffb58fb8c292b4147875dabe42b2c036c4d84?s=96&d=mm&r=g","contentUrl":"https:\/\/secure.gravatar.com\/avatar\/442dc35ef11b7d2998eb3e3b34cffb58fb8c292b4147875dabe42b2c036c4d84?s=96&d=mm&r=g","caption":"eluquet"},"url":"https:\/\/www.lesaubergisteslyonnais.fr\/en\/author\/eluquet69\/"}]}},"_links":{"self":[{"href":"https:\/\/www.lesaubergisteslyonnais.fr\/en\/wp-json\/wp\/v2\/posts\/9165","targetHints":{"allow":["GET"]}}],"collection":[{"href":"https:\/\/www.lesaubergisteslyonnais.fr\/en\/wp-json\/wp\/v2\/posts"}],"about":[{"href":"https:\/\/www.lesaubergisteslyonnais.fr\/en\/wp-json\/wp\/v2\/types\/post"}],"author":[{"embeddable":true,"href":"https:\/\/www.lesaubergisteslyonnais.fr\/en\/wp-json\/wp\/v2\/users\/3"}],"replies":[{"embeddable":true,"href":"https:\/\/www.lesaubergisteslyonnais.fr\/en\/wp-json\/wp\/v2\/comments?post=9165"}],"version-history":[{"count":3,"href":"https:\/\/www.lesaubergisteslyonnais.fr\/en\/wp-json\/wp\/v2\/posts\/9165\/revisions"}],"predecessor-version":[{"id":9816,"href":"https:\/\/www.lesaubergisteslyonnais.fr\/en\/wp-json\/wp\/v2\/posts\/9165\/revisions\/9816"}],"wp:featuredmedia":[{"embeddable":true,"href":"https:\/\/www.lesaubergisteslyonnais.fr\/en\/wp-json\/wp\/v2\/media\/9151"}],"wp:attachment":[{"href":"https:\/\/www.lesaubergisteslyonnais.fr\/en\/wp-json\/wp\/v2\/media?parent=9165"}],"wp:term":[{"taxonomy":"category","embeddable":true,"href":"https:\/\/www.lesaubergisteslyonnais.fr\/en\/wp-json\/wp\/v2\/categories?post=9165"},{"taxonomy":"post_tag","embeddable":true,"href":"https:\/\/www.lesaubergisteslyonnais.fr\/en\/wp-json\/wp\/v2\/tags?post=9165"}],"curies":[{"name":"wp","href":"https:\/\/api.w.org\/{rel}","templated":true}]}}