{"id":7422,"date":"2025-06-05T17:11:22","date_gmt":"2025-06-05T15:11:22","guid":{"rendered":"https:\/\/www.lesaubergisteslyonnais.fr\/lyons-best-terraces-and-rooftops-in-summer\/"},"modified":"2026-04-17T09:26:04","modified_gmt":"2026-04-17T07:26:04","slug":"lyons-best-terraces-and-rooftops-in-summer","status":"publish","type":"post","link":"https:\/\/www.lesaubergisteslyonnais.fr\/en\/blog\/lyons-best-terraces-and-rooftops-in-summer\/","title":{"rendered":"Lyon&#8217;s best terraces and rooftops in summer"},"content":{"rendered":"\n<section class=\"heading wp-elements-d8ef548451ac5774fc4d7afb482c1fb5 wp-elements-d8ef548451ac5774fc4d7afb482c1fb5 wp-block-acf-heading has-text-color has-primary-color has-background has-white-100-background-color\">\n\t<div class=\"heading__container\">\n\t\t\t\t\t<div class=\"heading__background-picture\">\n\t\t\t\t<img decoding=\"async\" width=\"1920\" height=\"915\" src=\"https:\/\/www.lesaubergisteslyonnais.fr\/wp-content\/uploads\/2025\/06\/plus-belles-terrasses-de-lyon.jpg\" class=\"attachment-full size-full\" alt=\"lyon&#039;s most beautiful terraces\" fetchpriority=\"high\" srcset=\"https:\/\/www.lesaubergisteslyonnais.fr\/wp-content\/uploads\/2025\/06\/plus-belles-terrasses-de-lyon.jpg 1920w, https:\/\/www.lesaubergisteslyonnais.fr\/wp-content\/uploads\/2025\/06\/plus-belles-terrasses-de-lyon-600x286.jpg 600w, https:\/\/www.lesaubergisteslyonnais.fr\/wp-content\/uploads\/2025\/06\/plus-belles-terrasses-de-lyon-1400x667.jpg 1400w, https:\/\/www.lesaubergisteslyonnais.fr\/wp-content\/uploads\/2025\/06\/plus-belles-terrasses-de-lyon-768x366.jpg 768w, https:\/\/www.lesaubergisteslyonnais.fr\/wp-content\/uploads\/2025\/06\/plus-belles-terrasses-de-lyon-1536x732.jpg 1536w\" sizes=\"(max-width: 1920px) 100vw, 1920px\" \/>\t\t\t<\/div>\n\t\t\t\t<div class=\"heading__layout\">\n\t\t\t<div class=\"heading__content-wrapper has-white-100-background-color\">\n\t\t\t\t<div class=\"heading__content has-white-100-background-color\">\n\t\t\t\t\t\t\t\t\t<p id=\"breadcrumbs\"><span><span><a href=\"https:\/\/www.lesaubergisteslyonnais.fr\/en\/\">Home<\/a><\/span><\/span><\/p>\t\t\t\t\t\t\t\t\t<div class=\"acf-innerblocks-container\">\n\n<div class=\"wp-block-group heading-content-group is-layout-grid wp-container-core-group-is-layout-96b258e4 wp-block-group-is-layout-grid\">\n<h1 class=\"wp-block-heading has-text-align-left heading__title has-primary-color has-text-color has-xx-large-font-size\"><strong>Lyon&#8217;s best terraces and rooftops in summer<\/strong><\/h1>\n<\/div>\n\n<\/div>\n\t\t\t\t<\/div>\n\t\t\t\t\t\t\t<\/div>\n\t\t<\/div>\n\t<\/div>\n<\/section>\n\n\n\t<section\n\t\tstyle=\"padding-top:var(--wp--preset--spacing--theme-default);padding-bottom:var(--wp--preset--spacing--theme-default);\" class=\"double-columns wp-block-acf-double-columns has-background has-white-background-color has-global-padding is-layout-constrained wp-container-acf-double-columns-is-layout-a22d0bdd wp-block-acf-double-columns-is-layout-constrained\"\t>\n\n<div class=\"double-columns__innerblocks\">\n\n<div class=\"wp-block-group is-vertical is-layout-flex wp-container-core-group-is-layout-d6b9ab57 wp-block-group-is-layout-flex\">\n<h2 class=\"wp-block-heading has-text-align-center\">1. Les Terrasses Saint-Pierre &#8211; A haven of peace in the heart of the city<\/h2>\n\n\n\n<p>Nestled in the inner courtyard of the Mus\u00e9e des Beaux-Arts, these terraces offer a peaceful, leafy setting, perfect for a quiet lunch or coffee break.<\/p>\n\n\n\n<p><strong>Access<\/strong>: 20 Place des Terreaux, 69001 Lyon.<\/p>\n\n\n\n<p><strong>Best time<\/strong>: On weekdays, late morning or early afternoon, to avoid crowds.<\/p>\n<\/div>\n\n\n\n<div class=\"wp-block-group is-layout-flow wp-block-group-is-layout-flow\">\n<figure class=\"wp-block-image size-full image-is-animate\"><img decoding=\"async\" width=\"444\" height=\"499\" src=\"https:\/\/www.lesaubergisteslyonnais.fr\/wp-content\/uploads\/2025\/06\/Credit-Blandine-Soulage.png\" alt=\"Credit Blandine Soulage\" class=\"wp-image-7452\" style=\"aspect-ratio:3\/4;object-fit:cover\"\/><figcaption class=\"wp-element-caption\">Credit: Blandine Soulage<\/figcaption><\/figure>\n<\/div>\n\n<\/div>\n\n<\/section>\n\n\t<section\n\t\tstyle=\"padding-top:var(--wp--preset--spacing--theme-default);padding-bottom:var(--wp--preset--spacing--theme-default);\" class=\"double-columns double-columns-reverse_colums_mobile wp-block-acf-double-columns has-background has-white-100-background-color has-global-padding is-layout-constrained wp-container-acf-double-columns-is-layout-a22d0bdd wp-block-acf-double-columns-is-layout-constrained\"\t>\n\n<div class=\"double-columns__innerblocks\">\n\n<div class=\"wp-block-group has-global-padding is-layout-constrained wp-block-group-is-layout-constrained\">\n<figure class=\"wp-block-image size-full image-is-animate\"><img decoding=\"async\" width=\"484\" height=\"596\" src=\"https:\/\/www.lesaubergisteslyonnais.fr\/wp-content\/uploads\/2025\/06\/Credit-site-internet-Cafe-Gardagne.png\" alt=\"Credit website Cafe Gardagne\" class=\"wp-image-7456\" style=\"aspect-ratio:3\/4;object-fit:cover\"\/><figcaption class=\"wp-element-caption\">Credit: Cafe Gardagne website<\/figcaption><\/figure>\n<\/div>\n\n\n\n<div class=\"wp-block-group is-vertical is-layout-flex wp-container-core-group-is-layout-d6b9ab57 wp-block-group-is-layout-flex\">\n<h2 class=\"wp-block-heading has-text-align-center\">2. Caf\u00e9 Gadagne &#8211; A hanging garden at the top of Vieux Lyon<\/h2>\n\n\n\n<p>Perched atop the Mus\u00e9e Gadagne, this garden caf\u00e9 offers a breathtaking view over the rooftops of Vieux Lyon. An ideal place to enjoy a drink or light meal in a historic setting.  <\/p>\n\n\n\n<p><strong>Access<\/strong>: 1 Place du Petit Coll\u00e8ge, 69005 Lyon.<\/p>\n\n\n\n<p><strong>Best time<\/strong>: Late afternoon, to enjoy the golden light over the rooftops.<\/p>\n<\/div>\n\n<\/div>\n\n<\/section>\n\n\t<section\n\t\tstyle=\"padding-top:var(--wp--preset--spacing--theme-default);padding-bottom:var(--wp--preset--spacing--theme-default);\" class=\"double-columns wp-block-acf-double-columns has-background has-white-background-color has-global-padding is-layout-constrained wp-container-acf-double-columns-is-layout-a22d0bdd wp-block-acf-double-columns-is-layout-constrained\"\t>\n\n<div class=\"double-columns__innerblocks\">\n\n<div class=\"wp-block-group is-vertical is-layout-flex wp-container-core-group-is-layout-d6b9ab57 wp-block-group-is-layout-flex\">\n<h2 class=\"wp-block-heading has-text-align-center\">3. Maison N\u00f4 &#8211; A breathtaking view of the city<\/h2>\n\n\n\n<p>Located in the heart of the Presqu&#8217;\u00eele, Maison N\u00f4&#8217;s rooftop offers an exceptional panoramic view of Lyon. A chic setting for cocktails and refined dishes.  <\/p>\n\n\n\n<p><strong>Access<\/strong>: 11 Rue du B\u00e2t-d&#8217;Argent, 69001 Lyon.  <\/p>\n\n\n\n<p><strong>Best time<\/strong>: At sunset, for a romantic atmosphere.<\/p>\n<\/div>\n\n\n\n<div class=\"wp-block-group is-layout-flow wp-block-group-is-layout-flow\">\n<figure class=\"wp-block-image size-full image-is-animate\"><img decoding=\"async\" width=\"478\" height=\"571\" src=\"https:\/\/www.lesaubergisteslyonnais.fr\/wp-content\/uploads\/2025\/06\/Credit-Maison_No-instagram.png\" alt=\"House credit No instagram\" class=\"wp-image-7460\" style=\"aspect-ratio:3\/4;object-fit:cover\"\/><figcaption class=\"wp-element-caption\">Credit: Maison_No &#8211; Instagram<\/figcaption><\/figure>\n<\/div>\n\n<\/div>\n\n<\/section>\n\n\t<section\n\t\tstyle=\"padding-top:var(--wp--preset--spacing--theme-default);padding-bottom:var(--wp--preset--spacing--theme-default);\" class=\"double-columns double-columns-reverse_colums_mobile wp-block-acf-double-columns has-background has-white-100-background-color has-global-padding is-layout-constrained wp-container-acf-double-columns-is-layout-a22d0bdd wp-block-acf-double-columns-is-layout-constrained\"\t>\n\n<div class=\"double-columns__innerblocks\">\n\n<div class=\"wp-block-group has-global-padding is-layout-constrained wp-block-group-is-layout-constrained\">\n<figure class=\"wp-block-image size-full image-is-animate\"><img decoding=\"async\" width=\"364\" height=\"495\" src=\"https:\/\/www.lesaubergisteslyonnais.fr\/wp-content\/uploads\/2025\/06\/Credit-lesucrelyon-@gpclyon-@juliettevlr_Instagram.png\" alt=\"Credit lesucrelyon @gpclyon @juliettevlr Instagram\" class=\"wp-image-7465\" style=\"aspect-ratio:3\/4;object-fit:cover\"\/><figcaption class=\"wp-element-caption\">Credit: lesucrelyon @gpclyon @juliettevlr Instagram<\/figcaption><\/figure>\n<\/div>\n\n\n\n<div class=\"wp-block-group is-vertical is-layout-flex wp-container-core-group-is-layout-d6b9ab57 wp-block-group-is-layout-flex\">\n<h2 class=\"wp-block-heading has-text-align-center\">4. Le Sucre &#8211; Confluence&#8217;s festive rooftop<\/h2>\n\n\n\n<p>At the top of La Sucri\u00e8re, this rooftop is the place to be for lively evenings overlooking the Sa\u00f4ne, with concerts, DJ sets and cultural events taking place all year round.<\/p>\n\n\n\n<p><strong>Access<\/strong>: 50 Quai Rambaud, 69002 Lyon.  <\/p>\n\n\n\n<p><strong>Best time<\/strong>: On weekends, to enjoy the festive atmosphere.<\/p>\n<\/div>\n\n<\/div>\n\n<\/section>\n\n\t<section\n\t\tstyle=\"padding-top:var(--wp--preset--spacing--theme-default);padding-bottom:var(--wp--preset--spacing--theme-default);\" class=\"double-columns wp-block-acf-double-columns has-background has-white-background-color has-global-padding is-layout-constrained wp-container-acf-double-columns-is-layout-a22d0bdd wp-block-acf-double-columns-is-layout-constrained\"\t>\n\n<div class=\"double-columns__innerblocks\">\n\n<div class=\"wp-block-group is-vertical is-layout-flex wp-container-core-group-is-layout-d6b9ab57 wp-block-group-is-layout-flex\">\n<h2 class=\"wp-block-heading has-text-align-center\"><strong>5.<\/strong> T\u00eatedoie &#8211; Star cuisine with a view<\/h2>\n\n\n\n<p>Chef Christian T\u00eatedoie offers an exceptional culinary experience on the heights of Lyon, with a terrace offering a breathtaking view of the city.  <\/p>\n\n\n\n<p><strong>Access<\/strong>: 4 Rue Pierre Marion, 69005 Lyon.  <\/p>\n\n\n\n<p><strong>Best time<\/strong>: In the evening, for dinner under the stars.<\/p>\n<\/div>\n\n\n\n<div class=\"wp-block-group is-layout-flow wp-block-group-is-layout-flow\">\n<figure class=\"wp-block-image size-full image-is-animate\"><img decoding=\"async\" width=\"442\" height=\"594\" src=\"https:\/\/www.lesaubergisteslyonnais.fr\/wp-content\/uploads\/2025\/06\/Credit-rooftop_tetedoie-Instagram.png\" alt=\"Credit rooftop tetedoie Instagram\" class=\"wp-image-7470\" style=\"aspect-ratio:3\/4;object-fit:cover\"\/><figcaption class=\"wp-element-caption\">Credit: rooftop tetedoie Instagram<\/figcaption><\/figure>\n<\/div>\n\n<\/div>\n\n<\/section>\n\n\t<section\n\t\tstyle=\"padding-top:var(--wp--preset--spacing--theme-default);padding-bottom:var(--wp--preset--spacing--theme-default);\" class=\"double-columns double-columns-reverse_colums_mobile wp-block-acf-double-columns has-background has-white-100-background-color has-global-padding is-layout-constrained wp-container-acf-double-columns-is-layout-a22d0bdd wp-block-acf-double-columns-is-layout-constrained\"\t>\n\n<div class=\"double-columns__innerblocks\">\n\n<div class=\"wp-block-group has-global-padding is-layout-constrained wp-block-group-is-layout-constrained\">\n<figure class=\"wp-block-image size-full image-is-animate\"><img decoding=\"async\" width=\"475\" height=\"598\" src=\"https:\/\/www.lesaubergisteslyonnais.fr\/wp-content\/uploads\/2025\/06\/Credit-selcius_confluence-@fred_foodphoto-Instagram.png\" alt=\"Credit selcius confluence @fred foodphoto Instagram\" class=\"wp-image-7474\" style=\"aspect-ratio:3\/4;object-fit:cover\"\/><figcaption class=\"wp-element-caption\">Credit: selcius_confluence @fred foodphoto-Instagram<\/figcaption><\/figure>\n<\/div>\n\n\n\n<div class=\"wp-block-group is-vertical is-layout-flex wp-container-core-group-is-layout-d6b9ab57 wp-block-group-is-layout-flex\">\n<h2 class=\"wp-block-heading has-text-align-center\">6. Selcius &#8211; A Mediterranean stopover on the banks of the Sa\u00f4ne<\/h2>\n\n\n\n<p>With its spacious terrace and Mediterranean-inspired decor, the Selcius is the ideal place for a sunny lunch or dinner with friends.<\/p>\n\n\n\n<p><strong>Access<\/strong>: 43 Quai Rambaud, 69002 Lyon.  <\/p>\n\n\n\n<p><strong>Best time<\/strong>: Sunday brunch.<\/p>\n<\/div>\n\n<\/div>\n\n<\/section>\n\n\t<section\n\t\tstyle=\"padding-top:var(--wp--preset--spacing--theme-default);padding-bottom:var(--wp--preset--spacing--theme-default);\" class=\"double-columns wp-block-acf-double-columns has-background has-white-background-color has-global-padding is-layout-constrained wp-container-acf-double-columns-is-layout-a22d0bdd wp-block-acf-double-columns-is-layout-constrained\"\t>\n\n<div class=\"double-columns__innerblocks\">\n\n<div class=\"wp-block-group is-vertical is-layout-flex wp-container-core-group-is-layout-d6b9ab57 wp-block-group-is-layout-flex\">\n<h2 class=\"wp-block-heading has-text-align-center\">7. La Maison &#8211; Chic and relaxed guinguette<\/h2>\n\n\n\n<p>Located in the 7th arrondissement, La Maison boasts a large terrace lined with plane trees, perfect for summer evenings with friends, complete with p\u00e9tanque courts and a festive atmosphere.  <\/p>\n\n\n\n<p><strong>Access<\/strong>: 4 Rue Jonas Salk, 69007 Lyon.<\/p>\n\n\n\n<p><strong>Best time<\/strong>: At the end of the day, for an outdoor aperitif.<\/p>\n<\/div>\n\n\n\n<div class=\"wp-block-group is-layout-flow wp-block-group-is-layout-flow\">\n<figure class=\"wp-block-image size-full image-is-animate\"><img decoding=\"async\" width=\"524\" height=\"594\" src=\"https:\/\/www.lesaubergisteslyonnais.fr\/wp-content\/uploads\/2025\/06\/Credit-lamaisonrestaurant.lyon-@fred_foodphoto-Instagram.png\" alt=\"Credit lamaisonrestaurant.lyon @fred foodphoto Instagram\" class=\"wp-image-7479\" style=\"aspect-ratio:3\/4;object-fit:cover\"\/><figcaption class=\"wp-element-caption\">Credit: lamaisonrestaurant.lyon @fred foodphoto-Instagram<\/figcaption><\/figure>\n<\/div>\n\n<\/div>\n\n<\/section>\n\n\t<section\n\t\tstyle=\"padding-top:var(--wp--preset--spacing--theme-default);padding-bottom:var(--wp--preset--spacing--theme-default);\" class=\"double-columns double-columns-reverse_colums_mobile wp-block-acf-double-columns has-background has-white-100-background-color has-global-padding is-layout-constrained wp-container-acf-double-columns-is-layout-a22d0bdd wp-block-acf-double-columns-is-layout-constrained\"\t>\n\n<div class=\"double-columns__innerblocks\">\n\n<div class=\"wp-block-group has-global-padding is-layout-constrained wp-block-group-is-layout-constrained\">\n<figure class=\"wp-block-image size-full image-is-animate\"><img decoding=\"async\" width=\"720\" height=\"1080\" src=\"https:\/\/www.lesaubergisteslyonnais.fr\/wp-content\/uploads\/2025\/06\/plus-belles-terrasse-de-lyon-centre.jpg\" alt=\"lyon center's most beautiful terraces\" class=\"wp-image-7485\" style=\"aspect-ratio:3\/4;object-fit:cover\" srcset=\"https:\/\/www.lesaubergisteslyonnais.fr\/wp-content\/uploads\/2025\/06\/plus-belles-terrasse-de-lyon-centre.jpg 720w, https:\/\/www.lesaubergisteslyonnais.fr\/wp-content\/uploads\/2025\/06\/plus-belles-terrasse-de-lyon-centre-400x600.jpg 400w\" sizes=\"(max-width: 720px) 100vw, 720px\" \/><\/figure>\n<\/div>\n\n\n\n<div class=\"wp-block-group is-vertical is-layout-flex wp-container-core-group-is-layout-d6b9ab57 wp-block-group-is-layout-flex\">\n<h2 class=\"wp-block-heading has-text-align-center\">8. Le Comptoir Cecil &#8211; Hidden terrace in the heart of the Presqu&#8217;\u00eele<\/h2>\n\n\n\n<p>Nestled a stone&#8217;s throw from Bellecour, the Comptoir Cecil terrace is a bubble of calm in the midst of Lyon&#8217;s hustle and bustle. In the shade of the historic walls of the Globe and Cecil Hotel, enjoy lunch, tea time or an aperitif in a chic, relaxed atmosphere. A real insider&#8217;s tip, far from the crowded terraces of the Presqu&#8217;\u00eele.<\/p>\n\n\n\n<p><strong>Access<\/strong>: 21 Rue Gasparin, 69002 Lyon<\/p>\n\n\n\n<p><strong>Best time<\/strong>: During the week, at lunchtime or as an aperitif, to enjoy the calm and discreet charm of the premises.<\/p>\n<\/div>\n\n<\/div>\n\n<\/section>\n\n\t<section\n\t\tstyle=\"padding-top:var(--wp--preset--spacing--theme-default);padding-bottom:var(--wp--preset--spacing--theme-default);\" class=\"block-container align wp-block-acf-block-container has-background has-white-background-color has-global-padding is-layout-constrained wp-block-acf-block-container-is-layout-constrained\"\t>\n\n\t\n\n<div class=\"wp-block-group has-global-padding is-layout-constrained wp-block-group-is-layout-constrained\">\n<h3 class=\"wp-block-heading has-text-align-center\"><strong>What&#8217;s next? We go home. <\/strong><\/h3>\n\n\n\n<ul class=\"wp-block-list\">\n<li>Le Simplon: for simple, well-located, friendly accommodation just a stone&#8217;s throw from Perrache.<\/li>\n\n\n\n<li>Le Globe &amp; Cecil: in Bellecour, to stroll, dine and sleep on your feet.<\/li>\n\n\n\n<li>Le Ph\u00e9nix: on the banks of the Sa\u00f4ne, in Vieux Lyon, for lovers of stone and character.<\/li>\n<\/ul>\n\n\n\n<p class=\"has-text-align-center\">Bon app\u00e9tit and enjoy your stay with us.<\/p>\n<\/div>\n\n\n\n<\/section>\n\n<div class=\"wp-block-group has-white-100-background-color has-background is-content-justification-space-between is-nowrap is-layout-flex wp-container-core-group-is-layout-098ab513 wp-block-group-is-layout-flex\" style=\"padding-top:var(--wp--preset--spacing--theme-m);padding-right:var(--wp--preset--spacing--theme-s);padding-bottom:var(--wp--preset--spacing--theme-m);padding-left:var(--wp--preset--spacing--theme-s)\">\n\n<\/div>\n","protected":false},"excerpt":{"rendered":"<p>Enjoy the Lyonnais sunshine: breathtaking views, cocktails and summer ambience on the city&#8217;s finest terraces.<\/p>\n","protected":false},"author":2,"featured_media":7448,"comment_status":"open","ping_status":"open","sticky":false,"template":"","format":"standard","meta":{"_acf_changed":false,"inline_featured_image":false,"footnotes":""},"categories":[40],"tags":[],"class_list":["post-7422","post","type-post","status-publish","format-standard","has-post-thumbnail","hentry","category-nightlife-and-events"],"acf":[],"yoast_head":"<!-- This site is optimized with the Yoast SEO plugin v27.4 - https:\/\/yoast.com\/product\/yoast-seo-wordpress\/ -->\n<title>Lyon&#039;s best terraces and rooftops in summer - Les Aubergistes Lyonnais<\/title>\n<meta name=\"description\" content=\"Les Aubergistes Lyonnais - Lyon&#039;s best terraces and rooftops in summer . Enjoy the Lyonnais sunshine: breathtaking views, cocktails and summer ambience on the city&#039;s finest terraces.\" \/>\n<meta name=\"robots\" content=\"index, follow, max-snippet:-1, max-image-preview:large, max-video-preview:-1\" \/>\n<link rel=\"canonical\" href=\"https:\/\/www.lesaubergisteslyonnais.fr\/en\/blog\/lyons-best-terraces-and-rooftops-in-summer\/\" \/>\n<meta property=\"og:locale\" content=\"en_US\" \/>\n<meta property=\"og:type\" content=\"article\" \/>\n<meta property=\"og:title\" content=\"Lyon&#039;s best terraces and rooftops in summer - Les Aubergistes Lyonnais\" \/>\n<meta property=\"og:description\" content=\"Les Aubergistes Lyonnais - Lyon&#039;s best terraces and rooftops in summer . Enjoy the Lyonnais sunshine: breathtaking views, cocktails and summer ambience on the city&#039;s finest terraces.\" \/>\n<meta property=\"og:url\" content=\"https:\/\/www.lesaubergisteslyonnais.fr\/en\/blog\/lyons-best-terraces-and-rooftops-in-summer\/\" \/>\n<meta property=\"og:site_name\" content=\"Les Aubergistes Lyonnais\" \/>\n<meta property=\"article:published_time\" content=\"2025-06-05T15:11:22+00:00\" \/>\n<meta property=\"article:modified_time\" content=\"2026-04-17T07:26:04+00:00\" \/>\n<meta property=\"og:image\" content=\"https:\/\/www.lesaubergisteslyonnais.fr\/wp-content\/uploads\/2025\/06\/plus-belles-terrasses-de-lyon.jpg\" \/>\n\t<meta property=\"og:image:width\" content=\"1920\" \/>\n\t<meta property=\"og:image:height\" content=\"915\" \/>\n\t<meta property=\"og:image:type\" content=\"image\/jpeg\" \/>\n<meta name=\"author\" content=\"flachize\" \/>\n<meta name=\"twitter:card\" content=\"summary_large_image\" \/>\n<meta name=\"twitter:label1\" content=\"Written by\" \/>\n\t<meta name=\"twitter:data1\" content=\"flachize\" \/>\n\t<meta name=\"twitter:label2\" content=\"Est. reading time\" \/>\n\t<meta name=\"twitter:data2\" content=\"3 minutes\" \/>\n<script type=\"application\/ld+json\" class=\"yoast-schema-graph\">{\"@context\":\"https:\\\/\\\/schema.org\",\"@graph\":[{\"@type\":\"Article\",\"@id\":\"https:\\\/\\\/www.lesaubergisteslyonnais.fr\\\/en\\\/blog\\\/lyons-best-terraces-and-rooftops-in-summer\\\/#article\",\"isPartOf\":{\"@id\":\"https:\\\/\\\/www.lesaubergisteslyonnais.fr\\\/en\\\/blog\\\/lyons-best-terraces-and-rooftops-in-summer\\\/\"},\"author\":{\"name\":\"flachize\",\"@id\":\"https:\\\/\\\/www.lesaubergisteslyonnais.fr\\\/en\\\/#\\\/schema\\\/person\\\/b3c9e279ff8ec8845926b6b9f54fbdb9\"},\"headline\":\"Lyon&#8217;s best terraces and rooftops in summer\",\"datePublished\":\"2025-06-05T15:11:22+00:00\",\"dateModified\":\"2026-04-17T07:26:04+00:00\",\"mainEntityOfPage\":{\"@id\":\"https:\\\/\\\/www.lesaubergisteslyonnais.fr\\\/en\\\/blog\\\/lyons-best-terraces-and-rooftops-in-summer\\\/\"},\"wordCount\":578,\"commentCount\":0,\"publisher\":{\"@id\":\"https:\\\/\\\/www.lesaubergisteslyonnais.fr\\\/en\\\/#organization\"},\"image\":{\"@id\":\"https:\\\/\\\/www.lesaubergisteslyonnais.fr\\\/en\\\/blog\\\/lyons-best-terraces-and-rooftops-in-summer\\\/#primaryimage\"},\"thumbnailUrl\":\"https:\\\/\\\/www.lesaubergisteslyonnais.fr\\\/wp-content\\\/uploads\\\/2025\\\/06\\\/plus-belles-terrasses-de-lyon.jpg\",\"articleSection\":[\"Nightlife and festivities\"],\"inLanguage\":\"en-US\",\"potentialAction\":[{\"@type\":\"CommentAction\",\"name\":\"Comment\",\"target\":[\"https:\\\/\\\/www.lesaubergisteslyonnais.fr\\\/en\\\/blog\\\/lyons-best-terraces-and-rooftops-in-summer\\\/#respond\"]}]},{\"@type\":\"WebPage\",\"@id\":\"https:\\\/\\\/www.lesaubergisteslyonnais.fr\\\/en\\\/blog\\\/lyons-best-terraces-and-rooftops-in-summer\\\/\",\"url\":\"https:\\\/\\\/www.lesaubergisteslyonnais.fr\\\/en\\\/blog\\\/lyons-best-terraces-and-rooftops-in-summer\\\/\",\"name\":\"Lyon's best terraces and rooftops in summer - Les Aubergistes Lyonnais\",\"isPartOf\":{\"@id\":\"https:\\\/\\\/www.lesaubergisteslyonnais.fr\\\/en\\\/#website\"},\"primaryImageOfPage\":{\"@id\":\"https:\\\/\\\/www.lesaubergisteslyonnais.fr\\\/en\\\/blog\\\/lyons-best-terraces-and-rooftops-in-summer\\\/#primaryimage\"},\"image\":{\"@id\":\"https:\\\/\\\/www.lesaubergisteslyonnais.fr\\\/en\\\/blog\\\/lyons-best-terraces-and-rooftops-in-summer\\\/#primaryimage\"},\"thumbnailUrl\":\"https:\\\/\\\/www.lesaubergisteslyonnais.fr\\\/wp-content\\\/uploads\\\/2025\\\/06\\\/plus-belles-terrasses-de-lyon.jpg\",\"datePublished\":\"2025-06-05T15:11:22+00:00\",\"dateModified\":\"2026-04-17T07:26:04+00:00\",\"description\":\"Les Aubergistes Lyonnais - Lyon's best terraces and rooftops in summer . Enjoy the Lyonnais sunshine: breathtaking views, cocktails and summer ambience on the city's finest terraces.\",\"breadcrumb\":{\"@id\":\"https:\\\/\\\/www.lesaubergisteslyonnais.fr\\\/en\\\/blog\\\/lyons-best-terraces-and-rooftops-in-summer\\\/#breadcrumb\"},\"inLanguage\":\"en-US\",\"potentialAction\":[{\"@type\":\"ReadAction\",\"target\":[\"https:\\\/\\\/www.lesaubergisteslyonnais.fr\\\/en\\\/blog\\\/lyons-best-terraces-and-rooftops-in-summer\\\/\"]}]},{\"@type\":\"ImageObject\",\"inLanguage\":\"en-US\",\"@id\":\"https:\\\/\\\/www.lesaubergisteslyonnais.fr\\\/en\\\/blog\\\/lyons-best-terraces-and-rooftops-in-summer\\\/#primaryimage\",\"url\":\"https:\\\/\\\/www.lesaubergisteslyonnais.fr\\\/wp-content\\\/uploads\\\/2025\\\/06\\\/plus-belles-terrasses-de-lyon.jpg\",\"contentUrl\":\"https:\\\/\\\/www.lesaubergisteslyonnais.fr\\\/wp-content\\\/uploads\\\/2025\\\/06\\\/plus-belles-terrasses-de-lyon.jpg\",\"width\":1920,\"height\":915,\"caption\":\"lyon's most beautiful terraces\"},{\"@type\":\"BreadcrumbList\",\"@id\":\"https:\\\/\\\/www.lesaubergisteslyonnais.fr\\\/en\\\/blog\\\/lyons-best-terraces-and-rooftops-in-summer\\\/#breadcrumb\",\"itemListElement\":[{\"@type\":\"ListItem\",\"position\":1,\"name\":\"Home\",\"item\":\"https:\\\/\\\/www.lesaubergisteslyonnais.fr\\\/en\\\/\"},{\"@type\":\"ListItem\",\"position\":2,\"name\":\"Nightlife and festivities\",\"item\":\"https:\\\/\\\/www.lesaubergisteslyonnais.fr\\\/en\\\/blog\\\/nightlife-and-events\\\/\"},{\"@type\":\"ListItem\",\"position\":3,\"name\":\"Lyon&rsquo;s best terraces and rooftops in summer\"}]},{\"@type\":\"WebSite\",\"@id\":\"https:\\\/\\\/www.lesaubergisteslyonnais.fr\\\/en\\\/#website\",\"url\":\"https:\\\/\\\/www.lesaubergisteslyonnais.fr\\\/en\\\/\",\"name\":\"Globe Cecil\",\"description\":\"H\u00f4tel 4 \u00e9toiles \u00e0 Lyon\",\"publisher\":{\"@id\":\"https:\\\/\\\/www.lesaubergisteslyonnais.fr\\\/en\\\/#organization\"},\"potentialAction\":[{\"@type\":\"SearchAction\",\"target\":{\"@type\":\"EntryPoint\",\"urlTemplate\":\"https:\\\/\\\/www.lesaubergisteslyonnais.fr\\\/en\\\/?s={search_term_string}\"},\"query-input\":{\"@type\":\"PropertyValueSpecification\",\"valueRequired\":true,\"valueName\":\"search_term_string\"}}],\"inLanguage\":\"en-US\"},{\"@type\":\"Organization\",\"@id\":\"https:\\\/\\\/www.lesaubergisteslyonnais.fr\\\/en\\\/#organization\",\"name\":\"Globe Cecil\",\"url\":\"https:\\\/\\\/www.lesaubergisteslyonnais.fr\\\/en\\\/\",\"logo\":{\"@type\":\"ImageObject\",\"inLanguage\":\"en-US\",\"@id\":\"https:\\\/\\\/www.lesaubergisteslyonnais.fr\\\/en\\\/#\\\/schema\\\/logo\\\/image\\\/\",\"url\":\"https:\\\/\\\/www.lesaubergisteslyonnais.fr\\\/wp-content\\\/uploads\\\/2025\\\/05\\\/LOGO-Aubergistes-Lyonnais-White.svg\",\"contentUrl\":\"https:\\\/\\\/www.lesaubergisteslyonnais.fr\\\/wp-content\\\/uploads\\\/2025\\\/05\\\/LOGO-Aubergistes-Lyonnais-White.svg\",\"width\":558,\"height\":127,\"caption\":\"Globe Cecil\"},\"image\":{\"@id\":\"https:\\\/\\\/www.lesaubergisteslyonnais.fr\\\/en\\\/#\\\/schema\\\/logo\\\/image\\\/\"}},{\"@type\":\"Person\",\"@id\":\"https:\\\/\\\/www.lesaubergisteslyonnais.fr\\\/en\\\/#\\\/schema\\\/person\\\/b3c9e279ff8ec8845926b6b9f54fbdb9\",\"name\":\"flachize\",\"image\":{\"@type\":\"ImageObject\",\"inLanguage\":\"en-US\",\"@id\":\"https:\\\/\\\/secure.gravatar.com\\\/avatar\\\/24f0361cf67c21d4fae1db71b0897ec099d5f1fe2ef60420e3cd59b175a66e40?s=96&d=mm&r=g\",\"url\":\"https:\\\/\\\/secure.gravatar.com\\\/avatar\\\/24f0361cf67c21d4fae1db71b0897ec099d5f1fe2ef60420e3cd59b175a66e40?s=96&d=mm&r=g\",\"contentUrl\":\"https:\\\/\\\/secure.gravatar.com\\\/avatar\\\/24f0361cf67c21d4fae1db71b0897ec099d5f1fe2ef60420e3cd59b175a66e40?s=96&d=mm&r=g\",\"caption\":\"flachize\"},\"url\":\"https:\\\/\\\/www.lesaubergisteslyonnais.fr\\\/en\\\/author\\\/flachize\\\/\"}]}<\/script>\n<!-- \/ Yoast SEO plugin. -->","yoast_head_json":{"title":"Lyon's best terraces and rooftops in summer - Les Aubergistes Lyonnais","description":"Les Aubergistes Lyonnais - Lyon's best terraces and rooftops in summer . Enjoy the Lyonnais sunshine: breathtaking views, cocktails and summer ambience on the city's finest terraces.","robots":{"index":"index","follow":"follow","max-snippet":"max-snippet:-1","max-image-preview":"max-image-preview:large","max-video-preview":"max-video-preview:-1"},"canonical":"https:\/\/www.lesaubergisteslyonnais.fr\/en\/blog\/lyons-best-terraces-and-rooftops-in-summer\/","og_locale":"en_US","og_type":"article","og_title":"Lyon's best terraces and rooftops in summer - Les Aubergistes Lyonnais","og_description":"Les Aubergistes Lyonnais - Lyon's best terraces and rooftops in summer . Enjoy the Lyonnais sunshine: breathtaking views, cocktails and summer ambience on the city's finest terraces.","og_url":"https:\/\/www.lesaubergisteslyonnais.fr\/en\/blog\/lyons-best-terraces-and-rooftops-in-summer\/","og_site_name":"Les Aubergistes Lyonnais","article_published_time":"2025-06-05T15:11:22+00:00","article_modified_time":"2026-04-17T07:26:04+00:00","og_image":[{"width":1920,"height":915,"url":"https:\/\/www.lesaubergisteslyonnais.fr\/wp-content\/uploads\/2025\/06\/plus-belles-terrasses-de-lyon.jpg","type":"image\/jpeg"}],"author":"flachize","twitter_card":"summary_large_image","twitter_misc":{"Written by":"flachize","Est. reading time":"3 minutes"},"schema":{"@context":"https:\/\/schema.org","@graph":[{"@type":"Article","@id":"https:\/\/www.lesaubergisteslyonnais.fr\/en\/blog\/lyons-best-terraces-and-rooftops-in-summer\/#article","isPartOf":{"@id":"https:\/\/www.lesaubergisteslyonnais.fr\/en\/blog\/lyons-best-terraces-and-rooftops-in-summer\/"},"author":{"name":"flachize","@id":"https:\/\/www.lesaubergisteslyonnais.fr\/en\/#\/schema\/person\/b3c9e279ff8ec8845926b6b9f54fbdb9"},"headline":"Lyon&#8217;s best terraces and rooftops in summer","datePublished":"2025-06-05T15:11:22+00:00","dateModified":"2026-04-17T07:26:04+00:00","mainEntityOfPage":{"@id":"https:\/\/www.lesaubergisteslyonnais.fr\/en\/blog\/lyons-best-terraces-and-rooftops-in-summer\/"},"wordCount":578,"commentCount":0,"publisher":{"@id":"https:\/\/www.lesaubergisteslyonnais.fr\/en\/#organization"},"image":{"@id":"https:\/\/www.lesaubergisteslyonnais.fr\/en\/blog\/lyons-best-terraces-and-rooftops-in-summer\/#primaryimage"},"thumbnailUrl":"https:\/\/www.lesaubergisteslyonnais.fr\/wp-content\/uploads\/2025\/06\/plus-belles-terrasses-de-lyon.jpg","articleSection":["Nightlife and festivities"],"inLanguage":"en-US","potentialAction":[{"@type":"CommentAction","name":"Comment","target":["https:\/\/www.lesaubergisteslyonnais.fr\/en\/blog\/lyons-best-terraces-and-rooftops-in-summer\/#respond"]}]},{"@type":"WebPage","@id":"https:\/\/www.lesaubergisteslyonnais.fr\/en\/blog\/lyons-best-terraces-and-rooftops-in-summer\/","url":"https:\/\/www.lesaubergisteslyonnais.fr\/en\/blog\/lyons-best-terraces-and-rooftops-in-summer\/","name":"Lyon's best terraces and rooftops in summer - Les Aubergistes Lyonnais","isPartOf":{"@id":"https:\/\/www.lesaubergisteslyonnais.fr\/en\/#website"},"primaryImageOfPage":{"@id":"https:\/\/www.lesaubergisteslyonnais.fr\/en\/blog\/lyons-best-terraces-and-rooftops-in-summer\/#primaryimage"},"image":{"@id":"https:\/\/www.lesaubergisteslyonnais.fr\/en\/blog\/lyons-best-terraces-and-rooftops-in-summer\/#primaryimage"},"thumbnailUrl":"https:\/\/www.lesaubergisteslyonnais.fr\/wp-content\/uploads\/2025\/06\/plus-belles-terrasses-de-lyon.jpg","datePublished":"2025-06-05T15:11:22+00:00","dateModified":"2026-04-17T07:26:04+00:00","description":"Les Aubergistes Lyonnais - Lyon's best terraces and rooftops in summer . Enjoy the Lyonnais sunshine: breathtaking views, cocktails and summer ambience on the city's finest terraces.","breadcrumb":{"@id":"https:\/\/www.lesaubergisteslyonnais.fr\/en\/blog\/lyons-best-terraces-and-rooftops-in-summer\/#breadcrumb"},"inLanguage":"en-US","potentialAction":[{"@type":"ReadAction","target":["https:\/\/www.lesaubergisteslyonnais.fr\/en\/blog\/lyons-best-terraces-and-rooftops-in-summer\/"]}]},{"@type":"ImageObject","inLanguage":"en-US","@id":"https:\/\/www.lesaubergisteslyonnais.fr\/en\/blog\/lyons-best-terraces-and-rooftops-in-summer\/#primaryimage","url":"https:\/\/www.lesaubergisteslyonnais.fr\/wp-content\/uploads\/2025\/06\/plus-belles-terrasses-de-lyon.jpg","contentUrl":"https:\/\/www.lesaubergisteslyonnais.fr\/wp-content\/uploads\/2025\/06\/plus-belles-terrasses-de-lyon.jpg","width":1920,"height":915,"caption":"lyon's most beautiful terraces"},{"@type":"BreadcrumbList","@id":"https:\/\/www.lesaubergisteslyonnais.fr\/en\/blog\/lyons-best-terraces-and-rooftops-in-summer\/#breadcrumb","itemListElement":[{"@type":"ListItem","position":1,"name":"Home","item":"https:\/\/www.lesaubergisteslyonnais.fr\/en\/"},{"@type":"ListItem","position":2,"name":"Nightlife and festivities","item":"https:\/\/www.lesaubergisteslyonnais.fr\/en\/blog\/nightlife-and-events\/"},{"@type":"ListItem","position":3,"name":"Lyon&rsquo;s best terraces and rooftops in summer"}]},{"@type":"WebSite","@id":"https:\/\/www.lesaubergisteslyonnais.fr\/en\/#website","url":"https:\/\/www.lesaubergisteslyonnais.fr\/en\/","name":"Globe Cecil","description":"H\u00f4tel 4 \u00e9toiles \u00e0 Lyon","publisher":{"@id":"https:\/\/www.lesaubergisteslyonnais.fr\/en\/#organization"},"potentialAction":[{"@type":"SearchAction","target":{"@type":"EntryPoint","urlTemplate":"https:\/\/www.lesaubergisteslyonnais.fr\/en\/?s={search_term_string}"},"query-input":{"@type":"PropertyValueSpecification","valueRequired":true,"valueName":"search_term_string"}}],"inLanguage":"en-US"},{"@type":"Organization","@id":"https:\/\/www.lesaubergisteslyonnais.fr\/en\/#organization","name":"Globe Cecil","url":"https:\/\/www.lesaubergisteslyonnais.fr\/en\/","logo":{"@type":"ImageObject","inLanguage":"en-US","@id":"https:\/\/www.lesaubergisteslyonnais.fr\/en\/#\/schema\/logo\/image\/","url":"https:\/\/www.lesaubergisteslyonnais.fr\/wp-content\/uploads\/2025\/05\/LOGO-Aubergistes-Lyonnais-White.svg","contentUrl":"https:\/\/www.lesaubergisteslyonnais.fr\/wp-content\/uploads\/2025\/05\/LOGO-Aubergistes-Lyonnais-White.svg","width":558,"height":127,"caption":"Globe Cecil"},"image":{"@id":"https:\/\/www.lesaubergisteslyonnais.fr\/en\/#\/schema\/logo\/image\/"}},{"@type":"Person","@id":"https:\/\/www.lesaubergisteslyonnais.fr\/en\/#\/schema\/person\/b3c9e279ff8ec8845926b6b9f54fbdb9","name":"flachize","image":{"@type":"ImageObject","inLanguage":"en-US","@id":"https:\/\/secure.gravatar.com\/avatar\/24f0361cf67c21d4fae1db71b0897ec099d5f1fe2ef60420e3cd59b175a66e40?s=96&d=mm&r=g","url":"https:\/\/secure.gravatar.com\/avatar\/24f0361cf67c21d4fae1db71b0897ec099d5f1fe2ef60420e3cd59b175a66e40?s=96&d=mm&r=g","contentUrl":"https:\/\/secure.gravatar.com\/avatar\/24f0361cf67c21d4fae1db71b0897ec099d5f1fe2ef60420e3cd59b175a66e40?s=96&d=mm&r=g","caption":"flachize"},"url":"https:\/\/www.lesaubergisteslyonnais.fr\/en\/author\/flachize\/"}]}},"_links":{"self":[{"href":"https:\/\/www.lesaubergisteslyonnais.fr\/en\/wp-json\/wp\/v2\/posts\/7422","targetHints":{"allow":["GET"]}}],"collection":[{"href":"https:\/\/www.lesaubergisteslyonnais.fr\/en\/wp-json\/wp\/v2\/posts"}],"about":[{"href":"https:\/\/www.lesaubergisteslyonnais.fr\/en\/wp-json\/wp\/v2\/types\/post"}],"author":[{"embeddable":true,"href":"https:\/\/www.lesaubergisteslyonnais.fr\/en\/wp-json\/wp\/v2\/users\/2"}],"replies":[{"embeddable":true,"href":"https:\/\/www.lesaubergisteslyonnais.fr\/en\/wp-json\/wp\/v2\/comments?post=7422"}],"version-history":[{"count":4,"href":"https:\/\/www.lesaubergisteslyonnais.fr\/en\/wp-json\/wp\/v2\/posts\/7422\/revisions"}],"predecessor-version":[{"id":9804,"href":"https:\/\/www.lesaubergisteslyonnais.fr\/en\/wp-json\/wp\/v2\/posts\/7422\/revisions\/9804"}],"wp:featuredmedia":[{"embeddable":true,"href":"https:\/\/www.lesaubergisteslyonnais.fr\/en\/wp-json\/wp\/v2\/media\/7448"}],"wp:attachment":[{"href":"https:\/\/www.lesaubergisteslyonnais.fr\/en\/wp-json\/wp\/v2\/media?parent=7422"}],"wp:term":[{"taxonomy":"category","embeddable":true,"href":"https:\/\/www.lesaubergisteslyonnais.fr\/en\/wp-json\/wp\/v2\/categories?post=7422"},{"taxonomy":"post_tag","embeddable":true,"href":"https:\/\/www.lesaubergisteslyonnais.fr\/en\/wp-json\/wp\/v2\/tags?post=7422"}],"curies":[{"name":"wp","href":"https:\/\/api.w.org\/{rel}","templated":true}]}}