{"id":7417,"date":"2025-06-05T10:09:13","date_gmt":"2025-06-05T08:09:13","guid":{"rendered":"https:\/\/www.lesaubergisteslyonnais.fr\/lyons-best-bouchons\/"},"modified":"2026-04-17T09:25:26","modified_gmt":"2026-04-17T07:25:26","slug":"lyons-best-bouchons","status":"publish","type":"post","link":"https:\/\/www.lesaubergisteslyonnais.fr\/en\/blog\/lyons-best-bouchons\/","title":{"rendered":"Lyon&#8217;s best bouchons"},"content":{"rendered":"\n<section class=\"heading wp-elements-d4fc6d2234f75051b6a57a7616484d62 wp-elements-d4fc6d2234f75051b6a57a7616484d62 wp-block-acf-heading has-text-color has-primary-color has-background has-white-100-background-color\">\n\t<div class=\"heading__container\">\n\t\t\t\t\t<div class=\"heading__background-picture\">\n\t\t\t\t<img decoding=\"async\" width=\"1620\" height=\"1080\" src=\"https:\/\/www.lesaubergisteslyonnais.fr\/wp-content\/uploads\/2025\/06\/bouchon-lyonnais-lyon.jpg\" class=\"attachment-full size-full\" alt=\"bouchon lyonnais lyon\" fetchpriority=\"high\" srcset=\"https:\/\/www.lesaubergisteslyonnais.fr\/wp-content\/uploads\/2025\/06\/bouchon-lyonnais-lyon.jpg 1620w, https:\/\/www.lesaubergisteslyonnais.fr\/wp-content\/uploads\/2025\/06\/bouchon-lyonnais-lyon-600x400.jpg 600w, https:\/\/www.lesaubergisteslyonnais.fr\/wp-content\/uploads\/2025\/06\/bouchon-lyonnais-lyon-1400x933.jpg 1400w, https:\/\/www.lesaubergisteslyonnais.fr\/wp-content\/uploads\/2025\/06\/bouchon-lyonnais-lyon-768x512.jpg 768w, https:\/\/www.lesaubergisteslyonnais.fr\/wp-content\/uploads\/2025\/06\/bouchon-lyonnais-lyon-1536x1024.jpg 1536w\" sizes=\"(max-width: 1620px) 100vw, 1620px\" \/>\t\t\t<\/div>\n\t\t\t\t<div class=\"heading__layout\">\n\t\t\t<div class=\"heading__content-wrapper has-white-100-background-color\">\n\t\t\t\t<div class=\"heading__content has-white-100-background-color\">\n\t\t\t\t\t\t\t\t\t<p id=\"breadcrumbs\"><span><span><a href=\"https:\/\/www.lesaubergisteslyonnais.fr\/en\/\">Home<\/a><\/span><\/span><\/p>\t\t\t\t\t\t\t\t\t<div class=\"acf-innerblocks-container\">\n\n<div class=\"wp-block-group heading-content-group is-layout-grid wp-container-core-group-is-layout-96b258e4 wp-block-group-is-layout-grid\">\n<h1 class=\"wp-block-heading has-text-align-left heading__title has-primary-color has-text-color has-xx-large-font-size\">Lyon&#8217;s best bouchons<\/h1>\n<\/div>\n\n<\/div>\n\t\t\t\t<\/div>\n\t\t\t\t\t\t\t<\/div>\n\t\t<\/div>\n\t<\/div>\n<\/section>\n\n\n\t<section\n\t\tstyle=\"padding-top:var(--wp--preset--spacing--theme-default);padding-bottom:var(--wp--preset--spacing--theme-default);\" class=\"block-container align wp-block-acf-block-container has-background has-white-background-color has-global-padding is-layout-constrained wp-block-acf-block-container-is-layout-constrained\"\t>\n\n\t\n\n<div class=\"wp-block-group is-layout-flow wp-block-group-is-layout-flow\">\n<p>To immerse yourself in Lyon&#8217;s culinary soul, you&#8217;ll need to sit down at a bouchon, one of those temples to terroir where tradition flirts with conviviality. Here are our favorite addresses, carefully selected to offer you an authentic gourmet immersion in the heart of the capital of Gaul.<\/p>\n<\/div>\n\n\n\n<\/section>\n\n\t<section\n\t\tstyle=\"padding-top:var(--wp--preset--spacing--theme-default);padding-bottom:var(--wp--preset--spacing--theme-default);\" class=\"double-columns wp-block-acf-double-columns has-background has-white-100-background-color has-global-padding is-layout-constrained wp-container-acf-double-columns-is-layout-a22d0bdd wp-block-acf-double-columns-is-layout-constrained\"\t>\n\n<div class=\"double-columns__innerblocks\">\n\n<div class=\"wp-block-group is-vertical is-layout-flex wp-container-core-group-is-layout-d6b9ab57 wp-block-group-is-layout-flex\">\n<h2 class=\"wp-block-heading has-text-align-center\">1. Le Caf\u00e9 du Jura: tradition in majesty<\/h2>\n\n\n\n<p>In business since 1867, Caf\u00e9 du Jura is an ode to tradition. The warm decor blends distressed woodwork and checkered tablecloths, and the welcome is as generous as the portions. Their specialty? Andouillette pulled with a string, a classic executed with unrivalled precision.<\/p>\n\n\n\n<p><strong>Price<\/strong>: Menu around \u20ac30-35.<\/p>\n<\/div>\n\n\n\n<div class=\"wp-block-group is-layout-flow wp-block-group-is-layout-flow\">\n<figure class=\"wp-block-image size-full image-is-animate\"><img decoding=\"async\" width=\"1124\" height=\"1406\" src=\"https:\/\/www.lesaubergisteslyonnais.fr\/wp-content\/uploads\/2025\/06\/Credit-cafedujura-Instagram.png\" alt=\"Credit cafedujura Instagram\" class=\"wp-image-7249\" style=\"aspect-ratio:3\/4;object-fit:cover\" srcset=\"https:\/\/www.lesaubergisteslyonnais.fr\/wp-content\/uploads\/2025\/06\/Credit-cafedujura-Instagram.png 1124w, https:\/\/www.lesaubergisteslyonnais.fr\/wp-content\/uploads\/2025\/06\/Credit-cafedujura-Instagram-480x600.png 480w, https:\/\/www.lesaubergisteslyonnais.fr\/wp-content\/uploads\/2025\/06\/Credit-cafedujura-Instagram-1119x1400.png 1119w, https:\/\/www.lesaubergisteslyonnais.fr\/wp-content\/uploads\/2025\/06\/Credit-cafedujura-Instagram-768x961.png 768w\" sizes=\"(max-width: 1124px) 100vw, 1124px\" \/><figcaption class=\"wp-element-caption\">Credit: cafedujura_Instagram<\/figcaption><\/figure>\n<\/div>\n\n<\/div>\n\n<\/section>\n\n\t<section\n\t\tstyle=\"padding-top:var(--wp--preset--spacing--theme-default);padding-bottom:var(--wp--preset--spacing--theme-default);\" class=\"double-columns double-columns-reverse_colums_mobile wp-block-acf-double-columns has-background has-white-background-color has-global-padding is-layout-constrained wp-container-acf-double-columns-is-layout-a22d0bdd wp-block-acf-double-columns-is-layout-constrained\"\t>\n\n<div class=\"double-columns__innerblocks\">\n\n<div class=\"wp-block-group has-global-padding is-layout-constrained wp-block-group-is-layout-constrained\">\n<figure class=\"wp-block-image size-full image-is-animate\"><img decoding=\"async\" width=\"1128\" height=\"1412\" src=\"https:\/\/www.lesaubergisteslyonnais.fr\/wp-content\/uploads\/2025\/06\/credit-restaurant-le-merciere-instagram.png\" alt=\"credit restaurant le merci&#xE8;re instagram\" class=\"wp-image-7253\" style=\"aspect-ratio:3\/4;object-fit:cover\" srcset=\"https:\/\/www.lesaubergisteslyonnais.fr\/wp-content\/uploads\/2025\/06\/credit-restaurant-le-merciere-instagram.png 1128w, https:\/\/www.lesaubergisteslyonnais.fr\/wp-content\/uploads\/2025\/06\/credit-restaurant-le-merciere-instagram-479x600.png 479w, https:\/\/www.lesaubergisteslyonnais.fr\/wp-content\/uploads\/2025\/06\/credit-restaurant-le-merciere-instagram-1118x1400.png 1118w, https:\/\/www.lesaubergisteslyonnais.fr\/wp-content\/uploads\/2025\/06\/credit-restaurant-le-merciere-instagram-768x961.png 768w\" sizes=\"(max-width: 1128px) 100vw, 1128px\" \/><figcaption class=\"wp-element-caption\">Credit: restaurant le merci\u00e8re_instagram<\/figcaption><\/figure>\n<\/div>\n\n\n\n<div class=\"wp-block-group is-vertical is-layout-flex wp-container-core-group-is-layout-d6b9ab57 wp-block-group-is-layout-flex\">\n<h2 class=\"wp-block-heading has-text-align-center\">2. Le Merci\u00e8re: gourmet delights in a historic setting<\/h2>\n\n\n\n<p>In the heart of Rue Merci\u00e8re, this must-visit restaurant plunges you into the bustle of a lively bouchon. Pike quenelles topped with a Nantua sauce steal the show, rivalling the success of the crispy &#8220;tablier de sapeur&#8221; (sapper&#8217;s apron). The stonework lends a rustic elegance to this vibrant venue.<\/p>\n\n\n\n<p><strong>Price<\/strong>: Between \u20ac25 and \u20ac35 for a menu.<\/p>\n<\/div>\n\n<\/div>\n\n<\/section>\n\n\t<section\n\t\tstyle=\"padding-top:var(--wp--preset--spacing--theme-default);padding-bottom:var(--wp--preset--spacing--theme-default);\" class=\"double-columns wp-block-acf-double-columns has-background has-white-100-background-color has-global-padding is-layout-constrained wp-container-acf-double-columns-is-layout-a22d0bdd wp-block-acf-double-columns-is-layout-constrained\"\t>\n\n<div class=\"double-columns__innerblocks\">\n\n<div class=\"wp-block-group is-vertical is-layout-flex wp-container-core-group-is-layout-d6b9ab57 wp-block-group-is-layout-flex\">\n<h2 class=\"wp-block-heading has-text-align-center\">3. Le Caf\u00e9 des F\u00e9d\u00e9rations: pure authenticity<\/h2>\n\n\n\n<p>More than a cork, an institution. There&#8217;s no choice here, just a generous set menu: Lyonnaise salad, grattons, cervelle de canut and other delights. The setting is unpretentious, with walls lined with memorabilia. An address where you come for a simple taste of Lyon&#8217;s soul.<\/p>\n\n\n\n<p><strong>Price<\/strong>: Single menu around \u20ac32.<\/p>\n<\/div>\n\n\n\n<div class=\"wp-block-group is-layout-flow wp-block-group-is-layout-flow\">\n<figure class=\"wp-block-image size-full image-is-animate\"><img decoding=\"async\" width=\"1240\" height=\"1400\" src=\"https:\/\/www.lesaubergisteslyonnais.fr\/wp-content\/uploads\/2025\/06\/Credit-Cafe-des-Federations-Instagram.png\" alt=\"Cr&#xE9;dit Caf&#xE9; des F&#xE9;d&#xE9;rations Instagram\" class=\"wp-image-7257\" style=\"aspect-ratio:3\/4;object-fit:cover\" srcset=\"https:\/\/www.lesaubergisteslyonnais.fr\/wp-content\/uploads\/2025\/06\/Credit-Cafe-des-Federations-Instagram.png 1240w, https:\/\/www.lesaubergisteslyonnais.fr\/wp-content\/uploads\/2025\/06\/Credit-Cafe-des-Federations-Instagram-531x600.png 531w, https:\/\/www.lesaubergisteslyonnais.fr\/wp-content\/uploads\/2025\/06\/Credit-Cafe-des-Federations-Instagram-768x867.png 768w\" sizes=\"(max-width: 1240px) 100vw, 1240px\" \/><figcaption class=\"wp-element-caption\">Credit: Caf\u00e9 des F\u00e9d\u00e9rations Instagram<\/figcaption><\/figure>\n<\/div>\n\n<\/div>\n\n<\/section>\n\n\t<section\n\t\tstyle=\"padding-top:var(--wp--preset--spacing--theme-default);padding-bottom:var(--wp--preset--spacing--theme-default);\" class=\"double-columns double-columns-reverse_colums_mobile wp-block-acf-double-columns has-background has-white-background-color has-global-padding is-layout-constrained wp-container-acf-double-columns-is-layout-a22d0bdd wp-block-acf-double-columns-is-layout-constrained\"\t>\n\n<div class=\"double-columns__innerblocks\">\n\n<div class=\"wp-block-group has-global-padding is-layout-constrained wp-block-group-is-layout-constrained\">\n<figure class=\"wp-block-image size-full image-is-animate\"><img decoding=\"async\" width=\"1220\" height=\"1378\" src=\"https:\/\/www.lesaubergisteslyonnais.fr\/wp-content\/uploads\/2025\/06\/Credit-epiceries-Daniel-et-Denise-Instagram.png\" alt=\"Credit Daniel et Denise grocery stores Instagram\" class=\"wp-image-7261\" style=\"aspect-ratio:3\/4;object-fit:cover\" srcset=\"https:\/\/www.lesaubergisteslyonnais.fr\/wp-content\/uploads\/2025\/06\/Credit-epiceries-Daniel-et-Denise-Instagram.png 1220w, https:\/\/www.lesaubergisteslyonnais.fr\/wp-content\/uploads\/2025\/06\/Credit-epiceries-Daniel-et-Denise-Instagram-531x600.png 531w, https:\/\/www.lesaubergisteslyonnais.fr\/wp-content\/uploads\/2025\/06\/Credit-epiceries-Daniel-et-Denise-Instagram-768x867.png 768w\" sizes=\"(max-width: 1220px) 100vw, 1220px\" \/><figcaption class=\"wp-element-caption\">Credit: Daniel et Denise grocery stores Instagram<\/figcaption><\/figure>\n<\/div>\n\n\n\n<div class=\"wp-block-group is-vertical is-layout-flex wp-container-core-group-is-layout-d6b9ab57 wp-block-group-is-layout-flex\">\n<h2 class=\"wp-block-heading has-text-align-center\">4. Daniel et Denise: the finesse of starred corks revisited<\/h2>\n\n\n\n<p>Joseph Viola, Meilleur Ouvrier de France, reinvents the cork in his various &#8220;Daniel et Denise&#8221; addresses. Their pike quenelle with a spoon is a work of art, and their pate en cro\u00fbte has been crowned world champion. The setting, both chic and warm, offers a refined experience without losing the bouchon spirit.<\/p>\n\n\n\n<p><strong>Price<\/strong>: Between \u20ac40 and \u20ac50<\/p>\n<\/div>\n\n<\/div>\n\n<\/section>\n\n\t<section\n\t\tstyle=\"padding-top:var(--wp--preset--spacing--theme-default);padding-bottom:var(--wp--preset--spacing--theme-default);\" class=\"double-columns wp-block-acf-double-columns has-background has-white-100-background-color has-global-padding is-layout-constrained wp-container-acf-double-columns-is-layout-a22d0bdd wp-block-acf-double-columns-is-layout-constrained\"\t>\n\n<div class=\"double-columns__innerblocks\">\n\n<div class=\"wp-block-group is-vertical is-layout-flex wp-container-core-group-is-layout-d6b9ab57 wp-block-group-is-layout-flex\">\n<h2 class=\"wp-block-heading has-text-align-center\"><strong>5.<\/strong> Tupin cork: the new-generation cork<\/h2>\n\n\n\n<p>A breath of fresh air blows over tradition with this simple address where local products are boldly sublimated. The brioche sausage is reinvented with a light paste and perfectly balanced flavors. The minimalist yet warm decor attracts a curious and trendy clientele.<\/p>\n\n\n\n<p><strong>Prices<\/strong>: Dishes around \u20ac20, menus between \u20ac30 and \u20ac40.<br\/><br\/><\/p>\n<\/div>\n\n\n\n<div class=\"wp-block-group is-layout-flow wp-block-group-is-layout-flow\">\n<figure class=\"wp-block-image size-full image-is-animate\"><img decoding=\"async\" width=\"777\" height=\"1080\" src=\"https:\/\/www.lesaubergisteslyonnais.fr\/wp-content\/uploads\/2025\/05\/Credit-bouchon.tupin_instagram.png\" alt=\"Credit cork.tupin instagram\" class=\"wp-image-5905\" style=\"aspect-ratio:3\/4;object-fit:cover\" srcset=\"https:\/\/www.lesaubergisteslyonnais.fr\/wp-content\/uploads\/2025\/05\/Credit-bouchon.tupin_instagram.png 777w, https:\/\/www.lesaubergisteslyonnais.fr\/wp-content\/uploads\/2025\/05\/Credit-bouchon.tupin_instagram-432x600.png 432w, https:\/\/www.lesaubergisteslyonnais.fr\/wp-content\/uploads\/2025\/05\/Credit-bouchon.tupin_instagram-768x1067.png 768w\" sizes=\"(max-width: 777px) 100vw, 777px\" \/><figcaption class=\"wp-element-caption\">Credit cork.tupin instagram<\/figcaption><\/figure>\n<\/div>\n\n<\/div>\n\n<\/section>\n\n\t<section\n\t\tstyle=\"padding-top:var(--wp--preset--spacing--theme-default);padding-bottom:var(--wp--preset--spacing--theme-default);\" class=\"double-columns double-columns-reverse_colums_mobile wp-block-acf-double-columns has-background has-white-background-color has-global-padding is-layout-constrained wp-container-acf-double-columns-is-layout-a22d0bdd wp-block-acf-double-columns-is-layout-constrained\"\t>\n\n<div class=\"double-columns__innerblocks\">\n\n<div class=\"wp-block-group has-global-padding is-layout-constrained wp-block-group-is-layout-constrained\">\n<figure class=\"wp-block-image size-full image-is-animate\"><img decoding=\"async\" width=\"920\" height=\"950\" src=\"https:\/\/www.lesaubergisteslyonnais.fr\/wp-content\/uploads\/2025\/06\/Credit-Guide-Michelin-le-Garret.png\" alt=\"Credit Guide Michelin le Garret\" class=\"wp-image-7265\" style=\"aspect-ratio:3\/4;object-fit:cover\" srcset=\"https:\/\/www.lesaubergisteslyonnais.fr\/wp-content\/uploads\/2025\/06\/Credit-Guide-Michelin-le-Garret.png 920w, https:\/\/www.lesaubergisteslyonnais.fr\/wp-content\/uploads\/2025\/06\/Credit-Guide-Michelin-le-Garret-581x600.png 581w, https:\/\/www.lesaubergisteslyonnais.fr\/wp-content\/uploads\/2025\/06\/Credit-Guide-Michelin-le-Garret-768x793.png 768w\" sizes=\"(max-width: 920px) 100vw, 920px\" \/><figcaption class=\"wp-element-caption\">Credit: Guide Michelin le Garret<\/figcaption><\/figure>\n<\/div>\n\n\n\n<div class=\"wp-block-group is-vertical is-layout-flex wp-container-core-group-is-layout-d6b9ab57 wp-block-group-is-layout-flex\">\n<h2 class=\"wp-block-heading has-text-align-center\">6. <strong>Le Garret: the convivial bouchon par excellence<\/strong><\/h2>\n\n\n\n<p>A relaxed atmosphere, generous dishes and a well-stocked cellar: Le Garret is the perfect place to spend an evening with friends. Special mention goes to their gratin dauphinois, which is soft and au gratin just right, and the perfect accompaniment to their braised beef cheek.<\/p>\n\n\n\n<p><strong>Prices<\/strong>: Menus between \u20ac25 and \u20ac35.<\/p>\n<\/div>\n\n<\/div>\n\n<\/section>\n\n\t<section\n\t\tstyle=\"padding-top:var(--wp--preset--spacing--theme-default);padding-bottom:var(--wp--preset--spacing--theme-default);\" class=\"double-columns wp-block-acf-double-columns has-background has-white-100-background-color has-global-padding is-layout-constrained wp-container-acf-double-columns-is-layout-a22d0bdd wp-block-acf-double-columns-is-layout-constrained\"\t>\n\n<div class=\"double-columns__innerblocks\">\n\n<div class=\"wp-block-group is-vertical is-layout-flex wp-container-core-group-is-layout-d6b9ab57 wp-block-group-is-layout-flex\">\n<h2 class=\"wp-block-heading has-text-align-center\"><strong>5.<\/strong> Bouchon des Filles: the feminine cork<\/h2>\n\n\n\n<p>In this charming bouchon, traditional dishes are given a light, elegant touch. On the menu: homemade terrines, coq au vin and an incredible dessert with pink pralines. The intimate decor, with its golden stone walls, makes this a popular address for intimate dinners.<\/p>\n\n\n\n<p><strong>Price<\/strong>: Menu around \u20ac30.<\/p>\n<\/div>\n\n\n\n<div class=\"wp-block-group is-layout-flow wp-block-group-is-layout-flow\">\n<figure class=\"wp-block-image size-full image-is-animate\"><img decoding=\"async\" width=\"1146\" height=\"1362\" src=\"https:\/\/www.lesaubergisteslyonnais.fr\/wp-content\/uploads\/2025\/06\/Credit-bouchon-des-filles-Instagram.png\" alt=\"Girls Instagram cap credit\" class=\"wp-image-7269\" style=\"aspect-ratio:3\/4;object-fit:cover\" srcset=\"https:\/\/www.lesaubergisteslyonnais.fr\/wp-content\/uploads\/2025\/06\/Credit-bouchon-des-filles-Instagram.png 1146w, https:\/\/www.lesaubergisteslyonnais.fr\/wp-content\/uploads\/2025\/06\/Credit-bouchon-des-filles-Instagram-505x600.png 505w, https:\/\/www.lesaubergisteslyonnais.fr\/wp-content\/uploads\/2025\/06\/Credit-bouchon-des-filles-Instagram-768x913.png 768w\" sizes=\"(max-width: 1146px) 100vw, 1146px\" \/><figcaption class=\"wp-element-caption\">Credit: bouchon des filles _Instagram<\/figcaption><\/figure>\n<\/div>\n\n<\/div>\n\n<\/section>\n\n\t<section\n\t\tstyle=\"padding-top:var(--wp--preset--spacing--theme-default);padding-bottom:var(--wp--preset--spacing--theme-default);\" class=\"block-container align wp-block-acf-block-container has-background has-white-background-color has-global-padding is-layout-constrained wp-container-acf-block-container-is-layout-89fc666d wp-block-acf-block-container-is-layout-constrained\"\t>\n\n\t\n\n<h3 class=\"wp-block-heading has-text-align-center\">Want to see more of Lyon? Read our blogs on Lyon&#8217;s neighborhoods<\/h3>\n\n\n\n<div class=\"wp-block-buttons is-content-justification-center is-layout-flex wp-container-core-buttons-is-layout-a89b3969 wp-block-buttons-is-layout-flex\">\n<div class=\"wp-block-button is-style-label-button is-style-label-button--1\"><a class=\"wp-block-button__link wp-element-button\" href=\"https:\/\/globeetcecilhotel.com\/le-quartier-bellecour\/\" target=\"_blank\" rel=\"noreferrer noopener\">Lyon Bellecour district<\/a><\/div>\n<\/div>\n\n\n\n<div class=\"wp-block-buttons is-content-justification-center is-layout-flex wp-container-core-buttons-is-layout-a89b3969 wp-block-buttons-is-layout-flex\">\n<div class=\"wp-block-button is-style-label-button is-style-label-button--2\"><a class=\"wp-block-button__link wp-element-button\" href=\"https:\/\/www.hotel-phenix-lyon.fr\/le-quartier-vieux-lyon\/\" target=\"_blank\" rel=\"noreferrer noopener\">Vieux Lyon district<\/a><\/div>\n<\/div>\n\n\n\n<div class=\"wp-block-buttons is-content-justification-center is-layout-flex wp-container-core-buttons-is-layout-a89b3969 wp-block-buttons-is-layout-flex\">\n<div class=\"wp-block-button is-style-label-button is-style-label-button--3\"><a class=\"wp-block-button__link wp-element-button\" href=\"https:\/\/www.hotel-simplon-lyon.com\/le-quartier-lyon-perrache\/\" target=\"_blank\" rel=\"noreferrer noopener\">Lyon Perrache district<\/a><\/div>\n<\/div>\n\n\n\n<\/section>\n\n<div class=\"wp-block-group has-white-100-background-color has-background is-content-justification-space-between is-nowrap is-layout-flex wp-container-core-group-is-layout-098ab513 wp-block-group-is-layout-flex\" style=\"padding-top:var(--wp--preset--spacing--theme-m);padding-right:var(--wp--preset--spacing--theme-s);padding-bottom:var(--wp--preset--spacing--theme-m);padding-left:var(--wp--preset--spacing--theme-s)\">\n\n<\/div>\n","protected":false},"excerpt":{"rendered":"<p>Dive into the city&#8217;s culinary soul with our favorite bouchons: quenelles, sapeur aprons and guaranteed conviviality!<\/p>\n","protected":false},"author":2,"featured_media":7246,"comment_status":"open","ping_status":"open","sticky":false,"template":"","format":"standard","meta":{"_acf_changed":false,"inline_featured_image":false,"footnotes":""},"categories":[39],"tags":[],"class_list":["post-7417","post","type-post","status-publish","format-standard","has-post-thumbnail","hentry","category-food-and-gastronomy"],"acf":[],"yoast_head":"<!-- This site is optimized with the Yoast SEO plugin v27.4 - https:\/\/yoast.com\/product\/yoast-seo-wordpress\/ -->\n<title>Lyon&#039;s best bouchons - Les Aubergistes Lyonnais<\/title>\n<meta name=\"description\" content=\"Les Aubergistes Lyonnais - Lyon&#039;s best bouchons . Dive into the city&#039;s culinary soul with our favorite bouchons: quenelles, sapeur aprons and guaranteed conviviality!\" \/>\n<meta name=\"robots\" content=\"index, follow, max-snippet:-1, max-image-preview:large, max-video-preview:-1\" \/>\n<link rel=\"canonical\" href=\"https:\/\/www.lesaubergisteslyonnais.fr\/en\/blog\/lyons-best-bouchons\/\" \/>\n<meta property=\"og:locale\" content=\"en_US\" \/>\n<meta property=\"og:type\" content=\"article\" \/>\n<meta property=\"og:title\" content=\"Lyon&#039;s best bouchons - Les Aubergistes Lyonnais\" \/>\n<meta property=\"og:description\" content=\"Les Aubergistes Lyonnais - Lyon&#039;s best bouchons . Dive into the city&#039;s culinary soul with our favorite bouchons: quenelles, sapeur aprons and guaranteed conviviality!\" \/>\n<meta property=\"og:url\" content=\"https:\/\/www.lesaubergisteslyonnais.fr\/en\/blog\/lyons-best-bouchons\/\" \/>\n<meta property=\"og:site_name\" content=\"Les Aubergistes Lyonnais\" \/>\n<meta property=\"article:published_time\" content=\"2025-06-05T08:09:13+00:00\" \/>\n<meta property=\"article:modified_time\" content=\"2026-04-17T07:25:26+00:00\" \/>\n<meta property=\"og:image\" content=\"https:\/\/www.lesaubergisteslyonnais.fr\/wp-content\/uploads\/2025\/06\/bouchon-lyonnais-lyon.jpg\" \/>\n\t<meta property=\"og:image:width\" content=\"1620\" \/>\n\t<meta property=\"og:image:height\" content=\"1080\" \/>\n\t<meta property=\"og:image:type\" content=\"image\/jpeg\" \/>\n<meta name=\"author\" content=\"flachize\" \/>\n<meta name=\"twitter:card\" content=\"summary_large_image\" \/>\n<meta name=\"twitter:label1\" content=\"Written by\" \/>\n\t<meta name=\"twitter:data1\" content=\"flachize\" \/>\n\t<meta name=\"twitter:label2\" content=\"Est. reading time\" \/>\n\t<meta name=\"twitter:data2\" content=\"3 minutes\" \/>\n<script type=\"application\/ld+json\" class=\"yoast-schema-graph\">{\"@context\":\"https:\\\/\\\/schema.org\",\"@graph\":[{\"@type\":\"Article\",\"@id\":\"https:\\\/\\\/www.lesaubergisteslyonnais.fr\\\/en\\\/blog\\\/lyons-best-bouchons\\\/#article\",\"isPartOf\":{\"@id\":\"https:\\\/\\\/www.lesaubergisteslyonnais.fr\\\/en\\\/blog\\\/lyons-best-bouchons\\\/\"},\"author\":{\"name\":\"flachize\",\"@id\":\"https:\\\/\\\/www.lesaubergisteslyonnais.fr\\\/en\\\/#\\\/schema\\\/person\\\/b3c9e279ff8ec8845926b6b9f54fbdb9\"},\"headline\":\"Lyon&#8217;s best bouchons\",\"datePublished\":\"2025-06-05T08:09:13+00:00\",\"dateModified\":\"2026-04-17T07:25:26+00:00\",\"mainEntityOfPage\":{\"@id\":\"https:\\\/\\\/www.lesaubergisteslyonnais.fr\\\/en\\\/blog\\\/lyons-best-bouchons\\\/\"},\"wordCount\":521,\"commentCount\":0,\"publisher\":{\"@id\":\"https:\\\/\\\/www.lesaubergisteslyonnais.fr\\\/en\\\/#organization\"},\"image\":{\"@id\":\"https:\\\/\\\/www.lesaubergisteslyonnais.fr\\\/en\\\/blog\\\/lyons-best-bouchons\\\/#primaryimage\"},\"thumbnailUrl\":\"https:\\\/\\\/www.lesaubergisteslyonnais.fr\\\/wp-content\\\/uploads\\\/2025\\\/06\\\/bouchon-lyonnais-lyon.jpg\",\"articleSection\":[\"Gastronomy\"],\"inLanguage\":\"en-US\",\"potentialAction\":[{\"@type\":\"CommentAction\",\"name\":\"Comment\",\"target\":[\"https:\\\/\\\/www.lesaubergisteslyonnais.fr\\\/en\\\/blog\\\/lyons-best-bouchons\\\/#respond\"]}]},{\"@type\":\"WebPage\",\"@id\":\"https:\\\/\\\/www.lesaubergisteslyonnais.fr\\\/en\\\/blog\\\/lyons-best-bouchons\\\/\",\"url\":\"https:\\\/\\\/www.lesaubergisteslyonnais.fr\\\/en\\\/blog\\\/lyons-best-bouchons\\\/\",\"name\":\"Lyon's best bouchons - Les Aubergistes Lyonnais\",\"isPartOf\":{\"@id\":\"https:\\\/\\\/www.lesaubergisteslyonnais.fr\\\/en\\\/#website\"},\"primaryImageOfPage\":{\"@id\":\"https:\\\/\\\/www.lesaubergisteslyonnais.fr\\\/en\\\/blog\\\/lyons-best-bouchons\\\/#primaryimage\"},\"image\":{\"@id\":\"https:\\\/\\\/www.lesaubergisteslyonnais.fr\\\/en\\\/blog\\\/lyons-best-bouchons\\\/#primaryimage\"},\"thumbnailUrl\":\"https:\\\/\\\/www.lesaubergisteslyonnais.fr\\\/wp-content\\\/uploads\\\/2025\\\/06\\\/bouchon-lyonnais-lyon.jpg\",\"datePublished\":\"2025-06-05T08:09:13+00:00\",\"dateModified\":\"2026-04-17T07:25:26+00:00\",\"description\":\"Les Aubergistes Lyonnais - Lyon's best bouchons . Dive into the city's culinary soul with our favorite bouchons: quenelles, sapeur aprons and guaranteed conviviality!\",\"breadcrumb\":{\"@id\":\"https:\\\/\\\/www.lesaubergisteslyonnais.fr\\\/en\\\/blog\\\/lyons-best-bouchons\\\/#breadcrumb\"},\"inLanguage\":\"en-US\",\"potentialAction\":[{\"@type\":\"ReadAction\",\"target\":[\"https:\\\/\\\/www.lesaubergisteslyonnais.fr\\\/en\\\/blog\\\/lyons-best-bouchons\\\/\"]}]},{\"@type\":\"ImageObject\",\"inLanguage\":\"en-US\",\"@id\":\"https:\\\/\\\/www.lesaubergisteslyonnais.fr\\\/en\\\/blog\\\/lyons-best-bouchons\\\/#primaryimage\",\"url\":\"https:\\\/\\\/www.lesaubergisteslyonnais.fr\\\/wp-content\\\/uploads\\\/2025\\\/06\\\/bouchon-lyonnais-lyon.jpg\",\"contentUrl\":\"https:\\\/\\\/www.lesaubergisteslyonnais.fr\\\/wp-content\\\/uploads\\\/2025\\\/06\\\/bouchon-lyonnais-lyon.jpg\",\"width\":1620,\"height\":1080,\"caption\":\"bouchon lyonnais lyon\"},{\"@type\":\"BreadcrumbList\",\"@id\":\"https:\\\/\\\/www.lesaubergisteslyonnais.fr\\\/en\\\/blog\\\/lyons-best-bouchons\\\/#breadcrumb\",\"itemListElement\":[{\"@type\":\"ListItem\",\"position\":1,\"name\":\"Home\",\"item\":\"https:\\\/\\\/www.lesaubergisteslyonnais.fr\\\/en\\\/\"},{\"@type\":\"ListItem\",\"position\":2,\"name\":\"Gastronomy\",\"item\":\"https:\\\/\\\/www.lesaubergisteslyonnais.fr\\\/en\\\/blog\\\/food-and-gastronomy\\\/\"},{\"@type\":\"ListItem\",\"position\":3,\"name\":\"Lyon&rsquo;s best bouchons\"}]},{\"@type\":\"WebSite\",\"@id\":\"https:\\\/\\\/www.lesaubergisteslyonnais.fr\\\/en\\\/#website\",\"url\":\"https:\\\/\\\/www.lesaubergisteslyonnais.fr\\\/en\\\/\",\"name\":\"Globe Cecil\",\"description\":\"H\u00f4tel 4 \u00e9toiles \u00e0 Lyon\",\"publisher\":{\"@id\":\"https:\\\/\\\/www.lesaubergisteslyonnais.fr\\\/en\\\/#organization\"},\"potentialAction\":[{\"@type\":\"SearchAction\",\"target\":{\"@type\":\"EntryPoint\",\"urlTemplate\":\"https:\\\/\\\/www.lesaubergisteslyonnais.fr\\\/en\\\/?s={search_term_string}\"},\"query-input\":{\"@type\":\"PropertyValueSpecification\",\"valueRequired\":true,\"valueName\":\"search_term_string\"}}],\"inLanguage\":\"en-US\"},{\"@type\":\"Organization\",\"@id\":\"https:\\\/\\\/www.lesaubergisteslyonnais.fr\\\/en\\\/#organization\",\"name\":\"Globe Cecil\",\"url\":\"https:\\\/\\\/www.lesaubergisteslyonnais.fr\\\/en\\\/\",\"logo\":{\"@type\":\"ImageObject\",\"inLanguage\":\"en-US\",\"@id\":\"https:\\\/\\\/www.lesaubergisteslyonnais.fr\\\/en\\\/#\\\/schema\\\/logo\\\/image\\\/\",\"url\":\"https:\\\/\\\/www.lesaubergisteslyonnais.fr\\\/wp-content\\\/uploads\\\/2025\\\/05\\\/LOGO-Aubergistes-Lyonnais-White.svg\",\"contentUrl\":\"https:\\\/\\\/www.lesaubergisteslyonnais.fr\\\/wp-content\\\/uploads\\\/2025\\\/05\\\/LOGO-Aubergistes-Lyonnais-White.svg\",\"width\":558,\"height\":127,\"caption\":\"Globe Cecil\"},\"image\":{\"@id\":\"https:\\\/\\\/www.lesaubergisteslyonnais.fr\\\/en\\\/#\\\/schema\\\/logo\\\/image\\\/\"}},{\"@type\":\"Person\",\"@id\":\"https:\\\/\\\/www.lesaubergisteslyonnais.fr\\\/en\\\/#\\\/schema\\\/person\\\/b3c9e279ff8ec8845926b6b9f54fbdb9\",\"name\":\"flachize\",\"image\":{\"@type\":\"ImageObject\",\"inLanguage\":\"en-US\",\"@id\":\"https:\\\/\\\/secure.gravatar.com\\\/avatar\\\/24f0361cf67c21d4fae1db71b0897ec099d5f1fe2ef60420e3cd59b175a66e40?s=96&d=mm&r=g\",\"url\":\"https:\\\/\\\/secure.gravatar.com\\\/avatar\\\/24f0361cf67c21d4fae1db71b0897ec099d5f1fe2ef60420e3cd59b175a66e40?s=96&d=mm&r=g\",\"contentUrl\":\"https:\\\/\\\/secure.gravatar.com\\\/avatar\\\/24f0361cf67c21d4fae1db71b0897ec099d5f1fe2ef60420e3cd59b175a66e40?s=96&d=mm&r=g\",\"caption\":\"flachize\"},\"url\":\"https:\\\/\\\/www.lesaubergisteslyonnais.fr\\\/en\\\/author\\\/flachize\\\/\"}]}<\/script>\n<!-- \/ Yoast SEO plugin. -->","yoast_head_json":{"title":"Lyon's best bouchons - Les Aubergistes Lyonnais","description":"Les Aubergistes Lyonnais - Lyon's best bouchons . Dive into the city's culinary soul with our favorite bouchons: quenelles, sapeur aprons and guaranteed conviviality!","robots":{"index":"index","follow":"follow","max-snippet":"max-snippet:-1","max-image-preview":"max-image-preview:large","max-video-preview":"max-video-preview:-1"},"canonical":"https:\/\/www.lesaubergisteslyonnais.fr\/en\/blog\/lyons-best-bouchons\/","og_locale":"en_US","og_type":"article","og_title":"Lyon's best bouchons - Les Aubergistes Lyonnais","og_description":"Les Aubergistes Lyonnais - Lyon's best bouchons . Dive into the city's culinary soul with our favorite bouchons: quenelles, sapeur aprons and guaranteed conviviality!","og_url":"https:\/\/www.lesaubergisteslyonnais.fr\/en\/blog\/lyons-best-bouchons\/","og_site_name":"Les Aubergistes Lyonnais","article_published_time":"2025-06-05T08:09:13+00:00","article_modified_time":"2026-04-17T07:25:26+00:00","og_image":[{"width":1620,"height":1080,"url":"https:\/\/www.lesaubergisteslyonnais.fr\/wp-content\/uploads\/2025\/06\/bouchon-lyonnais-lyon.jpg","type":"image\/jpeg"}],"author":"flachize","twitter_card":"summary_large_image","twitter_misc":{"Written by":"flachize","Est. reading time":"3 minutes"},"schema":{"@context":"https:\/\/schema.org","@graph":[{"@type":"Article","@id":"https:\/\/www.lesaubergisteslyonnais.fr\/en\/blog\/lyons-best-bouchons\/#article","isPartOf":{"@id":"https:\/\/www.lesaubergisteslyonnais.fr\/en\/blog\/lyons-best-bouchons\/"},"author":{"name":"flachize","@id":"https:\/\/www.lesaubergisteslyonnais.fr\/en\/#\/schema\/person\/b3c9e279ff8ec8845926b6b9f54fbdb9"},"headline":"Lyon&#8217;s best bouchons","datePublished":"2025-06-05T08:09:13+00:00","dateModified":"2026-04-17T07:25:26+00:00","mainEntityOfPage":{"@id":"https:\/\/www.lesaubergisteslyonnais.fr\/en\/blog\/lyons-best-bouchons\/"},"wordCount":521,"commentCount":0,"publisher":{"@id":"https:\/\/www.lesaubergisteslyonnais.fr\/en\/#organization"},"image":{"@id":"https:\/\/www.lesaubergisteslyonnais.fr\/en\/blog\/lyons-best-bouchons\/#primaryimage"},"thumbnailUrl":"https:\/\/www.lesaubergisteslyonnais.fr\/wp-content\/uploads\/2025\/06\/bouchon-lyonnais-lyon.jpg","articleSection":["Gastronomy"],"inLanguage":"en-US","potentialAction":[{"@type":"CommentAction","name":"Comment","target":["https:\/\/www.lesaubergisteslyonnais.fr\/en\/blog\/lyons-best-bouchons\/#respond"]}]},{"@type":"WebPage","@id":"https:\/\/www.lesaubergisteslyonnais.fr\/en\/blog\/lyons-best-bouchons\/","url":"https:\/\/www.lesaubergisteslyonnais.fr\/en\/blog\/lyons-best-bouchons\/","name":"Lyon's best bouchons - Les Aubergistes Lyonnais","isPartOf":{"@id":"https:\/\/www.lesaubergisteslyonnais.fr\/en\/#website"},"primaryImageOfPage":{"@id":"https:\/\/www.lesaubergisteslyonnais.fr\/en\/blog\/lyons-best-bouchons\/#primaryimage"},"image":{"@id":"https:\/\/www.lesaubergisteslyonnais.fr\/en\/blog\/lyons-best-bouchons\/#primaryimage"},"thumbnailUrl":"https:\/\/www.lesaubergisteslyonnais.fr\/wp-content\/uploads\/2025\/06\/bouchon-lyonnais-lyon.jpg","datePublished":"2025-06-05T08:09:13+00:00","dateModified":"2026-04-17T07:25:26+00:00","description":"Les Aubergistes Lyonnais - Lyon's best bouchons . Dive into the city's culinary soul with our favorite bouchons: quenelles, sapeur aprons and guaranteed conviviality!","breadcrumb":{"@id":"https:\/\/www.lesaubergisteslyonnais.fr\/en\/blog\/lyons-best-bouchons\/#breadcrumb"},"inLanguage":"en-US","potentialAction":[{"@type":"ReadAction","target":["https:\/\/www.lesaubergisteslyonnais.fr\/en\/blog\/lyons-best-bouchons\/"]}]},{"@type":"ImageObject","inLanguage":"en-US","@id":"https:\/\/www.lesaubergisteslyonnais.fr\/en\/blog\/lyons-best-bouchons\/#primaryimage","url":"https:\/\/www.lesaubergisteslyonnais.fr\/wp-content\/uploads\/2025\/06\/bouchon-lyonnais-lyon.jpg","contentUrl":"https:\/\/www.lesaubergisteslyonnais.fr\/wp-content\/uploads\/2025\/06\/bouchon-lyonnais-lyon.jpg","width":1620,"height":1080,"caption":"bouchon lyonnais lyon"},{"@type":"BreadcrumbList","@id":"https:\/\/www.lesaubergisteslyonnais.fr\/en\/blog\/lyons-best-bouchons\/#breadcrumb","itemListElement":[{"@type":"ListItem","position":1,"name":"Home","item":"https:\/\/www.lesaubergisteslyonnais.fr\/en\/"},{"@type":"ListItem","position":2,"name":"Gastronomy","item":"https:\/\/www.lesaubergisteslyonnais.fr\/en\/blog\/food-and-gastronomy\/"},{"@type":"ListItem","position":3,"name":"Lyon&rsquo;s best bouchons"}]},{"@type":"WebSite","@id":"https:\/\/www.lesaubergisteslyonnais.fr\/en\/#website","url":"https:\/\/www.lesaubergisteslyonnais.fr\/en\/","name":"Globe Cecil","description":"H\u00f4tel 4 \u00e9toiles \u00e0 Lyon","publisher":{"@id":"https:\/\/www.lesaubergisteslyonnais.fr\/en\/#organization"},"potentialAction":[{"@type":"SearchAction","target":{"@type":"EntryPoint","urlTemplate":"https:\/\/www.lesaubergisteslyonnais.fr\/en\/?s={search_term_string}"},"query-input":{"@type":"PropertyValueSpecification","valueRequired":true,"valueName":"search_term_string"}}],"inLanguage":"en-US"},{"@type":"Organization","@id":"https:\/\/www.lesaubergisteslyonnais.fr\/en\/#organization","name":"Globe Cecil","url":"https:\/\/www.lesaubergisteslyonnais.fr\/en\/","logo":{"@type":"ImageObject","inLanguage":"en-US","@id":"https:\/\/www.lesaubergisteslyonnais.fr\/en\/#\/schema\/logo\/image\/","url":"https:\/\/www.lesaubergisteslyonnais.fr\/wp-content\/uploads\/2025\/05\/LOGO-Aubergistes-Lyonnais-White.svg","contentUrl":"https:\/\/www.lesaubergisteslyonnais.fr\/wp-content\/uploads\/2025\/05\/LOGO-Aubergistes-Lyonnais-White.svg","width":558,"height":127,"caption":"Globe Cecil"},"image":{"@id":"https:\/\/www.lesaubergisteslyonnais.fr\/en\/#\/schema\/logo\/image\/"}},{"@type":"Person","@id":"https:\/\/www.lesaubergisteslyonnais.fr\/en\/#\/schema\/person\/b3c9e279ff8ec8845926b6b9f54fbdb9","name":"flachize","image":{"@type":"ImageObject","inLanguage":"en-US","@id":"https:\/\/secure.gravatar.com\/avatar\/24f0361cf67c21d4fae1db71b0897ec099d5f1fe2ef60420e3cd59b175a66e40?s=96&d=mm&r=g","url":"https:\/\/secure.gravatar.com\/avatar\/24f0361cf67c21d4fae1db71b0897ec099d5f1fe2ef60420e3cd59b175a66e40?s=96&d=mm&r=g","contentUrl":"https:\/\/secure.gravatar.com\/avatar\/24f0361cf67c21d4fae1db71b0897ec099d5f1fe2ef60420e3cd59b175a66e40?s=96&d=mm&r=g","caption":"flachize"},"url":"https:\/\/www.lesaubergisteslyonnais.fr\/en\/author\/flachize\/"}]}},"_links":{"self":[{"href":"https:\/\/www.lesaubergisteslyonnais.fr\/en\/wp-json\/wp\/v2\/posts\/7417","targetHints":{"allow":["GET"]}}],"collection":[{"href":"https:\/\/www.lesaubergisteslyonnais.fr\/en\/wp-json\/wp\/v2\/posts"}],"about":[{"href":"https:\/\/www.lesaubergisteslyonnais.fr\/en\/wp-json\/wp\/v2\/types\/post"}],"author":[{"embeddable":true,"href":"https:\/\/www.lesaubergisteslyonnais.fr\/en\/wp-json\/wp\/v2\/users\/2"}],"replies":[{"embeddable":true,"href":"https:\/\/www.lesaubergisteslyonnais.fr\/en\/wp-json\/wp\/v2\/comments?post=7417"}],"version-history":[{"count":5,"href":"https:\/\/www.lesaubergisteslyonnais.fr\/en\/wp-json\/wp\/v2\/posts\/7417\/revisions"}],"predecessor-version":[{"id":9779,"href":"https:\/\/www.lesaubergisteslyonnais.fr\/en\/wp-json\/wp\/v2\/posts\/7417\/revisions\/9779"}],"wp:featuredmedia":[{"embeddable":true,"href":"https:\/\/www.lesaubergisteslyonnais.fr\/en\/wp-json\/wp\/v2\/media\/7246"}],"wp:attachment":[{"href":"https:\/\/www.lesaubergisteslyonnais.fr\/en\/wp-json\/wp\/v2\/media?parent=7417"}],"wp:term":[{"taxonomy":"category","embeddable":true,"href":"https:\/\/www.lesaubergisteslyonnais.fr\/en\/wp-json\/wp\/v2\/categories?post=7417"},{"taxonomy":"post_tag","embeddable":true,"href":"https:\/\/www.lesaubergisteslyonnais.fr\/en\/wp-json\/wp\/v2\/tags?post=7417"}],"curies":[{"name":"wp","href":"https:\/\/api.w.org\/{rel}","templated":true}]}}